{"id":24307,"date":"2017-05-15T11:03:20","date_gmt":"2017-05-15T09:03:20","guid":{"rendered":"http:\/\/www.esplac.cat\/?p=14790"},"modified":"2017-05-15T11:03:20","modified_gmt":"2017-05-15T09:03:20","slug":"obertes-les-convocatories-per-participar-en-el-projecte-de-servei-de-voluntariat-europeu-el-curs-vinent","status":"publish","type":"post","link":"https:\/\/www.esplac.cat\/en\/obertes-les-convocatories-per-participar-en-el-projecte-de-servei-de-voluntariat-europeu-el-curs-vinent\/","title":{"rendered":"Obertes les convocat\u00f2ries per participar en el projecte de Servei de Voluntariat Europeu el curs vinent"},"content":{"rendered":"<h4>El projecte Servei de Voluntariat Europeu \u00a0(SVE) d\u2019Esplac ofereix a dos monis la possibilitat de marxar un any a \u00c0ustria o Portugal i, a dos esplais, d\u2019acollir a voluntaris d\u2019aquests mateixos pa\u00efsos.<\/h4>\n<p>Despr\u00e9s d\u2019uns anys d\u2019experi\u00e8ncia acollint monis del SVE estrangers i enviant monis d\u2019Esplac a organitzacions d\u2019altres pa\u00efsos -sempre dins del marc de projectes coordinats per l\u2019IFM-SEI-, Esplais Catalans ens vam proposar per coordinar els nostres propis SVE i recuperar aquest projecte que tanta demanda t\u00e9 des dels esplais i des dels seus i les seves monis.<\/p>\n<p>Aix\u00ed doncs, fa uns mesos vam posar fil a l\u2019agulla i vam comen\u00e7ar a planificar el projecte de SVE: la manera de fer-ho, com obtenir finan\u00e7ament, amb quina entitat associar-nos\u2026 i ja el tenim aqu\u00ed! El projecte, que hem anomenat \u201cCreuant mirades\u201d, ja est\u00e0 a punt i, per aix\u00f2, ja obrim el per\u00edode per inscriure\u2019s de cara a comen\u00e7ar les estades de SVE l\u2019any vinent.<\/p>\n<p>El projecte t\u00e9 dues branques, la primera \u00e9s la col\u00b7laboraci\u00f3 amb <strong><a href=\"http:\/\/www.kinderfreunde.at\/\">Kinderfreunde<\/a> (\u00c0ustria)<\/strong> i la \u00a0segona amb <strong><a href=\"http:\/\/home.rotajovem.com\/\">Rota Jovem<\/a> (Portugal)<\/strong>. Ambdues branques compten amb una acollida (esplai que acull a un\/a voluntari\/a de fora) i amb un enviament (moni d\u2019Esplac que marxa). La part austr\u00edaca ja t\u00e9 el finan\u00e7ament aprovat. La part amb Portugal encara no, per\u00f2 som optimistes i obrim ja la convocat\u00f2ria per totes les opcions.<\/p>\n<p>El termini d\u2019inscripcions finalitzar\u00e0 el<strong> 29 de maig<\/strong><\/p>\n<p>Per m\u00e9s informaci\u00f3 sobre cada convocat\u00f2ria, cliqueu en la que m\u00e9s us interessi:<\/p>\n<p>Convocat\u00f2ria 1. <strong>Acollida d\u2019un\/a volunt\u00e0ri\/a d\u2019\u00c0ustria<\/strong>. <a href=\"http:\/\/www.esplac.cat\/wp-content\/uploads\/2017\/05\/Convocato\u0300ria-1.-Acollida-A\u0300ustria.pdf\">INFORMACI\u00d3 I INSCRIPCI\u00d3<\/a><br \/>\nConvocat\u00f2ria 2. <strong>Enviament d\u2019un\/a moni a Salzburg, \u00c0ustria.<\/strong> <a href=\"http:\/\/www.esplac.cat\/wp-content\/uploads\/2017\/05\/Convocato\u0300ria-2.-Enviament-a-Salzburg.pdf\">INFORMACI\u00d3 I INSCRIPCI\u00d3<\/a><br \/>\nConvocat\u00f2ria 3. <strong>Acollida d\u2019un\/a volunt\u00e0ri\/a de Portugal.<\/strong> <a href=\"http:\/\/www.esplac.cat\/wp-content\/uploads\/2017\/05\/Convocato\u0300ria-3.-Acollida-Portugal.pdf\">INFORMACI\u00d3 I INSCRIPCI\u00d3<\/a><br \/>\nConvocat\u00f2ria 4. <strong>Enviament d\u2019un\/a moni a Cascais, Portugal.<\/strong> <a href=\"http:\/\/www.esplac.cat\/wp-content\/uploads\/2017\/05\/Convocato\u0300ria-4.-Enviament-Portugal.pdf\">INFORMACI\u00d3 I INSCRIPCI\u00d3<\/a><\/p>\n<p><a href=\"http:\/\/www.esplac.cat\/wp-content\/uploads\/2017\/05\/voluntariateuropeu-1.jpg\"><img decoding=\"async\" class=\"size-medium wp-image-14796 aligncenter\" src=\"http:\/\/www.esplac.cat\/wp-content\/uploads\/2017\/05\/voluntariateuropeu-1-300x257.jpg\" alt=\"\" width=\"300\" height=\"257\" \/><\/a><\/p>\n","protected":false},"excerpt":{"rendered":"<p>El projecte Servei de Voluntariat Europeu \u00a0(SVE) d\u2019Esplac ofereix a [&hellip;]<\/p>\n","protected":false},"author":3,"featured_media":24308,"comment_status":"closed","ping_status":"open","sticky":false,"template":"","format":"standard","meta":{"om_disable_all_campaigns":false,"_monsterinsights_skip_tracking":false,"_monsterinsights_sitenote_active":false,"_monsterinsights_sitenote_note":"","_monsterinsights_sitenote_category":0,"_uf_show_specific_survey":0,"_uf_disable_surveys":false,"footnotes":""},"categories":[1119,1112,1],"tags":[905,906,59,109,187,907],"class_list":["post-24307","post","type-post","status-publish","format-standard","has-post-thumbnail","hentry","category-activitats-comissions-grups-de-treball","category-esplac-al-mon","category-sense-categoria","tag-acollida","tag-enviament","tag-ifm-sei","tag-internacionalisme","tag-sve","tag-voluntariat-europeu"],"yoast_head":"<!-- This site is optimized with the Yoast SEO plugin v27.5 - https:\/\/yoast.com\/product\/yoast-seo-wordpress\/ -->\n<title>Obertes les convocat\u00f2ries per participar en el projecte de Servei de Voluntariat Europeu el curs vinent - Esplac<\/title>\n<meta name=\"robots\" content=\"index, follow, max-snippet:-1, max-image-preview:large, max-video-preview:-1\" \/>\n<link rel=\"canonical\" href=\"https:\/\/www.esplac.cat\/obertes-les-convocatories-per-participar-en-el-projecte-de-servei-de-voluntariat-europeu-el-curs-vinent\/\" \/>\n<meta property=\"og:locale\" content=\"en_US\" \/>\n<meta property=\"og:type\" content=\"article\" \/>\n<meta property=\"og:title\" content=\"Obertes les convocat\u00f2ries per participar en el projecte de Servei de Voluntariat Europeu el curs vinent - Esplac\" \/>\n<meta property=\"og:description\" content=\"El projecte Servei de Voluntariat Europeu \u00a0(SVE) d\u2019Esplac ofereix a [&hellip;]\" \/>\n<meta property=\"og:url\" content=\"https:\/\/www.esplac.cat\/obertes-les-convocatories-per-participar-en-el-projecte-de-servei-de-voluntariat-europeu-el-curs-vinent\/\" \/>\n<meta property=\"og:site_name\" content=\"Esplac\" \/>\n<meta property=\"article:published_time\" content=\"2017-05-15T09:03:20+00:00\" \/>\n<meta property=\"og:image\" content=\"https:\/\/www.esplac.cat\/wp-content\/uploads\/2017\/05\/SVE.jpg\" \/>\n\t<meta property=\"og:image:width\" content=\"847\" \/>\n\t<meta property=\"og:image:height\" content=\"350\" \/>\n\t<meta property=\"og:image:type\" content=\"image\/jpeg\" \/>\n<meta name=\"author\" content=\"Comunicaci\u00f3 Esplac\" \/>\n<meta name=\"twitter:card\" content=\"summary_large_image\" \/>\n<meta name=\"twitter:label1\" content=\"Written by\" \/>\n\t<meta name=\"twitter:data1\" content=\"Comunicaci\u00f3 Esplac\" \/>\n\t<meta name=\"twitter:label2\" content=\"Est. reading time\" \/>\n\t<meta name=\"twitter:data2\" content=\"2 minutes\" \/>\n<script type=\"application\/ld+json\" class=\"yoast-schema-graph\">{\"@context\":\"https:\\\/\\\/schema.org\",\"@graph\":[{\"@type\":\"Article\",\"@id\":\"https:\\\/\\\/www.esplac.cat\\\/obertes-les-convocatories-per-participar-en-el-projecte-de-servei-de-voluntariat-europeu-el-curs-vinent\\\/#article\",\"isPartOf\":{\"@id\":\"https:\\\/\\\/www.esplac.cat\\\/obertes-les-convocatories-per-participar-en-el-projecte-de-servei-de-voluntariat-europeu-el-curs-vinent\\\/\"},\"author\":{\"name\":\"Comunicaci\u00f3 Esplac\",\"@id\":\"https:\\\/\\\/www.esplac.cat\\\/#\\\/schema\\\/person\\\/908383cf240be18b68f8855d0583faca\"},\"headline\":\"Obertes les convocat\u00f2ries per participar en el projecte de Servei de Voluntariat Europeu el curs vinent\",\"datePublished\":\"2017-05-15T09:03:20+00:00\",\"mainEntityOfPage\":{\"@id\":\"https:\\\/\\\/www.esplac.cat\\\/obertes-les-convocatories-per-participar-en-el-projecte-de-servei-de-voluntariat-europeu-el-curs-vinent\\\/\"},\"wordCount\":342,\"publisher\":{\"@id\":\"https:\\\/\\\/www.esplac.cat\\\/#organization\"},\"image\":{\"@id\":\"https:\\\/\\\/www.esplac.cat\\\/obertes-les-convocatories-per-participar-en-el-projecte-de-servei-de-voluntariat-europeu-el-curs-vinent\\\/#primaryimage\"},\"thumbnailUrl\":\"https:\\\/\\\/www.esplac.cat\\\/wp-content\\\/uploads\\\/2017\\\/05\\\/SVE.jpg\",\"keywords\":[\"acollida\",\"enviament\",\"IFM-SEI\",\"internacionalisme\",\"sve\",\"voluntariat europeu\"],\"articleSection\":[\"Activitats comissions i grups de treball\",\"Esplac al m\u00f3n\",\"Sense categoria\"],\"inLanguage\":\"en-US\"},{\"@type\":\"WebPage\",\"@id\":\"https:\\\/\\\/www.esplac.cat\\\/obertes-les-convocatories-per-participar-en-el-projecte-de-servei-de-voluntariat-europeu-el-curs-vinent\\\/\",\"url\":\"https:\\\/\\\/www.esplac.cat\\\/obertes-les-convocatories-per-participar-en-el-projecte-de-servei-de-voluntariat-europeu-el-curs-vinent\\\/\",\"name\":\"Obertes les convocat\u00f2ries per participar en el projecte de Servei de Voluntariat Europeu el curs vinent - Esplac\",\"isPartOf\":{\"@id\":\"https:\\\/\\\/www.esplac.cat\\\/#website\"},\"primaryImageOfPage\":{\"@id\":\"https:\\\/\\\/www.esplac.cat\\\/obertes-les-convocatories-per-participar-en-el-projecte-de-servei-de-voluntariat-europeu-el-curs-vinent\\\/#primaryimage\"},\"image\":{\"@id\":\"https:\\\/\\\/www.esplac.cat\\\/obertes-les-convocatories-per-participar-en-el-projecte-de-servei-de-voluntariat-europeu-el-curs-vinent\\\/#primaryimage\"},\"thumbnailUrl\":\"https:\\\/\\\/www.esplac.cat\\\/wp-content\\\/uploads\\\/2017\\\/05\\\/SVE.jpg\",\"datePublished\":\"2017-05-15T09:03:20+00:00\",\"breadcrumb\":{\"@id\":\"https:\\\/\\\/www.esplac.cat\\\/obertes-les-convocatories-per-participar-en-el-projecte-de-servei-de-voluntariat-europeu-el-curs-vinent\\\/#breadcrumb\"},\"inLanguage\":\"en-US\",\"potentialAction\":[{\"@type\":\"ReadAction\",\"target\":[\"https:\\\/\\\/www.esplac.cat\\\/obertes-les-convocatories-per-participar-en-el-projecte-de-servei-de-voluntariat-europeu-el-curs-vinent\\\/\"]}]},{\"@type\":\"ImageObject\",\"inLanguage\":\"en-US\",\"@id\":\"https:\\\/\\\/www.esplac.cat\\\/obertes-les-convocatories-per-participar-en-el-projecte-de-servei-de-voluntariat-europeu-el-curs-vinent\\\/#primaryimage\",\"url\":\"https:\\\/\\\/www.esplac.cat\\\/wp-content\\\/uploads\\\/2017\\\/05\\\/SVE.jpg\",\"contentUrl\":\"https:\\\/\\\/www.esplac.cat\\\/wp-content\\\/uploads\\\/2017\\\/05\\\/SVE.jpg\",\"width\":847,\"height\":350},{\"@type\":\"BreadcrumbList\",\"@id\":\"https:\\\/\\\/www.esplac.cat\\\/obertes-les-convocatories-per-participar-en-el-projecte-de-servei-de-voluntariat-europeu-el-curs-vinent\\\/#breadcrumb\",\"itemListElement\":[{\"@type\":\"ListItem\",\"position\":1,\"name\":\"Inici\",\"item\":\"https:\\\/\\\/www.esplac.cat\\\/en\\\/\"},{\"@type\":\"ListItem\",\"position\":2,\"name\":\"Obertes les convocat\u00f2ries per participar en el projecte de Servei de Voluntariat Europeu el curs vinent\"}]},{\"@type\":\"WebSite\",\"@id\":\"https:\\\/\\\/www.esplac.cat\\\/#website\",\"url\":\"https:\\\/\\\/www.esplac.cat\\\/\",\"name\":\"Esplac\",\"description\":\"Esplais Catalans\",\"publisher\":{\"@id\":\"https:\\\/\\\/www.esplac.cat\\\/#organization\"},\"potentialAction\":[{\"@type\":\"SearchAction\",\"target\":{\"@type\":\"EntryPoint\",\"urlTemplate\":\"https:\\\/\\\/www.esplac.cat\\\/?s={search_term_string}\"},\"query-input\":{\"@type\":\"PropertyValueSpecification\",\"valueRequired\":true,\"valueName\":\"search_term_string\"}}],\"inLanguage\":\"en-US\"},{\"@type\":\"Organization\",\"@id\":\"https:\\\/\\\/www.esplac.cat\\\/#organization\",\"name\":\"Esplac\",\"url\":\"https:\\\/\\\/www.esplac.cat\\\/\",\"logo\":{\"@type\":\"ImageObject\",\"inLanguage\":\"en-US\",\"@id\":\"https:\\\/\\\/www.esplac.cat\\\/#\\\/schema\\\/logo\\\/image\\\/\",\"url\":\"https:\\\/\\\/www.esplac.cat\\\/wp-content\\\/uploads\\\/2019\\\/08\\\/logox2.png\",\"contentUrl\":\"https:\\\/\\\/www.esplac.cat\\\/wp-content\\\/uploads\\\/2019\\\/08\\\/logox2.png\",\"width\":600,\"height\":295,\"caption\":\"Esplac\"},\"image\":{\"@id\":\"https:\\\/\\\/www.esplac.cat\\\/#\\\/schema\\\/logo\\\/image\\\/\"}},{\"@type\":\"Person\",\"@id\":\"https:\\\/\\\/www.esplac.cat\\\/#\\\/schema\\\/person\\\/908383cf240be18b68f8855d0583faca\",\"name\":\"Comunicaci\u00f3 Esplac\",\"image\":{\"@type\":\"ImageObject\",\"inLanguage\":\"en-US\",\"@id\":\"https:\\\/\\\/secure.gravatar.com\\\/avatar\\\/7a4cf8feb412a76ea4a740ca02d95b06b2907b5a6c648c2dd0a1082a093c3141?s=96&d=mm&r=g\",\"url\":\"https:\\\/\\\/secure.gravatar.com\\\/avatar\\\/7a4cf8feb412a76ea4a740ca02d95b06b2907b5a6c648c2dd0a1082a093c3141?s=96&d=mm&r=g\",\"contentUrl\":\"https:\\\/\\\/secure.gravatar.com\\\/avatar\\\/7a4cf8feb412a76ea4a740ca02d95b06b2907b5a6c648c2dd0a1082a093c3141?s=96&d=mm&r=g\",\"caption\":\"Comunicaci\u00f3 Esplac\"}}]}<\/script>\n<!-- \/ Yoast SEO plugin. -->","yoast_head_json":{"title":"Obertes les convocat\u00f2ries per participar en el projecte de Servei de Voluntariat Europeu el curs vinent - Esplac","robots":{"index":"index","follow":"follow","max-snippet":"max-snippet:-1","max-image-preview":"max-image-preview:large","max-video-preview":"max-video-preview:-1"},"canonical":"https:\/\/www.esplac.cat\/obertes-les-convocatories-per-participar-en-el-projecte-de-servei-de-voluntariat-europeu-el-curs-vinent\/","og_locale":"en_US","og_type":"article","og_title":"Obertes les convocat\u00f2ries per participar en el projecte de Servei de Voluntariat Europeu el curs vinent - Esplac","og_description":"El projecte Servei de Voluntariat Europeu \u00a0(SVE) d\u2019Esplac ofereix a [&hellip;]","og_url":"https:\/\/www.esplac.cat\/obertes-les-convocatories-per-participar-en-el-projecte-de-servei-de-voluntariat-europeu-el-curs-vinent\/","og_site_name":"Esplac","article_published_time":"2017-05-15T09:03:20+00:00","og_image":[{"width":847,"height":350,"url":"https:\/\/www.esplac.cat\/wp-content\/uploads\/2017\/05\/SVE.jpg","type":"image\/jpeg"}],"author":"Comunicaci\u00f3 Esplac","twitter_card":"summary_large_image","twitter_misc":{"Written by":"Comunicaci\u00f3 Esplac","Est. reading time":"2 minutes"},"schema":{"@context":"https:\/\/schema.org","@graph":[{"@type":"Article","@id":"https:\/\/www.esplac.cat\/obertes-les-convocatories-per-participar-en-el-projecte-de-servei-de-voluntariat-europeu-el-curs-vinent\/#article","isPartOf":{"@id":"https:\/\/www.esplac.cat\/obertes-les-convocatories-per-participar-en-el-projecte-de-servei-de-voluntariat-europeu-el-curs-vinent\/"},"author":{"name":"Comunicaci\u00f3 Esplac","@id":"https:\/\/www.esplac.cat\/#\/schema\/person\/908383cf240be18b68f8855d0583faca"},"headline":"Obertes les convocat\u00f2ries per participar en el projecte de Servei de Voluntariat Europeu el curs vinent","datePublished":"2017-05-15T09:03:20+00:00","mainEntityOfPage":{"@id":"https:\/\/www.esplac.cat\/obertes-les-convocatories-per-participar-en-el-projecte-de-servei-de-voluntariat-europeu-el-curs-vinent\/"},"wordCount":342,"publisher":{"@id":"https:\/\/www.esplac.cat\/#organization"},"image":{"@id":"https:\/\/www.esplac.cat\/obertes-les-convocatories-per-participar-en-el-projecte-de-servei-de-voluntariat-europeu-el-curs-vinent\/#primaryimage"},"thumbnailUrl":"https:\/\/www.esplac.cat\/wp-content\/uploads\/2017\/05\/SVE.jpg","keywords":["acollida","enviament","IFM-SEI","internacionalisme","sve","voluntariat europeu"],"articleSection":["Activitats comissions i grups de treball","Esplac al m\u00f3n","Sense categoria"],"inLanguage":"en-US"},{"@type":"WebPage","@id":"https:\/\/www.esplac.cat\/obertes-les-convocatories-per-participar-en-el-projecte-de-servei-de-voluntariat-europeu-el-curs-vinent\/","url":"https:\/\/www.esplac.cat\/obertes-les-convocatories-per-participar-en-el-projecte-de-servei-de-voluntariat-europeu-el-curs-vinent\/","name":"Obertes les convocat\u00f2ries per participar en el projecte de Servei de Voluntariat Europeu el curs vinent - Esplac","isPartOf":{"@id":"https:\/\/www.esplac.cat\/#website"},"primaryImageOfPage":{"@id":"https:\/\/www.esplac.cat\/obertes-les-convocatories-per-participar-en-el-projecte-de-servei-de-voluntariat-europeu-el-curs-vinent\/#primaryimage"},"image":{"@id":"https:\/\/www.esplac.cat\/obertes-les-convocatories-per-participar-en-el-projecte-de-servei-de-voluntariat-europeu-el-curs-vinent\/#primaryimage"},"thumbnailUrl":"https:\/\/www.esplac.cat\/wp-content\/uploads\/2017\/05\/SVE.jpg","datePublished":"2017-05-15T09:03:20+00:00","breadcrumb":{"@id":"https:\/\/www.esplac.cat\/obertes-les-convocatories-per-participar-en-el-projecte-de-servei-de-voluntariat-europeu-el-curs-vinent\/#breadcrumb"},"inLanguage":"en-US","potentialAction":[{"@type":"ReadAction","target":["https:\/\/www.esplac.cat\/obertes-les-convocatories-per-participar-en-el-projecte-de-servei-de-voluntariat-europeu-el-curs-vinent\/"]}]},{"@type":"ImageObject","inLanguage":"en-US","@id":"https:\/\/www.esplac.cat\/obertes-les-convocatories-per-participar-en-el-projecte-de-servei-de-voluntariat-europeu-el-curs-vinent\/#primaryimage","url":"https:\/\/www.esplac.cat\/wp-content\/uploads\/2017\/05\/SVE.jpg","contentUrl":"https:\/\/www.esplac.cat\/wp-content\/uploads\/2017\/05\/SVE.jpg","width":847,"height":350},{"@type":"BreadcrumbList","@id":"https:\/\/www.esplac.cat\/obertes-les-convocatories-per-participar-en-el-projecte-de-servei-de-voluntariat-europeu-el-curs-vinent\/#breadcrumb","itemListElement":[{"@type":"ListItem","position":1,"name":"Inici","item":"https:\/\/www.esplac.cat\/en\/"},{"@type":"ListItem","position":2,"name":"Obertes les convocat\u00f2ries per participar en el projecte de Servei de Voluntariat Europeu el curs vinent"}]},{"@type":"WebSite","@id":"https:\/\/www.esplac.cat\/#website","url":"https:\/\/www.esplac.cat\/","name":"Esplac","description":"Esplais Catalans","publisher":{"@id":"https:\/\/www.esplac.cat\/#organization"},"potentialAction":[{"@type":"SearchAction","target":{"@type":"EntryPoint","urlTemplate":"https:\/\/www.esplac.cat\/?s={search_term_string}"},"query-input":{"@type":"PropertyValueSpecification","valueRequired":true,"valueName":"search_term_string"}}],"inLanguage":"en-US"},{"@type":"Organization","@id":"https:\/\/www.esplac.cat\/#organization","name":"Esplac","url":"https:\/\/www.esplac.cat\/","logo":{"@type":"ImageObject","inLanguage":"en-US","@id":"https:\/\/www.esplac.cat\/#\/schema\/logo\/image\/","url":"https:\/\/www.esplac.cat\/wp-content\/uploads\/2019\/08\/logox2.png","contentUrl":"https:\/\/www.esplac.cat\/wp-content\/uploads\/2019\/08\/logox2.png","width":600,"height":295,"caption":"Esplac"},"image":{"@id":"https:\/\/www.esplac.cat\/#\/schema\/logo\/image\/"}},{"@type":"Person","@id":"https:\/\/www.esplac.cat\/#\/schema\/person\/908383cf240be18b68f8855d0583faca","name":"Comunicaci\u00f3 Esplac","image":{"@type":"ImageObject","inLanguage":"en-US","@id":"https:\/\/secure.gravatar.com\/avatar\/7a4cf8feb412a76ea4a740ca02d95b06b2907b5a6c648c2dd0a1082a093c3141?s=96&d=mm&r=g","url":"https:\/\/secure.gravatar.com\/avatar\/7a4cf8feb412a76ea4a740ca02d95b06b2907b5a6c648c2dd0a1082a093c3141?s=96&d=mm&r=g","contentUrl":"https:\/\/secure.gravatar.com\/avatar\/7a4cf8feb412a76ea4a740ca02d95b06b2907b5a6c648c2dd0a1082a093c3141?s=96&d=mm&r=g","caption":"Comunicaci\u00f3 Esplac"}}]}},"_links":{"self":[{"href":"https:\/\/www.esplac.cat\/en\/wp-json\/wp\/v2\/posts\/24307","targetHints":{"allow":["GET"]}}],"collection":[{"href":"https:\/\/www.esplac.cat\/en\/wp-json\/wp\/v2\/posts"}],"about":[{"href":"https:\/\/www.esplac.cat\/en\/wp-json\/wp\/v2\/types\/post"}],"author":[{"embeddable":true,"href":"https:\/\/www.esplac.cat\/en\/wp-json\/wp\/v2\/users\/3"}],"replies":[{"embeddable":true,"href":"https:\/\/www.esplac.cat\/en\/wp-json\/wp\/v2\/comments?post=24307"}],"version-history":[{"count":0,"href":"https:\/\/www.esplac.cat\/en\/wp-json\/wp\/v2\/posts\/24307\/revisions"}],"wp:featuredmedia":[{"embeddable":true,"href":"https:\/\/www.esplac.cat\/en\/wp-json\/wp\/v2\/media\/24308"}],"wp:attachment":[{"href":"https:\/\/www.esplac.cat\/en\/wp-json\/wp\/v2\/media?parent=24307"}],"wp:term":[{"taxonomy":"category","embeddable":true,"href":"https:\/\/www.esplac.cat\/en\/wp-json\/wp\/v2\/categories?post=24307"},{"taxonomy":"post_tag","embeddable":true,"href":"https:\/\/www.esplac.cat\/en\/wp-json\/wp\/v2\/tags?post=24307"}],"curies":[{"name":"wp","href":"https:\/\/api.w.org\/{rel}","templated":true}]}}