{"id":24812,"date":"2017-04-19T11:09:31","date_gmt":"2017-04-19T09:09:31","guid":{"rendered":"http:\/\/www.esplac.cat\/?p=13978"},"modified":"2017-04-19T11:09:31","modified_gmt":"2017-04-19T09:09:31","slug":"4a-edicio-del-concurs-de-cartells-els-esplais-fem-lestiu","status":"publish","type":"post","link":"https:\/\/www.esplac.cat\/en\/4a-edicio-del-concurs-de-cartells-els-esplais-fem-lestiu\/","title":{"rendered":"IV Edici\u00f3 del concurs de cartells &#8216;Els esplais fem l&#8217;estiu&#8217;"},"content":{"rendered":"<h4>Des d&#8217;avui i fins el 15 de maig podeu presentar els vostres treballs!<\/h4>\n<p style=\"text-align: justify;\"><strong>Un any m\u00e9s arrenquem la campanya &#8220;Els esplais fem l&#8217;estiu&#8221; amb el concurs de cartells.<\/strong> Aquesta campanya consisteix en donar a con\u00e8ixer els campaments, les col\u00f2nies i les rutes que els esplais fem a l\u2019estiu amb un doble objectiu: per una banda, donar visibilitat al volum d&#8217;activitats i reivindicar el reconeixement de la tasca educativa i volunt\u00e0ria dels esplais tamb\u00e9 en \u00e8poca de vacances i, per altra banda, poder oferir places obertes per a nous participants a aquestes activitats.<\/p>\n<p style=\"text-align: justify;\">Al concurs, us hi podeu presentar tant individualment (estigueu o no vinculats a un esplai), com en grup; podeu presentar, per exemple, un treball fet per grup d&#8217;edat. Abans de posar-vos-hi llegiu atentament les <a href=\"http:\/\/www.esplac.cat\/wp-content\/uploads\/2017\/04\/20170419_Bases_concurs_cartells.pdf\">bases del concurs<\/a>. <strong>Teniu fins a les 23.59 h del 15 de maig de 2017 per presentar els vostres treballs!<\/strong><\/p>\n<p style=\"text-align: justify;\">Aquest cartell ha de servir per promocionar les activitats de l&#8217;estiu dels esplais d&#8217;Esplac, per\u00f2 alhora servir\u00e0 per a la difusi\u00f3 de la resta de campaments, col\u00f2nies i rutes que fem durant altres \u00e8poques de l&#8217;any. \u00c9s per aix\u00f2, que heu de presentar dues versions del cartell: una primera que inclogui la frase &#8220;els esplais fem l&#8217;estiu&#8221; i una altra sense aquest text, de manera que cada esplai pugui posar-hi la frase que s&#8217;adeq\u00fci m\u00e9s a la seva activitat.<\/p>\n<p style=\"text-align: justify;\">Els esplais podreu <strong>veure i votar els cartells presentats a trav\u00e9s de l\u2019<a href=\"http:\/\/esplac.cat\/esplacnet\/login\/index.php\">EsplacNet<\/a> entre del 18 al 31 de maig.<\/strong> El cartell m\u00e9s votat ser\u00e0 el guanyador i en podreu demanar c\u00f2pies impreses com a recurs per difondre els vostres campaments, col\u00f2nies i rutes d\u2019estiu. <strong>L&#8217;autora o l&#8217;esplai guanyador s\u2019endur\u00e0 material d&#8217;acampada pel valor de 150\u20ac com a obsequi.<\/strong><\/p>\n<p>Us animeu a participar?<\/p>\n","protected":false},"excerpt":{"rendered":"<p>Des d&#8217;avui i fins el 15 de maig podeu presentar [&hellip;]<\/p>\n","protected":false},"author":3,"featured_media":24813,"comment_status":"closed","ping_status":"open","sticky":false,"template":"","format":"standard","meta":{"om_disable_all_campaigns":false,"_monsterinsights_skip_tracking":false,"_monsterinsights_sitenote_active":false,"_monsterinsights_sitenote_note":"","_monsterinsights_sitenote_category":0,"_uf_show_specific_survey":0,"_uf_disable_surveys":false,"footnotes":""},"categories":[1,1138],"tags":[53,457,507,887],"class_list":["post-24812","post","type-post","status-publish","format-standard","has-post-thumbnail","hentry","category-sense-categoria","category-subvencions-concursos","tag-campaments","tag-colonies-i-rutes","tag-concurs-de-cartells","tag-els-esplais-fem-lestiu"],"yoast_head":"<!-- This site is optimized with the Yoast SEO plugin v27.4 - https:\/\/yoast.com\/product\/yoast-seo-wordpress\/ -->\n<title>IV Edici\u00f3 del concurs de cartells &#039;Els esplais fem l&#039;estiu&#039; - Esplac<\/title>\n<meta name=\"robots\" content=\"index, follow, max-snippet:-1, max-image-preview:large, max-video-preview:-1\" \/>\n<link rel=\"canonical\" href=\"https:\/\/www.esplac.cat\/es\/4a-edicio-del-concurs-de-cartells-els-esplais-fem-lestiu\/\" \/>\n<meta property=\"og:locale\" content=\"en_US\" \/>\n<meta property=\"og:type\" content=\"article\" \/>\n<meta property=\"og:title\" content=\"IV Edici\u00f3 del concurs de cartells &#039;Els esplais fem l&#039;estiu&#039; - Esplac\" \/>\n<meta property=\"og:description\" content=\"Des d&#8217;avui i fins el 15 de maig podeu presentar [&hellip;]\" \/>\n<meta property=\"og:url\" content=\"https:\/\/www.esplac.cat\/es\/4a-edicio-del-concurs-de-cartells-els-esplais-fem-lestiu\/\" \/>\n<meta property=\"og:site_name\" content=\"Esplac\" \/>\n<meta property=\"article:published_time\" content=\"2017-04-19T09:09:31+00:00\" \/>\n<meta property=\"og:image\" content=\"https:\/\/www.esplac.cat\/wp-content\/uploads\/2017\/04\/Concurs_cartells.jpg\" \/>\n\t<meta property=\"og:image:width\" content=\"847\" \/>\n\t<meta property=\"og:image:height\" content=\"350\" \/>\n\t<meta property=\"og:image:type\" content=\"image\/jpeg\" \/>\n<meta name=\"author\" content=\"Comunicaci\u00f3 Esplac\" \/>\n<meta name=\"twitter:card\" content=\"summary_large_image\" \/>\n<meta name=\"twitter:label1\" content=\"Written by\" \/>\n\t<meta name=\"twitter:data1\" content=\"Comunicaci\u00f3 Esplac\" \/>\n\t<meta name=\"twitter:label2\" content=\"Est. reading time\" \/>\n\t<meta name=\"twitter:data2\" content=\"2 minutes\" \/>\n<script type=\"application\/ld+json\" class=\"yoast-schema-graph\">{\"@context\":\"https:\\\/\\\/schema.org\",\"@graph\":[{\"@type\":\"Article\",\"@id\":\"https:\\\/\\\/www.esplac.cat\\\/es\\\/4a-edicio-del-concurs-de-cartells-els-esplais-fem-lestiu\\\/#article\",\"isPartOf\":{\"@id\":\"https:\\\/\\\/www.esplac.cat\\\/es\\\/4a-edicio-del-concurs-de-cartells-els-esplais-fem-lestiu\\\/\"},\"author\":{\"name\":\"Comunicaci\u00f3 Esplac\",\"@id\":\"https:\\\/\\\/www.esplac.cat\\\/#\\\/schema\\\/person\\\/908383cf240be18b68f8855d0583faca\"},\"headline\":\"IV Edici\u00f3 del concurs de cartells &#8216;Els esplais fem l&#8217;estiu&#8217;\",\"datePublished\":\"2017-04-19T09:09:31+00:00\",\"mainEntityOfPage\":{\"@id\":\"https:\\\/\\\/www.esplac.cat\\\/es\\\/4a-edicio-del-concurs-de-cartells-els-esplais-fem-lestiu\\\/\"},\"wordCount\":381,\"publisher\":{\"@id\":\"https:\\\/\\\/www.esplac.cat\\\/#organization\"},\"image\":{\"@id\":\"https:\\\/\\\/www.esplac.cat\\\/es\\\/4a-edicio-del-concurs-de-cartells-els-esplais-fem-lestiu\\\/#primaryimage\"},\"thumbnailUrl\":\"https:\\\/\\\/www.esplac.cat\\\/wp-content\\\/uploads\\\/2017\\\/04\\\/Concurs_cartells.jpg\",\"keywords\":[\"campaments\",\"col\u00f2nies i rutes\",\"concurs de cartells\",\"Els esplais fem l'estiu\"],\"articleSection\":[\"Sense categoria\",\"Subvencions i concursos\"],\"inLanguage\":\"en-US\"},{\"@type\":\"WebPage\",\"@id\":\"https:\\\/\\\/www.esplac.cat\\\/es\\\/4a-edicio-del-concurs-de-cartells-els-esplais-fem-lestiu\\\/\",\"url\":\"https:\\\/\\\/www.esplac.cat\\\/es\\\/4a-edicio-del-concurs-de-cartells-els-esplais-fem-lestiu\\\/\",\"name\":\"IV Edici\u00f3 del concurs de cartells 'Els esplais fem l'estiu' - Esplac\",\"isPartOf\":{\"@id\":\"https:\\\/\\\/www.esplac.cat\\\/#website\"},\"primaryImageOfPage\":{\"@id\":\"https:\\\/\\\/www.esplac.cat\\\/es\\\/4a-edicio-del-concurs-de-cartells-els-esplais-fem-lestiu\\\/#primaryimage\"},\"image\":{\"@id\":\"https:\\\/\\\/www.esplac.cat\\\/es\\\/4a-edicio-del-concurs-de-cartells-els-esplais-fem-lestiu\\\/#primaryimage\"},\"thumbnailUrl\":\"https:\\\/\\\/www.esplac.cat\\\/wp-content\\\/uploads\\\/2017\\\/04\\\/Concurs_cartells.jpg\",\"datePublished\":\"2017-04-19T09:09:31+00:00\",\"breadcrumb\":{\"@id\":\"https:\\\/\\\/www.esplac.cat\\\/es\\\/4a-edicio-del-concurs-de-cartells-els-esplais-fem-lestiu\\\/#breadcrumb\"},\"inLanguage\":\"en-US\",\"potentialAction\":[{\"@type\":\"ReadAction\",\"target\":[\"https:\\\/\\\/www.esplac.cat\\\/es\\\/4a-edicio-del-concurs-de-cartells-els-esplais-fem-lestiu\\\/\"]}]},{\"@type\":\"ImageObject\",\"inLanguage\":\"en-US\",\"@id\":\"https:\\\/\\\/www.esplac.cat\\\/es\\\/4a-edicio-del-concurs-de-cartells-els-esplais-fem-lestiu\\\/#primaryimage\",\"url\":\"https:\\\/\\\/www.esplac.cat\\\/wp-content\\\/uploads\\\/2017\\\/04\\\/Concurs_cartells.jpg\",\"contentUrl\":\"https:\\\/\\\/www.esplac.cat\\\/wp-content\\\/uploads\\\/2017\\\/04\\\/Concurs_cartells.jpg\",\"width\":847,\"height\":350},{\"@type\":\"BreadcrumbList\",\"@id\":\"https:\\\/\\\/www.esplac.cat\\\/es\\\/4a-edicio-del-concurs-de-cartells-els-esplais-fem-lestiu\\\/#breadcrumb\",\"itemListElement\":[{\"@type\":\"ListItem\",\"position\":1,\"name\":\"Inici\",\"item\":\"https:\\\/\\\/www.esplac.cat\\\/en\\\/\"},{\"@type\":\"ListItem\",\"position\":2,\"name\":\"IV Edici\u00f3 del concurs de cartells &#8216;Els esplais fem l&#8217;estiu&#8217;\"}]},{\"@type\":\"WebSite\",\"@id\":\"https:\\\/\\\/www.esplac.cat\\\/#website\",\"url\":\"https:\\\/\\\/www.esplac.cat\\\/\",\"name\":\"Esplac\",\"description\":\"Esplais Catalans\",\"publisher\":{\"@id\":\"https:\\\/\\\/www.esplac.cat\\\/#organization\"},\"potentialAction\":[{\"@type\":\"SearchAction\",\"target\":{\"@type\":\"EntryPoint\",\"urlTemplate\":\"https:\\\/\\\/www.esplac.cat\\\/?s={search_term_string}\"},\"query-input\":{\"@type\":\"PropertyValueSpecification\",\"valueRequired\":true,\"valueName\":\"search_term_string\"}}],\"inLanguage\":\"en-US\"},{\"@type\":\"Organization\",\"@id\":\"https:\\\/\\\/www.esplac.cat\\\/#organization\",\"name\":\"Esplac\",\"url\":\"https:\\\/\\\/www.esplac.cat\\\/\",\"logo\":{\"@type\":\"ImageObject\",\"inLanguage\":\"en-US\",\"@id\":\"https:\\\/\\\/www.esplac.cat\\\/#\\\/schema\\\/logo\\\/image\\\/\",\"url\":\"https:\\\/\\\/www.esplac.cat\\\/wp-content\\\/uploads\\\/2019\\\/08\\\/logox2.png\",\"contentUrl\":\"https:\\\/\\\/www.esplac.cat\\\/wp-content\\\/uploads\\\/2019\\\/08\\\/logox2.png\",\"width\":600,\"height\":295,\"caption\":\"Esplac\"},\"image\":{\"@id\":\"https:\\\/\\\/www.esplac.cat\\\/#\\\/schema\\\/logo\\\/image\\\/\"}},{\"@type\":\"Person\",\"@id\":\"https:\\\/\\\/www.esplac.cat\\\/#\\\/schema\\\/person\\\/908383cf240be18b68f8855d0583faca\",\"name\":\"Comunicaci\u00f3 Esplac\",\"image\":{\"@type\":\"ImageObject\",\"inLanguage\":\"en-US\",\"@id\":\"https:\\\/\\\/secure.gravatar.com\\\/avatar\\\/7a4cf8feb412a76ea4a740ca02d95b06b2907b5a6c648c2dd0a1082a093c3141?s=96&d=mm&r=g\",\"url\":\"https:\\\/\\\/secure.gravatar.com\\\/avatar\\\/7a4cf8feb412a76ea4a740ca02d95b06b2907b5a6c648c2dd0a1082a093c3141?s=96&d=mm&r=g\",\"contentUrl\":\"https:\\\/\\\/secure.gravatar.com\\\/avatar\\\/7a4cf8feb412a76ea4a740ca02d95b06b2907b5a6c648c2dd0a1082a093c3141?s=96&d=mm&r=g\",\"caption\":\"Comunicaci\u00f3 Esplac\"}}]}<\/script>\n<!-- \/ Yoast SEO plugin. -->","yoast_head_json":{"title":"IV Edici\u00f3 del concurs de cartells 'Els esplais fem l'estiu' - Esplac","robots":{"index":"index","follow":"follow","max-snippet":"max-snippet:-1","max-image-preview":"max-image-preview:large","max-video-preview":"max-video-preview:-1"},"canonical":"https:\/\/www.esplac.cat\/es\/4a-edicio-del-concurs-de-cartells-els-esplais-fem-lestiu\/","og_locale":"en_US","og_type":"article","og_title":"IV Edici\u00f3 del concurs de cartells 'Els esplais fem l'estiu' - Esplac","og_description":"Des d&#8217;avui i fins el 15 de maig podeu presentar [&hellip;]","og_url":"https:\/\/www.esplac.cat\/es\/4a-edicio-del-concurs-de-cartells-els-esplais-fem-lestiu\/","og_site_name":"Esplac","article_published_time":"2017-04-19T09:09:31+00:00","og_image":[{"width":847,"height":350,"url":"https:\/\/www.esplac.cat\/wp-content\/uploads\/2017\/04\/Concurs_cartells.jpg","type":"image\/jpeg"}],"author":"Comunicaci\u00f3 Esplac","twitter_card":"summary_large_image","twitter_misc":{"Written by":"Comunicaci\u00f3 Esplac","Est. reading time":"2 minutes"},"schema":{"@context":"https:\/\/schema.org","@graph":[{"@type":"Article","@id":"https:\/\/www.esplac.cat\/es\/4a-edicio-del-concurs-de-cartells-els-esplais-fem-lestiu\/#article","isPartOf":{"@id":"https:\/\/www.esplac.cat\/es\/4a-edicio-del-concurs-de-cartells-els-esplais-fem-lestiu\/"},"author":{"name":"Comunicaci\u00f3 Esplac","@id":"https:\/\/www.esplac.cat\/#\/schema\/person\/908383cf240be18b68f8855d0583faca"},"headline":"IV Edici\u00f3 del concurs de cartells &#8216;Els esplais fem l&#8217;estiu&#8217;","datePublished":"2017-04-19T09:09:31+00:00","mainEntityOfPage":{"@id":"https:\/\/www.esplac.cat\/es\/4a-edicio-del-concurs-de-cartells-els-esplais-fem-lestiu\/"},"wordCount":381,"publisher":{"@id":"https:\/\/www.esplac.cat\/#organization"},"image":{"@id":"https:\/\/www.esplac.cat\/es\/4a-edicio-del-concurs-de-cartells-els-esplais-fem-lestiu\/#primaryimage"},"thumbnailUrl":"https:\/\/www.esplac.cat\/wp-content\/uploads\/2017\/04\/Concurs_cartells.jpg","keywords":["campaments","col\u00f2nies i rutes","concurs de cartells","Els esplais fem l'estiu"],"articleSection":["Sense categoria","Subvencions i concursos"],"inLanguage":"en-US"},{"@type":"WebPage","@id":"https:\/\/www.esplac.cat\/es\/4a-edicio-del-concurs-de-cartells-els-esplais-fem-lestiu\/","url":"https:\/\/www.esplac.cat\/es\/4a-edicio-del-concurs-de-cartells-els-esplais-fem-lestiu\/","name":"IV Edici\u00f3 del concurs de cartells 'Els esplais fem l'estiu' - Esplac","isPartOf":{"@id":"https:\/\/www.esplac.cat\/#website"},"primaryImageOfPage":{"@id":"https:\/\/www.esplac.cat\/es\/4a-edicio-del-concurs-de-cartells-els-esplais-fem-lestiu\/#primaryimage"},"image":{"@id":"https:\/\/www.esplac.cat\/es\/4a-edicio-del-concurs-de-cartells-els-esplais-fem-lestiu\/#primaryimage"},"thumbnailUrl":"https:\/\/www.esplac.cat\/wp-content\/uploads\/2017\/04\/Concurs_cartells.jpg","datePublished":"2017-04-19T09:09:31+00:00","breadcrumb":{"@id":"https:\/\/www.esplac.cat\/es\/4a-edicio-del-concurs-de-cartells-els-esplais-fem-lestiu\/#breadcrumb"},"inLanguage":"en-US","potentialAction":[{"@type":"ReadAction","target":["https:\/\/www.esplac.cat\/es\/4a-edicio-del-concurs-de-cartells-els-esplais-fem-lestiu\/"]}]},{"@type":"ImageObject","inLanguage":"en-US","@id":"https:\/\/www.esplac.cat\/es\/4a-edicio-del-concurs-de-cartells-els-esplais-fem-lestiu\/#primaryimage","url":"https:\/\/www.esplac.cat\/wp-content\/uploads\/2017\/04\/Concurs_cartells.jpg","contentUrl":"https:\/\/www.esplac.cat\/wp-content\/uploads\/2017\/04\/Concurs_cartells.jpg","width":847,"height":350},{"@type":"BreadcrumbList","@id":"https:\/\/www.esplac.cat\/es\/4a-edicio-del-concurs-de-cartells-els-esplais-fem-lestiu\/#breadcrumb","itemListElement":[{"@type":"ListItem","position":1,"name":"Inici","item":"https:\/\/www.esplac.cat\/en\/"},{"@type":"ListItem","position":2,"name":"IV Edici\u00f3 del concurs de cartells &#8216;Els esplais fem l&#8217;estiu&#8217;"}]},{"@type":"WebSite","@id":"https:\/\/www.esplac.cat\/#website","url":"https:\/\/www.esplac.cat\/","name":"Esplac","description":"Esplais Catalans","publisher":{"@id":"https:\/\/www.esplac.cat\/#organization"},"potentialAction":[{"@type":"SearchAction","target":{"@type":"EntryPoint","urlTemplate":"https:\/\/www.esplac.cat\/?s={search_term_string}"},"query-input":{"@type":"PropertyValueSpecification","valueRequired":true,"valueName":"search_term_string"}}],"inLanguage":"en-US"},{"@type":"Organization","@id":"https:\/\/www.esplac.cat\/#organization","name":"Esplac","url":"https:\/\/www.esplac.cat\/","logo":{"@type":"ImageObject","inLanguage":"en-US","@id":"https:\/\/www.esplac.cat\/#\/schema\/logo\/image\/","url":"https:\/\/www.esplac.cat\/wp-content\/uploads\/2019\/08\/logox2.png","contentUrl":"https:\/\/www.esplac.cat\/wp-content\/uploads\/2019\/08\/logox2.png","width":600,"height":295,"caption":"Esplac"},"image":{"@id":"https:\/\/www.esplac.cat\/#\/schema\/logo\/image\/"}},{"@type":"Person","@id":"https:\/\/www.esplac.cat\/#\/schema\/person\/908383cf240be18b68f8855d0583faca","name":"Comunicaci\u00f3 Esplac","image":{"@type":"ImageObject","inLanguage":"en-US","@id":"https:\/\/secure.gravatar.com\/avatar\/7a4cf8feb412a76ea4a740ca02d95b06b2907b5a6c648c2dd0a1082a093c3141?s=96&d=mm&r=g","url":"https:\/\/secure.gravatar.com\/avatar\/7a4cf8feb412a76ea4a740ca02d95b06b2907b5a6c648c2dd0a1082a093c3141?s=96&d=mm&r=g","contentUrl":"https:\/\/secure.gravatar.com\/avatar\/7a4cf8feb412a76ea4a740ca02d95b06b2907b5a6c648c2dd0a1082a093c3141?s=96&d=mm&r=g","caption":"Comunicaci\u00f3 Esplac"}}]}},"_links":{"self":[{"href":"https:\/\/www.esplac.cat\/en\/wp-json\/wp\/v2\/posts\/24812","targetHints":{"allow":["GET"]}}],"collection":[{"href":"https:\/\/www.esplac.cat\/en\/wp-json\/wp\/v2\/posts"}],"about":[{"href":"https:\/\/www.esplac.cat\/en\/wp-json\/wp\/v2\/types\/post"}],"author":[{"embeddable":true,"href":"https:\/\/www.esplac.cat\/en\/wp-json\/wp\/v2\/users\/3"}],"replies":[{"embeddable":true,"href":"https:\/\/www.esplac.cat\/en\/wp-json\/wp\/v2\/comments?post=24812"}],"version-history":[{"count":0,"href":"https:\/\/www.esplac.cat\/en\/wp-json\/wp\/v2\/posts\/24812\/revisions"}],"wp:featuredmedia":[{"embeddable":true,"href":"https:\/\/www.esplac.cat\/en\/wp-json\/wp\/v2\/media\/24813"}],"wp:attachment":[{"href":"https:\/\/www.esplac.cat\/en\/wp-json\/wp\/v2\/media?parent=24812"}],"wp:term":[{"taxonomy":"category","embeddable":true,"href":"https:\/\/www.esplac.cat\/en\/wp-json\/wp\/v2\/categories?post=24812"},{"taxonomy":"post_tag","embeddable":true,"href":"https:\/\/www.esplac.cat\/en\/wp-json\/wp\/v2\/tags?post=24812"}],"curies":[{"name":"wp","href":"https:\/\/api.w.org\/{rel}","templated":true}]}}