{"id":24815,"date":"2017-04-18T10:36:32","date_gmt":"2017-04-18T08:36:32","guid":{"rendered":"http:\/\/www.esplac.cat\/?p=13710"},"modified":"2017-04-18T10:36:32","modified_gmt":"2017-04-18T08:36:32","slug":"tot-allo-que-vam-aprendre-escola-esplac-2017-resum-text-videos","status":"publish","type":"post","link":"https:\/\/www.esplac.cat\/en\/tot-allo-que-vam-aprendre-escola-esplac-2017-resum-text-videos\/","title":{"rendered":"Tot all\u00f2 que vam aprendre a l&#8217;Escola d&#8217;Esplac 2017: un resum en text i v\u00eddeos"},"content":{"rendered":"<h4>Publiquem les principals conclusions de les taules rodones, pon\u00e8ncies i intercanvis d&#8217;experi\u00e8ncies de l&#8217;Escola d&#8217;Esplac 2017 (11 i 12 de mar\u00e7). Tamb\u00e9 els v\u00eddeos complets de les pon\u00e8ncies d&#8217;obertura i tancament i les 3 taules rodones.<\/h4>\n<p style=\"text-align: justify;\">El cap de setmana de l\u201911 i 12 de mar\u00e7 vam celebrar a Vic la 5a edici\u00f3 de l\u2019Escola d\u2019Esplac, una\u00a0jornada de formaci\u00f3 que any rere any es va consolidant com un\u00a0dels esdeveniments clau que organitzem anualment Esplais Catalans.\u00a0Aquest any, el lema escollit ha estat <strong>&#8220;Som diverses, som inclusives&#8221;<\/strong> i s&#8217;ha treballat la diversitat a l&#8217;esplai des de tres perspectives diferents: diversitat funcional, diversitat cultural i diversitat sexual i de g\u00e8nere.<\/p>\n<p style=\"text-align: justify;\">Si voleu, podeu tornar a viure-les a trav\u00e9s dels seg\u00fcents v\u00eddeos:<\/p>\n<ul>\n<ul>\n<li><span style=\"color: #000000;\">Pon\u00e8ncia d&#8217;obertura: <strong>Edgar Iglesias \u2013\u00a0<em>&#8220;Qu\u00e8 vol dir ser un esplai inclusiu i reconeixedor de la diversitat sociocultural?&#8221;.<\/em><\/strong><\/span><\/li>\n<\/ul>\n<\/ul>\n<p><iframe class=\"fusion-hidden\" data-privacy-type=\"youtube\" src=\"\" data-privacy-src=\"https:\/\/www.youtube.com\/embed\/dEEcnH8Vm8A\" width=\"560\" height=\"400\" frameborder=\"0\" allowfullscreen=\"allowfullscreen\"><\/iframe><div class=\"fusion-privacy-placeholder\" style=\"width:560px; height:400px;\" data-privacy-type=\"youtube\"><div class=\"fusion-privacy-placeholder-content\"><div class=\"fusion-privacy-label\">For privacy reasons YouTube needs your permission to be loaded. For more details, please see our <a class=\"privacy-policy-link\" href=\"https:\/\/www.esplac.cat\/avis-legal\/\" rel=\"privacy-policy\">Av\u00eds Legal<\/a>.<\/div><a href=\"\" data-privacy-type=\"youtube\" class=\"fusion-button button-default fusion-button-default-size button fusion-privacy-consent\">I Accept<\/a><\/div><\/div><\/p>\n<ul>\n<ul>\n<li>Taula rodona 1:\u00a0<strong>Diversitat funcional, amb Edgar Vinyals i Jos\u00e9 Ram\u00f3n Lago.<\/strong><\/li>\n<\/ul>\n<\/ul>\n<p><iframe class=\"fusion-hidden\" data-privacy-type=\"youtube\" src=\"\" data-privacy-src=\"https:\/\/www.youtube.com\/embed\/FE9zGfXR67E\" width=\"560\" height=\"400\" frameborder=\"0\" allowfullscreen=\"allowfullscreen\"><\/iframe><div class=\"fusion-privacy-placeholder\" style=\"width:560px; height:400px;\" data-privacy-type=\"youtube\"><div class=\"fusion-privacy-placeholder-content\"><div class=\"fusion-privacy-label\">For privacy reasons YouTube needs your permission to be loaded. For more details, please see our <a class=\"privacy-policy-link\" href=\"https:\/\/www.esplac.cat\/avis-legal\/\" rel=\"privacy-policy\">Av\u00eds Legal<\/a>.<\/div><a href=\"\" data-privacy-type=\"youtube\" class=\"fusion-button button-default fusion-button-default-size button fusion-privacy-consent\">I Accept<\/a><\/div><\/div><\/p>\n<ul>\n<ul>\n<li>Taula rodona 2:\u00a0<strong>Diversitat cultural, amb Edgar Iglesias i Institut Diversitas.<\/strong><\/li>\n<\/ul>\n<\/ul>\n<p><iframe class=\"fusion-hidden\" data-privacy-type=\"youtube\" src=\"\" data-privacy-src=\"https:\/\/www.youtube.com\/embed\/XE09VKY5g4U\" width=\"560\" height=\"400\" frameborder=\"0\" allowfullscreen=\"allowfullscreen\"><\/iframe><div class=\"fusion-privacy-placeholder\" style=\"width:560px; height:400px;\" data-privacy-type=\"youtube\"><div class=\"fusion-privacy-placeholder-content\"><div class=\"fusion-privacy-label\">For privacy reasons YouTube needs your permission to be loaded. For more details, please see our <a class=\"privacy-policy-link\" href=\"https:\/\/www.esplac.cat\/avis-legal\/\" rel=\"privacy-policy\">Av\u00eds Legal<\/a>.<\/div><a href=\"\" data-privacy-type=\"youtube\" class=\"fusion-button button-default fusion-button-default-size button fusion-privacy-consent\">I Accept<\/a><\/div><\/div><\/p>\n<ul>\n<ul>\n<li>Taula rodona 3: <strong>Diversitat sexual i de g\u00e8nere, amb Meri Torras i Ulleres per Esquerrans.<\/strong><\/li>\n<\/ul>\n<\/ul>\n<p><iframe class=\"fusion-hidden\" data-privacy-type=\"youtube\" src=\"\" data-privacy-src=\"https:\/\/www.youtube.com\/embed\/dz-NY0zA21k\" width=\"560\" height=\"400\" frameborder=\"0\" allowfullscreen=\"allowfullscreen\"><\/iframe><div class=\"fusion-privacy-placeholder\" style=\"width:560px; height:400px;\" data-privacy-type=\"youtube\"><div class=\"fusion-privacy-placeholder-content\"><div class=\"fusion-privacy-label\">For privacy reasons YouTube needs your permission to be loaded. For more details, please see our <a class=\"privacy-policy-link\" href=\"https:\/\/www.esplac.cat\/avis-legal\/\" rel=\"privacy-policy\">Av\u00eds Legal<\/a>.<\/div><a href=\"\" data-privacy-type=\"youtube\" class=\"fusion-button button-default fusion-button-default-size button fusion-privacy-consent\">I Accept<\/a><\/div><\/div><\/p>\n<ul>\n<ul>\n<li>Pon\u00e8ncia de tancament: <strong>Fatiha El Mouali \u2013\u00a0<em>&#8220;Educar sense prejudicis&#8221;.<\/em><\/strong><\/li>\n<\/ul>\n<\/ul>\n<p><iframe class=\"fusion-hidden\" data-privacy-type=\"youtube\" src=\"\" data-privacy-src=\"https:\/\/www.youtube.com\/embed\/g0zZ_TjnevQ\" width=\"560\" height=\"400\" frameborder=\"0\" allowfullscreen=\"allowfullscreen\"><\/iframe><div class=\"fusion-privacy-placeholder\" style=\"width:560px; height:400px;\" data-privacy-type=\"youtube\"><div class=\"fusion-privacy-placeholder-content\"><div class=\"fusion-privacy-label\">For privacy reasons YouTube needs your permission to be loaded. For more details, please see our <a class=\"privacy-policy-link\" href=\"https:\/\/www.esplac.cat\/avis-legal\/\" rel=\"privacy-policy\">Av\u00eds Legal<\/a>.<\/div><a href=\"\" data-privacy-type=\"youtube\" class=\"fusion-button button-default fusion-button-default-size button fusion-privacy-consent\">I Accept<\/a><\/div><\/div><\/p>\n<p style=\"text-align: justify;\">Tamb\u00e9 podeu llegir les <a href=\"http:\/\/www.esplac.cat\/10-idees-clau-de-lescola-desplac-2017-som-diverses-som-inclusives\/\"><strong>10 idees clau de l&#8217;Escola d&#8217;Esplac<\/strong>,<\/a>\u00a0que vam publicar la setmana posterior a les formacions, aix\u00ed com\u00a0un <strong><a href=\"http:\/\/www.esplac.cat\/els-esplais-encaren-el-repte-de-la-diversitat-a-lescola-desplac\/\">breu resum de les jornades en format cr\u00f2nica<\/a><\/strong>.<\/p>\n<p style=\"text-align: justify;\"><a href=\"http:\/\/www.esplac.cat\/escola-esplac\/\" target=\"_blank\" rel=\"noopener noreferrer\"><strong>A la landing page\u00a0de l&#8217;Escola d&#8217;Esplac<\/strong><\/a> trobareu tota la informaci\u00f3 sobre l&#8217;Escola d&#8217;Esplac 2017 i tamb\u00e9 de les edicions anteriors.<\/p>\n<p style=\"text-align: justify;\">A m\u00e9s, si us ha quedat alguna inquietud, podeu demanar els contactes dels i les ponents a l&#8217;EGS del vostre sector o escrivint-nos un mail a <strong>organitzacio@esplac.cat<\/strong>!<\/p>\n","protected":false},"excerpt":{"rendered":"<p>Publiquem les principals conclusions de les taules rodones, pon\u00e8ncies i [&hellip;]<\/p>\n","protected":false},"author":3,"featured_media":24816,"comment_status":"closed","ping_status":"open","sticky":false,"template":"","format":"standard","meta":{"om_disable_all_campaigns":false,"_monsterinsights_skip_tracking":false,"_monsterinsights_sitenote_active":false,"_monsterinsights_sitenote_note":"","_monsterinsights_sitenote_category":0,"_uf_show_specific_survey":0,"_uf_disable_surveys":false,"footnotes":""},"categories":[1129,1],"tags":[688,885,833,443,886,422],"class_list":["post-24815","post","type-post","status-publish","format-standard","has-post-thumbnail","hentry","category-escola-desplac","category-sense-categoria","tag-conclusions","tag-diversitat-i-inclusio","tag-escola-desplac-17","tag-formacions","tag-intercanvi-dexperiencies","tag-taules-rodones"],"yoast_head":"<!-- This site is optimized with the Yoast SEO plugin v27.5 - https:\/\/yoast.com\/product\/yoast-seo-wordpress\/ -->\n<title>Tot all\u00f2 que vam aprendre a l&#039;Escola d&#039;Esplac 2017: un resum en text i v\u00eddeos - Esplac<\/title>\n<meta name=\"robots\" content=\"index, follow, max-snippet:-1, max-image-preview:large, max-video-preview:-1\" \/>\n<link rel=\"canonical\" href=\"https:\/\/www.esplac.cat\/tot-allo-que-vam-aprendre-escola-esplac-2017-resum-text-videos\/\" \/>\n<meta property=\"og:locale\" content=\"en_US\" \/>\n<meta property=\"og:type\" content=\"article\" \/>\n<meta property=\"og:title\" content=\"Tot all\u00f2 que vam aprendre a l&#039;Escola d&#039;Esplac 2017: un resum en text i v\u00eddeos - Esplac\" \/>\n<meta property=\"og:description\" content=\"Publiquem les principals conclusions de les taules rodones, pon\u00e8ncies i [&hellip;]\" \/>\n<meta property=\"og:url\" content=\"https:\/\/www.esplac.cat\/tot-allo-que-vam-aprendre-escola-esplac-2017-resum-text-videos\/\" \/>\n<meta property=\"og:site_name\" content=\"Esplac\" \/>\n<meta property=\"article:published_time\" content=\"2017-04-18T08:36:32+00:00\" \/>\n<meta property=\"og:image\" content=\"https:\/\/www.esplac.cat\/wp-content\/uploads\/2017\/04\/20170410_conclusionsescola.jpg\" \/>\n\t<meta property=\"og:image:width\" content=\"847\" \/>\n\t<meta property=\"og:image:height\" content=\"350\" \/>\n\t<meta property=\"og:image:type\" content=\"image\/jpeg\" \/>\n<meta name=\"author\" content=\"Comunicaci\u00f3 Esplac\" \/>\n<meta name=\"twitter:card\" content=\"summary_large_image\" \/>\n<meta name=\"twitter:label1\" content=\"Written by\" \/>\n\t<meta name=\"twitter:data1\" content=\"Comunicaci\u00f3 Esplac\" \/>\n\t<meta name=\"twitter:label2\" content=\"Est. reading time\" \/>\n\t<meta name=\"twitter:data2\" content=\"2 minutes\" \/>\n<script type=\"application\/ld+json\" class=\"yoast-schema-graph\">{\"@context\":\"https:\\\/\\\/schema.org\",\"@graph\":[{\"@type\":\"Article\",\"@id\":\"https:\\\/\\\/www.esplac.cat\\\/tot-allo-que-vam-aprendre-escola-esplac-2017-resum-text-videos\\\/#article\",\"isPartOf\":{\"@id\":\"https:\\\/\\\/www.esplac.cat\\\/tot-allo-que-vam-aprendre-escola-esplac-2017-resum-text-videos\\\/\"},\"author\":{\"name\":\"Comunicaci\u00f3 Esplac\",\"@id\":\"https:\\\/\\\/www.esplac.cat\\\/#\\\/schema\\\/person\\\/908383cf240be18b68f8855d0583faca\"},\"headline\":\"Tot all\u00f2 que vam aprendre a l&#8217;Escola d&#8217;Esplac 2017: un resum en text i v\u00eddeos\",\"datePublished\":\"2017-04-18T08:36:32+00:00\",\"mainEntityOfPage\":{\"@id\":\"https:\\\/\\\/www.esplac.cat\\\/tot-allo-que-vam-aprendre-escola-esplac-2017-resum-text-videos\\\/\"},\"wordCount\":394,\"publisher\":{\"@id\":\"https:\\\/\\\/www.esplac.cat\\\/#organization\"},\"image\":{\"@id\":\"https:\\\/\\\/www.esplac.cat\\\/tot-allo-que-vam-aprendre-escola-esplac-2017-resum-text-videos\\\/#primaryimage\"},\"thumbnailUrl\":\"https:\\\/\\\/www.esplac.cat\\\/wp-content\\\/uploads\\\/2017\\\/04\\\/20170410_conclusionsescola.jpg\",\"keywords\":[\"conclusions\",\"Diversitat i inclusi\u00f3\",\"Escola d'Esplac 17\",\"formacions\",\"Intercanvi d'experi\u00e8ncies\",\"taules rodones\"],\"articleSection\":[\"Escola d'Esplac\",\"Sense categoria\"],\"inLanguage\":\"en-US\"},{\"@type\":\"WebPage\",\"@id\":\"https:\\\/\\\/www.esplac.cat\\\/tot-allo-que-vam-aprendre-escola-esplac-2017-resum-text-videos\\\/\",\"url\":\"https:\\\/\\\/www.esplac.cat\\\/tot-allo-que-vam-aprendre-escola-esplac-2017-resum-text-videos\\\/\",\"name\":\"Tot all\u00f2 que vam aprendre a l'Escola d'Esplac 2017: un resum en text i v\u00eddeos - Esplac\",\"isPartOf\":{\"@id\":\"https:\\\/\\\/www.esplac.cat\\\/#website\"},\"primaryImageOfPage\":{\"@id\":\"https:\\\/\\\/www.esplac.cat\\\/tot-allo-que-vam-aprendre-escola-esplac-2017-resum-text-videos\\\/#primaryimage\"},\"image\":{\"@id\":\"https:\\\/\\\/www.esplac.cat\\\/tot-allo-que-vam-aprendre-escola-esplac-2017-resum-text-videos\\\/#primaryimage\"},\"thumbnailUrl\":\"https:\\\/\\\/www.esplac.cat\\\/wp-content\\\/uploads\\\/2017\\\/04\\\/20170410_conclusionsescola.jpg\",\"datePublished\":\"2017-04-18T08:36:32+00:00\",\"breadcrumb\":{\"@id\":\"https:\\\/\\\/www.esplac.cat\\\/tot-allo-que-vam-aprendre-escola-esplac-2017-resum-text-videos\\\/#breadcrumb\"},\"inLanguage\":\"en-US\",\"potentialAction\":[{\"@type\":\"ReadAction\",\"target\":[\"https:\\\/\\\/www.esplac.cat\\\/tot-allo-que-vam-aprendre-escola-esplac-2017-resum-text-videos\\\/\"]}]},{\"@type\":\"ImageObject\",\"inLanguage\":\"en-US\",\"@id\":\"https:\\\/\\\/www.esplac.cat\\\/tot-allo-que-vam-aprendre-escola-esplac-2017-resum-text-videos\\\/#primaryimage\",\"url\":\"https:\\\/\\\/www.esplac.cat\\\/wp-content\\\/uploads\\\/2017\\\/04\\\/20170410_conclusionsescola.jpg\",\"contentUrl\":\"https:\\\/\\\/www.esplac.cat\\\/wp-content\\\/uploads\\\/2017\\\/04\\\/20170410_conclusionsescola.jpg\",\"width\":847,\"height\":350},{\"@type\":\"BreadcrumbList\",\"@id\":\"https:\\\/\\\/www.esplac.cat\\\/tot-allo-que-vam-aprendre-escola-esplac-2017-resum-text-videos\\\/#breadcrumb\",\"itemListElement\":[{\"@type\":\"ListItem\",\"position\":1,\"name\":\"Inici\",\"item\":\"https:\\\/\\\/www.esplac.cat\\\/en\\\/\"},{\"@type\":\"ListItem\",\"position\":2,\"name\":\"Tot all\u00f2 que vam aprendre a l&#8217;Escola d&#8217;Esplac 2017: un resum en text i v\u00eddeos\"}]},{\"@type\":\"WebSite\",\"@id\":\"https:\\\/\\\/www.esplac.cat\\\/#website\",\"url\":\"https:\\\/\\\/www.esplac.cat\\\/\",\"name\":\"Esplac\",\"description\":\"Esplais Catalans\",\"publisher\":{\"@id\":\"https:\\\/\\\/www.esplac.cat\\\/#organization\"},\"potentialAction\":[{\"@type\":\"SearchAction\",\"target\":{\"@type\":\"EntryPoint\",\"urlTemplate\":\"https:\\\/\\\/www.esplac.cat\\\/?s={search_term_string}\"},\"query-input\":{\"@type\":\"PropertyValueSpecification\",\"valueRequired\":true,\"valueName\":\"search_term_string\"}}],\"inLanguage\":\"en-US\"},{\"@type\":\"Organization\",\"@id\":\"https:\\\/\\\/www.esplac.cat\\\/#organization\",\"name\":\"Esplac\",\"url\":\"https:\\\/\\\/www.esplac.cat\\\/\",\"logo\":{\"@type\":\"ImageObject\",\"inLanguage\":\"en-US\",\"@id\":\"https:\\\/\\\/www.esplac.cat\\\/#\\\/schema\\\/logo\\\/image\\\/\",\"url\":\"https:\\\/\\\/www.esplac.cat\\\/wp-content\\\/uploads\\\/2019\\\/08\\\/logox2.png\",\"contentUrl\":\"https:\\\/\\\/www.esplac.cat\\\/wp-content\\\/uploads\\\/2019\\\/08\\\/logox2.png\",\"width\":600,\"height\":295,\"caption\":\"Esplac\"},\"image\":{\"@id\":\"https:\\\/\\\/www.esplac.cat\\\/#\\\/schema\\\/logo\\\/image\\\/\"}},{\"@type\":\"Person\",\"@id\":\"https:\\\/\\\/www.esplac.cat\\\/#\\\/schema\\\/person\\\/908383cf240be18b68f8855d0583faca\",\"name\":\"Comunicaci\u00f3 Esplac\",\"image\":{\"@type\":\"ImageObject\",\"inLanguage\":\"en-US\",\"@id\":\"https:\\\/\\\/secure.gravatar.com\\\/avatar\\\/7a4cf8feb412a76ea4a740ca02d95b06b2907b5a6c648c2dd0a1082a093c3141?s=96&d=mm&r=g\",\"url\":\"https:\\\/\\\/secure.gravatar.com\\\/avatar\\\/7a4cf8feb412a76ea4a740ca02d95b06b2907b5a6c648c2dd0a1082a093c3141?s=96&d=mm&r=g\",\"contentUrl\":\"https:\\\/\\\/secure.gravatar.com\\\/avatar\\\/7a4cf8feb412a76ea4a740ca02d95b06b2907b5a6c648c2dd0a1082a093c3141?s=96&d=mm&r=g\",\"caption\":\"Comunicaci\u00f3 Esplac\"}}]}<\/script>\n<!-- \/ Yoast SEO plugin. -->","yoast_head_json":{"title":"Tot all\u00f2 que vam aprendre a l'Escola d'Esplac 2017: un resum en text i v\u00eddeos - Esplac","robots":{"index":"index","follow":"follow","max-snippet":"max-snippet:-1","max-image-preview":"max-image-preview:large","max-video-preview":"max-video-preview:-1"},"canonical":"https:\/\/www.esplac.cat\/tot-allo-que-vam-aprendre-escola-esplac-2017-resum-text-videos\/","og_locale":"en_US","og_type":"article","og_title":"Tot all\u00f2 que vam aprendre a l'Escola d'Esplac 2017: un resum en text i v\u00eddeos - Esplac","og_description":"Publiquem les principals conclusions de les taules rodones, pon\u00e8ncies i [&hellip;]","og_url":"https:\/\/www.esplac.cat\/tot-allo-que-vam-aprendre-escola-esplac-2017-resum-text-videos\/","og_site_name":"Esplac","article_published_time":"2017-04-18T08:36:32+00:00","og_image":[{"width":847,"height":350,"url":"https:\/\/www.esplac.cat\/wp-content\/uploads\/2017\/04\/20170410_conclusionsescola.jpg","type":"image\/jpeg"}],"author":"Comunicaci\u00f3 Esplac","twitter_card":"summary_large_image","twitter_misc":{"Written by":"Comunicaci\u00f3 Esplac","Est. reading time":"2 minutes"},"schema":{"@context":"https:\/\/schema.org","@graph":[{"@type":"Article","@id":"https:\/\/www.esplac.cat\/tot-allo-que-vam-aprendre-escola-esplac-2017-resum-text-videos\/#article","isPartOf":{"@id":"https:\/\/www.esplac.cat\/tot-allo-que-vam-aprendre-escola-esplac-2017-resum-text-videos\/"},"author":{"name":"Comunicaci\u00f3 Esplac","@id":"https:\/\/www.esplac.cat\/#\/schema\/person\/908383cf240be18b68f8855d0583faca"},"headline":"Tot all\u00f2 que vam aprendre a l&#8217;Escola d&#8217;Esplac 2017: un resum en text i v\u00eddeos","datePublished":"2017-04-18T08:36:32+00:00","mainEntityOfPage":{"@id":"https:\/\/www.esplac.cat\/tot-allo-que-vam-aprendre-escola-esplac-2017-resum-text-videos\/"},"wordCount":394,"publisher":{"@id":"https:\/\/www.esplac.cat\/#organization"},"image":{"@id":"https:\/\/www.esplac.cat\/tot-allo-que-vam-aprendre-escola-esplac-2017-resum-text-videos\/#primaryimage"},"thumbnailUrl":"https:\/\/www.esplac.cat\/wp-content\/uploads\/2017\/04\/20170410_conclusionsescola.jpg","keywords":["conclusions","Diversitat i inclusi\u00f3","Escola d'Esplac 17","formacions","Intercanvi d'experi\u00e8ncies","taules rodones"],"articleSection":["Escola d'Esplac","Sense categoria"],"inLanguage":"en-US"},{"@type":"WebPage","@id":"https:\/\/www.esplac.cat\/tot-allo-que-vam-aprendre-escola-esplac-2017-resum-text-videos\/","url":"https:\/\/www.esplac.cat\/tot-allo-que-vam-aprendre-escola-esplac-2017-resum-text-videos\/","name":"Tot all\u00f2 que vam aprendre a l'Escola d'Esplac 2017: un resum en text i v\u00eddeos - Esplac","isPartOf":{"@id":"https:\/\/www.esplac.cat\/#website"},"primaryImageOfPage":{"@id":"https:\/\/www.esplac.cat\/tot-allo-que-vam-aprendre-escola-esplac-2017-resum-text-videos\/#primaryimage"},"image":{"@id":"https:\/\/www.esplac.cat\/tot-allo-que-vam-aprendre-escola-esplac-2017-resum-text-videos\/#primaryimage"},"thumbnailUrl":"https:\/\/www.esplac.cat\/wp-content\/uploads\/2017\/04\/20170410_conclusionsescola.jpg","datePublished":"2017-04-18T08:36:32+00:00","breadcrumb":{"@id":"https:\/\/www.esplac.cat\/tot-allo-que-vam-aprendre-escola-esplac-2017-resum-text-videos\/#breadcrumb"},"inLanguage":"en-US","potentialAction":[{"@type":"ReadAction","target":["https:\/\/www.esplac.cat\/tot-allo-que-vam-aprendre-escola-esplac-2017-resum-text-videos\/"]}]},{"@type":"ImageObject","inLanguage":"en-US","@id":"https:\/\/www.esplac.cat\/tot-allo-que-vam-aprendre-escola-esplac-2017-resum-text-videos\/#primaryimage","url":"https:\/\/www.esplac.cat\/wp-content\/uploads\/2017\/04\/20170410_conclusionsescola.jpg","contentUrl":"https:\/\/www.esplac.cat\/wp-content\/uploads\/2017\/04\/20170410_conclusionsescola.jpg","width":847,"height":350},{"@type":"BreadcrumbList","@id":"https:\/\/www.esplac.cat\/tot-allo-que-vam-aprendre-escola-esplac-2017-resum-text-videos\/#breadcrumb","itemListElement":[{"@type":"ListItem","position":1,"name":"Inici","item":"https:\/\/www.esplac.cat\/en\/"},{"@type":"ListItem","position":2,"name":"Tot all\u00f2 que vam aprendre a l&#8217;Escola d&#8217;Esplac 2017: un resum en text i v\u00eddeos"}]},{"@type":"WebSite","@id":"https:\/\/www.esplac.cat\/#website","url":"https:\/\/www.esplac.cat\/","name":"Esplac","description":"Esplais Catalans","publisher":{"@id":"https:\/\/www.esplac.cat\/#organization"},"potentialAction":[{"@type":"SearchAction","target":{"@type":"EntryPoint","urlTemplate":"https:\/\/www.esplac.cat\/?s={search_term_string}"},"query-input":{"@type":"PropertyValueSpecification","valueRequired":true,"valueName":"search_term_string"}}],"inLanguage":"en-US"},{"@type":"Organization","@id":"https:\/\/www.esplac.cat\/#organization","name":"Esplac","url":"https:\/\/www.esplac.cat\/","logo":{"@type":"ImageObject","inLanguage":"en-US","@id":"https:\/\/www.esplac.cat\/#\/schema\/logo\/image\/","url":"https:\/\/www.esplac.cat\/wp-content\/uploads\/2019\/08\/logox2.png","contentUrl":"https:\/\/www.esplac.cat\/wp-content\/uploads\/2019\/08\/logox2.png","width":600,"height":295,"caption":"Esplac"},"image":{"@id":"https:\/\/www.esplac.cat\/#\/schema\/logo\/image\/"}},{"@type":"Person","@id":"https:\/\/www.esplac.cat\/#\/schema\/person\/908383cf240be18b68f8855d0583faca","name":"Comunicaci\u00f3 Esplac","image":{"@type":"ImageObject","inLanguage":"en-US","@id":"https:\/\/secure.gravatar.com\/avatar\/7a4cf8feb412a76ea4a740ca02d95b06b2907b5a6c648c2dd0a1082a093c3141?s=96&d=mm&r=g","url":"https:\/\/secure.gravatar.com\/avatar\/7a4cf8feb412a76ea4a740ca02d95b06b2907b5a6c648c2dd0a1082a093c3141?s=96&d=mm&r=g","contentUrl":"https:\/\/secure.gravatar.com\/avatar\/7a4cf8feb412a76ea4a740ca02d95b06b2907b5a6c648c2dd0a1082a093c3141?s=96&d=mm&r=g","caption":"Comunicaci\u00f3 Esplac"}}]}},"_links":{"self":[{"href":"https:\/\/www.esplac.cat\/en\/wp-json\/wp\/v2\/posts\/24815","targetHints":{"allow":["GET"]}}],"collection":[{"href":"https:\/\/www.esplac.cat\/en\/wp-json\/wp\/v2\/posts"}],"about":[{"href":"https:\/\/www.esplac.cat\/en\/wp-json\/wp\/v2\/types\/post"}],"author":[{"embeddable":true,"href":"https:\/\/www.esplac.cat\/en\/wp-json\/wp\/v2\/users\/3"}],"replies":[{"embeddable":true,"href":"https:\/\/www.esplac.cat\/en\/wp-json\/wp\/v2\/comments?post=24815"}],"version-history":[{"count":0,"href":"https:\/\/www.esplac.cat\/en\/wp-json\/wp\/v2\/posts\/24815\/revisions"}],"wp:featuredmedia":[{"embeddable":true,"href":"https:\/\/www.esplac.cat\/en\/wp-json\/wp\/v2\/media\/24816"}],"wp:attachment":[{"href":"https:\/\/www.esplac.cat\/en\/wp-json\/wp\/v2\/media?parent=24815"}],"wp:term":[{"taxonomy":"category","embeddable":true,"href":"https:\/\/www.esplac.cat\/en\/wp-json\/wp\/v2\/categories?post=24815"},{"taxonomy":"post_tag","embeddable":true,"href":"https:\/\/www.esplac.cat\/en\/wp-json\/wp\/v2\/tags?post=24815"}],"curies":[{"name":"wp","href":"https:\/\/api.w.org\/{rel}","templated":true}]}}