{"id":24849,"date":"2017-03-28T14:31:31","date_gmt":"2017-03-28T12:31:31","guid":{"rendered":"http:\/\/www.esplac.cat\/?p=12999"},"modified":"2019-11-14T13:38:31","modified_gmt":"2019-11-14T11:38:31","slug":"el-valles-reclama-una-infancia-al-carrer","status":"publish","type":"post","link":"https:\/\/www.esplac.cat\/en\/el-valles-reclama-una-infancia-al-carrer\/","title":{"rendered":"El Vall\u00e8s reclama una inf\u00e0ncia al carrer"},"content":{"rendered":"<h4><span style=\"font-weight: 400;\">El\u00a0cap de setmana del 25 i 26 de mar\u00e7 ha tingut lloc a Sant Cugat del Vall\u00e8s la Trobada General i la Trobada Jove del Sector Vall\u00e8s amb m\u00e9s de 400 participants, entre infants i monitores i monitors.<\/span><\/h4>\n<p style=\"text-align: justify;\"><span style=\"font-weight: 400;\">Ha estat la culminaci\u00f3 d\u2019un proc\u00e9s que es remunta al novembre de 2015, quan el sector Vall\u00e8s es va plantejar realitzar la TGS\/TJ 2016 a la poblaci\u00f3 de Sant Cugat per tal de reivindicar l\u2019\u00fas de l\u2019espai p\u00fablic, ja que era un municipi en el qual l\u2019administraci\u00f3 posava moltes traves a les entitats a l\u2019hora de realitzar activitats a les places, parcs i carrers de la ciutat. Malauradament, el 2016 no es va poder acabar realitzant en aquesta ciutat i es va haver de realitzar a Rubi, municipi amb un llarg recorregut de trobades d\u2019entitats utilitzant l\u2019espai p\u00fablic. Malgrat aquest canvi d\u2019ubicaci\u00f3, les membres de l\u2019EGS del Vall\u00e9s van seguir treballant i estant en contacte amb l\u2019Ajuntament de Sant Cugat per tal de realitzar la TGS\/TJ 2017, on finalment l\u2019han acollit amb moltes ganes i implicaci\u00f3.<\/span><\/p>\n<p style=\"text-align: justify;\"><span style=\"font-weight: 400;\">Durant el dissabte, els diferents grups d\u2019edat van estar realitzant activitats de coneixen\u00e7a i cohesi\u00f3 per tal de relacionar-se amb la resta d\u2019esplais. A m\u00e9s, van estar treballant i debatent sobre la tem\u00e0tica de la trobada: <\/span><b>per una inf\u00e0ncia al carrer<\/b><span style=\"font-weight: 400;\">, per reivindicar l\u2019\u00fas de l\u2019espai p\u00fablic.<\/span><\/p>\n<p style=\"text-align: justify;\">Els i les participants van dormir a diferents escoles i instituts de Sant Cugat i el diumenge es van trobar al parc Ramon Barnils on van fer uns tallers de creaci\u00f3 de pancartes, octavetes i cartells amb les participants dels diferents grups d\u2019edat. Amb les conclusions de totes les reflexions, l\u2019EGS va redactar el manifest que es va llegir ben dinat. Per tal d\u2019animar el temps previ al dinar, van comptar amb el grup d\u2019animaci\u00f3 infantil format per 2 exmembres d\u2019esplais i caus, els Somiatruites.<\/p>\n<p style=\"text-align: justify;\"><span style=\"font-weight: 400;\">Tot i les previsions de mal temps i l\u2019amena\u00e7a de pluja, finalment la trobada es va poder realitzar acompanyada de bon temps, bon clima i la m\u00e0xima implicaci\u00f3 de totes les participants, aconseguint una de les trobades millors valorades, tant a nivell de participaci\u00f3 com a nivell l\u00fadic i pedag\u00f2gic.<\/span><\/p>\n<p style=\"text-align: justify;\"><span style=\"font-weight: 400;\">La feina, per\u00f2, no acaba aqu\u00ed i el Vall\u00e8s seguir\u00e0 reivindicant<\/span><b>\u00a0una inf\u00e0ncia al carrer!<\/b><\/p>\n<h3 style=\"text-align: justify;\"><b><a href=\"http:\/\/www.esplac.cat\/wp-content\/uploads\/2017\/03\/IMG_6557.jpg\"><img decoding=\"async\" class=\"aligncenter size-large wp-image-13003\" src=\"http:\/\/www.esplac.cat\/wp-content\/uploads\/2017\/03\/IMG_6557-1024x488.jpg\" alt=\"\" width=\"770\" height=\"367\" srcset=\"https:\/\/www.esplac.cat\/wp-content\/uploads\/2017\/03\/IMG_6557-200x95.jpg 200w, https:\/\/www.esplac.cat\/wp-content\/uploads\/2017\/03\/IMG_6557-300x143.jpg 300w, https:\/\/www.esplac.cat\/wp-content\/uploads\/2017\/03\/IMG_6557-400x191.jpg 400w, https:\/\/www.esplac.cat\/wp-content\/uploads\/2017\/03\/IMG_6557-600x286.jpg 600w, https:\/\/www.esplac.cat\/wp-content\/uploads\/2017\/03\/IMG_6557-768x366.jpg 768w, https:\/\/www.esplac.cat\/wp-content\/uploads\/2017\/03\/IMG_6557-800x381.jpg 800w, https:\/\/www.esplac.cat\/wp-content\/uploads\/2017\/03\/IMG_6557-1024x488.jpg 1024w, https:\/\/www.esplac.cat\/wp-content\/uploads\/2017\/03\/IMG_6557-1200x572.jpg 1200w, https:\/\/www.esplac.cat\/wp-content\/uploads\/2017\/03\/IMG_6557.jpg 1600w\" sizes=\"(max-width: 770px) 100vw, 770px\" \/><\/a><\/b><\/h3>\n<h3 style=\"text-align: justify;\"><b>Manifest de la trobada<\/b><\/h3>\n<p style=\"padding-left: 60px;\"><em>Bona tarda Vall\u00e8s, bona tarda Sant Cugat,<\/em><\/p>\n<p style=\"text-align: justify; padding-left: 60px;\"><em><span style=\"font-weight: 400;\">Despr\u00e9s de dos dies on no hem parat de jugar, aprendre, compartir, riure i passar-nos-ho b\u00e9, tanquem aqu\u00ed la Trobada General i Trobada Jove del sector Vall\u00e8s d\u2019Esplais Catalans (Esplac).<\/span><\/em><\/p>\n<p style=\"text-align: justify; padding-left: 60px;\"><em><span style=\"font-weight: 400;\">Estem molt contentes d\u2019haver pogut celebrar aquesta trobada aqu\u00ed a Sant Cugat despr\u00e9s de m\u00e9s d\u2019un any lluitant per fer-ho. Hem ocupat escoles, places i carrers demostrant que amb civisme i respecte qualsevol persona t\u00e9 dret a fer-ne \u00fas, tingui l\u2019edat que tingui.<\/span><\/em><\/p>\n<p style=\"padding-left: 60px;\"><em><span style=\"font-weight: 400;\">Avui i sempre, seguirem reivindicant que:<\/span><\/em><\/p>\n<ul>\n<li style=\"padding-left: 60px;\"><em><span style=\"font-weight: 400;\">hem de pensar menys amb la burocr\u00e0cia i m\u00e9s amb les persones, actuem!<\/span><\/em><\/li>\n<li style=\"padding-left: 60px;\"><em><span style=\"font-weight: 400;\">volem ser part\u00edceps de totes les pol\u00edtiques que afecten l\u2019espai p\u00fablic perqu\u00e8 aquest \u00e9s de totes i totes l\u2019hem de construir<\/span><\/em><\/li>\n<li style=\"padding-left: 60px;\"><em><span style=\"font-weight: 400;\">volem la desprivatitzaci\u00f3 dels espais p\u00fablics<\/span><\/em><\/li>\n<li style=\"padding-left: 60px;\"><em><span style=\"font-weight: 400;\">volem espais on poder practicar esports<\/span><\/em><\/li>\n<li style=\"padding-left: 60px;\"><em><span style=\"font-weight: 400;\">volem ser lliures<\/span><\/em><\/li>\n<li style=\"padding-left: 60px;\"><em><span style=\"font-weight: 400;\">volem jugar a pilota a les places<\/span><\/em><\/li>\n<li style=\"padding-left: 60px;\"><em><span style=\"font-weight: 400;\">volem divertir-nos al carrer<\/span><\/em><\/li>\n<li style=\"padding-left: 60px;\"><em><span style=\"font-weight: 400;\">volem patinar pel carrer<\/span><\/em><\/li>\n<\/ul>\n<p style=\"padding-left: 60px;\"><em><b>Per una inf\u00e0ncia al carrer! <\/b><\/em><\/p>\n","protected":false},"excerpt":{"rendered":"<p>El\u00a0cap de setmana del 25 i 26 de mar\u00e7 ha [&hellip;]<\/p>\n","protected":false},"author":3,"featured_media":24851,"comment_status":"closed","ping_status":"open","sticky":false,"template":"","format":"standard","meta":{"om_disable_all_campaigns":false,"_monsterinsights_skip_tracking":false,"_monsterinsights_sitenote_active":false,"_monsterinsights_sitenote_note":"","_monsterinsights_sitenote_category":0,"_uf_show_specific_survey":0,"_uf_disable_surveys":false,"footnotes":""},"categories":[1110,1167,1137],"tags":[45,613,858,859,122,25,860],"class_list":["post-24849","post","type-post","status-publish","format-standard","has-post-thumbnail","hentry","category-activitats-sectors","category-infancia","category-sector-valles","tag-drets-dels-infants","tag-espai-public","tag-infancia-al-carrer","tag-sant-cugat-del-valles","tag-sector-valles","tag-trobada-de-joves","tag-trobada-general-de-sector"],"yoast_head":"<!-- This site is optimized with the Yoast SEO plugin v27.5 - https:\/\/yoast.com\/product\/yoast-seo-wordpress\/ -->\n<title>El Vall\u00e8s reclama una inf\u00e0ncia al carrer - Esplac<\/title>\n<meta name=\"robots\" content=\"index, follow, max-snippet:-1, max-image-preview:large, max-video-preview:-1\" \/>\n<link rel=\"canonical\" href=\"https:\/\/www.esplac.cat\/el-valles-reclama-una-infancia-al-carrer\/\" \/>\n<meta property=\"og:locale\" content=\"en_US\" \/>\n<meta property=\"og:type\" content=\"article\" \/>\n<meta property=\"og:title\" content=\"El Vall\u00e8s reclama una inf\u00e0ncia al carrer - Esplac\" \/>\n<meta property=\"og:description\" content=\"El\u00a0cap de setmana del 25 i 26 de mar\u00e7 ha [&hellip;]\" \/>\n<meta property=\"og:url\" content=\"https:\/\/www.esplac.cat\/el-valles-reclama-una-infancia-al-carrer\/\" \/>\n<meta property=\"og:site_name\" content=\"Esplac\" \/>\n<meta property=\"article:published_time\" content=\"2017-03-28T12:31:31+00:00\" \/>\n<meta property=\"article:modified_time\" content=\"2019-11-14T11:38:31+00:00\" \/>\n<meta property=\"og:image\" content=\"https:\/\/www.esplac.cat\/wp-content\/uploads\/2017\/03\/20170328_TGS-Valles.jpg\" \/>\n\t<meta property=\"og:image:width\" content=\"847\" \/>\n\t<meta property=\"og:image:height\" content=\"350\" \/>\n\t<meta property=\"og:image:type\" content=\"image\/jpeg\" \/>\n<meta name=\"author\" content=\"Comunicaci\u00f3 Esplac\" \/>\n<meta name=\"twitter:card\" content=\"summary_large_image\" \/>\n<meta name=\"twitter:label1\" content=\"Written by\" \/>\n\t<meta name=\"twitter:data1\" content=\"Comunicaci\u00f3 Esplac\" \/>\n\t<meta name=\"twitter:label2\" content=\"Est. reading time\" \/>\n\t<meta name=\"twitter:data2\" content=\"3 minutes\" \/>\n<script type=\"application\/ld+json\" class=\"yoast-schema-graph\">{\"@context\":\"https:\\\/\\\/schema.org\",\"@graph\":[{\"@type\":\"Article\",\"@id\":\"https:\\\/\\\/www.esplac.cat\\\/el-valles-reclama-una-infancia-al-carrer\\\/#article\",\"isPartOf\":{\"@id\":\"https:\\\/\\\/www.esplac.cat\\\/el-valles-reclama-una-infancia-al-carrer\\\/\"},\"author\":{\"name\":\"Comunicaci\u00f3 Esplac\",\"@id\":\"https:\\\/\\\/www.esplac.cat\\\/#\\\/schema\\\/person\\\/908383cf240be18b68f8855d0583faca\"},\"headline\":\"El Vall\u00e8s reclama una inf\u00e0ncia al carrer\",\"datePublished\":\"2017-03-28T12:31:31+00:00\",\"dateModified\":\"2019-11-14T11:38:31+00:00\",\"mainEntityOfPage\":{\"@id\":\"https:\\\/\\\/www.esplac.cat\\\/el-valles-reclama-una-infancia-al-carrer\\\/\"},\"wordCount\":592,\"publisher\":{\"@id\":\"https:\\\/\\\/www.esplac.cat\\\/#organization\"},\"image\":{\"@id\":\"https:\\\/\\\/www.esplac.cat\\\/el-valles-reclama-una-infancia-al-carrer\\\/#primaryimage\"},\"thumbnailUrl\":\"https:\\\/\\\/www.esplac.cat\\\/wp-content\\\/uploads\\\/2017\\\/03\\\/20170328_TGS-Valles.jpg\",\"keywords\":[\"drets dels infants\",\"espai p\u00fablic\",\"inf\u00e0ncia al carrer\",\"sant cugat del valles\",\"sector Vall\u00e8s\",\"trobada de joves\",\"trobada general de sector\"],\"articleSection\":[\"Activitats sectors\",\"Inf\u00e0ncia i Esplaiada\",\"Sector Vall\u00e8s\"],\"inLanguage\":\"en-US\"},{\"@type\":\"WebPage\",\"@id\":\"https:\\\/\\\/www.esplac.cat\\\/el-valles-reclama-una-infancia-al-carrer\\\/\",\"url\":\"https:\\\/\\\/www.esplac.cat\\\/el-valles-reclama-una-infancia-al-carrer\\\/\",\"name\":\"El Vall\u00e8s reclama una inf\u00e0ncia al carrer - Esplac\",\"isPartOf\":{\"@id\":\"https:\\\/\\\/www.esplac.cat\\\/#website\"},\"primaryImageOfPage\":{\"@id\":\"https:\\\/\\\/www.esplac.cat\\\/el-valles-reclama-una-infancia-al-carrer\\\/#primaryimage\"},\"image\":{\"@id\":\"https:\\\/\\\/www.esplac.cat\\\/el-valles-reclama-una-infancia-al-carrer\\\/#primaryimage\"},\"thumbnailUrl\":\"https:\\\/\\\/www.esplac.cat\\\/wp-content\\\/uploads\\\/2017\\\/03\\\/20170328_TGS-Valles.jpg\",\"datePublished\":\"2017-03-28T12:31:31+00:00\",\"dateModified\":\"2019-11-14T11:38:31+00:00\",\"breadcrumb\":{\"@id\":\"https:\\\/\\\/www.esplac.cat\\\/el-valles-reclama-una-infancia-al-carrer\\\/#breadcrumb\"},\"inLanguage\":\"en-US\",\"potentialAction\":[{\"@type\":\"ReadAction\",\"target\":[\"https:\\\/\\\/www.esplac.cat\\\/el-valles-reclama-una-infancia-al-carrer\\\/\"]}]},{\"@type\":\"ImageObject\",\"inLanguage\":\"en-US\",\"@id\":\"https:\\\/\\\/www.esplac.cat\\\/el-valles-reclama-una-infancia-al-carrer\\\/#primaryimage\",\"url\":\"https:\\\/\\\/www.esplac.cat\\\/wp-content\\\/uploads\\\/2017\\\/03\\\/20170328_TGS-Valles.jpg\",\"contentUrl\":\"https:\\\/\\\/www.esplac.cat\\\/wp-content\\\/uploads\\\/2017\\\/03\\\/20170328_TGS-Valles.jpg\",\"width\":847,\"height\":350},{\"@type\":\"BreadcrumbList\",\"@id\":\"https:\\\/\\\/www.esplac.cat\\\/el-valles-reclama-una-infancia-al-carrer\\\/#breadcrumb\",\"itemListElement\":[{\"@type\":\"ListItem\",\"position\":1,\"name\":\"Inici\",\"item\":\"https:\\\/\\\/www.esplac.cat\\\/en\\\/\"},{\"@type\":\"ListItem\",\"position\":2,\"name\":\"El Vall\u00e8s reclama una inf\u00e0ncia al carrer\"}]},{\"@type\":\"WebSite\",\"@id\":\"https:\\\/\\\/www.esplac.cat\\\/#website\",\"url\":\"https:\\\/\\\/www.esplac.cat\\\/\",\"name\":\"Esplac\",\"description\":\"Esplais Catalans\",\"publisher\":{\"@id\":\"https:\\\/\\\/www.esplac.cat\\\/#organization\"},\"potentialAction\":[{\"@type\":\"SearchAction\",\"target\":{\"@type\":\"EntryPoint\",\"urlTemplate\":\"https:\\\/\\\/www.esplac.cat\\\/?s={search_term_string}\"},\"query-input\":{\"@type\":\"PropertyValueSpecification\",\"valueRequired\":true,\"valueName\":\"search_term_string\"}}],\"inLanguage\":\"en-US\"},{\"@type\":\"Organization\",\"@id\":\"https:\\\/\\\/www.esplac.cat\\\/#organization\",\"name\":\"Esplac\",\"url\":\"https:\\\/\\\/www.esplac.cat\\\/\",\"logo\":{\"@type\":\"ImageObject\",\"inLanguage\":\"en-US\",\"@id\":\"https:\\\/\\\/www.esplac.cat\\\/#\\\/schema\\\/logo\\\/image\\\/\",\"url\":\"https:\\\/\\\/www.esplac.cat\\\/wp-content\\\/uploads\\\/2019\\\/08\\\/logox2.png\",\"contentUrl\":\"https:\\\/\\\/www.esplac.cat\\\/wp-content\\\/uploads\\\/2019\\\/08\\\/logox2.png\",\"width\":600,\"height\":295,\"caption\":\"Esplac\"},\"image\":{\"@id\":\"https:\\\/\\\/www.esplac.cat\\\/#\\\/schema\\\/logo\\\/image\\\/\"}},{\"@type\":\"Person\",\"@id\":\"https:\\\/\\\/www.esplac.cat\\\/#\\\/schema\\\/person\\\/908383cf240be18b68f8855d0583faca\",\"name\":\"Comunicaci\u00f3 Esplac\",\"image\":{\"@type\":\"ImageObject\",\"inLanguage\":\"en-US\",\"@id\":\"https:\\\/\\\/secure.gravatar.com\\\/avatar\\\/7a4cf8feb412a76ea4a740ca02d95b06b2907b5a6c648c2dd0a1082a093c3141?s=96&d=mm&r=g\",\"url\":\"https:\\\/\\\/secure.gravatar.com\\\/avatar\\\/7a4cf8feb412a76ea4a740ca02d95b06b2907b5a6c648c2dd0a1082a093c3141?s=96&d=mm&r=g\",\"contentUrl\":\"https:\\\/\\\/secure.gravatar.com\\\/avatar\\\/7a4cf8feb412a76ea4a740ca02d95b06b2907b5a6c648c2dd0a1082a093c3141?s=96&d=mm&r=g\",\"caption\":\"Comunicaci\u00f3 Esplac\"}}]}<\/script>\n<!-- \/ Yoast SEO plugin. -->","yoast_head_json":{"title":"El Vall\u00e8s reclama una inf\u00e0ncia al carrer - Esplac","robots":{"index":"index","follow":"follow","max-snippet":"max-snippet:-1","max-image-preview":"max-image-preview:large","max-video-preview":"max-video-preview:-1"},"canonical":"https:\/\/www.esplac.cat\/el-valles-reclama-una-infancia-al-carrer\/","og_locale":"en_US","og_type":"article","og_title":"El Vall\u00e8s reclama una inf\u00e0ncia al carrer - Esplac","og_description":"El\u00a0cap de setmana del 25 i 26 de mar\u00e7 ha [&hellip;]","og_url":"https:\/\/www.esplac.cat\/el-valles-reclama-una-infancia-al-carrer\/","og_site_name":"Esplac","article_published_time":"2017-03-28T12:31:31+00:00","article_modified_time":"2019-11-14T11:38:31+00:00","og_image":[{"width":847,"height":350,"url":"https:\/\/www.esplac.cat\/wp-content\/uploads\/2017\/03\/20170328_TGS-Valles.jpg","type":"image\/jpeg"}],"author":"Comunicaci\u00f3 Esplac","twitter_card":"summary_large_image","twitter_misc":{"Written by":"Comunicaci\u00f3 Esplac","Est. reading time":"3 minutes"},"schema":{"@context":"https:\/\/schema.org","@graph":[{"@type":"Article","@id":"https:\/\/www.esplac.cat\/el-valles-reclama-una-infancia-al-carrer\/#article","isPartOf":{"@id":"https:\/\/www.esplac.cat\/el-valles-reclama-una-infancia-al-carrer\/"},"author":{"name":"Comunicaci\u00f3 Esplac","@id":"https:\/\/www.esplac.cat\/#\/schema\/person\/908383cf240be18b68f8855d0583faca"},"headline":"El Vall\u00e8s reclama una inf\u00e0ncia al carrer","datePublished":"2017-03-28T12:31:31+00:00","dateModified":"2019-11-14T11:38:31+00:00","mainEntityOfPage":{"@id":"https:\/\/www.esplac.cat\/el-valles-reclama-una-infancia-al-carrer\/"},"wordCount":592,"publisher":{"@id":"https:\/\/www.esplac.cat\/#organization"},"image":{"@id":"https:\/\/www.esplac.cat\/el-valles-reclama-una-infancia-al-carrer\/#primaryimage"},"thumbnailUrl":"https:\/\/www.esplac.cat\/wp-content\/uploads\/2017\/03\/20170328_TGS-Valles.jpg","keywords":["drets dels infants","espai p\u00fablic","inf\u00e0ncia al carrer","sant cugat del valles","sector Vall\u00e8s","trobada de joves","trobada general de sector"],"articleSection":["Activitats sectors","Inf\u00e0ncia i Esplaiada","Sector Vall\u00e8s"],"inLanguage":"en-US"},{"@type":"WebPage","@id":"https:\/\/www.esplac.cat\/el-valles-reclama-una-infancia-al-carrer\/","url":"https:\/\/www.esplac.cat\/el-valles-reclama-una-infancia-al-carrer\/","name":"El Vall\u00e8s reclama una inf\u00e0ncia al carrer - Esplac","isPartOf":{"@id":"https:\/\/www.esplac.cat\/#website"},"primaryImageOfPage":{"@id":"https:\/\/www.esplac.cat\/el-valles-reclama-una-infancia-al-carrer\/#primaryimage"},"image":{"@id":"https:\/\/www.esplac.cat\/el-valles-reclama-una-infancia-al-carrer\/#primaryimage"},"thumbnailUrl":"https:\/\/www.esplac.cat\/wp-content\/uploads\/2017\/03\/20170328_TGS-Valles.jpg","datePublished":"2017-03-28T12:31:31+00:00","dateModified":"2019-11-14T11:38:31+00:00","breadcrumb":{"@id":"https:\/\/www.esplac.cat\/el-valles-reclama-una-infancia-al-carrer\/#breadcrumb"},"inLanguage":"en-US","potentialAction":[{"@type":"ReadAction","target":["https:\/\/www.esplac.cat\/el-valles-reclama-una-infancia-al-carrer\/"]}]},{"@type":"ImageObject","inLanguage":"en-US","@id":"https:\/\/www.esplac.cat\/el-valles-reclama-una-infancia-al-carrer\/#primaryimage","url":"https:\/\/www.esplac.cat\/wp-content\/uploads\/2017\/03\/20170328_TGS-Valles.jpg","contentUrl":"https:\/\/www.esplac.cat\/wp-content\/uploads\/2017\/03\/20170328_TGS-Valles.jpg","width":847,"height":350},{"@type":"BreadcrumbList","@id":"https:\/\/www.esplac.cat\/el-valles-reclama-una-infancia-al-carrer\/#breadcrumb","itemListElement":[{"@type":"ListItem","position":1,"name":"Inici","item":"https:\/\/www.esplac.cat\/en\/"},{"@type":"ListItem","position":2,"name":"El Vall\u00e8s reclama una inf\u00e0ncia al carrer"}]},{"@type":"WebSite","@id":"https:\/\/www.esplac.cat\/#website","url":"https:\/\/www.esplac.cat\/","name":"Esplac","description":"Esplais Catalans","publisher":{"@id":"https:\/\/www.esplac.cat\/#organization"},"potentialAction":[{"@type":"SearchAction","target":{"@type":"EntryPoint","urlTemplate":"https:\/\/www.esplac.cat\/?s={search_term_string}"},"query-input":{"@type":"PropertyValueSpecification","valueRequired":true,"valueName":"search_term_string"}}],"inLanguage":"en-US"},{"@type":"Organization","@id":"https:\/\/www.esplac.cat\/#organization","name":"Esplac","url":"https:\/\/www.esplac.cat\/","logo":{"@type":"ImageObject","inLanguage":"en-US","@id":"https:\/\/www.esplac.cat\/#\/schema\/logo\/image\/","url":"https:\/\/www.esplac.cat\/wp-content\/uploads\/2019\/08\/logox2.png","contentUrl":"https:\/\/www.esplac.cat\/wp-content\/uploads\/2019\/08\/logox2.png","width":600,"height":295,"caption":"Esplac"},"image":{"@id":"https:\/\/www.esplac.cat\/#\/schema\/logo\/image\/"}},{"@type":"Person","@id":"https:\/\/www.esplac.cat\/#\/schema\/person\/908383cf240be18b68f8855d0583faca","name":"Comunicaci\u00f3 Esplac","image":{"@type":"ImageObject","inLanguage":"en-US","@id":"https:\/\/secure.gravatar.com\/avatar\/7a4cf8feb412a76ea4a740ca02d95b06b2907b5a6c648c2dd0a1082a093c3141?s=96&d=mm&r=g","url":"https:\/\/secure.gravatar.com\/avatar\/7a4cf8feb412a76ea4a740ca02d95b06b2907b5a6c648c2dd0a1082a093c3141?s=96&d=mm&r=g","contentUrl":"https:\/\/secure.gravatar.com\/avatar\/7a4cf8feb412a76ea4a740ca02d95b06b2907b5a6c648c2dd0a1082a093c3141?s=96&d=mm&r=g","caption":"Comunicaci\u00f3 Esplac"}}]}},"_links":{"self":[{"href":"https:\/\/www.esplac.cat\/en\/wp-json\/wp\/v2\/posts\/24849","targetHints":{"allow":["GET"]}}],"collection":[{"href":"https:\/\/www.esplac.cat\/en\/wp-json\/wp\/v2\/posts"}],"about":[{"href":"https:\/\/www.esplac.cat\/en\/wp-json\/wp\/v2\/types\/post"}],"author":[{"embeddable":true,"href":"https:\/\/www.esplac.cat\/en\/wp-json\/wp\/v2\/users\/3"}],"replies":[{"embeddable":true,"href":"https:\/\/www.esplac.cat\/en\/wp-json\/wp\/v2\/comments?post=24849"}],"version-history":[{"count":0,"href":"https:\/\/www.esplac.cat\/en\/wp-json\/wp\/v2\/posts\/24849\/revisions"}],"wp:featuredmedia":[{"embeddable":true,"href":"https:\/\/www.esplac.cat\/en\/wp-json\/wp\/v2\/media\/24851"}],"wp:attachment":[{"href":"https:\/\/www.esplac.cat\/en\/wp-json\/wp\/v2\/media?parent=24849"}],"wp:term":[{"taxonomy":"category","embeddable":true,"href":"https:\/\/www.esplac.cat\/en\/wp-json\/wp\/v2\/categories?post=24849"},{"taxonomy":"post_tag","embeddable":true,"href":"https:\/\/www.esplac.cat\/en\/wp-json\/wp\/v2\/tags?post=24849"}],"curies":[{"name":"wp","href":"https:\/\/api.w.org\/{rel}","templated":true}]}}