{"id":24855,"date":"2017-03-24T11:53:03","date_gmt":"2017-03-24T09:53:03","guid":{"rendered":"http:\/\/www.esplac.cat\/?p=12776"},"modified":"2017-03-24T11:53:03","modified_gmt":"2017-03-24T09:53:03","slug":"els-esplais-del-barcelones-nord-han-celebrat-la-trobada-general-del-sector-sota-el-lema-volem-acollir","status":"publish","type":"post","link":"https:\/\/www.esplac.cat\/en\/els-esplais-del-barcelones-nord-han-celebrat-la-trobada-general-del-sector-sota-el-lema-volem-acollir\/","title":{"rendered":"Els esplais del Barcelon\u00e8s Nord celebren la Trobada General del sector sota el lema &#8216;Volem Acollir&#8217;"},"content":{"rendered":"<h4 style=\"text-align: justify;\">El dissabte 18 de mar\u00e7 es va celebrar al Centre de Cultura Tradicional Can Canyad\u00f3 (Badalona) la Trobada General del Barcelon\u00e8s Nord on els diferents esplais es van relacionar i es van manifestar a favor de l\u2019acollida de refugiades a Catalunya<\/h4>\n<p style=\"text-align: justify;\">Els esplais Diplodocus, Xirusplai, Puigcastellar, Gadgetosplai i Buenoyqu\u00e9 es van\u00a0reunir el dissabte 18 de mar\u00e7 per participar a la <strong>T<\/strong><b>robada General del Sector Barcelon\u00e8s Nord de 2017<\/b>. La jornada, que l\u2019any passat ja es va celebrar a Can Canyad\u00f3, va arreplegar a infants i monis de tot el Barcelon\u00e8s Nord, que van poder gaudir d\u2019un dia de sol, gimcanes i activitats a l\u2019aire lliure.<\/p>\n<p style=\"text-align: justify;\">Totes les activitats es van crear en exclusiva per la trobada amb la intenci\u00f3 que els infants juguessin i a la vegada puguessin reflexionar sobre un tema d\u2019actualitat com \u00e9s<strong> l&#8217;acollida de\u00a0refugiades de S\u00edria<\/strong>. Durant al mat\u00ed, es va presentar un n\u00e0ufrag que els demanava que trobessin tres coses per omplir la seva maleta viatgera. Prova per prova, els infants van poder descobrir que, aquell que pensaven que era un viatger apassionat i que voltava pel m\u00f3n, era realment una persona refugiada de la guerra.<\/p>\n<p style=\"text-align: justify;\">En\u00a0acabar la gimcana i despr\u00e9s de dinar tots plegats, <strong>els monitors i monitores van desplegar una gran pancarta amb la frase \u201cvolem acollir\u201d on els infants van poder escriure els millors desitjos per a les actuals refugiades sirianes.<\/strong><\/p>\n<p style=\"text-align: justify;\">A la tarda es van dividir per fer dues activitats diferents. Els petits i mitjans-petits van trobar les fitxes que els van permetre omplir un mapa on podien veure els diferents pa\u00efsos en conflicte i aquells on hi havia diferents camps de refugiades. Els mitjans-grans i grans, per altra banda, van tenir el privilegi d\u2019escoltar i fer din\u00e0miques reflexives amb en <strong>Guillem Lluci\u00e0, voluntari d\u2019un camp de refugiades de Gr\u00e8cia.<\/strong><\/p>\n<p style=\"text-align: justify;\">Quan van\u00a0acabar totes les activitats de la tarda, els infants, monitors i monitores van poder gaudir d\u2019un <strong>concert infantil de la m\u00e0 del Pa\u00eds de Xauxa<\/strong>, tot berenant una xocolata calenta ben bona amb melindros. Abans d\u2019iniciar-se el concert, <strong>un grup d\u2019infants dels diferents esplais del Barcelon\u00e8s Nord van llegir un manifest<\/strong> per tots aquells que escapen de la guerra buscant un lloc millor:<\/p>\n<p class=\"p1\" style=\"padding-left: 30px;\"><span class=\"s1\"><i>Em llevo. Encenc la tele i veig ciutats devastades, escoles tancades, nens orfes, gent fugint. Una Europa que es mostra indiferent i passiva davant d\u2019aquesta situaci\u00f3. Milers de persones segueixen arribant dia rere dia a les costes del Mediterrani i moltes perden la vida en el cam\u00ed. Deixen enrere els records, les arrels, la fam\u00edlia, els amics, els seu poble i al arribar a Europa confien trobar per fi una vida digna, a difer\u00e8ncia d\u2019aix\u00f2, es troben que els governs europeus els tanquen les portes. Un refugiat \u00e9s aquell que troba refugi. Als camps no n\u2019hi cap, nom\u00e9s milers i milers de fam\u00edlies a la intemp\u00e8rie que cada dia lluiten per poder sobreviure.<\/i><\/span><\/p>\n<p class=\"p1\" style=\"padding-left: 30px;\"><span class=\"s1\"><i>Totes aquestes fam\u00edlies i infants s\u00f3n els que ens fan posar en manifest que els volem aqu\u00ed. Que volem acollir i que estarem encantades de rebre\u2019ls a les nostres ciutats i als nostres esplais. No ens feu responsables de la inacci\u00f3 pol\u00edtica.<\/i><\/span><\/p>\n<p class=\"p1\" style=\"padding-left: 30px;\"><span class=\"s1\"><i>Cap persona \u00e9s il\u00b7legal. Obrim fronteres!<\/i><\/span><\/p>\n<p style=\"text-align: justify;\">El Sector Barcelon\u00e8s Nord va lluitar i segueix lluitant per un m\u00f3n millor per tots i totes i espera amb moltes ganes de la seg\u00fcent TGS, un espai on ens relacionem, juguem i compartim.<\/p>\n<p style=\"text-align: justify;\"><b>Refugiats, refugiades, el Barcelon\u00e8s Nord vol acollir!<\/b><\/p>\n","protected":false},"excerpt":{"rendered":"<p>El dissabte 18 de mar\u00e7 es va celebrar al Centre [&hellip;]<\/p>\n","protected":false},"author":3,"featured_media":24856,"comment_status":"closed","ping_status":"open","sticky":false,"template":"","format":"standard","meta":{"om_disable_all_campaigns":false,"_monsterinsights_skip_tracking":false,"_monsterinsights_sitenote_active":false,"_monsterinsights_sitenote_note":"","_monsterinsights_sitenote_category":0,"_uf_show_specific_survey":0,"_uf_disable_surveys":false,"footnotes":""},"categories":[1135,1117,1110,1132],"tags":[852,662,853,40,657,108,854],"class_list":["post-24855","post","type-post","status-publish","format-standard","has-post-thumbnail","hentry","category-20-n-drets-dels-infants","category-activitats-esplais","category-activitats-sectors","category-baix-besos","tag-badalona","tag-barcelones-nord","tag-infants-i-joves","tag-participacio","tag-refugiats","tag-trobada-general","tag-volem-acollir"],"yoast_head":"<!-- This site is optimized with the Yoast SEO plugin v27.4 - https:\/\/yoast.com\/product\/yoast-seo-wordpress\/ -->\n<title>Els esplais del Barcelon\u00e8s Nord celebren la Trobada General del sector sota el lema &#039;Volem Acollir&#039; - Esplac<\/title>\n<meta name=\"robots\" content=\"index, follow, max-snippet:-1, max-image-preview:large, max-video-preview:-1\" \/>\n<link rel=\"canonical\" href=\"https:\/\/www.esplac.cat\/es\/els-esplais-del-barcelones-nord-han-celebrat-la-trobada-general-del-sector-sota-el-lema-volem-acollir\/\" \/>\n<meta property=\"og:locale\" content=\"en_US\" \/>\n<meta property=\"og:type\" content=\"article\" \/>\n<meta property=\"og:title\" content=\"Els esplais del Barcelon\u00e8s Nord celebren la Trobada General del sector sota el lema &#039;Volem Acollir&#039; - Esplac\" \/>\n<meta property=\"og:description\" content=\"El dissabte 18 de mar\u00e7 es va celebrar al Centre [&hellip;]\" \/>\n<meta property=\"og:url\" content=\"https:\/\/www.esplac.cat\/es\/els-esplais-del-barcelones-nord-han-celebrat-la-trobada-general-del-sector-sota-el-lema-volem-acollir\/\" \/>\n<meta property=\"og:site_name\" content=\"Esplac\" \/>\n<meta property=\"article:published_time\" content=\"2017-03-24T09:53:03+00:00\" \/>\n<meta property=\"og:image\" content=\"https:\/\/www.esplac.cat\/wp-content\/uploads\/2017\/03\/20170324_TGS-BcnNord.jpg\" \/>\n\t<meta property=\"og:image:width\" content=\"847\" \/>\n\t<meta property=\"og:image:height\" content=\"350\" \/>\n\t<meta property=\"og:image:type\" content=\"image\/jpeg\" \/>\n<meta name=\"author\" content=\"Comunicaci\u00f3 Esplac\" \/>\n<meta name=\"twitter:card\" content=\"summary_large_image\" \/>\n<meta name=\"twitter:label1\" content=\"Written by\" \/>\n\t<meta name=\"twitter:data1\" content=\"Comunicaci\u00f3 Esplac\" \/>\n\t<meta name=\"twitter:label2\" content=\"Est. reading time\" \/>\n\t<meta name=\"twitter:data2\" content=\"3 minutes\" \/>\n<script type=\"application\/ld+json\" class=\"yoast-schema-graph\">{\"@context\":\"https:\\\/\\\/schema.org\",\"@graph\":[{\"@type\":\"Article\",\"@id\":\"https:\\\/\\\/www.esplac.cat\\\/es\\\/els-esplais-del-barcelones-nord-han-celebrat-la-trobada-general-del-sector-sota-el-lema-volem-acollir\\\/#article\",\"isPartOf\":{\"@id\":\"https:\\\/\\\/www.esplac.cat\\\/es\\\/els-esplais-del-barcelones-nord-han-celebrat-la-trobada-general-del-sector-sota-el-lema-volem-acollir\\\/\"},\"author\":{\"name\":\"Comunicaci\u00f3 Esplac\",\"@id\":\"https:\\\/\\\/www.esplac.cat\\\/#\\\/schema\\\/person\\\/908383cf240be18b68f8855d0583faca\"},\"headline\":\"Els esplais del Barcelon\u00e8s Nord celebren la Trobada General del sector sota el lema &#8216;Volem Acollir&#8217;\",\"datePublished\":\"2017-03-24T09:53:03+00:00\",\"mainEntityOfPage\":{\"@id\":\"https:\\\/\\\/www.esplac.cat\\\/es\\\/els-esplais-del-barcelones-nord-han-celebrat-la-trobada-general-del-sector-sota-el-lema-volem-acollir\\\/\"},\"wordCount\":623,\"publisher\":{\"@id\":\"https:\\\/\\\/www.esplac.cat\\\/#organization\"},\"image\":{\"@id\":\"https:\\\/\\\/www.esplac.cat\\\/es\\\/els-esplais-del-barcelones-nord-han-celebrat-la-trobada-general-del-sector-sota-el-lema-volem-acollir\\\/#primaryimage\"},\"thumbnailUrl\":\"https:\\\/\\\/www.esplac.cat\\\/wp-content\\\/uploads\\\/2017\\\/03\\\/20170324_TGS-BcnNord.jpg\",\"keywords\":[\"Badalona\",\"Barcelon\u00e8s Nord\",\"infants i joves\",\"participaci\u00f3\",\"refugiats\",\"trobada general\",\"volem acollir\"],\"articleSection\":[\"20-N: Drets dels infants\",\"Activitats esplais\",\"Activitats sectors\",\"Sector Baix Bes\u00f2s\"],\"inLanguage\":\"en-US\"},{\"@type\":\"WebPage\",\"@id\":\"https:\\\/\\\/www.esplac.cat\\\/es\\\/els-esplais-del-barcelones-nord-han-celebrat-la-trobada-general-del-sector-sota-el-lema-volem-acollir\\\/\",\"url\":\"https:\\\/\\\/www.esplac.cat\\\/es\\\/els-esplais-del-barcelones-nord-han-celebrat-la-trobada-general-del-sector-sota-el-lema-volem-acollir\\\/\",\"name\":\"Els esplais del Barcelon\u00e8s Nord celebren la Trobada General del sector sota el lema 'Volem Acollir' - Esplac\",\"isPartOf\":{\"@id\":\"https:\\\/\\\/www.esplac.cat\\\/#website\"},\"primaryImageOfPage\":{\"@id\":\"https:\\\/\\\/www.esplac.cat\\\/es\\\/els-esplais-del-barcelones-nord-han-celebrat-la-trobada-general-del-sector-sota-el-lema-volem-acollir\\\/#primaryimage\"},\"image\":{\"@id\":\"https:\\\/\\\/www.esplac.cat\\\/es\\\/els-esplais-del-barcelones-nord-han-celebrat-la-trobada-general-del-sector-sota-el-lema-volem-acollir\\\/#primaryimage\"},\"thumbnailUrl\":\"https:\\\/\\\/www.esplac.cat\\\/wp-content\\\/uploads\\\/2017\\\/03\\\/20170324_TGS-BcnNord.jpg\",\"datePublished\":\"2017-03-24T09:53:03+00:00\",\"breadcrumb\":{\"@id\":\"https:\\\/\\\/www.esplac.cat\\\/es\\\/els-esplais-del-barcelones-nord-han-celebrat-la-trobada-general-del-sector-sota-el-lema-volem-acollir\\\/#breadcrumb\"},\"inLanguage\":\"en-US\",\"potentialAction\":[{\"@type\":\"ReadAction\",\"target\":[\"https:\\\/\\\/www.esplac.cat\\\/es\\\/els-esplais-del-barcelones-nord-han-celebrat-la-trobada-general-del-sector-sota-el-lema-volem-acollir\\\/\"]}]},{\"@type\":\"ImageObject\",\"inLanguage\":\"en-US\",\"@id\":\"https:\\\/\\\/www.esplac.cat\\\/es\\\/els-esplais-del-barcelones-nord-han-celebrat-la-trobada-general-del-sector-sota-el-lema-volem-acollir\\\/#primaryimage\",\"url\":\"https:\\\/\\\/www.esplac.cat\\\/wp-content\\\/uploads\\\/2017\\\/03\\\/20170324_TGS-BcnNord.jpg\",\"contentUrl\":\"https:\\\/\\\/www.esplac.cat\\\/wp-content\\\/uploads\\\/2017\\\/03\\\/20170324_TGS-BcnNord.jpg\",\"width\":847,\"height\":350},{\"@type\":\"BreadcrumbList\",\"@id\":\"https:\\\/\\\/www.esplac.cat\\\/es\\\/els-esplais-del-barcelones-nord-han-celebrat-la-trobada-general-del-sector-sota-el-lema-volem-acollir\\\/#breadcrumb\",\"itemListElement\":[{\"@type\":\"ListItem\",\"position\":1,\"name\":\"Inici\",\"item\":\"https:\\\/\\\/www.esplac.cat\\\/en\\\/\"},{\"@type\":\"ListItem\",\"position\":2,\"name\":\"Els esplais del Barcelon\u00e8s Nord celebren la Trobada General del sector sota el lema &#8216;Volem Acollir&#8217;\"}]},{\"@type\":\"WebSite\",\"@id\":\"https:\\\/\\\/www.esplac.cat\\\/#website\",\"url\":\"https:\\\/\\\/www.esplac.cat\\\/\",\"name\":\"Esplac\",\"description\":\"Esplais Catalans\",\"publisher\":{\"@id\":\"https:\\\/\\\/www.esplac.cat\\\/#organization\"},\"potentialAction\":[{\"@type\":\"SearchAction\",\"target\":{\"@type\":\"EntryPoint\",\"urlTemplate\":\"https:\\\/\\\/www.esplac.cat\\\/?s={search_term_string}\"},\"query-input\":{\"@type\":\"PropertyValueSpecification\",\"valueRequired\":true,\"valueName\":\"search_term_string\"}}],\"inLanguage\":\"en-US\"},{\"@type\":\"Organization\",\"@id\":\"https:\\\/\\\/www.esplac.cat\\\/#organization\",\"name\":\"Esplac\",\"url\":\"https:\\\/\\\/www.esplac.cat\\\/\",\"logo\":{\"@type\":\"ImageObject\",\"inLanguage\":\"en-US\",\"@id\":\"https:\\\/\\\/www.esplac.cat\\\/#\\\/schema\\\/logo\\\/image\\\/\",\"url\":\"https:\\\/\\\/www.esplac.cat\\\/wp-content\\\/uploads\\\/2019\\\/08\\\/logox2.png\",\"contentUrl\":\"https:\\\/\\\/www.esplac.cat\\\/wp-content\\\/uploads\\\/2019\\\/08\\\/logox2.png\",\"width\":600,\"height\":295,\"caption\":\"Esplac\"},\"image\":{\"@id\":\"https:\\\/\\\/www.esplac.cat\\\/#\\\/schema\\\/logo\\\/image\\\/\"}},{\"@type\":\"Person\",\"@id\":\"https:\\\/\\\/www.esplac.cat\\\/#\\\/schema\\\/person\\\/908383cf240be18b68f8855d0583faca\",\"name\":\"Comunicaci\u00f3 Esplac\",\"image\":{\"@type\":\"ImageObject\",\"inLanguage\":\"en-US\",\"@id\":\"https:\\\/\\\/secure.gravatar.com\\\/avatar\\\/7a4cf8feb412a76ea4a740ca02d95b06b2907b5a6c648c2dd0a1082a093c3141?s=96&d=mm&r=g\",\"url\":\"https:\\\/\\\/secure.gravatar.com\\\/avatar\\\/7a4cf8feb412a76ea4a740ca02d95b06b2907b5a6c648c2dd0a1082a093c3141?s=96&d=mm&r=g\",\"contentUrl\":\"https:\\\/\\\/secure.gravatar.com\\\/avatar\\\/7a4cf8feb412a76ea4a740ca02d95b06b2907b5a6c648c2dd0a1082a093c3141?s=96&d=mm&r=g\",\"caption\":\"Comunicaci\u00f3 Esplac\"}}]}<\/script>\n<!-- \/ Yoast SEO plugin. -->","yoast_head_json":{"title":"Els esplais del Barcelon\u00e8s Nord celebren la Trobada General del sector sota el lema 'Volem Acollir' - Esplac","robots":{"index":"index","follow":"follow","max-snippet":"max-snippet:-1","max-image-preview":"max-image-preview:large","max-video-preview":"max-video-preview:-1"},"canonical":"https:\/\/www.esplac.cat\/es\/els-esplais-del-barcelones-nord-han-celebrat-la-trobada-general-del-sector-sota-el-lema-volem-acollir\/","og_locale":"en_US","og_type":"article","og_title":"Els esplais del Barcelon\u00e8s Nord celebren la Trobada General del sector sota el lema 'Volem Acollir' - Esplac","og_description":"El dissabte 18 de mar\u00e7 es va celebrar al Centre [&hellip;]","og_url":"https:\/\/www.esplac.cat\/es\/els-esplais-del-barcelones-nord-han-celebrat-la-trobada-general-del-sector-sota-el-lema-volem-acollir\/","og_site_name":"Esplac","article_published_time":"2017-03-24T09:53:03+00:00","og_image":[{"width":847,"height":350,"url":"https:\/\/www.esplac.cat\/wp-content\/uploads\/2017\/03\/20170324_TGS-BcnNord.jpg","type":"image\/jpeg"}],"author":"Comunicaci\u00f3 Esplac","twitter_card":"summary_large_image","twitter_misc":{"Written by":"Comunicaci\u00f3 Esplac","Est. reading time":"3 minutes"},"schema":{"@context":"https:\/\/schema.org","@graph":[{"@type":"Article","@id":"https:\/\/www.esplac.cat\/es\/els-esplais-del-barcelones-nord-han-celebrat-la-trobada-general-del-sector-sota-el-lema-volem-acollir\/#article","isPartOf":{"@id":"https:\/\/www.esplac.cat\/es\/els-esplais-del-barcelones-nord-han-celebrat-la-trobada-general-del-sector-sota-el-lema-volem-acollir\/"},"author":{"name":"Comunicaci\u00f3 Esplac","@id":"https:\/\/www.esplac.cat\/#\/schema\/person\/908383cf240be18b68f8855d0583faca"},"headline":"Els esplais del Barcelon\u00e8s Nord celebren la Trobada General del sector sota el lema &#8216;Volem Acollir&#8217;","datePublished":"2017-03-24T09:53:03+00:00","mainEntityOfPage":{"@id":"https:\/\/www.esplac.cat\/es\/els-esplais-del-barcelones-nord-han-celebrat-la-trobada-general-del-sector-sota-el-lema-volem-acollir\/"},"wordCount":623,"publisher":{"@id":"https:\/\/www.esplac.cat\/#organization"},"image":{"@id":"https:\/\/www.esplac.cat\/es\/els-esplais-del-barcelones-nord-han-celebrat-la-trobada-general-del-sector-sota-el-lema-volem-acollir\/#primaryimage"},"thumbnailUrl":"https:\/\/www.esplac.cat\/wp-content\/uploads\/2017\/03\/20170324_TGS-BcnNord.jpg","keywords":["Badalona","Barcelon\u00e8s Nord","infants i joves","participaci\u00f3","refugiats","trobada general","volem acollir"],"articleSection":["20-N: Drets dels infants","Activitats esplais","Activitats sectors","Sector Baix Bes\u00f2s"],"inLanguage":"en-US"},{"@type":"WebPage","@id":"https:\/\/www.esplac.cat\/es\/els-esplais-del-barcelones-nord-han-celebrat-la-trobada-general-del-sector-sota-el-lema-volem-acollir\/","url":"https:\/\/www.esplac.cat\/es\/els-esplais-del-barcelones-nord-han-celebrat-la-trobada-general-del-sector-sota-el-lema-volem-acollir\/","name":"Els esplais del Barcelon\u00e8s Nord celebren la Trobada General del sector sota el lema 'Volem Acollir' - Esplac","isPartOf":{"@id":"https:\/\/www.esplac.cat\/#website"},"primaryImageOfPage":{"@id":"https:\/\/www.esplac.cat\/es\/els-esplais-del-barcelones-nord-han-celebrat-la-trobada-general-del-sector-sota-el-lema-volem-acollir\/#primaryimage"},"image":{"@id":"https:\/\/www.esplac.cat\/es\/els-esplais-del-barcelones-nord-han-celebrat-la-trobada-general-del-sector-sota-el-lema-volem-acollir\/#primaryimage"},"thumbnailUrl":"https:\/\/www.esplac.cat\/wp-content\/uploads\/2017\/03\/20170324_TGS-BcnNord.jpg","datePublished":"2017-03-24T09:53:03+00:00","breadcrumb":{"@id":"https:\/\/www.esplac.cat\/es\/els-esplais-del-barcelones-nord-han-celebrat-la-trobada-general-del-sector-sota-el-lema-volem-acollir\/#breadcrumb"},"inLanguage":"en-US","potentialAction":[{"@type":"ReadAction","target":["https:\/\/www.esplac.cat\/es\/els-esplais-del-barcelones-nord-han-celebrat-la-trobada-general-del-sector-sota-el-lema-volem-acollir\/"]}]},{"@type":"ImageObject","inLanguage":"en-US","@id":"https:\/\/www.esplac.cat\/es\/els-esplais-del-barcelones-nord-han-celebrat-la-trobada-general-del-sector-sota-el-lema-volem-acollir\/#primaryimage","url":"https:\/\/www.esplac.cat\/wp-content\/uploads\/2017\/03\/20170324_TGS-BcnNord.jpg","contentUrl":"https:\/\/www.esplac.cat\/wp-content\/uploads\/2017\/03\/20170324_TGS-BcnNord.jpg","width":847,"height":350},{"@type":"BreadcrumbList","@id":"https:\/\/www.esplac.cat\/es\/els-esplais-del-barcelones-nord-han-celebrat-la-trobada-general-del-sector-sota-el-lema-volem-acollir\/#breadcrumb","itemListElement":[{"@type":"ListItem","position":1,"name":"Inici","item":"https:\/\/www.esplac.cat\/en\/"},{"@type":"ListItem","position":2,"name":"Els esplais del Barcelon\u00e8s Nord celebren la Trobada General del sector sota el lema &#8216;Volem Acollir&#8217;"}]},{"@type":"WebSite","@id":"https:\/\/www.esplac.cat\/#website","url":"https:\/\/www.esplac.cat\/","name":"Esplac","description":"Esplais Catalans","publisher":{"@id":"https:\/\/www.esplac.cat\/#organization"},"potentialAction":[{"@type":"SearchAction","target":{"@type":"EntryPoint","urlTemplate":"https:\/\/www.esplac.cat\/?s={search_term_string}"},"query-input":{"@type":"PropertyValueSpecification","valueRequired":true,"valueName":"search_term_string"}}],"inLanguage":"en-US"},{"@type":"Organization","@id":"https:\/\/www.esplac.cat\/#organization","name":"Esplac","url":"https:\/\/www.esplac.cat\/","logo":{"@type":"ImageObject","inLanguage":"en-US","@id":"https:\/\/www.esplac.cat\/#\/schema\/logo\/image\/","url":"https:\/\/www.esplac.cat\/wp-content\/uploads\/2019\/08\/logox2.png","contentUrl":"https:\/\/www.esplac.cat\/wp-content\/uploads\/2019\/08\/logox2.png","width":600,"height":295,"caption":"Esplac"},"image":{"@id":"https:\/\/www.esplac.cat\/#\/schema\/logo\/image\/"}},{"@type":"Person","@id":"https:\/\/www.esplac.cat\/#\/schema\/person\/908383cf240be18b68f8855d0583faca","name":"Comunicaci\u00f3 Esplac","image":{"@type":"ImageObject","inLanguage":"en-US","@id":"https:\/\/secure.gravatar.com\/avatar\/7a4cf8feb412a76ea4a740ca02d95b06b2907b5a6c648c2dd0a1082a093c3141?s=96&d=mm&r=g","url":"https:\/\/secure.gravatar.com\/avatar\/7a4cf8feb412a76ea4a740ca02d95b06b2907b5a6c648c2dd0a1082a093c3141?s=96&d=mm&r=g","contentUrl":"https:\/\/secure.gravatar.com\/avatar\/7a4cf8feb412a76ea4a740ca02d95b06b2907b5a6c648c2dd0a1082a093c3141?s=96&d=mm&r=g","caption":"Comunicaci\u00f3 Esplac"}}]}},"_links":{"self":[{"href":"https:\/\/www.esplac.cat\/en\/wp-json\/wp\/v2\/posts\/24855","targetHints":{"allow":["GET"]}}],"collection":[{"href":"https:\/\/www.esplac.cat\/en\/wp-json\/wp\/v2\/posts"}],"about":[{"href":"https:\/\/www.esplac.cat\/en\/wp-json\/wp\/v2\/types\/post"}],"author":[{"embeddable":true,"href":"https:\/\/www.esplac.cat\/en\/wp-json\/wp\/v2\/users\/3"}],"replies":[{"embeddable":true,"href":"https:\/\/www.esplac.cat\/en\/wp-json\/wp\/v2\/comments?post=24855"}],"version-history":[{"count":0,"href":"https:\/\/www.esplac.cat\/en\/wp-json\/wp\/v2\/posts\/24855\/revisions"}],"wp:featuredmedia":[{"embeddable":true,"href":"https:\/\/www.esplac.cat\/en\/wp-json\/wp\/v2\/media\/24856"}],"wp:attachment":[{"href":"https:\/\/www.esplac.cat\/en\/wp-json\/wp\/v2\/media?parent=24855"}],"wp:term":[{"taxonomy":"category","embeddable":true,"href":"https:\/\/www.esplac.cat\/en\/wp-json\/wp\/v2\/categories?post=24855"},{"taxonomy":"post_tag","embeddable":true,"href":"https:\/\/www.esplac.cat\/en\/wp-json\/wp\/v2\/tags?post=24855"}],"curies":[{"name":"wp","href":"https:\/\/api.w.org\/{rel}","templated":true}]}}