{"id":24865,"date":"2017-03-22T12:41:45","date_gmt":"2017-03-22T10:41:45","guid":{"rendered":"http:\/\/www.esplac.cat\/?p=12665"},"modified":"2019-11-14T13:29:02","modified_gmt":"2019-11-14T11:29:02","slug":"trobada-pedagogica-del-sector-penedes-garraf-i-anoia-la-primera-de-moltes","status":"publish","type":"post","link":"https:\/\/www.esplac.cat\/en\/trobada-pedagogica-del-sector-penedes-garraf-i-anoia-la-primera-de-moltes\/","title":{"rendered":"Trobada pedag\u00f2gica del sector Pened\u00e8s, Garraf i Anoia: la primera de moltes!"},"content":{"rendered":"<h4>El passat diumenge 19 de mar\u00e7 es va celebrar la primera trobada pedag\u00f2gica del sector geogr\u00e0fic Pened\u00e8s, Garraf i Anoia.<\/h4>\n<p>La trobada pedag\u00f2gica va sorgir com a idea durant l&#8217;AGO (Assemblea General Ordin\u00e0ria), del mateix sector davant la inquietud de compartir i debatre sobre aspectes pedag\u00f2gics entre els diferents esplais del sector per tal de visualitzar les l\u00ednies pedag\u00f2giques d&#8217;aquests i poder-les apropar una mica m\u00e9s entre elles.<\/p>\n<p>Van participar-hi un total de 4 esplais del sector i els debats van estar dinamitzats per les mateixes monitores que, pr\u00e8viament, havien preparat durant l&#8217;anterior reuni\u00f3 de sector. Estava previst realitzar un total de cinc debats i din\u00e0miques per treballar diversos temes. Finalment nom\u00e9s se&#8217;n van dur a terme tres, ja que l&#8217;inter\u00e8s per aquests va fer que s&#8217;allarguessin.<\/p>\n<p>Les monitores dels esplais assistents, (C.E. Drac M\u00e0gic, C.E. els Grumets, GER i MIV) van debatre sobre la \u201ccomunicaci\u00f3 i participaci\u00f3 de les fam\u00edlies a l&#8217;esplai: quin paper han de tenir? Hi ha d&#8217;haver l\u00edmits? Tamb\u00e9 es va debatre l&#8217;\u00fas de les noves tecnologies a l&#8217;esplai i xarxes socials amb una din\u00e0mica a trav\u00e9s d&#8217;aplicacions m\u00f2bils i una posada en com\u00fa final. I el tercer debat que es va realitzar va ser al voltant de conceptes i termes que poden apar\u00e8ixer tant al Projecte Educatiu de Centre (PEC) i als idearis tot fent \u00fas del joc &#8220;Encerta-la&#8221;!<\/p>\n<p>Aquesta trobada ha servit per despertar l&#8217;inter\u00e8s pedag\u00f2gic i de debat entre diferents monitores de diferents esplais, un espai que habitualment no tenim m\u00e9s enll\u00e0 de reunions de sector (on no participen totes les monitores) o trobades formatives (on el debat es focalitza en pocs aspectes, estretament relacionats amb les formacions que s&#8217;hi duen a terme). Esperem que les monitores que hi van assistir puguin traslladar i emportar-se al seu esplai i a la resta de l&#8217;assemblea d&#8217;aquest els debats i inquietuds que es van encetar a la trobada.<\/p>\n","protected":false},"excerpt":{"rendered":"<p>El passat diumenge 19 de mar\u00e7 es va celebrar la [&hellip;]<\/p>\n","protected":false},"author":3,"featured_media":24866,"comment_status":"closed","ping_status":"open","sticky":false,"template":"","format":"standard","meta":{"om_disable_all_campaigns":false,"_monsterinsights_skip_tracking":false,"_monsterinsights_sitenote_active":false,"_monsterinsights_sitenote_note":"","_monsterinsights_sitenote_category":0,"_uf_show_specific_survey":0,"_uf_disable_surveys":false,"footnotes":""},"categories":[1110,1162,1123],"tags":[599,425,848,50,849],"class_list":["post-24865","post","type-post","status-publish","format-standard","has-post-thumbnail","hentry","category-activitats-sectors","category-linies-pedagogiques","category-sector-penedes-garraf-anoia","tag-debat","tag-encerta-la","tag-participacio-de-les-families","tag-projecte-educatiu","tag-trobada-pedagogica"],"yoast_head":"<!-- This site is optimized with the Yoast SEO plugin v27.4 - https:\/\/yoast.com\/product\/yoast-seo-wordpress\/ -->\n<title>Trobada pedag\u00f2gica del sector Pened\u00e8s, Garraf i Anoia: la primera de moltes! - Esplac<\/title>\n<meta name=\"robots\" content=\"index, follow, max-snippet:-1, max-image-preview:large, max-video-preview:-1\" \/>\n<link rel=\"canonical\" href=\"https:\/\/www.esplac.cat\/trobada-pedagogica-del-sector-penedes-garraf-i-anoia-la-primera-de-moltes\/\" \/>\n<meta property=\"og:locale\" content=\"en_US\" \/>\n<meta property=\"og:type\" content=\"article\" \/>\n<meta property=\"og:title\" content=\"Trobada pedag\u00f2gica del sector Pened\u00e8s, Garraf i Anoia: la primera de moltes! - Esplac\" \/>\n<meta property=\"og:description\" content=\"El passat diumenge 19 de mar\u00e7 es va celebrar la [&hellip;]\" \/>\n<meta property=\"og:url\" content=\"https:\/\/www.esplac.cat\/trobada-pedagogica-del-sector-penedes-garraf-i-anoia-la-primera-de-moltes\/\" \/>\n<meta property=\"og:site_name\" content=\"Esplac\" \/>\n<meta property=\"article:published_time\" content=\"2017-03-22T10:41:45+00:00\" \/>\n<meta property=\"article:modified_time\" content=\"2019-11-14T11:29:02+00:00\" \/>\n<meta property=\"og:image\" content=\"https:\/\/www.esplac.cat\/wp-content\/uploads\/2017\/03\/penedes.jpg\" \/>\n\t<meta property=\"og:image:width\" content=\"847\" \/>\n\t<meta property=\"og:image:height\" content=\"350\" \/>\n\t<meta property=\"og:image:type\" content=\"image\/jpeg\" \/>\n<meta name=\"author\" content=\"Comunicaci\u00f3 Esplac\" \/>\n<meta name=\"twitter:card\" content=\"summary_large_image\" \/>\n<meta name=\"twitter:label1\" content=\"Written by\" \/>\n\t<meta name=\"twitter:data1\" content=\"Comunicaci\u00f3 Esplac\" \/>\n\t<meta name=\"twitter:label2\" content=\"Est. reading time\" \/>\n\t<meta name=\"twitter:data2\" content=\"2 minutes\" \/>\n<script type=\"application\/ld+json\" class=\"yoast-schema-graph\">{\"@context\":\"https:\\\/\\\/schema.org\",\"@graph\":[{\"@type\":\"Article\",\"@id\":\"https:\\\/\\\/www.esplac.cat\\\/trobada-pedagogica-del-sector-penedes-garraf-i-anoia-la-primera-de-moltes\\\/#article\",\"isPartOf\":{\"@id\":\"https:\\\/\\\/www.esplac.cat\\\/trobada-pedagogica-del-sector-penedes-garraf-i-anoia-la-primera-de-moltes\\\/\"},\"author\":{\"name\":\"Comunicaci\u00f3 Esplac\",\"@id\":\"https:\\\/\\\/www.esplac.cat\\\/#\\\/schema\\\/person\\\/908383cf240be18b68f8855d0583faca\"},\"headline\":\"Trobada pedag\u00f2gica del sector Pened\u00e8s, Garraf i Anoia: la primera de moltes!\",\"datePublished\":\"2017-03-22T10:41:45+00:00\",\"dateModified\":\"2019-11-14T11:29:02+00:00\",\"mainEntityOfPage\":{\"@id\":\"https:\\\/\\\/www.esplac.cat\\\/trobada-pedagogica-del-sector-penedes-garraf-i-anoia-la-primera-de-moltes\\\/\"},\"wordCount\":365,\"publisher\":{\"@id\":\"https:\\\/\\\/www.esplac.cat\\\/#organization\"},\"image\":{\"@id\":\"https:\\\/\\\/www.esplac.cat\\\/trobada-pedagogica-del-sector-penedes-garraf-i-anoia-la-primera-de-moltes\\\/#primaryimage\"},\"thumbnailUrl\":\"https:\\\/\\\/www.esplac.cat\\\/wp-content\\\/uploads\\\/2017\\\/03\\\/penedes.jpg\",\"keywords\":[\"debat\",\"Encerta-la\",\"Participaci\u00f3 de les fam\u00edlies\",\"projecte educatiu\",\"Trobada pedag\u00f2gica\"],\"articleSection\":[\"Activitats sectors\",\"L\u00ednies pedag\u00f2giques\",\"Sector Pened\u00e8s, Garraf i Anoia\"],\"inLanguage\":\"en-US\"},{\"@type\":\"WebPage\",\"@id\":\"https:\\\/\\\/www.esplac.cat\\\/trobada-pedagogica-del-sector-penedes-garraf-i-anoia-la-primera-de-moltes\\\/\",\"url\":\"https:\\\/\\\/www.esplac.cat\\\/trobada-pedagogica-del-sector-penedes-garraf-i-anoia-la-primera-de-moltes\\\/\",\"name\":\"Trobada pedag\u00f2gica del sector Pened\u00e8s, Garraf i Anoia: la primera de moltes! - Esplac\",\"isPartOf\":{\"@id\":\"https:\\\/\\\/www.esplac.cat\\\/#website\"},\"primaryImageOfPage\":{\"@id\":\"https:\\\/\\\/www.esplac.cat\\\/trobada-pedagogica-del-sector-penedes-garraf-i-anoia-la-primera-de-moltes\\\/#primaryimage\"},\"image\":{\"@id\":\"https:\\\/\\\/www.esplac.cat\\\/trobada-pedagogica-del-sector-penedes-garraf-i-anoia-la-primera-de-moltes\\\/#primaryimage\"},\"thumbnailUrl\":\"https:\\\/\\\/www.esplac.cat\\\/wp-content\\\/uploads\\\/2017\\\/03\\\/penedes.jpg\",\"datePublished\":\"2017-03-22T10:41:45+00:00\",\"dateModified\":\"2019-11-14T11:29:02+00:00\",\"breadcrumb\":{\"@id\":\"https:\\\/\\\/www.esplac.cat\\\/trobada-pedagogica-del-sector-penedes-garraf-i-anoia-la-primera-de-moltes\\\/#breadcrumb\"},\"inLanguage\":\"en-US\",\"potentialAction\":[{\"@type\":\"ReadAction\",\"target\":[\"https:\\\/\\\/www.esplac.cat\\\/trobada-pedagogica-del-sector-penedes-garraf-i-anoia-la-primera-de-moltes\\\/\"]}]},{\"@type\":\"ImageObject\",\"inLanguage\":\"en-US\",\"@id\":\"https:\\\/\\\/www.esplac.cat\\\/trobada-pedagogica-del-sector-penedes-garraf-i-anoia-la-primera-de-moltes\\\/#primaryimage\",\"url\":\"https:\\\/\\\/www.esplac.cat\\\/wp-content\\\/uploads\\\/2017\\\/03\\\/penedes.jpg\",\"contentUrl\":\"https:\\\/\\\/www.esplac.cat\\\/wp-content\\\/uploads\\\/2017\\\/03\\\/penedes.jpg\",\"width\":847,\"height\":350},{\"@type\":\"BreadcrumbList\",\"@id\":\"https:\\\/\\\/www.esplac.cat\\\/trobada-pedagogica-del-sector-penedes-garraf-i-anoia-la-primera-de-moltes\\\/#breadcrumb\",\"itemListElement\":[{\"@type\":\"ListItem\",\"position\":1,\"name\":\"Inici\",\"item\":\"https:\\\/\\\/www.esplac.cat\\\/en\\\/\"},{\"@type\":\"ListItem\",\"position\":2,\"name\":\"Trobada pedag\u00f2gica del sector Pened\u00e8s, Garraf i Anoia: la primera de moltes!\"}]},{\"@type\":\"WebSite\",\"@id\":\"https:\\\/\\\/www.esplac.cat\\\/#website\",\"url\":\"https:\\\/\\\/www.esplac.cat\\\/\",\"name\":\"Esplac\",\"description\":\"Esplais Catalans\",\"publisher\":{\"@id\":\"https:\\\/\\\/www.esplac.cat\\\/#organization\"},\"potentialAction\":[{\"@type\":\"SearchAction\",\"target\":{\"@type\":\"EntryPoint\",\"urlTemplate\":\"https:\\\/\\\/www.esplac.cat\\\/?s={search_term_string}\"},\"query-input\":{\"@type\":\"PropertyValueSpecification\",\"valueRequired\":true,\"valueName\":\"search_term_string\"}}],\"inLanguage\":\"en-US\"},{\"@type\":\"Organization\",\"@id\":\"https:\\\/\\\/www.esplac.cat\\\/#organization\",\"name\":\"Esplac\",\"url\":\"https:\\\/\\\/www.esplac.cat\\\/\",\"logo\":{\"@type\":\"ImageObject\",\"inLanguage\":\"en-US\",\"@id\":\"https:\\\/\\\/www.esplac.cat\\\/#\\\/schema\\\/logo\\\/image\\\/\",\"url\":\"https:\\\/\\\/www.esplac.cat\\\/wp-content\\\/uploads\\\/2019\\\/08\\\/logox2.png\",\"contentUrl\":\"https:\\\/\\\/www.esplac.cat\\\/wp-content\\\/uploads\\\/2019\\\/08\\\/logox2.png\",\"width\":600,\"height\":295,\"caption\":\"Esplac\"},\"image\":{\"@id\":\"https:\\\/\\\/www.esplac.cat\\\/#\\\/schema\\\/logo\\\/image\\\/\"}},{\"@type\":\"Person\",\"@id\":\"https:\\\/\\\/www.esplac.cat\\\/#\\\/schema\\\/person\\\/908383cf240be18b68f8855d0583faca\",\"name\":\"Comunicaci\u00f3 Esplac\",\"image\":{\"@type\":\"ImageObject\",\"inLanguage\":\"en-US\",\"@id\":\"https:\\\/\\\/secure.gravatar.com\\\/avatar\\\/7a4cf8feb412a76ea4a740ca02d95b06b2907b5a6c648c2dd0a1082a093c3141?s=96&d=mm&r=g\",\"url\":\"https:\\\/\\\/secure.gravatar.com\\\/avatar\\\/7a4cf8feb412a76ea4a740ca02d95b06b2907b5a6c648c2dd0a1082a093c3141?s=96&d=mm&r=g\",\"contentUrl\":\"https:\\\/\\\/secure.gravatar.com\\\/avatar\\\/7a4cf8feb412a76ea4a740ca02d95b06b2907b5a6c648c2dd0a1082a093c3141?s=96&d=mm&r=g\",\"caption\":\"Comunicaci\u00f3 Esplac\"}}]}<\/script>\n<!-- \/ Yoast SEO plugin. -->","yoast_head_json":{"title":"Trobada pedag\u00f2gica del sector Pened\u00e8s, Garraf i Anoia: la primera de moltes! - Esplac","robots":{"index":"index","follow":"follow","max-snippet":"max-snippet:-1","max-image-preview":"max-image-preview:large","max-video-preview":"max-video-preview:-1"},"canonical":"https:\/\/www.esplac.cat\/trobada-pedagogica-del-sector-penedes-garraf-i-anoia-la-primera-de-moltes\/","og_locale":"en_US","og_type":"article","og_title":"Trobada pedag\u00f2gica del sector Pened\u00e8s, Garraf i Anoia: la primera de moltes! - Esplac","og_description":"El passat diumenge 19 de mar\u00e7 es va celebrar la [&hellip;]","og_url":"https:\/\/www.esplac.cat\/trobada-pedagogica-del-sector-penedes-garraf-i-anoia-la-primera-de-moltes\/","og_site_name":"Esplac","article_published_time":"2017-03-22T10:41:45+00:00","article_modified_time":"2019-11-14T11:29:02+00:00","og_image":[{"width":847,"height":350,"url":"https:\/\/www.esplac.cat\/wp-content\/uploads\/2017\/03\/penedes.jpg","type":"image\/jpeg"}],"author":"Comunicaci\u00f3 Esplac","twitter_card":"summary_large_image","twitter_misc":{"Written by":"Comunicaci\u00f3 Esplac","Est. reading time":"2 minutes"},"schema":{"@context":"https:\/\/schema.org","@graph":[{"@type":"Article","@id":"https:\/\/www.esplac.cat\/trobada-pedagogica-del-sector-penedes-garraf-i-anoia-la-primera-de-moltes\/#article","isPartOf":{"@id":"https:\/\/www.esplac.cat\/trobada-pedagogica-del-sector-penedes-garraf-i-anoia-la-primera-de-moltes\/"},"author":{"name":"Comunicaci\u00f3 Esplac","@id":"https:\/\/www.esplac.cat\/#\/schema\/person\/908383cf240be18b68f8855d0583faca"},"headline":"Trobada pedag\u00f2gica del sector Pened\u00e8s, Garraf i Anoia: la primera de moltes!","datePublished":"2017-03-22T10:41:45+00:00","dateModified":"2019-11-14T11:29:02+00:00","mainEntityOfPage":{"@id":"https:\/\/www.esplac.cat\/trobada-pedagogica-del-sector-penedes-garraf-i-anoia-la-primera-de-moltes\/"},"wordCount":365,"publisher":{"@id":"https:\/\/www.esplac.cat\/#organization"},"image":{"@id":"https:\/\/www.esplac.cat\/trobada-pedagogica-del-sector-penedes-garraf-i-anoia-la-primera-de-moltes\/#primaryimage"},"thumbnailUrl":"https:\/\/www.esplac.cat\/wp-content\/uploads\/2017\/03\/penedes.jpg","keywords":["debat","Encerta-la","Participaci\u00f3 de les fam\u00edlies","projecte educatiu","Trobada pedag\u00f2gica"],"articleSection":["Activitats sectors","L\u00ednies pedag\u00f2giques","Sector Pened\u00e8s, Garraf i Anoia"],"inLanguage":"en-US"},{"@type":"WebPage","@id":"https:\/\/www.esplac.cat\/trobada-pedagogica-del-sector-penedes-garraf-i-anoia-la-primera-de-moltes\/","url":"https:\/\/www.esplac.cat\/trobada-pedagogica-del-sector-penedes-garraf-i-anoia-la-primera-de-moltes\/","name":"Trobada pedag\u00f2gica del sector Pened\u00e8s, Garraf i Anoia: la primera de moltes! - Esplac","isPartOf":{"@id":"https:\/\/www.esplac.cat\/#website"},"primaryImageOfPage":{"@id":"https:\/\/www.esplac.cat\/trobada-pedagogica-del-sector-penedes-garraf-i-anoia-la-primera-de-moltes\/#primaryimage"},"image":{"@id":"https:\/\/www.esplac.cat\/trobada-pedagogica-del-sector-penedes-garraf-i-anoia-la-primera-de-moltes\/#primaryimage"},"thumbnailUrl":"https:\/\/www.esplac.cat\/wp-content\/uploads\/2017\/03\/penedes.jpg","datePublished":"2017-03-22T10:41:45+00:00","dateModified":"2019-11-14T11:29:02+00:00","breadcrumb":{"@id":"https:\/\/www.esplac.cat\/trobada-pedagogica-del-sector-penedes-garraf-i-anoia-la-primera-de-moltes\/#breadcrumb"},"inLanguage":"en-US","potentialAction":[{"@type":"ReadAction","target":["https:\/\/www.esplac.cat\/trobada-pedagogica-del-sector-penedes-garraf-i-anoia-la-primera-de-moltes\/"]}]},{"@type":"ImageObject","inLanguage":"en-US","@id":"https:\/\/www.esplac.cat\/trobada-pedagogica-del-sector-penedes-garraf-i-anoia-la-primera-de-moltes\/#primaryimage","url":"https:\/\/www.esplac.cat\/wp-content\/uploads\/2017\/03\/penedes.jpg","contentUrl":"https:\/\/www.esplac.cat\/wp-content\/uploads\/2017\/03\/penedes.jpg","width":847,"height":350},{"@type":"BreadcrumbList","@id":"https:\/\/www.esplac.cat\/trobada-pedagogica-del-sector-penedes-garraf-i-anoia-la-primera-de-moltes\/#breadcrumb","itemListElement":[{"@type":"ListItem","position":1,"name":"Inici","item":"https:\/\/www.esplac.cat\/en\/"},{"@type":"ListItem","position":2,"name":"Trobada pedag\u00f2gica del sector Pened\u00e8s, Garraf i Anoia: la primera de moltes!"}]},{"@type":"WebSite","@id":"https:\/\/www.esplac.cat\/#website","url":"https:\/\/www.esplac.cat\/","name":"Esplac","description":"Esplais Catalans","publisher":{"@id":"https:\/\/www.esplac.cat\/#organization"},"potentialAction":[{"@type":"SearchAction","target":{"@type":"EntryPoint","urlTemplate":"https:\/\/www.esplac.cat\/?s={search_term_string}"},"query-input":{"@type":"PropertyValueSpecification","valueRequired":true,"valueName":"search_term_string"}}],"inLanguage":"en-US"},{"@type":"Organization","@id":"https:\/\/www.esplac.cat\/#organization","name":"Esplac","url":"https:\/\/www.esplac.cat\/","logo":{"@type":"ImageObject","inLanguage":"en-US","@id":"https:\/\/www.esplac.cat\/#\/schema\/logo\/image\/","url":"https:\/\/www.esplac.cat\/wp-content\/uploads\/2019\/08\/logox2.png","contentUrl":"https:\/\/www.esplac.cat\/wp-content\/uploads\/2019\/08\/logox2.png","width":600,"height":295,"caption":"Esplac"},"image":{"@id":"https:\/\/www.esplac.cat\/#\/schema\/logo\/image\/"}},{"@type":"Person","@id":"https:\/\/www.esplac.cat\/#\/schema\/person\/908383cf240be18b68f8855d0583faca","name":"Comunicaci\u00f3 Esplac","image":{"@type":"ImageObject","inLanguage":"en-US","@id":"https:\/\/secure.gravatar.com\/avatar\/7a4cf8feb412a76ea4a740ca02d95b06b2907b5a6c648c2dd0a1082a093c3141?s=96&d=mm&r=g","url":"https:\/\/secure.gravatar.com\/avatar\/7a4cf8feb412a76ea4a740ca02d95b06b2907b5a6c648c2dd0a1082a093c3141?s=96&d=mm&r=g","contentUrl":"https:\/\/secure.gravatar.com\/avatar\/7a4cf8feb412a76ea4a740ca02d95b06b2907b5a6c648c2dd0a1082a093c3141?s=96&d=mm&r=g","caption":"Comunicaci\u00f3 Esplac"}}]}},"_links":{"self":[{"href":"https:\/\/www.esplac.cat\/en\/wp-json\/wp\/v2\/posts\/24865","targetHints":{"allow":["GET"]}}],"collection":[{"href":"https:\/\/www.esplac.cat\/en\/wp-json\/wp\/v2\/posts"}],"about":[{"href":"https:\/\/www.esplac.cat\/en\/wp-json\/wp\/v2\/types\/post"}],"author":[{"embeddable":true,"href":"https:\/\/www.esplac.cat\/en\/wp-json\/wp\/v2\/users\/3"}],"replies":[{"embeddable":true,"href":"https:\/\/www.esplac.cat\/en\/wp-json\/wp\/v2\/comments?post=24865"}],"version-history":[{"count":0,"href":"https:\/\/www.esplac.cat\/en\/wp-json\/wp\/v2\/posts\/24865\/revisions"}],"wp:featuredmedia":[{"embeddable":true,"href":"https:\/\/www.esplac.cat\/en\/wp-json\/wp\/v2\/media\/24866"}],"wp:attachment":[{"href":"https:\/\/www.esplac.cat\/en\/wp-json\/wp\/v2\/media?parent=24865"}],"wp:term":[{"taxonomy":"category","embeddable":true,"href":"https:\/\/www.esplac.cat\/en\/wp-json\/wp\/v2\/categories?post=24865"},{"taxonomy":"post_tag","embeddable":true,"href":"https:\/\/www.esplac.cat\/en\/wp-json\/wp\/v2\/tags?post=24865"}],"curies":[{"name":"wp","href":"https:\/\/api.w.org\/{rel}","templated":true}]}}