{"id":24867,"date":"2017-03-21T16:56:13","date_gmt":"2017-03-21T14:56:13","guid":{"rendered":"http:\/\/www.esplac.cat\/?p=12617"},"modified":"2019-11-14T13:36:42","modified_gmt":"2019-11-14T11:36:42","slug":"10-idees-clau-de-lescola-desplac-2017-som-diverses-som-inclusives","status":"publish","type":"post","link":"https:\/\/www.esplac.cat\/en\/10-idees-clau-de-lescola-desplac-2017-som-diverses-som-inclusives\/","title":{"rendered":"10 idees clau de l\u2019Escola d\u2019Esplac 2017: &#8216;Som diverses, som inclusives&#8217;"},"content":{"rendered":"<p class=\"p1\"><span class=\"s1\">El cap de setmana de l\u201911 i 12 de mar\u00e7 vam celebrar a Vic la <strong>5<span style=\"font-size: 13.3333px;\">a<\/span><\/strong><\/span><span class=\"s1\"><strong>\u00a0edici\u00f3 de l\u2019Escola d\u2019Esplac<\/strong> sota el lema \u00abSom diverses, som inclusives\u00bb. Podeu trobar al web un\u00a0<a href=\"http:\/\/www.esplac.cat\/els-esplais-encaren-el-repte-de-la-diversitat-a-lescola-desplac\/\"><span class=\"s3\">breu resum de les jornades<\/span><\/a> i tamb\u00e9 hem compartit un <a href=\"https:\/\/www.facebook.com\/media\/set\/?set=a.1364048680284693.1073741871.164459493576957&amp;type=3\"><span class=\"s3\">\u00e0lbum de fotografies del cap de setmana al Facebook.<\/span><\/a><\/span><\/p>\n<p class=\"p3\"><span class=\"s1\">A continuaci\u00f3, fem un resum dels\u00a0<strong>10 aprenentatges o idees<\/strong> que hem pogut extraure globalment de les jornades formatives.<\/span><\/p>\n<ol class=\"ol1\">\n<li class=\"li3\"><span class=\"s1\">Promoure la<strong> diversitat com a valor<\/strong> a l\u2019esplai ens obrir\u00e0 portes cap a la inclusi\u00f3.<\/span><\/li>\n<li class=\"li1\"><span class=\"s1\"><strong>Cada persona \u00e9s diferent<\/strong> i hem de tenir la voluntat de comprendre-la des d\u2019una <strong>perspectiva interseccional<\/strong>, tenint en compte totes les seves dimensions i particularitats.<\/span><\/li>\n<li class=\"li3\"><span class=\"s1\">Per poder desmontar els prejudicis i estereotips, que s\u00f3n base de la discriminaci\u00f3, hem de tenir una actitud pro-activa i intencionada per <strong>con\u00e8ixer i promoure vincles amb l\u2019altre procurant relacions d\u2019afecte<\/strong>, a m\u00e9s de les de respecte. <\/span><\/li>\n<li class=\"li3\"><span class=\"s1\">L\u2019educaci\u00f3, com a eina de transformaci\u00f3 social, s\u2019ha d\u2019encarregar de <strong>posar en evid\u00e8ncia les discriminacions<\/strong>, per con\u00e8ixer-les, comprendre-les i poder-les rebutjar.<\/span><\/li>\n<li class=\"li3\"><span class=\"s1\">Una de les <strong>discriminacions m\u00e9s dures \u00e9s la institucional<\/strong>, dotada de mecanismes reguladors elaborats amb una clara voluntat d\u2019exclusi\u00f3 i d\u2019invisibilitzaci\u00f3 social. Des de l\u2019esplai l\u2019hem de con\u00e8ixer i donar-li visibilitat per poder-la combatre.<\/span><\/li>\n<li class=\"li1\"><span class=\"s1\">Els esplais som un espai amb un potencial transformador privilegiat en el qual podem promoure canvis de manera accelerada. <strong>Els canvis<\/strong>, per\u00f2, <strong>els hem de generar<\/strong>.<\/span><\/li>\n<li class=\"li3\"><span class=\"s1\">Si volem que l\u2019esplai sigui un <strong>espai de millor representaci\u00f3 de la diversitat<\/strong> que ens envolta, hem d\u2019apropar-nos a tothom, donant a con\u00e8ixer el valor educatiu de l\u2019esplai: <i>qui som<\/i>, <i>qu\u00e8 fem<\/i> i, sobretot, <i>per qu\u00e8 ho fem<\/i>.<\/span><\/li>\n<li class=\"li3\"><span class=\"s1\">La base comunit\u00e0ria de l\u2019educaci\u00f3 en el lleure \u00e9s clau. Per construir comunitat i ser mirall de la realitat del nostre context, hem d\u2019establir estrat\u00e8gies de <strong>treball en xarxa<\/strong> amb altres entitats, serveis, associacions, etc. No gastem temps ni energia en les persones o entitats que ens posen barreres, anem a treballar amb aquelles que ens posen facilitats.<\/span><\/li>\n<li class=\"li3\"><span class=\"s1\"><strong>La revisi\u00f3 individual i reeducaci\u00f3 de la mirada<\/strong> ens ajuda a fer reflexions i canvis col\u00b7lectius m\u00e9s reals. \u00c9s important prendre consci\u00e8ncia de la pr\u00f2pia posici\u00f3 i privilegis per generar canvis en la nostra mirada. <\/span><\/li>\n<li class=\"li1\"><span class=\"s1\">Per a la inclusi\u00f3, \u00e9s imprescindible la <strong>participaci\u00f3<\/strong>.<\/span><\/li>\n<\/ol>\n","protected":false},"excerpt":{"rendered":"<p>El cap de setmana de l\u201911 i 12 de mar\u00e7 [&hellip;]<\/p>\n","protected":false},"author":3,"featured_media":24868,"comment_status":"closed","ping_status":"open","sticky":false,"template":"","format":"standard","meta":{"om_disable_all_campaigns":false,"_monsterinsights_skip_tracking":false,"_monsterinsights_sitenote_active":false,"_monsterinsights_sitenote_note":"","_monsterinsights_sitenote_category":0,"_uf_show_specific_survey":0,"_uf_disable_surveys":false,"footnotes":""},"categories":[1111,1131,1129,1166,1114,1],"tags":[138,706,471,834],"class_list":["post-24867","post","type-post","status-publish","format-standard","has-post-thumbnail","hentry","category-activitats-esplac","category-cursos-formacions","category-escola-desplac","category-inclusio-i-diversitat","category-recursos","category-sense-categoria","tag-diversitat","tag-escola-esplac-17","tag-inclusio","tag-vic"],"yoast_head":"<!-- This site is optimized with the Yoast SEO plugin v27.4 - https:\/\/yoast.com\/product\/yoast-seo-wordpress\/ -->\n<title>10 idees clau de l\u2019Escola d\u2019Esplac 2017: &#039;Som diverses, som inclusives&#039; - Esplac<\/title>\n<meta name=\"robots\" content=\"index, follow, max-snippet:-1, max-image-preview:large, max-video-preview:-1\" \/>\n<link rel=\"canonical\" href=\"https:\/\/www.esplac.cat\/10-idees-clau-de-lescola-desplac-2017-som-diverses-som-inclusives\/\" \/>\n<meta property=\"og:locale\" content=\"en_US\" \/>\n<meta property=\"og:type\" content=\"article\" \/>\n<meta property=\"og:title\" content=\"10 idees clau de l\u2019Escola d\u2019Esplac 2017: &#039;Som diverses, som inclusives&#039; - Esplac\" \/>\n<meta property=\"og:description\" content=\"El cap de setmana de l\u201911 i 12 de mar\u00e7 [&hellip;]\" \/>\n<meta property=\"og:url\" content=\"https:\/\/www.esplac.cat\/10-idees-clau-de-lescola-desplac-2017-som-diverses-som-inclusives\/\" \/>\n<meta property=\"og:site_name\" content=\"Esplac\" \/>\n<meta property=\"article:published_time\" content=\"2017-03-21T14:56:13+00:00\" \/>\n<meta property=\"article:modified_time\" content=\"2019-11-14T11:36:42+00:00\" \/>\n<meta property=\"og:image\" content=\"https:\/\/www.esplac.cat\/wp-content\/uploads\/2017\/03\/20170321_10-idees-escola-esplac.jpg\" \/>\n\t<meta property=\"og:image:width\" content=\"847\" \/>\n\t<meta property=\"og:image:height\" content=\"350\" \/>\n\t<meta property=\"og:image:type\" content=\"image\/jpeg\" \/>\n<meta name=\"author\" content=\"Comunicaci\u00f3 Esplac\" \/>\n<meta name=\"twitter:card\" content=\"summary_large_image\" \/>\n<meta name=\"twitter:label1\" content=\"Written by\" \/>\n\t<meta name=\"twitter:data1\" content=\"Comunicaci\u00f3 Esplac\" \/>\n\t<meta name=\"twitter:label2\" content=\"Est. reading time\" \/>\n\t<meta name=\"twitter:data2\" content=\"2 minutes\" \/>\n<script type=\"application\/ld+json\" class=\"yoast-schema-graph\">{\"@context\":\"https:\\\/\\\/schema.org\",\"@graph\":[{\"@type\":\"Article\",\"@id\":\"https:\\\/\\\/www.esplac.cat\\\/10-idees-clau-de-lescola-desplac-2017-som-diverses-som-inclusives\\\/#article\",\"isPartOf\":{\"@id\":\"https:\\\/\\\/www.esplac.cat\\\/10-idees-clau-de-lescola-desplac-2017-som-diverses-som-inclusives\\\/\"},\"author\":{\"name\":\"Comunicaci\u00f3 Esplac\",\"@id\":\"https:\\\/\\\/www.esplac.cat\\\/#\\\/schema\\\/person\\\/908383cf240be18b68f8855d0583faca\"},\"headline\":\"10 idees clau de l\u2019Escola d\u2019Esplac 2017: &#8216;Som diverses, som inclusives&#8217;\",\"datePublished\":\"2017-03-21T14:56:13+00:00\",\"dateModified\":\"2019-11-14T11:36:42+00:00\",\"mainEntityOfPage\":{\"@id\":\"https:\\\/\\\/www.esplac.cat\\\/10-idees-clau-de-lescola-desplac-2017-som-diverses-som-inclusives\\\/\"},\"wordCount\":408,\"publisher\":{\"@id\":\"https:\\\/\\\/www.esplac.cat\\\/#organization\"},\"image\":{\"@id\":\"https:\\\/\\\/www.esplac.cat\\\/10-idees-clau-de-lescola-desplac-2017-som-diverses-som-inclusives\\\/#primaryimage\"},\"thumbnailUrl\":\"https:\\\/\\\/www.esplac.cat\\\/wp-content\\\/uploads\\\/2017\\\/03\\\/20170321_10-idees-escola-esplac.jpg\",\"keywords\":[\"diversitat\",\"Escola Esplac 17\",\"inclusi\u00f3\",\"Vic\"],\"articleSection\":[\"Activitats esplac\",\"Cursos i formacions\",\"Escola d'Esplac\",\"Inclusi\u00f3 i diversitat\",\"Recursos\",\"Sense categoria\"],\"inLanguage\":\"en-US\"},{\"@type\":\"WebPage\",\"@id\":\"https:\\\/\\\/www.esplac.cat\\\/10-idees-clau-de-lescola-desplac-2017-som-diverses-som-inclusives\\\/\",\"url\":\"https:\\\/\\\/www.esplac.cat\\\/10-idees-clau-de-lescola-desplac-2017-som-diverses-som-inclusives\\\/\",\"name\":\"10 idees clau de l\u2019Escola d\u2019Esplac 2017: 'Som diverses, som inclusives' - Esplac\",\"isPartOf\":{\"@id\":\"https:\\\/\\\/www.esplac.cat\\\/#website\"},\"primaryImageOfPage\":{\"@id\":\"https:\\\/\\\/www.esplac.cat\\\/10-idees-clau-de-lescola-desplac-2017-som-diverses-som-inclusives\\\/#primaryimage\"},\"image\":{\"@id\":\"https:\\\/\\\/www.esplac.cat\\\/10-idees-clau-de-lescola-desplac-2017-som-diverses-som-inclusives\\\/#primaryimage\"},\"thumbnailUrl\":\"https:\\\/\\\/www.esplac.cat\\\/wp-content\\\/uploads\\\/2017\\\/03\\\/20170321_10-idees-escola-esplac.jpg\",\"datePublished\":\"2017-03-21T14:56:13+00:00\",\"dateModified\":\"2019-11-14T11:36:42+00:00\",\"breadcrumb\":{\"@id\":\"https:\\\/\\\/www.esplac.cat\\\/10-idees-clau-de-lescola-desplac-2017-som-diverses-som-inclusives\\\/#breadcrumb\"},\"inLanguage\":\"en-US\",\"potentialAction\":[{\"@type\":\"ReadAction\",\"target\":[\"https:\\\/\\\/www.esplac.cat\\\/10-idees-clau-de-lescola-desplac-2017-som-diverses-som-inclusives\\\/\"]}]},{\"@type\":\"ImageObject\",\"inLanguage\":\"en-US\",\"@id\":\"https:\\\/\\\/www.esplac.cat\\\/10-idees-clau-de-lescola-desplac-2017-som-diverses-som-inclusives\\\/#primaryimage\",\"url\":\"https:\\\/\\\/www.esplac.cat\\\/wp-content\\\/uploads\\\/2017\\\/03\\\/20170321_10-idees-escola-esplac.jpg\",\"contentUrl\":\"https:\\\/\\\/www.esplac.cat\\\/wp-content\\\/uploads\\\/2017\\\/03\\\/20170321_10-idees-escola-esplac.jpg\",\"width\":847,\"height\":350},{\"@type\":\"BreadcrumbList\",\"@id\":\"https:\\\/\\\/www.esplac.cat\\\/10-idees-clau-de-lescola-desplac-2017-som-diverses-som-inclusives\\\/#breadcrumb\",\"itemListElement\":[{\"@type\":\"ListItem\",\"position\":1,\"name\":\"Inici\",\"item\":\"https:\\\/\\\/www.esplac.cat\\\/en\\\/\"},{\"@type\":\"ListItem\",\"position\":2,\"name\":\"10 idees clau de l\u2019Escola d\u2019Esplac 2017: &#8216;Som diverses, som inclusives&#8217;\"}]},{\"@type\":\"WebSite\",\"@id\":\"https:\\\/\\\/www.esplac.cat\\\/#website\",\"url\":\"https:\\\/\\\/www.esplac.cat\\\/\",\"name\":\"Esplac\",\"description\":\"Esplais Catalans\",\"publisher\":{\"@id\":\"https:\\\/\\\/www.esplac.cat\\\/#organization\"},\"potentialAction\":[{\"@type\":\"SearchAction\",\"target\":{\"@type\":\"EntryPoint\",\"urlTemplate\":\"https:\\\/\\\/www.esplac.cat\\\/?s={search_term_string}\"},\"query-input\":{\"@type\":\"PropertyValueSpecification\",\"valueRequired\":true,\"valueName\":\"search_term_string\"}}],\"inLanguage\":\"en-US\"},{\"@type\":\"Organization\",\"@id\":\"https:\\\/\\\/www.esplac.cat\\\/#organization\",\"name\":\"Esplac\",\"url\":\"https:\\\/\\\/www.esplac.cat\\\/\",\"logo\":{\"@type\":\"ImageObject\",\"inLanguage\":\"en-US\",\"@id\":\"https:\\\/\\\/www.esplac.cat\\\/#\\\/schema\\\/logo\\\/image\\\/\",\"url\":\"https:\\\/\\\/www.esplac.cat\\\/wp-content\\\/uploads\\\/2019\\\/08\\\/logox2.png\",\"contentUrl\":\"https:\\\/\\\/www.esplac.cat\\\/wp-content\\\/uploads\\\/2019\\\/08\\\/logox2.png\",\"width\":600,\"height\":295,\"caption\":\"Esplac\"},\"image\":{\"@id\":\"https:\\\/\\\/www.esplac.cat\\\/#\\\/schema\\\/logo\\\/image\\\/\"}},{\"@type\":\"Person\",\"@id\":\"https:\\\/\\\/www.esplac.cat\\\/#\\\/schema\\\/person\\\/908383cf240be18b68f8855d0583faca\",\"name\":\"Comunicaci\u00f3 Esplac\",\"image\":{\"@type\":\"ImageObject\",\"inLanguage\":\"en-US\",\"@id\":\"https:\\\/\\\/secure.gravatar.com\\\/avatar\\\/7a4cf8feb412a76ea4a740ca02d95b06b2907b5a6c648c2dd0a1082a093c3141?s=96&d=mm&r=g\",\"url\":\"https:\\\/\\\/secure.gravatar.com\\\/avatar\\\/7a4cf8feb412a76ea4a740ca02d95b06b2907b5a6c648c2dd0a1082a093c3141?s=96&d=mm&r=g\",\"contentUrl\":\"https:\\\/\\\/secure.gravatar.com\\\/avatar\\\/7a4cf8feb412a76ea4a740ca02d95b06b2907b5a6c648c2dd0a1082a093c3141?s=96&d=mm&r=g\",\"caption\":\"Comunicaci\u00f3 Esplac\"}}]}<\/script>\n<!-- \/ Yoast SEO plugin. -->","yoast_head_json":{"title":"10 idees clau de l\u2019Escola d\u2019Esplac 2017: 'Som diverses, som inclusives' - Esplac","robots":{"index":"index","follow":"follow","max-snippet":"max-snippet:-1","max-image-preview":"max-image-preview:large","max-video-preview":"max-video-preview:-1"},"canonical":"https:\/\/www.esplac.cat\/10-idees-clau-de-lescola-desplac-2017-som-diverses-som-inclusives\/","og_locale":"en_US","og_type":"article","og_title":"10 idees clau de l\u2019Escola d\u2019Esplac 2017: 'Som diverses, som inclusives' - Esplac","og_description":"El cap de setmana de l\u201911 i 12 de mar\u00e7 [&hellip;]","og_url":"https:\/\/www.esplac.cat\/10-idees-clau-de-lescola-desplac-2017-som-diverses-som-inclusives\/","og_site_name":"Esplac","article_published_time":"2017-03-21T14:56:13+00:00","article_modified_time":"2019-11-14T11:36:42+00:00","og_image":[{"width":847,"height":350,"url":"https:\/\/www.esplac.cat\/wp-content\/uploads\/2017\/03\/20170321_10-idees-escola-esplac.jpg","type":"image\/jpeg"}],"author":"Comunicaci\u00f3 Esplac","twitter_card":"summary_large_image","twitter_misc":{"Written by":"Comunicaci\u00f3 Esplac","Est. reading time":"2 minutes"},"schema":{"@context":"https:\/\/schema.org","@graph":[{"@type":"Article","@id":"https:\/\/www.esplac.cat\/10-idees-clau-de-lescola-desplac-2017-som-diverses-som-inclusives\/#article","isPartOf":{"@id":"https:\/\/www.esplac.cat\/10-idees-clau-de-lescola-desplac-2017-som-diverses-som-inclusives\/"},"author":{"name":"Comunicaci\u00f3 Esplac","@id":"https:\/\/www.esplac.cat\/#\/schema\/person\/908383cf240be18b68f8855d0583faca"},"headline":"10 idees clau de l\u2019Escola d\u2019Esplac 2017: &#8216;Som diverses, som inclusives&#8217;","datePublished":"2017-03-21T14:56:13+00:00","dateModified":"2019-11-14T11:36:42+00:00","mainEntityOfPage":{"@id":"https:\/\/www.esplac.cat\/10-idees-clau-de-lescola-desplac-2017-som-diverses-som-inclusives\/"},"wordCount":408,"publisher":{"@id":"https:\/\/www.esplac.cat\/#organization"},"image":{"@id":"https:\/\/www.esplac.cat\/10-idees-clau-de-lescola-desplac-2017-som-diverses-som-inclusives\/#primaryimage"},"thumbnailUrl":"https:\/\/www.esplac.cat\/wp-content\/uploads\/2017\/03\/20170321_10-idees-escola-esplac.jpg","keywords":["diversitat","Escola Esplac 17","inclusi\u00f3","Vic"],"articleSection":["Activitats esplac","Cursos i formacions","Escola d'Esplac","Inclusi\u00f3 i diversitat","Recursos","Sense categoria"],"inLanguage":"en-US"},{"@type":"WebPage","@id":"https:\/\/www.esplac.cat\/10-idees-clau-de-lescola-desplac-2017-som-diverses-som-inclusives\/","url":"https:\/\/www.esplac.cat\/10-idees-clau-de-lescola-desplac-2017-som-diverses-som-inclusives\/","name":"10 idees clau de l\u2019Escola d\u2019Esplac 2017: 'Som diverses, som inclusives' - Esplac","isPartOf":{"@id":"https:\/\/www.esplac.cat\/#website"},"primaryImageOfPage":{"@id":"https:\/\/www.esplac.cat\/10-idees-clau-de-lescola-desplac-2017-som-diverses-som-inclusives\/#primaryimage"},"image":{"@id":"https:\/\/www.esplac.cat\/10-idees-clau-de-lescola-desplac-2017-som-diverses-som-inclusives\/#primaryimage"},"thumbnailUrl":"https:\/\/www.esplac.cat\/wp-content\/uploads\/2017\/03\/20170321_10-idees-escola-esplac.jpg","datePublished":"2017-03-21T14:56:13+00:00","dateModified":"2019-11-14T11:36:42+00:00","breadcrumb":{"@id":"https:\/\/www.esplac.cat\/10-idees-clau-de-lescola-desplac-2017-som-diverses-som-inclusives\/#breadcrumb"},"inLanguage":"en-US","potentialAction":[{"@type":"ReadAction","target":["https:\/\/www.esplac.cat\/10-idees-clau-de-lescola-desplac-2017-som-diverses-som-inclusives\/"]}]},{"@type":"ImageObject","inLanguage":"en-US","@id":"https:\/\/www.esplac.cat\/10-idees-clau-de-lescola-desplac-2017-som-diverses-som-inclusives\/#primaryimage","url":"https:\/\/www.esplac.cat\/wp-content\/uploads\/2017\/03\/20170321_10-idees-escola-esplac.jpg","contentUrl":"https:\/\/www.esplac.cat\/wp-content\/uploads\/2017\/03\/20170321_10-idees-escola-esplac.jpg","width":847,"height":350},{"@type":"BreadcrumbList","@id":"https:\/\/www.esplac.cat\/10-idees-clau-de-lescola-desplac-2017-som-diverses-som-inclusives\/#breadcrumb","itemListElement":[{"@type":"ListItem","position":1,"name":"Inici","item":"https:\/\/www.esplac.cat\/en\/"},{"@type":"ListItem","position":2,"name":"10 idees clau de l\u2019Escola d\u2019Esplac 2017: &#8216;Som diverses, som inclusives&#8217;"}]},{"@type":"WebSite","@id":"https:\/\/www.esplac.cat\/#website","url":"https:\/\/www.esplac.cat\/","name":"Esplac","description":"Esplais Catalans","publisher":{"@id":"https:\/\/www.esplac.cat\/#organization"},"potentialAction":[{"@type":"SearchAction","target":{"@type":"EntryPoint","urlTemplate":"https:\/\/www.esplac.cat\/?s={search_term_string}"},"query-input":{"@type":"PropertyValueSpecification","valueRequired":true,"valueName":"search_term_string"}}],"inLanguage":"en-US"},{"@type":"Organization","@id":"https:\/\/www.esplac.cat\/#organization","name":"Esplac","url":"https:\/\/www.esplac.cat\/","logo":{"@type":"ImageObject","inLanguage":"en-US","@id":"https:\/\/www.esplac.cat\/#\/schema\/logo\/image\/","url":"https:\/\/www.esplac.cat\/wp-content\/uploads\/2019\/08\/logox2.png","contentUrl":"https:\/\/www.esplac.cat\/wp-content\/uploads\/2019\/08\/logox2.png","width":600,"height":295,"caption":"Esplac"},"image":{"@id":"https:\/\/www.esplac.cat\/#\/schema\/logo\/image\/"}},{"@type":"Person","@id":"https:\/\/www.esplac.cat\/#\/schema\/person\/908383cf240be18b68f8855d0583faca","name":"Comunicaci\u00f3 Esplac","image":{"@type":"ImageObject","inLanguage":"en-US","@id":"https:\/\/secure.gravatar.com\/avatar\/7a4cf8feb412a76ea4a740ca02d95b06b2907b5a6c648c2dd0a1082a093c3141?s=96&d=mm&r=g","url":"https:\/\/secure.gravatar.com\/avatar\/7a4cf8feb412a76ea4a740ca02d95b06b2907b5a6c648c2dd0a1082a093c3141?s=96&d=mm&r=g","contentUrl":"https:\/\/secure.gravatar.com\/avatar\/7a4cf8feb412a76ea4a740ca02d95b06b2907b5a6c648c2dd0a1082a093c3141?s=96&d=mm&r=g","caption":"Comunicaci\u00f3 Esplac"}}]}},"_links":{"self":[{"href":"https:\/\/www.esplac.cat\/en\/wp-json\/wp\/v2\/posts\/24867","targetHints":{"allow":["GET"]}}],"collection":[{"href":"https:\/\/www.esplac.cat\/en\/wp-json\/wp\/v2\/posts"}],"about":[{"href":"https:\/\/www.esplac.cat\/en\/wp-json\/wp\/v2\/types\/post"}],"author":[{"embeddable":true,"href":"https:\/\/www.esplac.cat\/en\/wp-json\/wp\/v2\/users\/3"}],"replies":[{"embeddable":true,"href":"https:\/\/www.esplac.cat\/en\/wp-json\/wp\/v2\/comments?post=24867"}],"version-history":[{"count":0,"href":"https:\/\/www.esplac.cat\/en\/wp-json\/wp\/v2\/posts\/24867\/revisions"}],"wp:featuredmedia":[{"embeddable":true,"href":"https:\/\/www.esplac.cat\/en\/wp-json\/wp\/v2\/media\/24868"}],"wp:attachment":[{"href":"https:\/\/www.esplac.cat\/en\/wp-json\/wp\/v2\/media?parent=24867"}],"wp:term":[{"taxonomy":"category","embeddable":true,"href":"https:\/\/www.esplac.cat\/en\/wp-json\/wp\/v2\/categories?post=24867"},{"taxonomy":"post_tag","embeddable":true,"href":"https:\/\/www.esplac.cat\/en\/wp-json\/wp\/v2\/tags?post=24867"}],"curies":[{"name":"wp","href":"https:\/\/api.w.org\/{rel}","templated":true}]}}