{"id":24877,"date":"2017-03-15T13:19:45","date_gmt":"2017-03-15T11:19:45","guid":{"rendered":"http:\/\/www.esplac.cat\/?p=12404"},"modified":"2017-03-15T13:19:45","modified_gmt":"2017-03-15T11:19:45","slug":"voleu-treballar-el-tema-de-les-migracions-i-refugiades-a-lesplai","status":"publish","type":"post","link":"https:\/\/www.esplac.cat\/en\/voleu-treballar-el-tema-de-les-migracions-i-refugiades-a-lesplai\/","title":{"rendered":"Voleu treballar el tema de les migracions i refugiades amb l\u2019esplai?"},"content":{"rendered":"<h4>Al Banc de recursos d\u2019Esplac trobareu tot tipus de recursos online.<\/h4>\n<p>Alguns dels esplais, com a entitats pol\u00edtiques i educatives que som, ens estem plantejant adquirir una posici\u00f3 m\u00e9s activa davant el desastre de les pol\u00edtiques de migraci\u00f3 adoptades tant a nivell estatal com internacional i necessitem recursos per a informar-nos i establir un espai de reflexi\u00f3 i sensibilitzaci\u00f3. Altres, ja hi estem treballant i volem ampliar el ventall de recursos que hem posat en marxa.<\/p>\n<p>Al <a href=\"http:\/\/www.esplac.cat\/banc-de-recursos\/\" target=\"_blank\" rel=\"noopener noreferrer\"><strong>Banc de Recursos d\u2019Esplac<\/strong><\/a> trobarem un bon grapat de recursos que ens poden ser de gran utilitat. Aqu\u00ed en tenim una selecci\u00f3:<\/p>\n<p><a href=\"http:\/\/entreterres.org\" target=\"_blank\" rel=\"noopener noreferrer\"><strong>1. Entre Terres:<\/strong>\u00a0<\/a> web\/document creat pel Servei Civil Internacional i Stop MareMortum, en el que tamb\u00e9 hem participat entitats educatives com Esplac. El recurs aporta informaci\u00f3 i dades actualitzades sobre diferents subtem\u00e0tiques: drets humans, racisme, G\u00e8nere i LGTB i transformaci\u00f3 social, al voltant del tema migracions a la mediterr\u00e0nia. Proposen moltes activitats per diferents franges d&#8217;edat i una guia per a les monis, per a poder-ho treballar amb els infants. Fes click a la imatge per veure&#8217;n un petit v\u00eddeo.<\/p>\n<p><a href=\"https:\/\/www.youtube.com\/watch?v=ajRwVYwf_os\"><img decoding=\"async\" class=\"size-medium wp-image-12405 aligncenter\" src=\"http:\/\/www.esplac.cat\/wp-content\/uploads\/2017\/03\/entreterres-300x231.jpg\" alt=\"\" width=\"300\" height=\"231\" srcset=\"https:\/\/www.esplac.cat\/wp-content\/uploads\/2017\/03\/entreterres-200x154.jpg 200w, https:\/\/www.esplac.cat\/wp-content\/uploads\/2017\/03\/entreterres-300x231.jpg 300w, https:\/\/www.esplac.cat\/wp-content\/uploads\/2017\/03\/entreterres-400x308.jpg 400w, https:\/\/www.esplac.cat\/wp-content\/uploads\/2017\/03\/entreterres.jpg 600w\" sizes=\"(max-width: 300px) 100vw, 300px\" \/><\/a><br \/>\n<strong>2. Rostres de la Mediterr\u00e0nia:<\/strong> \u00e9s una proposta art\u00edstica de la plataforma StopMareMortum per a denunciar la mort de milers de perones a les fronteres europees. Hi han participat artistes per\u00f2 tamb\u00e9 est\u00e0 obert a infants i joves. A la web es pot veure com funciona i con\u00e8ixer tamb\u00e9 altres projectes que tenen, llegir el seu manifest i totes les propostes que porten a terme. Tamb\u00e9 se&#8217;ls pot donar suport.<\/p>\n<p><strong><img decoding=\"async\" class=\"size-medium wp-image-12407 aligncenter\" src=\"http:\/\/www.esplac.cat\/wp-content\/uploads\/2017\/03\/maremortum-1-300x292.png\" alt=\"\" width=\"300\" height=\"292\" srcset=\"https:\/\/www.esplac.cat\/wp-content\/uploads\/2017\/03\/maremortum-1-200x195.png 200w, https:\/\/www.esplac.cat\/wp-content\/uploads\/2017\/03\/maremortum-1-300x292.png 300w, https:\/\/www.esplac.cat\/wp-content\/uploads\/2017\/03\/maremortum-1-400x390.png 400w, https:\/\/www.esplac.cat\/wp-content\/uploads\/2017\/03\/maremortum-1-600x585.png 600w, https:\/\/www.esplac.cat\/wp-content\/uploads\/2017\/03\/maremortum-1-768x749.png 768w, https:\/\/www.esplac.cat\/wp-content\/uploads\/2017\/03\/maremortum-1-800x780.png 800w, https:\/\/www.esplac.cat\/wp-content\/uploads\/2017\/03\/maremortum-1-1024x998.png 1024w, https:\/\/www.esplac.cat\/wp-content\/uploads\/2017\/03\/maremortum-1-1200x1170.png 1200w, https:\/\/www.esplac.cat\/wp-content\/uploads\/2017\/03\/maremortum-1.png 1463w\" sizes=\"(max-width: 300px) 100vw, 300px\" \/><a href=\"http:\/\/www.esplac.cat\/wp-content\/uploads\/2017\/03\/maremortum2.png\"><br \/>\n<\/a>3. T\u00e8cnica D.I.A.:<\/strong> serveix per adonar-nos dels estereotips i prejudicis que tenim associats; est\u00e0 plantejada per treballar q\u00fcestions de diversitat cultural, per\u00f2 es poden fer servir imatges de qualsevol altre tem\u00e0tica que ens interessi. Ens permet veure el racisme impl\u00edcit en la nostra manera de pensar.<\/p>\n<p><strong>4. \u00c9s hora de fugir:<\/strong> activitat per a joves a partir de 14 anys per treballar el tema de refugiades, promoure la sensibilitzaci\u00f3 i la formaci\u00f3 sobre el tema. \u00c9s un din\u00e0mica de rols.<\/p>\n<p><strong>5. Activitats de sensibilitzaci\u00f3 de SOS Racisme<\/strong>: s&#8217;ofereixen activitats i formacions per a monitores i tamb\u00e9 per a joves a partir de 12 anys. Hi ha activitats que s&#8217;inclouen dins el &#8220;Cat\u00e0leg de formaci\u00f3 antirumors&#8221;, gratu\u00eftes per a les entitats de Bcn (si ets un esplai de fora de Barcelona, contacta amb\u00a0barcelona@esplac.cat\u00a0per demanar-la gratu\u00eftament)<\/p>\n<p><strong><a href=\"http:\/\/www.esplac.cat\/wp-content\/uploads\/2017\/03\/sosracisme.png\"><img decoding=\"async\" class=\"size-medium wp-image-12409 aligncenter\" src=\"http:\/\/www.esplac.cat\/wp-content\/uploads\/2017\/03\/sosracisme-300x300.png\" alt=\"\" width=\"300\" height=\"300\" srcset=\"https:\/\/www.esplac.cat\/wp-content\/uploads\/2017\/03\/sosracisme-66x66.png 66w, https:\/\/www.esplac.cat\/wp-content\/uploads\/2017\/03\/sosracisme-150x150.png 150w, https:\/\/www.esplac.cat\/wp-content\/uploads\/2017\/03\/sosracisme-200x200.png 200w, https:\/\/www.esplac.cat\/wp-content\/uploads\/2017\/03\/sosracisme-300x300.png 300w, https:\/\/www.esplac.cat\/wp-content\/uploads\/2017\/03\/sosracisme-400x400.png 400w, https:\/\/www.esplac.cat\/wp-content\/uploads\/2017\/03\/sosracisme-600x600.png 600w, https:\/\/www.esplac.cat\/wp-content\/uploads\/2017\/03\/sosracisme.png 640w\" sizes=\"(max-width: 300px) 100vw, 300px\" \/><\/a>6. Acollida de menors en situaci\u00f3 irregular:<\/strong> informaci\u00f3 te\u00f2rica sobre l&#8217;acollida de menors en situaci\u00f3 irregular i refugiades, i qu\u00e8 podem fer des de l&#8217;esplai.<\/p>\n<p><strong>7. Amic meu:<\/strong> es tracta d&#8217;un recull de reflexions d\u2019infants del camp de Kherso, Gr\u00e8cia, sobre el seu viatge com a refugiats, i que publica l\u2019Associaci\u00f3 Open Cultural Center, en un petit llibre acompanyat dels dibuixos dels mateixos infants.<\/p>\n<p style=\"text-align: center;\"><a href=\"http:\/\/www.esplac.cat\/wp-content\/uploads\/2017\/03\/images.jpg\"><img decoding=\"async\" class=\"alignnone size-full wp-image-12473\" src=\"http:\/\/www.esplac.cat\/wp-content\/uploads\/2017\/03\/images.jpg\" alt=\"\" width=\"252\" height=\"200\" srcset=\"https:\/\/www.esplac.cat\/wp-content\/uploads\/2017\/03\/images-200x159.jpg 200w, https:\/\/www.esplac.cat\/wp-content\/uploads\/2017\/03\/images.jpg 252w\" sizes=\"(max-width: 252px) 100vw, 252px\" \/><\/a><\/p>\n<p>Podeu trobar tots aquests recursos i m\u00e9s al Banc de Recursos de l\u2019EsplacNet!<\/p>\n","protected":false},"excerpt":{"rendered":"<p>Al Banc de recursos d\u2019Esplac trobareu tot tipus de recursos [&hellip;]<\/p>\n","protected":false},"author":3,"featured_media":24879,"comment_status":"closed","ping_status":"open","sticky":false,"template":"","format":"standard","meta":{"om_disable_all_campaigns":false,"_monsterinsights_skip_tracking":false,"_monsterinsights_sitenote_active":false,"_monsterinsights_sitenote_note":"","_monsterinsights_sitenote_category":0,"_uf_show_specific_survey":0,"_uf_disable_surveys":false,"footnotes":""},"categories":[1114,1],"tags":[656,284,625],"class_list":["post-24877","post","type-post","status-publish","format-standard","has-post-thumbnail","hentry","category-recursos","category-sense-categoria","tag-migracions","tag-recursos","tag-refugiades"],"yoast_head":"<!-- This site is optimized with the Yoast SEO plugin v27.4 - https:\/\/yoast.com\/product\/yoast-seo-wordpress\/ -->\n<title>Voleu treballar el tema de les migracions i refugiades amb l\u2019esplai? - Esplac<\/title>\n<meta name=\"robots\" content=\"index, follow, max-snippet:-1, max-image-preview:large, max-video-preview:-1\" \/>\n<link rel=\"canonical\" href=\"https:\/\/www.esplac.cat\/voleu-treballar-el-tema-de-les-migracions-i-refugiades-a-lesplai\/\" \/>\n<meta property=\"og:locale\" content=\"en_US\" \/>\n<meta property=\"og:type\" content=\"article\" \/>\n<meta property=\"og:title\" content=\"Voleu treballar el tema de les migracions i refugiades amb l\u2019esplai? - Esplac\" \/>\n<meta property=\"og:description\" content=\"Al Banc de recursos d\u2019Esplac trobareu tot tipus de recursos [&hellip;]\" \/>\n<meta property=\"og:url\" content=\"https:\/\/www.esplac.cat\/voleu-treballar-el-tema-de-les-migracions-i-refugiades-a-lesplai\/\" \/>\n<meta property=\"og:site_name\" content=\"Esplac\" \/>\n<meta property=\"article:published_time\" content=\"2017-03-15T11:19:45+00:00\" \/>\n<meta property=\"og:image\" content=\"https:\/\/www.esplac.cat\/wp-content\/uploads\/2017\/03\/borders.jpg\" \/>\n\t<meta property=\"og:image:width\" content=\"847\" \/>\n\t<meta property=\"og:image:height\" content=\"350\" \/>\n\t<meta property=\"og:image:type\" content=\"image\/jpeg\" \/>\n<meta name=\"author\" content=\"Comunicaci\u00f3 Esplac\" \/>\n<meta name=\"twitter:card\" content=\"summary_large_image\" \/>\n<meta name=\"twitter:label1\" content=\"Written by\" \/>\n\t<meta name=\"twitter:data1\" content=\"Comunicaci\u00f3 Esplac\" \/>\n\t<meta name=\"twitter:label2\" content=\"Est. reading time\" \/>\n\t<meta name=\"twitter:data2\" content=\"2 minutes\" \/>\n<script type=\"application\/ld+json\" class=\"yoast-schema-graph\">{\"@context\":\"https:\\\/\\\/schema.org\",\"@graph\":[{\"@type\":\"Article\",\"@id\":\"https:\\\/\\\/www.esplac.cat\\\/voleu-treballar-el-tema-de-les-migracions-i-refugiades-a-lesplai\\\/#article\",\"isPartOf\":{\"@id\":\"https:\\\/\\\/www.esplac.cat\\\/voleu-treballar-el-tema-de-les-migracions-i-refugiades-a-lesplai\\\/\"},\"author\":{\"name\":\"Comunicaci\u00f3 Esplac\",\"@id\":\"https:\\\/\\\/www.esplac.cat\\\/#\\\/schema\\\/person\\\/908383cf240be18b68f8855d0583faca\"},\"headline\":\"Voleu treballar el tema de les migracions i refugiades amb l\u2019esplai?\",\"datePublished\":\"2017-03-15T11:19:45+00:00\",\"mainEntityOfPage\":{\"@id\":\"https:\\\/\\\/www.esplac.cat\\\/voleu-treballar-el-tema-de-les-migracions-i-refugiades-a-lesplai\\\/\"},\"wordCount\":504,\"publisher\":{\"@id\":\"https:\\\/\\\/www.esplac.cat\\\/#organization\"},\"image\":{\"@id\":\"https:\\\/\\\/www.esplac.cat\\\/voleu-treballar-el-tema-de-les-migracions-i-refugiades-a-lesplai\\\/#primaryimage\"},\"thumbnailUrl\":\"https:\\\/\\\/www.esplac.cat\\\/wp-content\\\/uploads\\\/2017\\\/03\\\/borders.jpg\",\"keywords\":[\"migracions\",\"recursos\",\"refugiades\"],\"articleSection\":[\"Recursos\",\"Sense categoria\"],\"inLanguage\":\"en-US\"},{\"@type\":\"WebPage\",\"@id\":\"https:\\\/\\\/www.esplac.cat\\\/voleu-treballar-el-tema-de-les-migracions-i-refugiades-a-lesplai\\\/\",\"url\":\"https:\\\/\\\/www.esplac.cat\\\/voleu-treballar-el-tema-de-les-migracions-i-refugiades-a-lesplai\\\/\",\"name\":\"Voleu treballar el tema de les migracions i refugiades amb l\u2019esplai? - Esplac\",\"isPartOf\":{\"@id\":\"https:\\\/\\\/www.esplac.cat\\\/#website\"},\"primaryImageOfPage\":{\"@id\":\"https:\\\/\\\/www.esplac.cat\\\/voleu-treballar-el-tema-de-les-migracions-i-refugiades-a-lesplai\\\/#primaryimage\"},\"image\":{\"@id\":\"https:\\\/\\\/www.esplac.cat\\\/voleu-treballar-el-tema-de-les-migracions-i-refugiades-a-lesplai\\\/#primaryimage\"},\"thumbnailUrl\":\"https:\\\/\\\/www.esplac.cat\\\/wp-content\\\/uploads\\\/2017\\\/03\\\/borders.jpg\",\"datePublished\":\"2017-03-15T11:19:45+00:00\",\"breadcrumb\":{\"@id\":\"https:\\\/\\\/www.esplac.cat\\\/voleu-treballar-el-tema-de-les-migracions-i-refugiades-a-lesplai\\\/#breadcrumb\"},\"inLanguage\":\"en-US\",\"potentialAction\":[{\"@type\":\"ReadAction\",\"target\":[\"https:\\\/\\\/www.esplac.cat\\\/voleu-treballar-el-tema-de-les-migracions-i-refugiades-a-lesplai\\\/\"]}]},{\"@type\":\"ImageObject\",\"inLanguage\":\"en-US\",\"@id\":\"https:\\\/\\\/www.esplac.cat\\\/voleu-treballar-el-tema-de-les-migracions-i-refugiades-a-lesplai\\\/#primaryimage\",\"url\":\"https:\\\/\\\/www.esplac.cat\\\/wp-content\\\/uploads\\\/2017\\\/03\\\/borders.jpg\",\"contentUrl\":\"https:\\\/\\\/www.esplac.cat\\\/wp-content\\\/uploads\\\/2017\\\/03\\\/borders.jpg\",\"width\":847,\"height\":350},{\"@type\":\"BreadcrumbList\",\"@id\":\"https:\\\/\\\/www.esplac.cat\\\/voleu-treballar-el-tema-de-les-migracions-i-refugiades-a-lesplai\\\/#breadcrumb\",\"itemListElement\":[{\"@type\":\"ListItem\",\"position\":1,\"name\":\"Inici\",\"item\":\"https:\\\/\\\/www.esplac.cat\\\/en\\\/\"},{\"@type\":\"ListItem\",\"position\":2,\"name\":\"Voleu treballar el tema de les migracions i refugiades amb l\u2019esplai?\"}]},{\"@type\":\"WebSite\",\"@id\":\"https:\\\/\\\/www.esplac.cat\\\/#website\",\"url\":\"https:\\\/\\\/www.esplac.cat\\\/\",\"name\":\"Esplac\",\"description\":\"Esplais Catalans\",\"publisher\":{\"@id\":\"https:\\\/\\\/www.esplac.cat\\\/#organization\"},\"potentialAction\":[{\"@type\":\"SearchAction\",\"target\":{\"@type\":\"EntryPoint\",\"urlTemplate\":\"https:\\\/\\\/www.esplac.cat\\\/?s={search_term_string}\"},\"query-input\":{\"@type\":\"PropertyValueSpecification\",\"valueRequired\":true,\"valueName\":\"search_term_string\"}}],\"inLanguage\":\"en-US\"},{\"@type\":\"Organization\",\"@id\":\"https:\\\/\\\/www.esplac.cat\\\/#organization\",\"name\":\"Esplac\",\"url\":\"https:\\\/\\\/www.esplac.cat\\\/\",\"logo\":{\"@type\":\"ImageObject\",\"inLanguage\":\"en-US\",\"@id\":\"https:\\\/\\\/www.esplac.cat\\\/#\\\/schema\\\/logo\\\/image\\\/\",\"url\":\"https:\\\/\\\/www.esplac.cat\\\/wp-content\\\/uploads\\\/2019\\\/08\\\/logox2.png\",\"contentUrl\":\"https:\\\/\\\/www.esplac.cat\\\/wp-content\\\/uploads\\\/2019\\\/08\\\/logox2.png\",\"width\":600,\"height\":295,\"caption\":\"Esplac\"},\"image\":{\"@id\":\"https:\\\/\\\/www.esplac.cat\\\/#\\\/schema\\\/logo\\\/image\\\/\"}},{\"@type\":\"Person\",\"@id\":\"https:\\\/\\\/www.esplac.cat\\\/#\\\/schema\\\/person\\\/908383cf240be18b68f8855d0583faca\",\"name\":\"Comunicaci\u00f3 Esplac\",\"image\":{\"@type\":\"ImageObject\",\"inLanguage\":\"en-US\",\"@id\":\"https:\\\/\\\/secure.gravatar.com\\\/avatar\\\/7a4cf8feb412a76ea4a740ca02d95b06b2907b5a6c648c2dd0a1082a093c3141?s=96&d=mm&r=g\",\"url\":\"https:\\\/\\\/secure.gravatar.com\\\/avatar\\\/7a4cf8feb412a76ea4a740ca02d95b06b2907b5a6c648c2dd0a1082a093c3141?s=96&d=mm&r=g\",\"contentUrl\":\"https:\\\/\\\/secure.gravatar.com\\\/avatar\\\/7a4cf8feb412a76ea4a740ca02d95b06b2907b5a6c648c2dd0a1082a093c3141?s=96&d=mm&r=g\",\"caption\":\"Comunicaci\u00f3 Esplac\"}}]}<\/script>\n<!-- \/ Yoast SEO plugin. -->","yoast_head_json":{"title":"Voleu treballar el tema de les migracions i refugiades amb l\u2019esplai? - Esplac","robots":{"index":"index","follow":"follow","max-snippet":"max-snippet:-1","max-image-preview":"max-image-preview:large","max-video-preview":"max-video-preview:-1"},"canonical":"https:\/\/www.esplac.cat\/voleu-treballar-el-tema-de-les-migracions-i-refugiades-a-lesplai\/","og_locale":"en_US","og_type":"article","og_title":"Voleu treballar el tema de les migracions i refugiades amb l\u2019esplai? - Esplac","og_description":"Al Banc de recursos d\u2019Esplac trobareu tot tipus de recursos [&hellip;]","og_url":"https:\/\/www.esplac.cat\/voleu-treballar-el-tema-de-les-migracions-i-refugiades-a-lesplai\/","og_site_name":"Esplac","article_published_time":"2017-03-15T11:19:45+00:00","og_image":[{"width":847,"height":350,"url":"https:\/\/www.esplac.cat\/wp-content\/uploads\/2017\/03\/borders.jpg","type":"image\/jpeg"}],"author":"Comunicaci\u00f3 Esplac","twitter_card":"summary_large_image","twitter_misc":{"Written by":"Comunicaci\u00f3 Esplac","Est. reading time":"2 minutes"},"schema":{"@context":"https:\/\/schema.org","@graph":[{"@type":"Article","@id":"https:\/\/www.esplac.cat\/voleu-treballar-el-tema-de-les-migracions-i-refugiades-a-lesplai\/#article","isPartOf":{"@id":"https:\/\/www.esplac.cat\/voleu-treballar-el-tema-de-les-migracions-i-refugiades-a-lesplai\/"},"author":{"name":"Comunicaci\u00f3 Esplac","@id":"https:\/\/www.esplac.cat\/#\/schema\/person\/908383cf240be18b68f8855d0583faca"},"headline":"Voleu treballar el tema de les migracions i refugiades amb l\u2019esplai?","datePublished":"2017-03-15T11:19:45+00:00","mainEntityOfPage":{"@id":"https:\/\/www.esplac.cat\/voleu-treballar-el-tema-de-les-migracions-i-refugiades-a-lesplai\/"},"wordCount":504,"publisher":{"@id":"https:\/\/www.esplac.cat\/#organization"},"image":{"@id":"https:\/\/www.esplac.cat\/voleu-treballar-el-tema-de-les-migracions-i-refugiades-a-lesplai\/#primaryimage"},"thumbnailUrl":"https:\/\/www.esplac.cat\/wp-content\/uploads\/2017\/03\/borders.jpg","keywords":["migracions","recursos","refugiades"],"articleSection":["Recursos","Sense categoria"],"inLanguage":"en-US"},{"@type":"WebPage","@id":"https:\/\/www.esplac.cat\/voleu-treballar-el-tema-de-les-migracions-i-refugiades-a-lesplai\/","url":"https:\/\/www.esplac.cat\/voleu-treballar-el-tema-de-les-migracions-i-refugiades-a-lesplai\/","name":"Voleu treballar el tema de les migracions i refugiades amb l\u2019esplai? - Esplac","isPartOf":{"@id":"https:\/\/www.esplac.cat\/#website"},"primaryImageOfPage":{"@id":"https:\/\/www.esplac.cat\/voleu-treballar-el-tema-de-les-migracions-i-refugiades-a-lesplai\/#primaryimage"},"image":{"@id":"https:\/\/www.esplac.cat\/voleu-treballar-el-tema-de-les-migracions-i-refugiades-a-lesplai\/#primaryimage"},"thumbnailUrl":"https:\/\/www.esplac.cat\/wp-content\/uploads\/2017\/03\/borders.jpg","datePublished":"2017-03-15T11:19:45+00:00","breadcrumb":{"@id":"https:\/\/www.esplac.cat\/voleu-treballar-el-tema-de-les-migracions-i-refugiades-a-lesplai\/#breadcrumb"},"inLanguage":"en-US","potentialAction":[{"@type":"ReadAction","target":["https:\/\/www.esplac.cat\/voleu-treballar-el-tema-de-les-migracions-i-refugiades-a-lesplai\/"]}]},{"@type":"ImageObject","inLanguage":"en-US","@id":"https:\/\/www.esplac.cat\/voleu-treballar-el-tema-de-les-migracions-i-refugiades-a-lesplai\/#primaryimage","url":"https:\/\/www.esplac.cat\/wp-content\/uploads\/2017\/03\/borders.jpg","contentUrl":"https:\/\/www.esplac.cat\/wp-content\/uploads\/2017\/03\/borders.jpg","width":847,"height":350},{"@type":"BreadcrumbList","@id":"https:\/\/www.esplac.cat\/voleu-treballar-el-tema-de-les-migracions-i-refugiades-a-lesplai\/#breadcrumb","itemListElement":[{"@type":"ListItem","position":1,"name":"Inici","item":"https:\/\/www.esplac.cat\/en\/"},{"@type":"ListItem","position":2,"name":"Voleu treballar el tema de les migracions i refugiades amb l\u2019esplai?"}]},{"@type":"WebSite","@id":"https:\/\/www.esplac.cat\/#website","url":"https:\/\/www.esplac.cat\/","name":"Esplac","description":"Esplais Catalans","publisher":{"@id":"https:\/\/www.esplac.cat\/#organization"},"potentialAction":[{"@type":"SearchAction","target":{"@type":"EntryPoint","urlTemplate":"https:\/\/www.esplac.cat\/?s={search_term_string}"},"query-input":{"@type":"PropertyValueSpecification","valueRequired":true,"valueName":"search_term_string"}}],"inLanguage":"en-US"},{"@type":"Organization","@id":"https:\/\/www.esplac.cat\/#organization","name":"Esplac","url":"https:\/\/www.esplac.cat\/","logo":{"@type":"ImageObject","inLanguage":"en-US","@id":"https:\/\/www.esplac.cat\/#\/schema\/logo\/image\/","url":"https:\/\/www.esplac.cat\/wp-content\/uploads\/2019\/08\/logox2.png","contentUrl":"https:\/\/www.esplac.cat\/wp-content\/uploads\/2019\/08\/logox2.png","width":600,"height":295,"caption":"Esplac"},"image":{"@id":"https:\/\/www.esplac.cat\/#\/schema\/logo\/image\/"}},{"@type":"Person","@id":"https:\/\/www.esplac.cat\/#\/schema\/person\/908383cf240be18b68f8855d0583faca","name":"Comunicaci\u00f3 Esplac","image":{"@type":"ImageObject","inLanguage":"en-US","@id":"https:\/\/secure.gravatar.com\/avatar\/7a4cf8feb412a76ea4a740ca02d95b06b2907b5a6c648c2dd0a1082a093c3141?s=96&d=mm&r=g","url":"https:\/\/secure.gravatar.com\/avatar\/7a4cf8feb412a76ea4a740ca02d95b06b2907b5a6c648c2dd0a1082a093c3141?s=96&d=mm&r=g","contentUrl":"https:\/\/secure.gravatar.com\/avatar\/7a4cf8feb412a76ea4a740ca02d95b06b2907b5a6c648c2dd0a1082a093c3141?s=96&d=mm&r=g","caption":"Comunicaci\u00f3 Esplac"}}]}},"_links":{"self":[{"href":"https:\/\/www.esplac.cat\/en\/wp-json\/wp\/v2\/posts\/24877","targetHints":{"allow":["GET"]}}],"collection":[{"href":"https:\/\/www.esplac.cat\/en\/wp-json\/wp\/v2\/posts"}],"about":[{"href":"https:\/\/www.esplac.cat\/en\/wp-json\/wp\/v2\/types\/post"}],"author":[{"embeddable":true,"href":"https:\/\/www.esplac.cat\/en\/wp-json\/wp\/v2\/users\/3"}],"replies":[{"embeddable":true,"href":"https:\/\/www.esplac.cat\/en\/wp-json\/wp\/v2\/comments?post=24877"}],"version-history":[{"count":0,"href":"https:\/\/www.esplac.cat\/en\/wp-json\/wp\/v2\/posts\/24877\/revisions"}],"wp:featuredmedia":[{"embeddable":true,"href":"https:\/\/www.esplac.cat\/en\/wp-json\/wp\/v2\/media\/24879"}],"wp:attachment":[{"href":"https:\/\/www.esplac.cat\/en\/wp-json\/wp\/v2\/media?parent=24877"}],"wp:term":[{"taxonomy":"category","embeddable":true,"href":"https:\/\/www.esplac.cat\/en\/wp-json\/wp\/v2\/categories?post=24877"},{"taxonomy":"post_tag","embeddable":true,"href":"https:\/\/www.esplac.cat\/en\/wp-json\/wp\/v2\/tags?post=24877"}],"curies":[{"name":"wp","href":"https:\/\/api.w.org\/{rel}","templated":true}]}}