{"id":24886,"date":"2017-03-14T15:17:55","date_gmt":"2017-03-14T13:17:55","guid":{"rendered":"http:\/\/www.esplac.cat\/?p=12390"},"modified":"2019-11-14T13:36:36","modified_gmt":"2019-11-14T11:36:36","slug":"els-esplais-encaren-el-repte-de-la-diversitat-a-lescola-desplac","status":"publish","type":"post","link":"https:\/\/www.esplac.cat\/en\/els-esplais-encaren-el-repte-de-la-diversitat-a-lescola-desplac\/","title":{"rendered":"Els esplais encaren el repte de la diversitat a l&#8217;Escola d&#8217;Esplac"},"content":{"rendered":"<h4 class=\"p1\"><span class=\"s1\">El cap de setmana de l\u201911 i 12 de mar\u00e7 s\u2019ha celebrat a l\u2019IES Jaume Call\u00eds de Vic la cinquena edici\u00f3 de l\u2019Escola d\u2019Esplac. Aquest any, l\u2019Escola ha tingut com a tem\u00e0tica central la diversitat.<\/span><\/h4>\n<p class=\"p1\"><span class=\"s1\">M\u00e9s de 100 monitors i monitores d\u2019esplais i altres persones del m\u00f3n educatiu i associatiu han participat el cap de setmana de l\u201911 i 12 de mar\u00e7 a\u00a0l\u2019Escola d\u2019Esplac, l&#8217;espai formatiu anual d&#8217;Esplac, en qu\u00e8 s\u2019han realitzat diferents pon\u00e8ncies, taules rodones, tallers i debats al voltant de la diversitat i la inclusi\u00f3. El tema va ser escollit per les pr\u00f2pies\u00a0monitores participants<\/span><\/p>\n<p class=\"p1\"><span class=\"s1\">Per abordar un tema tan ampli com aquest, les jornades es s&#8217;han\u00a0vertebrat al voltant de tres eixos: la diversitat funcional, sexoafectiva i de g\u00e8nere i sociocultural. Els diferents tallers i taules rodones anaven encaminats a compartir diferents experi\u00e8ncies i debatre per poder facilitar que els esplais esdevinguin espais d\u2019inclusi\u00f3.<\/span><\/p>\n<p class=\"p1\"><span class=\"s1\">Les pon\u00e8ncies i experi\u00e8ncies han estat l\u2019oportunitat per a les participants de con\u00e8ixer diferents projectes que treballen sobre diversitat des de diversos terrenys. Aix\u00ed, han participat a les jornades l\u2019associaci\u00f3 LGTB d\u2019Osona TalComSom, el projecte feminista Ulleres per Esquerrans, la professora Meri Torras, el Projecte Santi, per la visibilitat de persones amb diversitat funcional, l\u2019Institut Diversitas o el col\u00b7lectiu El Parlante, entre d\u2019altres.<\/span><\/p>\n<p class=\"p1\"><span class=\"s1\"><a href=\"http:\/\/www.esplac.cat\/wp-content\/uploads\/2017\/03\/2.jpg\"><img decoding=\"async\" class=\"aligncenter size-medium wp-image-12392\" src=\"http:\/\/www.esplac.cat\/wp-content\/uploads\/2017\/03\/2-300x200.jpg\" alt=\"\" width=\"300\" height=\"200\" srcset=\"https:\/\/www.esplac.cat\/wp-content\/uploads\/2017\/03\/2-200x133.jpg 200w, https:\/\/www.esplac.cat\/wp-content\/uploads\/2017\/03\/2-300x200.jpg 300w, https:\/\/www.esplac.cat\/wp-content\/uploads\/2017\/03\/2-400x266.jpg 400w, https:\/\/www.esplac.cat\/wp-content\/uploads\/2017\/03\/2-600x400.jpg 600w, https:\/\/www.esplac.cat\/wp-content\/uploads\/2017\/03\/2-768x511.jpg 768w, https:\/\/www.esplac.cat\/wp-content\/uploads\/2017\/03\/2-800x533.jpg 800w, https:\/\/www.esplac.cat\/wp-content\/uploads\/2017\/03\/2.jpg 1000w\" sizes=\"(max-width: 300px) 100vw, 300px\" \/><\/a>Els dos moments m\u00e9s importants del cap de setmana han estat les pon\u00e8ncies d\u2019obertura i tancament de l\u2019Escola. La primera ha estat a c\u00e0rrec de l\u2019antrop\u00f2leg i pedagog<strong> Edgar Iglesias<\/strong>, especialista en educaci\u00f3 intercultural. Iglesias ha donat eines als esplais per a qu\u00e8 esdevinguin espais m\u00e9s inclusius i ha destacat el seu potencial educatiu. \u201cEls esplais tenen molta llibertat a l\u2019hora d\u2019experimentar i utilitzar eines diverses per fer front a la diversitat sociocultural, i aix\u00f2 els d\u00f3na un poder enorme\u201d, afirma l\u2019antrop\u00f2leg.<\/span><\/p>\n<p class=\"p1\"><span class=\"s1\">El tancament de l\u2019Escola d\u2019Esplac ha estat a c\u00e0rrec de <strong>Fatiha El Mouali<\/strong>, economista, t\u00e8cnica d\u2019acollida i activista d\u2019Unitat contra el Feixisme i el Racisme. El Mouali, <a href=\"http:\/\/www.somesplai.cat\/index.php\/fatiha-el-mouali-cal-cuidar-i-treballar-la-mirada-per-educar-sense-prejudicis\/\" target=\"_blank\" rel=\"noopener noreferrer\"><strong>a la qual vam entrevistar dies abans a la revista Som Esplai<\/strong><\/a>, ha destacat l\u2019estigma i la islamof\u00f2bia normalitzada que reben les persones musulmanes i ha remarcat que, entre la poblaci\u00f3 jove, aquest estigma \u00e9s perill\u00f3s. \u201cRebre aquest tracte genera r\u00e0bia i odi entre adolescents i joves, i \u00e9s un dels motius del frac\u00e0s escolar. Cal incidir molt en l\u2019educaci\u00f3 per trencar prejudicis\u201d, destaca El Mouali.<\/span><\/p>\n<p class=\"p1\"><span class=\"s1\"><a href=\"http:\/\/www.esplac.cat\/wp-content\/uploads\/2017\/03\/7.jpg\"><img decoding=\"async\" class=\"aligncenter wp-image-12393 size-medium\" src=\"http:\/\/www.esplac.cat\/wp-content\/uploads\/2017\/03\/7-300x200.jpg\" alt=\"\" width=\"300\" height=\"200\" srcset=\"https:\/\/www.esplac.cat\/wp-content\/uploads\/2017\/03\/7-200x133.jpg 200w, https:\/\/www.esplac.cat\/wp-content\/uploads\/2017\/03\/7-300x200.jpg 300w, https:\/\/www.esplac.cat\/wp-content\/uploads\/2017\/03\/7-400x266.jpg 400w, https:\/\/www.esplac.cat\/wp-content\/uploads\/2017\/03\/7-600x400.jpg 600w, https:\/\/www.esplac.cat\/wp-content\/uploads\/2017\/03\/7-768x511.jpg 768w, https:\/\/www.esplac.cat\/wp-content\/uploads\/2017\/03\/7-800x533.jpg 800w, https:\/\/www.esplac.cat\/wp-content\/uploads\/2017\/03\/7.jpg 1000w\" sizes=\"(max-width: 300px) 100vw, 300px\" \/><\/a>L\u2019Escola d\u2019Esplac, que enguany arriba a la cinquena edici\u00f3, s\u2019ha consolidat aquest any. \u201cA m\u00e9s de ser un \u00e8xit de participaci\u00f3, les jornades han servit per generar eines i recursos per treballar la inclusi\u00f3 i la diversitat\u201d, afirma Dani Costa, membre de l\u2019Equip de Coordinaci\u00f3 de l\u2019entitat. \u201cEl repte que tenim passa per teixir xarxes amb altres entitats i potenciar el treball comunitari per fer dels esplais espais d\u2019inclusi\u00f3\u201d, afegeix.<\/span><\/p>\n<p class=\"p1\"><strong>Aviat publicarem les fotos del cap de setmana per xarxes socials! Tamb\u00e9 les idees claus i conclusions d&#8217;aquesta Escola d&#8217;Esplac, per a qu\u00e8 els esplais siguem cada vegada espais m\u00e9s diversos i inclusius!<\/strong><\/p>\n<p>&nbsp;<\/p>\n","protected":false},"excerpt":{"rendered":"<p>El cap de setmana de l\u201911 i 12 de mar\u00e7 [&hellip;]<\/p>\n","protected":false},"author":3,"featured_media":24889,"comment_status":"closed","ping_status":"open","sticky":false,"template":"","format":"standard","meta":{"om_disable_all_campaigns":false,"_monsterinsights_skip_tracking":false,"_monsterinsights_sitenote_active":false,"_monsterinsights_sitenote_note":"","_monsterinsights_sitenote_category":0,"_uf_show_specific_survey":0,"_uf_disable_surveys":false,"footnotes":""},"categories":[1111,1131,1129,1166,1],"tags":[138,184,833,54,471,834],"class_list":["post-24886","post","type-post","status-publish","format-standard","has-post-thumbnail","hentry","category-activitats-esplac","category-cursos-formacions","category-escola-desplac","category-inclusio-i-diversitat","category-sense-categoria","tag-diversitat","tag-escola-desplac","tag-escola-desplac-17","tag-formacio","tag-inclusio","tag-vic"],"yoast_head":"<!-- This site is optimized with the Yoast SEO plugin v27.4 - https:\/\/yoast.com\/product\/yoast-seo-wordpress\/ -->\n<title>Els esplais encaren el repte de la diversitat a l&#039;Escola d&#039;Esplac - Esplac<\/title>\n<meta name=\"robots\" content=\"index, follow, max-snippet:-1, max-image-preview:large, max-video-preview:-1\" \/>\n<link rel=\"canonical\" href=\"https:\/\/www.esplac.cat\/els-esplais-encaren-el-repte-de-la-diversitat-a-lescola-desplac\/\" \/>\n<meta property=\"og:locale\" content=\"en_US\" \/>\n<meta property=\"og:type\" content=\"article\" \/>\n<meta property=\"og:title\" content=\"Els esplais encaren el repte de la diversitat a l&#039;Escola d&#039;Esplac - Esplac\" \/>\n<meta property=\"og:description\" content=\"El cap de setmana de l\u201911 i 12 de mar\u00e7 [&hellip;]\" \/>\n<meta property=\"og:url\" content=\"https:\/\/www.esplac.cat\/els-esplais-encaren-el-repte-de-la-diversitat-a-lescola-desplac\/\" \/>\n<meta property=\"og:site_name\" content=\"Esplac\" \/>\n<meta property=\"article:published_time\" content=\"2017-03-14T13:17:55+00:00\" \/>\n<meta property=\"article:modified_time\" content=\"2019-11-14T11:36:36+00:00\" \/>\n<meta property=\"og:image\" content=\"https:\/\/www.esplac.cat\/wp-content\/uploads\/2017\/03\/20170314_Escola-Esplac-cronica.jpg\" \/>\n\t<meta property=\"og:image:width\" content=\"847\" \/>\n\t<meta property=\"og:image:height\" content=\"350\" \/>\n\t<meta property=\"og:image:type\" content=\"image\/jpeg\" \/>\n<meta name=\"author\" content=\"Comunicaci\u00f3 Esplac\" \/>\n<meta name=\"twitter:card\" content=\"summary_large_image\" \/>\n<meta name=\"twitter:label1\" content=\"Written by\" \/>\n\t<meta name=\"twitter:data1\" content=\"Comunicaci\u00f3 Esplac\" \/>\n\t<meta name=\"twitter:label2\" content=\"Est. reading time\" \/>\n\t<meta name=\"twitter:data2\" content=\"3 minutes\" \/>\n<script type=\"application\/ld+json\" class=\"yoast-schema-graph\">{\"@context\":\"https:\\\/\\\/schema.org\",\"@graph\":[{\"@type\":\"Article\",\"@id\":\"https:\\\/\\\/www.esplac.cat\\\/els-esplais-encaren-el-repte-de-la-diversitat-a-lescola-desplac\\\/#article\",\"isPartOf\":{\"@id\":\"https:\\\/\\\/www.esplac.cat\\\/els-esplais-encaren-el-repte-de-la-diversitat-a-lescola-desplac\\\/\"},\"author\":{\"name\":\"Comunicaci\u00f3 Esplac\",\"@id\":\"https:\\\/\\\/www.esplac.cat\\\/#\\\/schema\\\/person\\\/908383cf240be18b68f8855d0583faca\"},\"headline\":\"Els esplais encaren el repte de la diversitat a l&#8217;Escola d&#8217;Esplac\",\"datePublished\":\"2017-03-14T13:17:55+00:00\",\"dateModified\":\"2019-11-14T11:36:36+00:00\",\"mainEntityOfPage\":{\"@id\":\"https:\\\/\\\/www.esplac.cat\\\/els-esplais-encaren-el-repte-de-la-diversitat-a-lescola-desplac\\\/\"},\"wordCount\":565,\"publisher\":{\"@id\":\"https:\\\/\\\/www.esplac.cat\\\/#organization\"},\"image\":{\"@id\":\"https:\\\/\\\/www.esplac.cat\\\/els-esplais-encaren-el-repte-de-la-diversitat-a-lescola-desplac\\\/#primaryimage\"},\"thumbnailUrl\":\"https:\\\/\\\/www.esplac.cat\\\/wp-content\\\/uploads\\\/2017\\\/03\\\/20170314_Escola-Esplac-cronica.jpg\",\"keywords\":[\"diversitat\",\"escola d'Esplac\",\"Escola d'Esplac 17\",\"formaci\u00f3\",\"inclusi\u00f3\",\"Vic\"],\"articleSection\":[\"Activitats esplac\",\"Cursos i formacions\",\"Escola d'Esplac\",\"Inclusi\u00f3 i diversitat\",\"Sense categoria\"],\"inLanguage\":\"en-US\"},{\"@type\":\"WebPage\",\"@id\":\"https:\\\/\\\/www.esplac.cat\\\/els-esplais-encaren-el-repte-de-la-diversitat-a-lescola-desplac\\\/\",\"url\":\"https:\\\/\\\/www.esplac.cat\\\/els-esplais-encaren-el-repte-de-la-diversitat-a-lescola-desplac\\\/\",\"name\":\"Els esplais encaren el repte de la diversitat a l'Escola d'Esplac - Esplac\",\"isPartOf\":{\"@id\":\"https:\\\/\\\/www.esplac.cat\\\/#website\"},\"primaryImageOfPage\":{\"@id\":\"https:\\\/\\\/www.esplac.cat\\\/els-esplais-encaren-el-repte-de-la-diversitat-a-lescola-desplac\\\/#primaryimage\"},\"image\":{\"@id\":\"https:\\\/\\\/www.esplac.cat\\\/els-esplais-encaren-el-repte-de-la-diversitat-a-lescola-desplac\\\/#primaryimage\"},\"thumbnailUrl\":\"https:\\\/\\\/www.esplac.cat\\\/wp-content\\\/uploads\\\/2017\\\/03\\\/20170314_Escola-Esplac-cronica.jpg\",\"datePublished\":\"2017-03-14T13:17:55+00:00\",\"dateModified\":\"2019-11-14T11:36:36+00:00\",\"breadcrumb\":{\"@id\":\"https:\\\/\\\/www.esplac.cat\\\/els-esplais-encaren-el-repte-de-la-diversitat-a-lescola-desplac\\\/#breadcrumb\"},\"inLanguage\":\"en-US\",\"potentialAction\":[{\"@type\":\"ReadAction\",\"target\":[\"https:\\\/\\\/www.esplac.cat\\\/els-esplais-encaren-el-repte-de-la-diversitat-a-lescola-desplac\\\/\"]}]},{\"@type\":\"ImageObject\",\"inLanguage\":\"en-US\",\"@id\":\"https:\\\/\\\/www.esplac.cat\\\/els-esplais-encaren-el-repte-de-la-diversitat-a-lescola-desplac\\\/#primaryimage\",\"url\":\"https:\\\/\\\/www.esplac.cat\\\/wp-content\\\/uploads\\\/2017\\\/03\\\/20170314_Escola-Esplac-cronica.jpg\",\"contentUrl\":\"https:\\\/\\\/www.esplac.cat\\\/wp-content\\\/uploads\\\/2017\\\/03\\\/20170314_Escola-Esplac-cronica.jpg\",\"width\":847,\"height\":350},{\"@type\":\"BreadcrumbList\",\"@id\":\"https:\\\/\\\/www.esplac.cat\\\/els-esplais-encaren-el-repte-de-la-diversitat-a-lescola-desplac\\\/#breadcrumb\",\"itemListElement\":[{\"@type\":\"ListItem\",\"position\":1,\"name\":\"Inici\",\"item\":\"https:\\\/\\\/www.esplac.cat\\\/en\\\/\"},{\"@type\":\"ListItem\",\"position\":2,\"name\":\"Els esplais encaren el repte de la diversitat a l&#8217;Escola d&#8217;Esplac\"}]},{\"@type\":\"WebSite\",\"@id\":\"https:\\\/\\\/www.esplac.cat\\\/#website\",\"url\":\"https:\\\/\\\/www.esplac.cat\\\/\",\"name\":\"Esplac\",\"description\":\"Esplais Catalans\",\"publisher\":{\"@id\":\"https:\\\/\\\/www.esplac.cat\\\/#organization\"},\"potentialAction\":[{\"@type\":\"SearchAction\",\"target\":{\"@type\":\"EntryPoint\",\"urlTemplate\":\"https:\\\/\\\/www.esplac.cat\\\/?s={search_term_string}\"},\"query-input\":{\"@type\":\"PropertyValueSpecification\",\"valueRequired\":true,\"valueName\":\"search_term_string\"}}],\"inLanguage\":\"en-US\"},{\"@type\":\"Organization\",\"@id\":\"https:\\\/\\\/www.esplac.cat\\\/#organization\",\"name\":\"Esplac\",\"url\":\"https:\\\/\\\/www.esplac.cat\\\/\",\"logo\":{\"@type\":\"ImageObject\",\"inLanguage\":\"en-US\",\"@id\":\"https:\\\/\\\/www.esplac.cat\\\/#\\\/schema\\\/logo\\\/image\\\/\",\"url\":\"https:\\\/\\\/www.esplac.cat\\\/wp-content\\\/uploads\\\/2019\\\/08\\\/logox2.png\",\"contentUrl\":\"https:\\\/\\\/www.esplac.cat\\\/wp-content\\\/uploads\\\/2019\\\/08\\\/logox2.png\",\"width\":600,\"height\":295,\"caption\":\"Esplac\"},\"image\":{\"@id\":\"https:\\\/\\\/www.esplac.cat\\\/#\\\/schema\\\/logo\\\/image\\\/\"}},{\"@type\":\"Person\",\"@id\":\"https:\\\/\\\/www.esplac.cat\\\/#\\\/schema\\\/person\\\/908383cf240be18b68f8855d0583faca\",\"name\":\"Comunicaci\u00f3 Esplac\",\"image\":{\"@type\":\"ImageObject\",\"inLanguage\":\"en-US\",\"@id\":\"https:\\\/\\\/secure.gravatar.com\\\/avatar\\\/7a4cf8feb412a76ea4a740ca02d95b06b2907b5a6c648c2dd0a1082a093c3141?s=96&d=mm&r=g\",\"url\":\"https:\\\/\\\/secure.gravatar.com\\\/avatar\\\/7a4cf8feb412a76ea4a740ca02d95b06b2907b5a6c648c2dd0a1082a093c3141?s=96&d=mm&r=g\",\"contentUrl\":\"https:\\\/\\\/secure.gravatar.com\\\/avatar\\\/7a4cf8feb412a76ea4a740ca02d95b06b2907b5a6c648c2dd0a1082a093c3141?s=96&d=mm&r=g\",\"caption\":\"Comunicaci\u00f3 Esplac\"}}]}<\/script>\n<!-- \/ Yoast SEO plugin. -->","yoast_head_json":{"title":"Els esplais encaren el repte de la diversitat a l'Escola d'Esplac - Esplac","robots":{"index":"index","follow":"follow","max-snippet":"max-snippet:-1","max-image-preview":"max-image-preview:large","max-video-preview":"max-video-preview:-1"},"canonical":"https:\/\/www.esplac.cat\/els-esplais-encaren-el-repte-de-la-diversitat-a-lescola-desplac\/","og_locale":"en_US","og_type":"article","og_title":"Els esplais encaren el repte de la diversitat a l'Escola d'Esplac - Esplac","og_description":"El cap de setmana de l\u201911 i 12 de mar\u00e7 [&hellip;]","og_url":"https:\/\/www.esplac.cat\/els-esplais-encaren-el-repte-de-la-diversitat-a-lescola-desplac\/","og_site_name":"Esplac","article_published_time":"2017-03-14T13:17:55+00:00","article_modified_time":"2019-11-14T11:36:36+00:00","og_image":[{"width":847,"height":350,"url":"https:\/\/www.esplac.cat\/wp-content\/uploads\/2017\/03\/20170314_Escola-Esplac-cronica.jpg","type":"image\/jpeg"}],"author":"Comunicaci\u00f3 Esplac","twitter_card":"summary_large_image","twitter_misc":{"Written by":"Comunicaci\u00f3 Esplac","Est. reading time":"3 minutes"},"schema":{"@context":"https:\/\/schema.org","@graph":[{"@type":"Article","@id":"https:\/\/www.esplac.cat\/els-esplais-encaren-el-repte-de-la-diversitat-a-lescola-desplac\/#article","isPartOf":{"@id":"https:\/\/www.esplac.cat\/els-esplais-encaren-el-repte-de-la-diversitat-a-lescola-desplac\/"},"author":{"name":"Comunicaci\u00f3 Esplac","@id":"https:\/\/www.esplac.cat\/#\/schema\/person\/908383cf240be18b68f8855d0583faca"},"headline":"Els esplais encaren el repte de la diversitat a l&#8217;Escola d&#8217;Esplac","datePublished":"2017-03-14T13:17:55+00:00","dateModified":"2019-11-14T11:36:36+00:00","mainEntityOfPage":{"@id":"https:\/\/www.esplac.cat\/els-esplais-encaren-el-repte-de-la-diversitat-a-lescola-desplac\/"},"wordCount":565,"publisher":{"@id":"https:\/\/www.esplac.cat\/#organization"},"image":{"@id":"https:\/\/www.esplac.cat\/els-esplais-encaren-el-repte-de-la-diversitat-a-lescola-desplac\/#primaryimage"},"thumbnailUrl":"https:\/\/www.esplac.cat\/wp-content\/uploads\/2017\/03\/20170314_Escola-Esplac-cronica.jpg","keywords":["diversitat","escola d'Esplac","Escola d'Esplac 17","formaci\u00f3","inclusi\u00f3","Vic"],"articleSection":["Activitats esplac","Cursos i formacions","Escola d'Esplac","Inclusi\u00f3 i diversitat","Sense categoria"],"inLanguage":"en-US"},{"@type":"WebPage","@id":"https:\/\/www.esplac.cat\/els-esplais-encaren-el-repte-de-la-diversitat-a-lescola-desplac\/","url":"https:\/\/www.esplac.cat\/els-esplais-encaren-el-repte-de-la-diversitat-a-lescola-desplac\/","name":"Els esplais encaren el repte de la diversitat a l'Escola d'Esplac - Esplac","isPartOf":{"@id":"https:\/\/www.esplac.cat\/#website"},"primaryImageOfPage":{"@id":"https:\/\/www.esplac.cat\/els-esplais-encaren-el-repte-de-la-diversitat-a-lescola-desplac\/#primaryimage"},"image":{"@id":"https:\/\/www.esplac.cat\/els-esplais-encaren-el-repte-de-la-diversitat-a-lescola-desplac\/#primaryimage"},"thumbnailUrl":"https:\/\/www.esplac.cat\/wp-content\/uploads\/2017\/03\/20170314_Escola-Esplac-cronica.jpg","datePublished":"2017-03-14T13:17:55+00:00","dateModified":"2019-11-14T11:36:36+00:00","breadcrumb":{"@id":"https:\/\/www.esplac.cat\/els-esplais-encaren-el-repte-de-la-diversitat-a-lescola-desplac\/#breadcrumb"},"inLanguage":"en-US","potentialAction":[{"@type":"ReadAction","target":["https:\/\/www.esplac.cat\/els-esplais-encaren-el-repte-de-la-diversitat-a-lescola-desplac\/"]}]},{"@type":"ImageObject","inLanguage":"en-US","@id":"https:\/\/www.esplac.cat\/els-esplais-encaren-el-repte-de-la-diversitat-a-lescola-desplac\/#primaryimage","url":"https:\/\/www.esplac.cat\/wp-content\/uploads\/2017\/03\/20170314_Escola-Esplac-cronica.jpg","contentUrl":"https:\/\/www.esplac.cat\/wp-content\/uploads\/2017\/03\/20170314_Escola-Esplac-cronica.jpg","width":847,"height":350},{"@type":"BreadcrumbList","@id":"https:\/\/www.esplac.cat\/els-esplais-encaren-el-repte-de-la-diversitat-a-lescola-desplac\/#breadcrumb","itemListElement":[{"@type":"ListItem","position":1,"name":"Inici","item":"https:\/\/www.esplac.cat\/en\/"},{"@type":"ListItem","position":2,"name":"Els esplais encaren el repte de la diversitat a l&#8217;Escola d&#8217;Esplac"}]},{"@type":"WebSite","@id":"https:\/\/www.esplac.cat\/#website","url":"https:\/\/www.esplac.cat\/","name":"Esplac","description":"Esplais Catalans","publisher":{"@id":"https:\/\/www.esplac.cat\/#organization"},"potentialAction":[{"@type":"SearchAction","target":{"@type":"EntryPoint","urlTemplate":"https:\/\/www.esplac.cat\/?s={search_term_string}"},"query-input":{"@type":"PropertyValueSpecification","valueRequired":true,"valueName":"search_term_string"}}],"inLanguage":"en-US"},{"@type":"Organization","@id":"https:\/\/www.esplac.cat\/#organization","name":"Esplac","url":"https:\/\/www.esplac.cat\/","logo":{"@type":"ImageObject","inLanguage":"en-US","@id":"https:\/\/www.esplac.cat\/#\/schema\/logo\/image\/","url":"https:\/\/www.esplac.cat\/wp-content\/uploads\/2019\/08\/logox2.png","contentUrl":"https:\/\/www.esplac.cat\/wp-content\/uploads\/2019\/08\/logox2.png","width":600,"height":295,"caption":"Esplac"},"image":{"@id":"https:\/\/www.esplac.cat\/#\/schema\/logo\/image\/"}},{"@type":"Person","@id":"https:\/\/www.esplac.cat\/#\/schema\/person\/908383cf240be18b68f8855d0583faca","name":"Comunicaci\u00f3 Esplac","image":{"@type":"ImageObject","inLanguage":"en-US","@id":"https:\/\/secure.gravatar.com\/avatar\/7a4cf8feb412a76ea4a740ca02d95b06b2907b5a6c648c2dd0a1082a093c3141?s=96&d=mm&r=g","url":"https:\/\/secure.gravatar.com\/avatar\/7a4cf8feb412a76ea4a740ca02d95b06b2907b5a6c648c2dd0a1082a093c3141?s=96&d=mm&r=g","contentUrl":"https:\/\/secure.gravatar.com\/avatar\/7a4cf8feb412a76ea4a740ca02d95b06b2907b5a6c648c2dd0a1082a093c3141?s=96&d=mm&r=g","caption":"Comunicaci\u00f3 Esplac"}}]}},"_links":{"self":[{"href":"https:\/\/www.esplac.cat\/en\/wp-json\/wp\/v2\/posts\/24886","targetHints":{"allow":["GET"]}}],"collection":[{"href":"https:\/\/www.esplac.cat\/en\/wp-json\/wp\/v2\/posts"}],"about":[{"href":"https:\/\/www.esplac.cat\/en\/wp-json\/wp\/v2\/types\/post"}],"author":[{"embeddable":true,"href":"https:\/\/www.esplac.cat\/en\/wp-json\/wp\/v2\/users\/3"}],"replies":[{"embeddable":true,"href":"https:\/\/www.esplac.cat\/en\/wp-json\/wp\/v2\/comments?post=24886"}],"version-history":[{"count":0,"href":"https:\/\/www.esplac.cat\/en\/wp-json\/wp\/v2\/posts\/24886\/revisions"}],"wp:featuredmedia":[{"embeddable":true,"href":"https:\/\/www.esplac.cat\/en\/wp-json\/wp\/v2\/media\/24889"}],"wp:attachment":[{"href":"https:\/\/www.esplac.cat\/en\/wp-json\/wp\/v2\/media?parent=24886"}],"wp:term":[{"taxonomy":"category","embeddable":true,"href":"https:\/\/www.esplac.cat\/en\/wp-json\/wp\/v2\/categories?post=24886"},{"taxonomy":"post_tag","embeddable":true,"href":"https:\/\/www.esplac.cat\/en\/wp-json\/wp\/v2\/tags?post=24886"}],"curies":[{"name":"wp","href":"https:\/\/api.w.org\/{rel}","templated":true}]}}