{"id":24892,"date":"2017-03-10T11:28:09","date_gmt":"2017-03-10T09:28:09","guid":{"rendered":"http:\/\/www.esplac.cat\/?p=12370"},"modified":"2017-03-10T11:28:09","modified_gmt":"2017-03-10T09:28:09","slug":"mirall-de-realitats-una-nova-versio-del-recurs-per-treballar-la-diversitat-cultural","status":"publish","type":"post","link":"https:\/\/www.esplac.cat\/en\/mirall-de-realitats-una-nova-versio-del-recurs-per-treballar-la-diversitat-cultural\/","title":{"rendered":"Mirall de Realitats: una nova versi\u00f3 del recurs per treballar la diversitat cultural"},"content":{"rendered":"<h4>El dossier Mirall de Realitats va ser publicat per primera vegada l&#8217;any 2005 i aquest curs l&#8217;hem revisat i actualitzat per a qu\u00e8 els esplais puguin adaptar-lo a les seves realitats.<\/h4>\n<p>Volem parlar dels nous models de conviv\u00e8ncia des del m\u00f3n del lleure com a espai de socialitzaci\u00f3 pels infants i joves en general, i contrarestar el discurs racista que destaca de manera negativa les difer\u00e8ncies culturals enlloc de positivitzar la realitat. Per\u00f2 moltes vegades no sabem per on comen\u00e7ar&#8230;<\/p>\n<p class=\"p1\"><span class=\"s1\"><strong>Us presentem una nova versi\u00f3 del Mirall de Realitats<\/strong>, publicat per primer cop l\u2019any 2005 i que alguns esplais tindrem en algun rac\u00f3 de l\u2019esplai. Aquest dossier revisat mant\u00e9 oferir una proposta de din\u00e0miques, jocs i activitats per reflexionar amb infants, joves i l\u2019equip de monitores i monitors sobre la diversitat cultural.<\/span><\/p>\n<p class=\"p1\"><span class=\"s1\"><a href=\"http:\/\/www.esplac.cat\/wp-content\/uploads\/2017\/03\/portada_baixa.jpg\"><img decoding=\"async\" class=\"aligncenter wp-image-12375 size-medium\" src=\"http:\/\/www.esplac.cat\/wp-content\/uploads\/2017\/03\/portada_baixa-229x300.jpg\" alt=\"\" width=\"229\" height=\"300\" srcset=\"https:\/\/www.esplac.cat\/wp-content\/uploads\/2017\/03\/portada_baixa-200x262.jpg 200w, https:\/\/www.esplac.cat\/wp-content\/uploads\/2017\/03\/portada_baixa-229x300.jpg 229w, https:\/\/www.esplac.cat\/wp-content\/uploads\/2017\/03\/portada_baixa-400x524.jpg 400w, https:\/\/www.esplac.cat\/wp-content\/uploads\/2017\/03\/portada_baixa-600x787.jpg 600w, https:\/\/www.esplac.cat\/wp-content\/uploads\/2017\/03\/portada_baixa-768x1007.jpg 768w, https:\/\/www.esplac.cat\/wp-content\/uploads\/2017\/03\/portada_baixa-781x1024.jpg 781w, https:\/\/www.esplac.cat\/wp-content\/uploads\/2017\/03\/portada_baixa-800x1049.jpg 800w, https:\/\/www.esplac.cat\/wp-content\/uploads\/2017\/03\/portada_baixa-1200x1573.jpg 1200w, https:\/\/www.esplac.cat\/wp-content\/uploads\/2017\/03\/portada_baixa.jpg 3072w\" sizes=\"(max-width: 229px) 100vw, 229px\" \/><\/a><\/span><\/p>\n<p class=\"p1\"><span class=\"s1\">La finalitat del Mirall de Realitats \u00e9s permetre\u2019ns plantejar i introduir nous conceptes i noves estrat\u00e8gies, \u00e9s a dir, oferir eines per desenvolupar una actitud cr\u00edtica que ajudi a les monitores i, en \u00faltima inst\u00e0ncia, als infants i joves, a interpretar la diversitat i recon\u00e8ixer l\u2019exist\u00e8ncia de desigualtats. Volem desemmascarar els mecanismes i interessos que, a trav\u00e9s d\u2019estereotips, rumors i prejudicis produeixen i mantenen discriminacions socials a trav\u00e9s d\u2019activitats i din\u00e0miques adre\u00e7ades als infants i joves dels esplais.<\/span><\/p>\n<p class=\"p1\"><span class=\"s1\">Aquells esplais que participareu de l\u2019<strong><a href=\"http:\/\/www.esplac.cat\/escola-esplac\/\"><span class=\"s2\">Escola d\u2019Esplac<\/span><\/a><\/strong> en podreu gaudir d\u2019un exemplar en paper. Si volem fer-li una ullada, per saber de qu\u00e8 estem xerrant, podem consultar-lo com a <strong><a href=\"http:\/\/www.esplac.cat\/recursos-didactics\/\"><span class=\"s2\">material did\u00e0ctic al web d\u2019Esplac<\/span><\/a><\/strong> o demanar-lo en pr\u00e9stec al <strong><a href=\"http:\/\/www.esplac.cat\/banc-de-recursos\/\"><span class=\"s2\">Banc de Recursos d\u2019Esplac<\/span><\/a>.<\/strong><\/span><\/p>\n","protected":false},"excerpt":{"rendered":"<p>El dossier Mirall de Realitats va ser publicat per primera [&hellip;]<\/p>\n","protected":false},"author":3,"featured_media":24895,"comment_status":"closed","ping_status":"open","sticky":false,"template":"","format":"standard","meta":{"om_disable_all_campaigns":false,"_monsterinsights_skip_tracking":false,"_monsterinsights_sitenote_active":false,"_monsterinsights_sitenote_note":"","_monsterinsights_sitenote_category":0,"_uf_show_specific_survey":0,"_uf_disable_surveys":false,"footnotes":""},"categories":[1114,1],"tags":[44,830,471,426,843],"class_list":["post-24892","post","type-post","status-publish","format-standard","has-post-thumbnail","hentry","category-recursos","category-sense-categoria","tag-banc-de-recursos","tag-diversitat-cultural","tag-inclusio","tag-joc","tag-mirall-de-realitats"],"yoast_head":"<!-- This site is optimized with the Yoast SEO plugin v27.4 - https:\/\/yoast.com\/product\/yoast-seo-wordpress\/ -->\n<title>Mirall de Realitats: una nova versi\u00f3 del recurs per treballar la diversitat cultural - Esplac<\/title>\n<meta name=\"robots\" content=\"index, follow, max-snippet:-1, max-image-preview:large, max-video-preview:-1\" \/>\n<link rel=\"canonical\" href=\"https:\/\/www.esplac.cat\/mirall-de-realitats-una-nova-versio-del-recurs-per-treballar-la-diversitat-cultural\/\" \/>\n<meta property=\"og:locale\" content=\"en_US\" \/>\n<meta property=\"og:type\" content=\"article\" \/>\n<meta property=\"og:title\" content=\"Mirall de Realitats: una nova versi\u00f3 del recurs per treballar la diversitat cultural - Esplac\" \/>\n<meta property=\"og:description\" content=\"El dossier Mirall de Realitats va ser publicat per primera [&hellip;]\" \/>\n<meta property=\"og:url\" content=\"https:\/\/www.esplac.cat\/mirall-de-realitats-una-nova-versio-del-recurs-per-treballar-la-diversitat-cultural\/\" \/>\n<meta property=\"og:site_name\" content=\"Esplac\" \/>\n<meta property=\"article:published_time\" content=\"2017-03-10T09:28:09+00:00\" \/>\n<meta property=\"og:image\" content=\"https:\/\/www.esplac.cat\/wp-content\/uploads\/2017\/03\/20170310_Mirall-realitats-nou.jpg\" \/>\n\t<meta property=\"og:image:width\" content=\"847\" \/>\n\t<meta property=\"og:image:height\" content=\"350\" \/>\n\t<meta property=\"og:image:type\" content=\"image\/jpeg\" \/>\n<meta name=\"author\" content=\"Comunicaci\u00f3 Esplac\" \/>\n<meta name=\"twitter:card\" content=\"summary_large_image\" \/>\n<meta name=\"twitter:label1\" content=\"Written by\" \/>\n\t<meta name=\"twitter:data1\" content=\"Comunicaci\u00f3 Esplac\" \/>\n\t<meta name=\"twitter:label2\" content=\"Est. reading time\" \/>\n\t<meta name=\"twitter:data2\" content=\"1 minute\" \/>\n<script type=\"application\/ld+json\" class=\"yoast-schema-graph\">{\"@context\":\"https:\\\/\\\/schema.org\",\"@graph\":[{\"@type\":\"Article\",\"@id\":\"https:\\\/\\\/www.esplac.cat\\\/mirall-de-realitats-una-nova-versio-del-recurs-per-treballar-la-diversitat-cultural\\\/#article\",\"isPartOf\":{\"@id\":\"https:\\\/\\\/www.esplac.cat\\\/mirall-de-realitats-una-nova-versio-del-recurs-per-treballar-la-diversitat-cultural\\\/\"},\"author\":{\"name\":\"Comunicaci\u00f3 Esplac\",\"@id\":\"https:\\\/\\\/www.esplac.cat\\\/#\\\/schema\\\/person\\\/908383cf240be18b68f8855d0583faca\"},\"headline\":\"Mirall de Realitats: una nova versi\u00f3 del recurs per treballar la diversitat cultural\",\"datePublished\":\"2017-03-10T09:28:09+00:00\",\"mainEntityOfPage\":{\"@id\":\"https:\\\/\\\/www.esplac.cat\\\/mirall-de-realitats-una-nova-versio-del-recurs-per-treballar-la-diversitat-cultural\\\/\"},\"wordCount\":294,\"publisher\":{\"@id\":\"https:\\\/\\\/www.esplac.cat\\\/#organization\"},\"image\":{\"@id\":\"https:\\\/\\\/www.esplac.cat\\\/mirall-de-realitats-una-nova-versio-del-recurs-per-treballar-la-diversitat-cultural\\\/#primaryimage\"},\"thumbnailUrl\":\"https:\\\/\\\/www.esplac.cat\\\/wp-content\\\/uploads\\\/2017\\\/03\\\/20170310_Mirall-realitats-nou.jpg\",\"keywords\":[\"banc de recursos\",\"diversitat cultural\",\"inclusi\u00f3\",\"joc\",\"mirall de realitats\"],\"articleSection\":[\"Recursos\",\"Sense categoria\"],\"inLanguage\":\"en-US\"},{\"@type\":\"WebPage\",\"@id\":\"https:\\\/\\\/www.esplac.cat\\\/mirall-de-realitats-una-nova-versio-del-recurs-per-treballar-la-diversitat-cultural\\\/\",\"url\":\"https:\\\/\\\/www.esplac.cat\\\/mirall-de-realitats-una-nova-versio-del-recurs-per-treballar-la-diversitat-cultural\\\/\",\"name\":\"Mirall de Realitats: una nova versi\u00f3 del recurs per treballar la diversitat cultural - Esplac\",\"isPartOf\":{\"@id\":\"https:\\\/\\\/www.esplac.cat\\\/#website\"},\"primaryImageOfPage\":{\"@id\":\"https:\\\/\\\/www.esplac.cat\\\/mirall-de-realitats-una-nova-versio-del-recurs-per-treballar-la-diversitat-cultural\\\/#primaryimage\"},\"image\":{\"@id\":\"https:\\\/\\\/www.esplac.cat\\\/mirall-de-realitats-una-nova-versio-del-recurs-per-treballar-la-diversitat-cultural\\\/#primaryimage\"},\"thumbnailUrl\":\"https:\\\/\\\/www.esplac.cat\\\/wp-content\\\/uploads\\\/2017\\\/03\\\/20170310_Mirall-realitats-nou.jpg\",\"datePublished\":\"2017-03-10T09:28:09+00:00\",\"breadcrumb\":{\"@id\":\"https:\\\/\\\/www.esplac.cat\\\/mirall-de-realitats-una-nova-versio-del-recurs-per-treballar-la-diversitat-cultural\\\/#breadcrumb\"},\"inLanguage\":\"en-US\",\"potentialAction\":[{\"@type\":\"ReadAction\",\"target\":[\"https:\\\/\\\/www.esplac.cat\\\/mirall-de-realitats-una-nova-versio-del-recurs-per-treballar-la-diversitat-cultural\\\/\"]}]},{\"@type\":\"ImageObject\",\"inLanguage\":\"en-US\",\"@id\":\"https:\\\/\\\/www.esplac.cat\\\/mirall-de-realitats-una-nova-versio-del-recurs-per-treballar-la-diversitat-cultural\\\/#primaryimage\",\"url\":\"https:\\\/\\\/www.esplac.cat\\\/wp-content\\\/uploads\\\/2017\\\/03\\\/20170310_Mirall-realitats-nou.jpg\",\"contentUrl\":\"https:\\\/\\\/www.esplac.cat\\\/wp-content\\\/uploads\\\/2017\\\/03\\\/20170310_Mirall-realitats-nou.jpg\",\"width\":847,\"height\":350},{\"@type\":\"BreadcrumbList\",\"@id\":\"https:\\\/\\\/www.esplac.cat\\\/mirall-de-realitats-una-nova-versio-del-recurs-per-treballar-la-diversitat-cultural\\\/#breadcrumb\",\"itemListElement\":[{\"@type\":\"ListItem\",\"position\":1,\"name\":\"Inici\",\"item\":\"https:\\\/\\\/www.esplac.cat\\\/en\\\/\"},{\"@type\":\"ListItem\",\"position\":2,\"name\":\"Mirall de Realitats: una nova versi\u00f3 del recurs per treballar la diversitat cultural\"}]},{\"@type\":\"WebSite\",\"@id\":\"https:\\\/\\\/www.esplac.cat\\\/#website\",\"url\":\"https:\\\/\\\/www.esplac.cat\\\/\",\"name\":\"Esplac\",\"description\":\"Esplais Catalans\",\"publisher\":{\"@id\":\"https:\\\/\\\/www.esplac.cat\\\/#organization\"},\"potentialAction\":[{\"@type\":\"SearchAction\",\"target\":{\"@type\":\"EntryPoint\",\"urlTemplate\":\"https:\\\/\\\/www.esplac.cat\\\/?s={search_term_string}\"},\"query-input\":{\"@type\":\"PropertyValueSpecification\",\"valueRequired\":true,\"valueName\":\"search_term_string\"}}],\"inLanguage\":\"en-US\"},{\"@type\":\"Organization\",\"@id\":\"https:\\\/\\\/www.esplac.cat\\\/#organization\",\"name\":\"Esplac\",\"url\":\"https:\\\/\\\/www.esplac.cat\\\/\",\"logo\":{\"@type\":\"ImageObject\",\"inLanguage\":\"en-US\",\"@id\":\"https:\\\/\\\/www.esplac.cat\\\/#\\\/schema\\\/logo\\\/image\\\/\",\"url\":\"https:\\\/\\\/www.esplac.cat\\\/wp-content\\\/uploads\\\/2019\\\/08\\\/logox2.png\",\"contentUrl\":\"https:\\\/\\\/www.esplac.cat\\\/wp-content\\\/uploads\\\/2019\\\/08\\\/logox2.png\",\"width\":600,\"height\":295,\"caption\":\"Esplac\"},\"image\":{\"@id\":\"https:\\\/\\\/www.esplac.cat\\\/#\\\/schema\\\/logo\\\/image\\\/\"}},{\"@type\":\"Person\",\"@id\":\"https:\\\/\\\/www.esplac.cat\\\/#\\\/schema\\\/person\\\/908383cf240be18b68f8855d0583faca\",\"name\":\"Comunicaci\u00f3 Esplac\",\"image\":{\"@type\":\"ImageObject\",\"inLanguage\":\"en-US\",\"@id\":\"https:\\\/\\\/secure.gravatar.com\\\/avatar\\\/7a4cf8feb412a76ea4a740ca02d95b06b2907b5a6c648c2dd0a1082a093c3141?s=96&d=mm&r=g\",\"url\":\"https:\\\/\\\/secure.gravatar.com\\\/avatar\\\/7a4cf8feb412a76ea4a740ca02d95b06b2907b5a6c648c2dd0a1082a093c3141?s=96&d=mm&r=g\",\"contentUrl\":\"https:\\\/\\\/secure.gravatar.com\\\/avatar\\\/7a4cf8feb412a76ea4a740ca02d95b06b2907b5a6c648c2dd0a1082a093c3141?s=96&d=mm&r=g\",\"caption\":\"Comunicaci\u00f3 Esplac\"}}]}<\/script>\n<!-- \/ Yoast SEO plugin. -->","yoast_head_json":{"title":"Mirall de Realitats: una nova versi\u00f3 del recurs per treballar la diversitat cultural - Esplac","robots":{"index":"index","follow":"follow","max-snippet":"max-snippet:-1","max-image-preview":"max-image-preview:large","max-video-preview":"max-video-preview:-1"},"canonical":"https:\/\/www.esplac.cat\/mirall-de-realitats-una-nova-versio-del-recurs-per-treballar-la-diversitat-cultural\/","og_locale":"en_US","og_type":"article","og_title":"Mirall de Realitats: una nova versi\u00f3 del recurs per treballar la diversitat cultural - Esplac","og_description":"El dossier Mirall de Realitats va ser publicat per primera [&hellip;]","og_url":"https:\/\/www.esplac.cat\/mirall-de-realitats-una-nova-versio-del-recurs-per-treballar-la-diversitat-cultural\/","og_site_name":"Esplac","article_published_time":"2017-03-10T09:28:09+00:00","og_image":[{"width":847,"height":350,"url":"https:\/\/www.esplac.cat\/wp-content\/uploads\/2017\/03\/20170310_Mirall-realitats-nou.jpg","type":"image\/jpeg"}],"author":"Comunicaci\u00f3 Esplac","twitter_card":"summary_large_image","twitter_misc":{"Written by":"Comunicaci\u00f3 Esplac","Est. reading time":"1 minute"},"schema":{"@context":"https:\/\/schema.org","@graph":[{"@type":"Article","@id":"https:\/\/www.esplac.cat\/mirall-de-realitats-una-nova-versio-del-recurs-per-treballar-la-diversitat-cultural\/#article","isPartOf":{"@id":"https:\/\/www.esplac.cat\/mirall-de-realitats-una-nova-versio-del-recurs-per-treballar-la-diversitat-cultural\/"},"author":{"name":"Comunicaci\u00f3 Esplac","@id":"https:\/\/www.esplac.cat\/#\/schema\/person\/908383cf240be18b68f8855d0583faca"},"headline":"Mirall de Realitats: una nova versi\u00f3 del recurs per treballar la diversitat cultural","datePublished":"2017-03-10T09:28:09+00:00","mainEntityOfPage":{"@id":"https:\/\/www.esplac.cat\/mirall-de-realitats-una-nova-versio-del-recurs-per-treballar-la-diversitat-cultural\/"},"wordCount":294,"publisher":{"@id":"https:\/\/www.esplac.cat\/#organization"},"image":{"@id":"https:\/\/www.esplac.cat\/mirall-de-realitats-una-nova-versio-del-recurs-per-treballar-la-diversitat-cultural\/#primaryimage"},"thumbnailUrl":"https:\/\/www.esplac.cat\/wp-content\/uploads\/2017\/03\/20170310_Mirall-realitats-nou.jpg","keywords":["banc de recursos","diversitat cultural","inclusi\u00f3","joc","mirall de realitats"],"articleSection":["Recursos","Sense categoria"],"inLanguage":"en-US"},{"@type":"WebPage","@id":"https:\/\/www.esplac.cat\/mirall-de-realitats-una-nova-versio-del-recurs-per-treballar-la-diversitat-cultural\/","url":"https:\/\/www.esplac.cat\/mirall-de-realitats-una-nova-versio-del-recurs-per-treballar-la-diversitat-cultural\/","name":"Mirall de Realitats: una nova versi\u00f3 del recurs per treballar la diversitat cultural - Esplac","isPartOf":{"@id":"https:\/\/www.esplac.cat\/#website"},"primaryImageOfPage":{"@id":"https:\/\/www.esplac.cat\/mirall-de-realitats-una-nova-versio-del-recurs-per-treballar-la-diversitat-cultural\/#primaryimage"},"image":{"@id":"https:\/\/www.esplac.cat\/mirall-de-realitats-una-nova-versio-del-recurs-per-treballar-la-diversitat-cultural\/#primaryimage"},"thumbnailUrl":"https:\/\/www.esplac.cat\/wp-content\/uploads\/2017\/03\/20170310_Mirall-realitats-nou.jpg","datePublished":"2017-03-10T09:28:09+00:00","breadcrumb":{"@id":"https:\/\/www.esplac.cat\/mirall-de-realitats-una-nova-versio-del-recurs-per-treballar-la-diversitat-cultural\/#breadcrumb"},"inLanguage":"en-US","potentialAction":[{"@type":"ReadAction","target":["https:\/\/www.esplac.cat\/mirall-de-realitats-una-nova-versio-del-recurs-per-treballar-la-diversitat-cultural\/"]}]},{"@type":"ImageObject","inLanguage":"en-US","@id":"https:\/\/www.esplac.cat\/mirall-de-realitats-una-nova-versio-del-recurs-per-treballar-la-diversitat-cultural\/#primaryimage","url":"https:\/\/www.esplac.cat\/wp-content\/uploads\/2017\/03\/20170310_Mirall-realitats-nou.jpg","contentUrl":"https:\/\/www.esplac.cat\/wp-content\/uploads\/2017\/03\/20170310_Mirall-realitats-nou.jpg","width":847,"height":350},{"@type":"BreadcrumbList","@id":"https:\/\/www.esplac.cat\/mirall-de-realitats-una-nova-versio-del-recurs-per-treballar-la-diversitat-cultural\/#breadcrumb","itemListElement":[{"@type":"ListItem","position":1,"name":"Inici","item":"https:\/\/www.esplac.cat\/en\/"},{"@type":"ListItem","position":2,"name":"Mirall de Realitats: una nova versi\u00f3 del recurs per treballar la diversitat cultural"}]},{"@type":"WebSite","@id":"https:\/\/www.esplac.cat\/#website","url":"https:\/\/www.esplac.cat\/","name":"Esplac","description":"Esplais Catalans","publisher":{"@id":"https:\/\/www.esplac.cat\/#organization"},"potentialAction":[{"@type":"SearchAction","target":{"@type":"EntryPoint","urlTemplate":"https:\/\/www.esplac.cat\/?s={search_term_string}"},"query-input":{"@type":"PropertyValueSpecification","valueRequired":true,"valueName":"search_term_string"}}],"inLanguage":"en-US"},{"@type":"Organization","@id":"https:\/\/www.esplac.cat\/#organization","name":"Esplac","url":"https:\/\/www.esplac.cat\/","logo":{"@type":"ImageObject","inLanguage":"en-US","@id":"https:\/\/www.esplac.cat\/#\/schema\/logo\/image\/","url":"https:\/\/www.esplac.cat\/wp-content\/uploads\/2019\/08\/logox2.png","contentUrl":"https:\/\/www.esplac.cat\/wp-content\/uploads\/2019\/08\/logox2.png","width":600,"height":295,"caption":"Esplac"},"image":{"@id":"https:\/\/www.esplac.cat\/#\/schema\/logo\/image\/"}},{"@type":"Person","@id":"https:\/\/www.esplac.cat\/#\/schema\/person\/908383cf240be18b68f8855d0583faca","name":"Comunicaci\u00f3 Esplac","image":{"@type":"ImageObject","inLanguage":"en-US","@id":"https:\/\/secure.gravatar.com\/avatar\/7a4cf8feb412a76ea4a740ca02d95b06b2907b5a6c648c2dd0a1082a093c3141?s=96&d=mm&r=g","url":"https:\/\/secure.gravatar.com\/avatar\/7a4cf8feb412a76ea4a740ca02d95b06b2907b5a6c648c2dd0a1082a093c3141?s=96&d=mm&r=g","contentUrl":"https:\/\/secure.gravatar.com\/avatar\/7a4cf8feb412a76ea4a740ca02d95b06b2907b5a6c648c2dd0a1082a093c3141?s=96&d=mm&r=g","caption":"Comunicaci\u00f3 Esplac"}}]}},"_links":{"self":[{"href":"https:\/\/www.esplac.cat\/en\/wp-json\/wp\/v2\/posts\/24892","targetHints":{"allow":["GET"]}}],"collection":[{"href":"https:\/\/www.esplac.cat\/en\/wp-json\/wp\/v2\/posts"}],"about":[{"href":"https:\/\/www.esplac.cat\/en\/wp-json\/wp\/v2\/types\/post"}],"author":[{"embeddable":true,"href":"https:\/\/www.esplac.cat\/en\/wp-json\/wp\/v2\/users\/3"}],"replies":[{"embeddable":true,"href":"https:\/\/www.esplac.cat\/en\/wp-json\/wp\/v2\/comments?post=24892"}],"version-history":[{"count":0,"href":"https:\/\/www.esplac.cat\/en\/wp-json\/wp\/v2\/posts\/24892\/revisions"}],"wp:featuredmedia":[{"embeddable":true,"href":"https:\/\/www.esplac.cat\/en\/wp-json\/wp\/v2\/media\/24895"}],"wp:attachment":[{"href":"https:\/\/www.esplac.cat\/en\/wp-json\/wp\/v2\/media?parent=24892"}],"wp:term":[{"taxonomy":"category","embeddable":true,"href":"https:\/\/www.esplac.cat\/en\/wp-json\/wp\/v2\/categories?post=24892"},{"taxonomy":"post_tag","embeddable":true,"href":"https:\/\/www.esplac.cat\/en\/wp-json\/wp\/v2\/tags?post=24892"}],"curies":[{"name":"wp","href":"https:\/\/api.w.org\/{rel}","templated":true}]}}