{"id":24910,"date":"2017-02-14T12:31:10","date_gmt":"2017-02-14T10:31:10","guid":{"rendered":"http:\/\/www.esplac.cat\/?p=12231"},"modified":"2017-02-14T12:31:10","modified_gmt":"2017-02-14T10:31:10","slug":"placa-de-coordinadora-de-projectes-dels-sectors-geografics-maresme-i-girona-2","status":"publish","type":"post","link":"https:\/\/www.esplac.cat\/en\/placa-de-coordinadora-de-projectes-dels-sectors-geografics-maresme-i-girona-2\/","title":{"rendered":"Pla\u00e7a de coordinador\/a de projectes dels sectors geogr\u00e0fics Maresme i Girona"},"content":{"rendered":"<h4 class=\"p1\">El termini per presentar curr\u00edculums acaba el 20 de febrer de 2017<\/h4>\n<p class=\"p1\"><span class=\"s1\">Volem comunicar-vos que hem obert un termini per a la presentaci\u00f3 de curr\u00edculums amb l\u2019objectiu de cobrir una <strong>Pla\u00e7a de Coordinador\/a de Projectes dels Sectors geogr\u00e0fics Maresme i Girona d&#8217;Esplais Catalans<\/strong>. El termini per presentar les candidatures finalitza el dia <\/span><span style=\"text-decoration: underline;\"><span class=\"s2\"><b>20 de febrer de 2017<\/b><\/span><\/span><span class=\"s1\">. Els curr\u00edculums i les cartes de motivaci\u00f3 les heu de fer arribar a <a href=\"mailto:esplac@esplac.cat\"><span class=\"s3\"><b>esplac@esplac.cat<\/b><\/span><\/a> amb la refer\u00e8ncia<b> ST_MG<\/b> a l&#8217;assumpte del mail.<\/span><\/p>\n<p class=\"p1\"><span class=\"s1\"><b>Funcions:<\/b><\/span><\/p>\n<ul class=\"ul1\">\n<li class=\"li3\"><span class=\"s1\">Coordinar i desenvolupar el suport associatiu i pedag\u00f2gic als esplais.<\/span><\/li>\n<li class=\"li3\"><span class=\"s1\">Assistir a les reunions de Sectors i a les de l&#8217;Equip general de sectors que s&#8217;escaiguin.<\/span><\/li>\n<li class=\"li3\"><span class=\"s1\">Suport al funcionament, activitats i projectes definits en el Pla de treball del Sectors geogr\u00e0fics.<\/span><\/li>\n<li class=\"li3\"><span class=\"s1\">Redacci\u00f3, seguiment i avaluaci\u00f3 dels projectes definits en el Pla de treball d&#8217;Esplais Catalans.<\/span><\/li>\n<li class=\"li3\"><span class=\"s1\">Coordinaci\u00f3 amb la Secretaria t\u00e8cnica per a les funcions assignades i d&#8217;altres que puguin sorgir com part de l&#8217;equip.<\/span><\/li>\n<\/ul>\n<p class=\"p1\"><span class=\"s1\"><b>Es demana:<\/b><\/span><\/p>\n<ul class=\"ul1\">\n<li class=\"li3\"><span class=\"s1\">Titulaci\u00f3 universit\u00e0ria en el camp de l\u2019educaci\u00f3 i\/o social o en proc\u00e9s d&#8217;obtenir-la.<\/span><\/li>\n<li class=\"li3\"><span class=\"s1\">T\u00edtol de Director\/a d\u2019entitats de lleure infantil i juvenil.<\/span><\/li>\n<li class=\"li3\"><span class=\"s1\">Tenir menys de 30 anys.<\/span><\/li>\n<li class=\"li3\"><span class=\"s1\">Nivell alt de catal\u00e0 i compet\u00e8ncia escrita.<\/span><\/li>\n<li class=\"li3\"><span class=\"s1\">Coneixement de l&#8217;elaboraci\u00f3 de projectes, mem\u00f2ries i altra documentaci\u00f3.<\/span><\/li>\n<li class=\"li3\"><span class=\"s1\">Coneixement i experi\u00e8ncia en l&#8217;\u00e0mbit de l&#8217;associacionisme educatiu i els esplais. <\/span><\/li>\n<li class=\"li3\"><span class=\"s1\">Coneixements: LibreOffice, gesti\u00f3 de correu i Internet.<\/span><\/li>\n<li class=\"li3\"><span class=\"s1\">Capacitat d&#8217;organitzaci\u00f3 i gesti\u00f3 del temps.<\/span><\/li>\n<li class=\"li3\"><span class=\"s1\">Capacitat de treball en equip i autonomia personal.<\/span><\/li>\n<li class=\"li3\"><span class=\"s1\">Capacitat de flexibilitat i adaptabilitat.<\/span><\/li>\n<li class=\"li3\"><span class=\"s1\">Assist\u00e8ncia a reunions o activitats d\u2019especial inter\u00e8s fora de l\u2019horari laboral.<\/span><\/li>\n<li class=\"li3\"><span class=\"s1\">Vocaci\u00f3 de servei als esplais i comprom\u00eds amb els valors d&#8217;Esplais Catalans.<\/span><\/li>\n<li class=\"li3\"><span class=\"s1\">Carnet de conduir i vehicle propi.<\/span><\/li>\n<\/ul>\n<p class=\"p1\"><span class=\"s1\"><b>Es valorar\u00e0:<\/b><\/span><\/p>\n<ul class=\"ul1\">\n<li class=\"li3\"><span class=\"s1\">Experi\u00e8ncia com a responsable d\u2019esplai.<\/span><\/li>\n<li class=\"li3\"><span class=\"s1\">Experi\u00e8ncia en les funcions descrites.<\/span><\/li>\n<li class=\"li3\"><span class=\"s1\">Coneixement d\u2019idiomes.<\/span><\/li>\n<li class=\"li3\"><span class=\"s1\">Coneixement en temes espec\u00edfics relacionats amb el projecte educatiu d&#8217;Esplais Catalans.<\/span><\/li>\n<\/ul>\n<p class=\"p1\"><span class=\"s1\"><b>Condicions laborals:<\/b><\/span><\/p>\n<ul class=\"ul1\">\n<li class=\"li3\"><span class=\"s1\">Contracte de 20 h setmanals. Sou segons l\u2019escala salarial de l\u2019entitat (11.172,87 \u20ac bruts anuals).<\/span><\/li>\n<li class=\"li3\"><span class=\"s1\">Incorporaci\u00f3 immediata.<\/span><\/li>\n<li class=\"li3\"><span class=\"s1\">Lloc de treball habitual: Girona, Maresme i Barcelona.<\/span><\/li>\n<\/ul>\n<p class=\"p3\"><span class=\"s1\">Tot esperant rebre les vostres sol\u00b7licituds, rebeu una molt cordial salutaci\u00f3.<\/span><\/p>\n","protected":false},"excerpt":{"rendered":"<p>El termini per presentar curr\u00edculums acaba el 20 de febrer [&hellip;]<\/p>\n","protected":false},"author":3,"featured_media":24818,"comment_status":"closed","ping_status":"open","sticky":false,"template":"","format":"standard","meta":{"om_disable_all_campaigns":false,"_monsterinsights_skip_tracking":false,"_monsterinsights_sitenote_active":false,"_monsterinsights_sitenote_note":"","_monsterinsights_sitenote_category":0,"_uf_show_specific_survey":0,"_uf_disable_surveys":false,"footnotes":""},"categories":[1116,1130,1113,1],"tags":[297,306,432,55,562],"class_list":["post-24910","post","type-post","status-publish","format-standard","has-post-thumbnail","hentry","category-secretaria-esplac","category-sector-girona","category-sector-maresme","category-sense-categoria","tag-convocatories-de-feina","tag-feina","tag-girona","tag-maresme","tag-oferta-laboral"],"yoast_head":"<!-- This site is optimized with the Yoast SEO plugin v27.4 - https:\/\/yoast.com\/product\/yoast-seo-wordpress\/ -->\n<title>Pla\u00e7a de coordinador\/a de projectes dels sectors geogr\u00e0fics Maresme i Girona - Esplac<\/title>\n<meta name=\"robots\" content=\"index, follow, max-snippet:-1, max-image-preview:large, max-video-preview:-1\" \/>\n<link rel=\"canonical\" href=\"https:\/\/www.esplac.cat\/placa-de-coordinadora-de-projectes-dels-sectors-geografics-maresme-i-girona-2\/\" \/>\n<meta property=\"og:locale\" content=\"en_US\" \/>\n<meta property=\"og:type\" content=\"article\" \/>\n<meta property=\"og:title\" content=\"Pla\u00e7a de coordinador\/a de projectes dels sectors geogr\u00e0fics Maresme i Girona - Esplac\" \/>\n<meta property=\"og:description\" content=\"El termini per presentar curr\u00edculums acaba el 20 de febrer [&hellip;]\" \/>\n<meta property=\"og:url\" content=\"https:\/\/www.esplac.cat\/placa-de-coordinadora-de-projectes-dels-sectors-geografics-maresme-i-girona-2\/\" \/>\n<meta property=\"og:site_name\" content=\"Esplac\" \/>\n<meta property=\"article:published_time\" content=\"2017-02-14T10:31:10+00:00\" \/>\n<meta property=\"og:image\" content=\"https:\/\/www.esplac.cat\/wp-content\/uploads\/2015\/11\/Noti_Web_Valles_AGO.jpg\" \/>\n\t<meta property=\"og:image:width\" content=\"847\" \/>\n\t<meta property=\"og:image:height\" content=\"350\" \/>\n\t<meta property=\"og:image:type\" content=\"image\/jpeg\" \/>\n<meta name=\"author\" content=\"Comunicaci\u00f3 Esplac\" \/>\n<meta name=\"twitter:card\" content=\"summary_large_image\" \/>\n<meta name=\"twitter:label1\" content=\"Written by\" \/>\n\t<meta name=\"twitter:data1\" content=\"Comunicaci\u00f3 Esplac\" \/>\n\t<meta name=\"twitter:label2\" content=\"Est. reading time\" \/>\n\t<meta name=\"twitter:data2\" content=\"2 minutes\" \/>\n<script type=\"application\/ld+json\" class=\"yoast-schema-graph\">{\"@context\":\"https:\\\/\\\/schema.org\",\"@graph\":[{\"@type\":\"Article\",\"@id\":\"https:\\\/\\\/www.esplac.cat\\\/placa-de-coordinadora-de-projectes-dels-sectors-geografics-maresme-i-girona-2\\\/#article\",\"isPartOf\":{\"@id\":\"https:\\\/\\\/www.esplac.cat\\\/placa-de-coordinadora-de-projectes-dels-sectors-geografics-maresme-i-girona-2\\\/\"},\"author\":{\"name\":\"Comunicaci\u00f3 Esplac\",\"@id\":\"https:\\\/\\\/www.esplac.cat\\\/#\\\/schema\\\/person\\\/908383cf240be18b68f8855d0583faca\"},\"headline\":\"Pla\u00e7a de coordinador\\\/a de projectes dels sectors geogr\u00e0fics Maresme i Girona\",\"datePublished\":\"2017-02-14T10:31:10+00:00\",\"mainEntityOfPage\":{\"@id\":\"https:\\\/\\\/www.esplac.cat\\\/placa-de-coordinadora-de-projectes-dels-sectors-geografics-maresme-i-girona-2\\\/\"},\"wordCount\":385,\"publisher\":{\"@id\":\"https:\\\/\\\/www.esplac.cat\\\/#organization\"},\"image\":{\"@id\":\"https:\\\/\\\/www.esplac.cat\\\/placa-de-coordinadora-de-projectes-dels-sectors-geografics-maresme-i-girona-2\\\/#primaryimage\"},\"thumbnailUrl\":\"https:\\\/\\\/www.esplac.cat\\\/wp-content\\\/uploads\\\/2015\\\/11\\\/Noti_Web_Valles_AGO.jpg\",\"keywords\":[\"convocat\u00f2ries de feina\",\"feina\",\"Girona\",\"maresme\",\"oferta laboral\"],\"articleSection\":[\"Secretaria T\u00e8cnica\",\"Sector Girona\",\"Sector Maresme\",\"Sense categoria\"],\"inLanguage\":\"en-US\"},{\"@type\":\"WebPage\",\"@id\":\"https:\\\/\\\/www.esplac.cat\\\/placa-de-coordinadora-de-projectes-dels-sectors-geografics-maresme-i-girona-2\\\/\",\"url\":\"https:\\\/\\\/www.esplac.cat\\\/placa-de-coordinadora-de-projectes-dels-sectors-geografics-maresme-i-girona-2\\\/\",\"name\":\"Pla\u00e7a de coordinador\\\/a de projectes dels sectors geogr\u00e0fics Maresme i Girona - Esplac\",\"isPartOf\":{\"@id\":\"https:\\\/\\\/www.esplac.cat\\\/#website\"},\"primaryImageOfPage\":{\"@id\":\"https:\\\/\\\/www.esplac.cat\\\/placa-de-coordinadora-de-projectes-dels-sectors-geografics-maresme-i-girona-2\\\/#primaryimage\"},\"image\":{\"@id\":\"https:\\\/\\\/www.esplac.cat\\\/placa-de-coordinadora-de-projectes-dels-sectors-geografics-maresme-i-girona-2\\\/#primaryimage\"},\"thumbnailUrl\":\"https:\\\/\\\/www.esplac.cat\\\/wp-content\\\/uploads\\\/2015\\\/11\\\/Noti_Web_Valles_AGO.jpg\",\"datePublished\":\"2017-02-14T10:31:10+00:00\",\"breadcrumb\":{\"@id\":\"https:\\\/\\\/www.esplac.cat\\\/placa-de-coordinadora-de-projectes-dels-sectors-geografics-maresme-i-girona-2\\\/#breadcrumb\"},\"inLanguage\":\"en-US\",\"potentialAction\":[{\"@type\":\"ReadAction\",\"target\":[\"https:\\\/\\\/www.esplac.cat\\\/placa-de-coordinadora-de-projectes-dels-sectors-geografics-maresme-i-girona-2\\\/\"]}]},{\"@type\":\"ImageObject\",\"inLanguage\":\"en-US\",\"@id\":\"https:\\\/\\\/www.esplac.cat\\\/placa-de-coordinadora-de-projectes-dels-sectors-geografics-maresme-i-girona-2\\\/#primaryimage\",\"url\":\"https:\\\/\\\/www.esplac.cat\\\/wp-content\\\/uploads\\\/2015\\\/11\\\/Noti_Web_Valles_AGO.jpg\",\"contentUrl\":\"https:\\\/\\\/www.esplac.cat\\\/wp-content\\\/uploads\\\/2015\\\/11\\\/Noti_Web_Valles_AGO.jpg\",\"width\":847,\"height\":350},{\"@type\":\"BreadcrumbList\",\"@id\":\"https:\\\/\\\/www.esplac.cat\\\/placa-de-coordinadora-de-projectes-dels-sectors-geografics-maresme-i-girona-2\\\/#breadcrumb\",\"itemListElement\":[{\"@type\":\"ListItem\",\"position\":1,\"name\":\"Inici\",\"item\":\"https:\\\/\\\/www.esplac.cat\\\/en\\\/\"},{\"@type\":\"ListItem\",\"position\":2,\"name\":\"Pla\u00e7a de coordinador\\\/a de projectes dels sectors geogr\u00e0fics Maresme i Girona\"}]},{\"@type\":\"WebSite\",\"@id\":\"https:\\\/\\\/www.esplac.cat\\\/#website\",\"url\":\"https:\\\/\\\/www.esplac.cat\\\/\",\"name\":\"Esplac\",\"description\":\"Esplais Catalans\",\"publisher\":{\"@id\":\"https:\\\/\\\/www.esplac.cat\\\/#organization\"},\"potentialAction\":[{\"@type\":\"SearchAction\",\"target\":{\"@type\":\"EntryPoint\",\"urlTemplate\":\"https:\\\/\\\/www.esplac.cat\\\/?s={search_term_string}\"},\"query-input\":{\"@type\":\"PropertyValueSpecification\",\"valueRequired\":true,\"valueName\":\"search_term_string\"}}],\"inLanguage\":\"en-US\"},{\"@type\":\"Organization\",\"@id\":\"https:\\\/\\\/www.esplac.cat\\\/#organization\",\"name\":\"Esplac\",\"url\":\"https:\\\/\\\/www.esplac.cat\\\/\",\"logo\":{\"@type\":\"ImageObject\",\"inLanguage\":\"en-US\",\"@id\":\"https:\\\/\\\/www.esplac.cat\\\/#\\\/schema\\\/logo\\\/image\\\/\",\"url\":\"https:\\\/\\\/www.esplac.cat\\\/wp-content\\\/uploads\\\/2019\\\/08\\\/logox2.png\",\"contentUrl\":\"https:\\\/\\\/www.esplac.cat\\\/wp-content\\\/uploads\\\/2019\\\/08\\\/logox2.png\",\"width\":600,\"height\":295,\"caption\":\"Esplac\"},\"image\":{\"@id\":\"https:\\\/\\\/www.esplac.cat\\\/#\\\/schema\\\/logo\\\/image\\\/\"}},{\"@type\":\"Person\",\"@id\":\"https:\\\/\\\/www.esplac.cat\\\/#\\\/schema\\\/person\\\/908383cf240be18b68f8855d0583faca\",\"name\":\"Comunicaci\u00f3 Esplac\",\"image\":{\"@type\":\"ImageObject\",\"inLanguage\":\"en-US\",\"@id\":\"https:\\\/\\\/secure.gravatar.com\\\/avatar\\\/7a4cf8feb412a76ea4a740ca02d95b06b2907b5a6c648c2dd0a1082a093c3141?s=96&d=mm&r=g\",\"url\":\"https:\\\/\\\/secure.gravatar.com\\\/avatar\\\/7a4cf8feb412a76ea4a740ca02d95b06b2907b5a6c648c2dd0a1082a093c3141?s=96&d=mm&r=g\",\"contentUrl\":\"https:\\\/\\\/secure.gravatar.com\\\/avatar\\\/7a4cf8feb412a76ea4a740ca02d95b06b2907b5a6c648c2dd0a1082a093c3141?s=96&d=mm&r=g\",\"caption\":\"Comunicaci\u00f3 Esplac\"}}]}<\/script>\n<!-- \/ Yoast SEO plugin. -->","yoast_head_json":{"title":"Pla\u00e7a de coordinador\/a de projectes dels sectors geogr\u00e0fics Maresme i Girona - Esplac","robots":{"index":"index","follow":"follow","max-snippet":"max-snippet:-1","max-image-preview":"max-image-preview:large","max-video-preview":"max-video-preview:-1"},"canonical":"https:\/\/www.esplac.cat\/placa-de-coordinadora-de-projectes-dels-sectors-geografics-maresme-i-girona-2\/","og_locale":"en_US","og_type":"article","og_title":"Pla\u00e7a de coordinador\/a de projectes dels sectors geogr\u00e0fics Maresme i Girona - Esplac","og_description":"El termini per presentar curr\u00edculums acaba el 20 de febrer [&hellip;]","og_url":"https:\/\/www.esplac.cat\/placa-de-coordinadora-de-projectes-dels-sectors-geografics-maresme-i-girona-2\/","og_site_name":"Esplac","article_published_time":"2017-02-14T10:31:10+00:00","og_image":[{"width":847,"height":350,"url":"https:\/\/www.esplac.cat\/wp-content\/uploads\/2015\/11\/Noti_Web_Valles_AGO.jpg","type":"image\/jpeg"}],"author":"Comunicaci\u00f3 Esplac","twitter_card":"summary_large_image","twitter_misc":{"Written by":"Comunicaci\u00f3 Esplac","Est. reading time":"2 minutes"},"schema":{"@context":"https:\/\/schema.org","@graph":[{"@type":"Article","@id":"https:\/\/www.esplac.cat\/placa-de-coordinadora-de-projectes-dels-sectors-geografics-maresme-i-girona-2\/#article","isPartOf":{"@id":"https:\/\/www.esplac.cat\/placa-de-coordinadora-de-projectes-dels-sectors-geografics-maresme-i-girona-2\/"},"author":{"name":"Comunicaci\u00f3 Esplac","@id":"https:\/\/www.esplac.cat\/#\/schema\/person\/908383cf240be18b68f8855d0583faca"},"headline":"Pla\u00e7a de coordinador\/a de projectes dels sectors geogr\u00e0fics Maresme i Girona","datePublished":"2017-02-14T10:31:10+00:00","mainEntityOfPage":{"@id":"https:\/\/www.esplac.cat\/placa-de-coordinadora-de-projectes-dels-sectors-geografics-maresme-i-girona-2\/"},"wordCount":385,"publisher":{"@id":"https:\/\/www.esplac.cat\/#organization"},"image":{"@id":"https:\/\/www.esplac.cat\/placa-de-coordinadora-de-projectes-dels-sectors-geografics-maresme-i-girona-2\/#primaryimage"},"thumbnailUrl":"https:\/\/www.esplac.cat\/wp-content\/uploads\/2015\/11\/Noti_Web_Valles_AGO.jpg","keywords":["convocat\u00f2ries de feina","feina","Girona","maresme","oferta laboral"],"articleSection":["Secretaria T\u00e8cnica","Sector Girona","Sector Maresme","Sense categoria"],"inLanguage":"en-US"},{"@type":"WebPage","@id":"https:\/\/www.esplac.cat\/placa-de-coordinadora-de-projectes-dels-sectors-geografics-maresme-i-girona-2\/","url":"https:\/\/www.esplac.cat\/placa-de-coordinadora-de-projectes-dels-sectors-geografics-maresme-i-girona-2\/","name":"Pla\u00e7a de coordinador\/a de projectes dels sectors geogr\u00e0fics Maresme i Girona - Esplac","isPartOf":{"@id":"https:\/\/www.esplac.cat\/#website"},"primaryImageOfPage":{"@id":"https:\/\/www.esplac.cat\/placa-de-coordinadora-de-projectes-dels-sectors-geografics-maresme-i-girona-2\/#primaryimage"},"image":{"@id":"https:\/\/www.esplac.cat\/placa-de-coordinadora-de-projectes-dels-sectors-geografics-maresme-i-girona-2\/#primaryimage"},"thumbnailUrl":"https:\/\/www.esplac.cat\/wp-content\/uploads\/2015\/11\/Noti_Web_Valles_AGO.jpg","datePublished":"2017-02-14T10:31:10+00:00","breadcrumb":{"@id":"https:\/\/www.esplac.cat\/placa-de-coordinadora-de-projectes-dels-sectors-geografics-maresme-i-girona-2\/#breadcrumb"},"inLanguage":"en-US","potentialAction":[{"@type":"ReadAction","target":["https:\/\/www.esplac.cat\/placa-de-coordinadora-de-projectes-dels-sectors-geografics-maresme-i-girona-2\/"]}]},{"@type":"ImageObject","inLanguage":"en-US","@id":"https:\/\/www.esplac.cat\/placa-de-coordinadora-de-projectes-dels-sectors-geografics-maresme-i-girona-2\/#primaryimage","url":"https:\/\/www.esplac.cat\/wp-content\/uploads\/2015\/11\/Noti_Web_Valles_AGO.jpg","contentUrl":"https:\/\/www.esplac.cat\/wp-content\/uploads\/2015\/11\/Noti_Web_Valles_AGO.jpg","width":847,"height":350},{"@type":"BreadcrumbList","@id":"https:\/\/www.esplac.cat\/placa-de-coordinadora-de-projectes-dels-sectors-geografics-maresme-i-girona-2\/#breadcrumb","itemListElement":[{"@type":"ListItem","position":1,"name":"Inici","item":"https:\/\/www.esplac.cat\/en\/"},{"@type":"ListItem","position":2,"name":"Pla\u00e7a de coordinador\/a de projectes dels sectors geogr\u00e0fics Maresme i Girona"}]},{"@type":"WebSite","@id":"https:\/\/www.esplac.cat\/#website","url":"https:\/\/www.esplac.cat\/","name":"Esplac","description":"Esplais Catalans","publisher":{"@id":"https:\/\/www.esplac.cat\/#organization"},"potentialAction":[{"@type":"SearchAction","target":{"@type":"EntryPoint","urlTemplate":"https:\/\/www.esplac.cat\/?s={search_term_string}"},"query-input":{"@type":"PropertyValueSpecification","valueRequired":true,"valueName":"search_term_string"}}],"inLanguage":"en-US"},{"@type":"Organization","@id":"https:\/\/www.esplac.cat\/#organization","name":"Esplac","url":"https:\/\/www.esplac.cat\/","logo":{"@type":"ImageObject","inLanguage":"en-US","@id":"https:\/\/www.esplac.cat\/#\/schema\/logo\/image\/","url":"https:\/\/www.esplac.cat\/wp-content\/uploads\/2019\/08\/logox2.png","contentUrl":"https:\/\/www.esplac.cat\/wp-content\/uploads\/2019\/08\/logox2.png","width":600,"height":295,"caption":"Esplac"},"image":{"@id":"https:\/\/www.esplac.cat\/#\/schema\/logo\/image\/"}},{"@type":"Person","@id":"https:\/\/www.esplac.cat\/#\/schema\/person\/908383cf240be18b68f8855d0583faca","name":"Comunicaci\u00f3 Esplac","image":{"@type":"ImageObject","inLanguage":"en-US","@id":"https:\/\/secure.gravatar.com\/avatar\/7a4cf8feb412a76ea4a740ca02d95b06b2907b5a6c648c2dd0a1082a093c3141?s=96&d=mm&r=g","url":"https:\/\/secure.gravatar.com\/avatar\/7a4cf8feb412a76ea4a740ca02d95b06b2907b5a6c648c2dd0a1082a093c3141?s=96&d=mm&r=g","contentUrl":"https:\/\/secure.gravatar.com\/avatar\/7a4cf8feb412a76ea4a740ca02d95b06b2907b5a6c648c2dd0a1082a093c3141?s=96&d=mm&r=g","caption":"Comunicaci\u00f3 Esplac"}}]}},"_links":{"self":[{"href":"https:\/\/www.esplac.cat\/en\/wp-json\/wp\/v2\/posts\/24910","targetHints":{"allow":["GET"]}}],"collection":[{"href":"https:\/\/www.esplac.cat\/en\/wp-json\/wp\/v2\/posts"}],"about":[{"href":"https:\/\/www.esplac.cat\/en\/wp-json\/wp\/v2\/types\/post"}],"author":[{"embeddable":true,"href":"https:\/\/www.esplac.cat\/en\/wp-json\/wp\/v2\/users\/3"}],"replies":[{"embeddable":true,"href":"https:\/\/www.esplac.cat\/en\/wp-json\/wp\/v2\/comments?post=24910"}],"version-history":[{"count":0,"href":"https:\/\/www.esplac.cat\/en\/wp-json\/wp\/v2\/posts\/24910\/revisions"}],"wp:featuredmedia":[{"embeddable":true,"href":"https:\/\/www.esplac.cat\/en\/wp-json\/wp\/v2\/media\/24818"}],"wp:attachment":[{"href":"https:\/\/www.esplac.cat\/en\/wp-json\/wp\/v2\/media?parent=24910"}],"wp:term":[{"taxonomy":"category","embeddable":true,"href":"https:\/\/www.esplac.cat\/en\/wp-json\/wp\/v2\/categories?post=24910"},{"taxonomy":"post_tag","embeddable":true,"href":"https:\/\/www.esplac.cat\/en\/wp-json\/wp\/v2\/tags?post=24910"}],"curies":[{"name":"wp","href":"https:\/\/api.w.org\/{rel}","templated":true}]}}