{"id":24915,"date":"2017-02-09T11:43:52","date_gmt":"2017-02-09T09:43:52","guid":{"rendered":"http:\/\/www.esplac.cat\/?p=12194"},"modified":"2017-02-09T11:43:52","modified_gmt":"2017-02-09T09:43:52","slug":"obrim-dues-places-de-coordinadora-de-projectes-dels-sectors-valles-i-bages-berguedaosona-ripolles","status":"publish","type":"post","link":"https:\/\/www.esplac.cat\/en\/obrim-dues-places-de-coordinadora-de-projectes-dels-sectors-valles-i-bages-berguedaosona-ripolles\/","title":{"rendered":"Obrim dues places de coordinador\/a de projectes dels sectors Vall\u00e8s i Bages-Bergued\u00e0\/Osona-Ripoll\u00e8s"},"content":{"rendered":"<h4>El termini per presentar els curr\u00edculums i cartes de motivaci\u00f3 \u00e9s el 20 de febrer de 2017<\/h4>\n<div class=\"gmail_default\" style=\"text-align: justify;\">Volem comunicar-vos que hem obert un termini per a la presentaci\u00f3 de curr\u00edculums amb l\u2019objectiu de cobrir dues places: la primera\u00a0de coordinador\/a de projectes del Sector Geogr\u00e0fic Vall\u00e8s d&#8217;Esplais Catalans i la segona de\u00a0coordinador\/a de projectes dels Sectors Geogr\u00e0fics Bages-Bergued\u00e0 i Osona-Ripoll\u00e8s\u00a0d&#8217;Esplais Catalans.<\/div>\n<ul>\n<li>\n<div class=\"gmail_default\" style=\"text-align: justify;\"><strong>Pla\u00e7a de coordinador\/a de projectes del Sector geogr\u00e0fic Vall\u00e8s:<\/strong><\/div>\n<p>Contracte de 25 hores setmanals.\u00a0Els curr\u00edculums i les cartes de motivaci\u00f3 les heu de fer arribar a esplac@esplac.cat amb la refer\u00e8ncia <strong>ST_VLL<\/strong> a l&#8217;assumpte del mail. <strong><a href=\"http:\/\/www.esplac.cat\/wp-content\/uploads\/2017\/02\/convocatoria_sector_VLL.pdf\" target=\"_blank\" rel=\"noopener noreferrer\">Cliqueu aqu\u00ed per llegir tota la informaci\u00f3 sobre la\u00a0convocat\u00f2ria<\/a>.<\/strong><\/li>\n<li>\n<div class=\"gmail_default\" style=\"text-align: justify;\"><strong>Pla\u00e7a de coordinador\/a de projectes del Sector geogr\u00e0fic Bages-Bergued\u00e0 i Osona-Ripoll\u00e8s:<\/strong><\/div>\n<p>Contracte de 20 hores setmanals.\u00a0Els curr\u00edculums i les cartes de motivaci\u00f3 les heu de fer arribar a esplac@esplac.cat amb la refer\u00e8ncia <strong>ST_BBOR<\/strong> a l&#8217;assumpte del mail. <strong><a href=\"http:\/\/www.esplac.cat\/wp-content\/uploads\/2017\/02\/convocatoria_sector_BB_OR.pdf\" target=\"_blank\" rel=\"noopener noreferrer\">Cliqueu aqu\u00ed per llegir tota la informaci\u00f3 sobre la\u00a0convocat\u00f2ria<\/a>.<\/strong><\/li>\n<\/ul>\n<div class=\"gmail_default\" style=\"text-align: justify;\">El termini de presentaci\u00f3 de Curr\u00edculums i cartes de motivaci\u00f3 per a les\u00a0dues ofertes finalitzar\u00e0 el\u00a0<span style=\"text-decoration: underline;\"><strong>dilluns\u00a020\u00a0de febrer\u00a0de 2017<\/strong>.<\/span><\/div>\n<p>Tot esperant rebre les vostres sol\u00b7licituds, rebeu una molt cordial salutaci\u00f3.<\/p>\n","protected":false},"excerpt":{"rendered":"<p>El termini per presentar els curr\u00edculums i cartes de motivaci\u00f3 [&hellip;]<\/p>\n","protected":false},"author":3,"featured_media":24818,"comment_status":"closed","ping_status":"open","sticky":false,"template":"","format":"standard","meta":{"om_disable_all_campaigns":false,"_monsterinsights_skip_tracking":false,"_monsterinsights_sitenote_active":false,"_monsterinsights_sitenote_note":"","_monsterinsights_sitenote_category":0,"_uf_show_specific_survey":0,"_uf_disable_surveys":false,"footnotes":""},"categories":[1116,1],"tags":[329,306,441,797,118,116,122],"class_list":["post-24915","post","type-post","status-publish","format-standard","has-post-thumbnail","hentry","category-secretaria-esplac","category-sense-categoria","tag-coordinador-de-projectes","tag-feina","tag-laboral","tag-oferta-de-feina","tag-sector-bages-bergueda","tag-sector-osona-ripolles","tag-sector-valles"],"yoast_head":"<!-- This site is optimized with the Yoast SEO plugin v27.4 - https:\/\/yoast.com\/product\/yoast-seo-wordpress\/ -->\n<title>Obrim dues places de coordinador\/a de projectes dels sectors Vall\u00e8s i Bages-Bergued\u00e0\/Osona-Ripoll\u00e8s - Esplac<\/title>\n<meta name=\"robots\" content=\"index, follow, max-snippet:-1, max-image-preview:large, max-video-preview:-1\" \/>\n<link rel=\"canonical\" href=\"https:\/\/www.esplac.cat\/es\/obrim-dues-places-de-coordinadora-de-projectes-dels-sectors-valles-i-bages-berguedaosona-ripolles\/\" \/>\n<meta property=\"og:locale\" content=\"en_US\" \/>\n<meta property=\"og:type\" content=\"article\" \/>\n<meta property=\"og:title\" content=\"Obrim dues places de coordinador\/a de projectes dels sectors Vall\u00e8s i Bages-Bergued\u00e0\/Osona-Ripoll\u00e8s - Esplac\" \/>\n<meta property=\"og:description\" content=\"El termini per presentar els curr\u00edculums i cartes de motivaci\u00f3 [&hellip;]\" \/>\n<meta property=\"og:url\" content=\"https:\/\/www.esplac.cat\/es\/obrim-dues-places-de-coordinadora-de-projectes-dels-sectors-valles-i-bages-berguedaosona-ripolles\/\" \/>\n<meta property=\"og:site_name\" content=\"Esplac\" \/>\n<meta property=\"article:published_time\" content=\"2017-02-09T09:43:52+00:00\" \/>\n<meta property=\"og:image\" content=\"https:\/\/www.esplac.cat\/wp-content\/uploads\/2015\/11\/Noti_Web_Valles_AGO.jpg\" \/>\n\t<meta property=\"og:image:width\" content=\"847\" \/>\n\t<meta property=\"og:image:height\" content=\"350\" \/>\n\t<meta property=\"og:image:type\" content=\"image\/jpeg\" \/>\n<meta name=\"author\" content=\"Comunicaci\u00f3 Esplac\" \/>\n<meta name=\"twitter:card\" content=\"summary_large_image\" \/>\n<meta name=\"twitter:label1\" content=\"Written by\" \/>\n\t<meta name=\"twitter:data1\" content=\"Comunicaci\u00f3 Esplac\" \/>\n\t<meta name=\"twitter:label2\" content=\"Est. reading time\" \/>\n\t<meta name=\"twitter:data2\" content=\"1 minute\" \/>\n<script type=\"application\/ld+json\" class=\"yoast-schema-graph\">{\"@context\":\"https:\\\/\\\/schema.org\",\"@graph\":[{\"@type\":\"Article\",\"@id\":\"https:\\\/\\\/www.esplac.cat\\\/es\\\/obrim-dues-places-de-coordinadora-de-projectes-dels-sectors-valles-i-bages-berguedaosona-ripolles\\\/#article\",\"isPartOf\":{\"@id\":\"https:\\\/\\\/www.esplac.cat\\\/es\\\/obrim-dues-places-de-coordinadora-de-projectes-dels-sectors-valles-i-bages-berguedaosona-ripolles\\\/\"},\"author\":{\"name\":\"Comunicaci\u00f3 Esplac\",\"@id\":\"https:\\\/\\\/www.esplac.cat\\\/#\\\/schema\\\/person\\\/908383cf240be18b68f8855d0583faca\"},\"headline\":\"Obrim dues places de coordinador\\\/a de projectes dels sectors Vall\u00e8s i Bages-Bergued\u00e0\\\/Osona-Ripoll\u00e8s\",\"datePublished\":\"2017-02-09T09:43:52+00:00\",\"mainEntityOfPage\":{\"@id\":\"https:\\\/\\\/www.esplac.cat\\\/es\\\/obrim-dues-places-de-coordinadora-de-projectes-dels-sectors-valles-i-bages-berguedaosona-ripolles\\\/\"},\"wordCount\":236,\"publisher\":{\"@id\":\"https:\\\/\\\/www.esplac.cat\\\/#organization\"},\"image\":{\"@id\":\"https:\\\/\\\/www.esplac.cat\\\/es\\\/obrim-dues-places-de-coordinadora-de-projectes-dels-sectors-valles-i-bages-berguedaosona-ripolles\\\/#primaryimage\"},\"thumbnailUrl\":\"https:\\\/\\\/www.esplac.cat\\\/wp-content\\\/uploads\\\/2015\\\/11\\\/Noti_Web_Valles_AGO.jpg\",\"keywords\":[\"coordinador de projectes\",\"feina\",\"laboral\",\"oferta de feina\",\"Sector Bages-Bergued\u00e0\",\"sector Osona-Ripoll\u00e8s\",\"sector Vall\u00e8s\"],\"articleSection\":[\"Secretaria T\u00e8cnica\",\"Sense categoria\"],\"inLanguage\":\"en-US\"},{\"@type\":\"WebPage\",\"@id\":\"https:\\\/\\\/www.esplac.cat\\\/es\\\/obrim-dues-places-de-coordinadora-de-projectes-dels-sectors-valles-i-bages-berguedaosona-ripolles\\\/\",\"url\":\"https:\\\/\\\/www.esplac.cat\\\/es\\\/obrim-dues-places-de-coordinadora-de-projectes-dels-sectors-valles-i-bages-berguedaosona-ripolles\\\/\",\"name\":\"Obrim dues places de coordinador\\\/a de projectes dels sectors Vall\u00e8s i Bages-Bergued\u00e0\\\/Osona-Ripoll\u00e8s - Esplac\",\"isPartOf\":{\"@id\":\"https:\\\/\\\/www.esplac.cat\\\/#website\"},\"primaryImageOfPage\":{\"@id\":\"https:\\\/\\\/www.esplac.cat\\\/es\\\/obrim-dues-places-de-coordinadora-de-projectes-dels-sectors-valles-i-bages-berguedaosona-ripolles\\\/#primaryimage\"},\"image\":{\"@id\":\"https:\\\/\\\/www.esplac.cat\\\/es\\\/obrim-dues-places-de-coordinadora-de-projectes-dels-sectors-valles-i-bages-berguedaosona-ripolles\\\/#primaryimage\"},\"thumbnailUrl\":\"https:\\\/\\\/www.esplac.cat\\\/wp-content\\\/uploads\\\/2015\\\/11\\\/Noti_Web_Valles_AGO.jpg\",\"datePublished\":\"2017-02-09T09:43:52+00:00\",\"breadcrumb\":{\"@id\":\"https:\\\/\\\/www.esplac.cat\\\/es\\\/obrim-dues-places-de-coordinadora-de-projectes-dels-sectors-valles-i-bages-berguedaosona-ripolles\\\/#breadcrumb\"},\"inLanguage\":\"en-US\",\"potentialAction\":[{\"@type\":\"ReadAction\",\"target\":[\"https:\\\/\\\/www.esplac.cat\\\/es\\\/obrim-dues-places-de-coordinadora-de-projectes-dels-sectors-valles-i-bages-berguedaosona-ripolles\\\/\"]}]},{\"@type\":\"ImageObject\",\"inLanguage\":\"en-US\",\"@id\":\"https:\\\/\\\/www.esplac.cat\\\/es\\\/obrim-dues-places-de-coordinadora-de-projectes-dels-sectors-valles-i-bages-berguedaosona-ripolles\\\/#primaryimage\",\"url\":\"https:\\\/\\\/www.esplac.cat\\\/wp-content\\\/uploads\\\/2015\\\/11\\\/Noti_Web_Valles_AGO.jpg\",\"contentUrl\":\"https:\\\/\\\/www.esplac.cat\\\/wp-content\\\/uploads\\\/2015\\\/11\\\/Noti_Web_Valles_AGO.jpg\",\"width\":847,\"height\":350},{\"@type\":\"BreadcrumbList\",\"@id\":\"https:\\\/\\\/www.esplac.cat\\\/es\\\/obrim-dues-places-de-coordinadora-de-projectes-dels-sectors-valles-i-bages-berguedaosona-ripolles\\\/#breadcrumb\",\"itemListElement\":[{\"@type\":\"ListItem\",\"position\":1,\"name\":\"Inici\",\"item\":\"https:\\\/\\\/www.esplac.cat\\\/en\\\/\"},{\"@type\":\"ListItem\",\"position\":2,\"name\":\"Obrim dues places de coordinador\\\/a de projectes dels sectors Vall\u00e8s i Bages-Bergued\u00e0\\\/Osona-Ripoll\u00e8s\"}]},{\"@type\":\"WebSite\",\"@id\":\"https:\\\/\\\/www.esplac.cat\\\/#website\",\"url\":\"https:\\\/\\\/www.esplac.cat\\\/\",\"name\":\"Esplac\",\"description\":\"Esplais Catalans\",\"publisher\":{\"@id\":\"https:\\\/\\\/www.esplac.cat\\\/#organization\"},\"potentialAction\":[{\"@type\":\"SearchAction\",\"target\":{\"@type\":\"EntryPoint\",\"urlTemplate\":\"https:\\\/\\\/www.esplac.cat\\\/?s={search_term_string}\"},\"query-input\":{\"@type\":\"PropertyValueSpecification\",\"valueRequired\":true,\"valueName\":\"search_term_string\"}}],\"inLanguage\":\"en-US\"},{\"@type\":\"Organization\",\"@id\":\"https:\\\/\\\/www.esplac.cat\\\/#organization\",\"name\":\"Esplac\",\"url\":\"https:\\\/\\\/www.esplac.cat\\\/\",\"logo\":{\"@type\":\"ImageObject\",\"inLanguage\":\"en-US\",\"@id\":\"https:\\\/\\\/www.esplac.cat\\\/#\\\/schema\\\/logo\\\/image\\\/\",\"url\":\"https:\\\/\\\/www.esplac.cat\\\/wp-content\\\/uploads\\\/2019\\\/08\\\/logox2.png\",\"contentUrl\":\"https:\\\/\\\/www.esplac.cat\\\/wp-content\\\/uploads\\\/2019\\\/08\\\/logox2.png\",\"width\":600,\"height\":295,\"caption\":\"Esplac\"},\"image\":{\"@id\":\"https:\\\/\\\/www.esplac.cat\\\/#\\\/schema\\\/logo\\\/image\\\/\"}},{\"@type\":\"Person\",\"@id\":\"https:\\\/\\\/www.esplac.cat\\\/#\\\/schema\\\/person\\\/908383cf240be18b68f8855d0583faca\",\"name\":\"Comunicaci\u00f3 Esplac\",\"image\":{\"@type\":\"ImageObject\",\"inLanguage\":\"en-US\",\"@id\":\"https:\\\/\\\/secure.gravatar.com\\\/avatar\\\/7a4cf8feb412a76ea4a740ca02d95b06b2907b5a6c648c2dd0a1082a093c3141?s=96&d=mm&r=g\",\"url\":\"https:\\\/\\\/secure.gravatar.com\\\/avatar\\\/7a4cf8feb412a76ea4a740ca02d95b06b2907b5a6c648c2dd0a1082a093c3141?s=96&d=mm&r=g\",\"contentUrl\":\"https:\\\/\\\/secure.gravatar.com\\\/avatar\\\/7a4cf8feb412a76ea4a740ca02d95b06b2907b5a6c648c2dd0a1082a093c3141?s=96&d=mm&r=g\",\"caption\":\"Comunicaci\u00f3 Esplac\"}}]}<\/script>\n<!-- \/ Yoast SEO plugin. -->","yoast_head_json":{"title":"Obrim dues places de coordinador\/a de projectes dels sectors Vall\u00e8s i Bages-Bergued\u00e0\/Osona-Ripoll\u00e8s - Esplac","robots":{"index":"index","follow":"follow","max-snippet":"max-snippet:-1","max-image-preview":"max-image-preview:large","max-video-preview":"max-video-preview:-1"},"canonical":"https:\/\/www.esplac.cat\/es\/obrim-dues-places-de-coordinadora-de-projectes-dels-sectors-valles-i-bages-berguedaosona-ripolles\/","og_locale":"en_US","og_type":"article","og_title":"Obrim dues places de coordinador\/a de projectes dels sectors Vall\u00e8s i Bages-Bergued\u00e0\/Osona-Ripoll\u00e8s - Esplac","og_description":"El termini per presentar els curr\u00edculums i cartes de motivaci\u00f3 [&hellip;]","og_url":"https:\/\/www.esplac.cat\/es\/obrim-dues-places-de-coordinadora-de-projectes-dels-sectors-valles-i-bages-berguedaosona-ripolles\/","og_site_name":"Esplac","article_published_time":"2017-02-09T09:43:52+00:00","og_image":[{"width":847,"height":350,"url":"https:\/\/www.esplac.cat\/wp-content\/uploads\/2015\/11\/Noti_Web_Valles_AGO.jpg","type":"image\/jpeg"}],"author":"Comunicaci\u00f3 Esplac","twitter_card":"summary_large_image","twitter_misc":{"Written by":"Comunicaci\u00f3 Esplac","Est. reading time":"1 minute"},"schema":{"@context":"https:\/\/schema.org","@graph":[{"@type":"Article","@id":"https:\/\/www.esplac.cat\/es\/obrim-dues-places-de-coordinadora-de-projectes-dels-sectors-valles-i-bages-berguedaosona-ripolles\/#article","isPartOf":{"@id":"https:\/\/www.esplac.cat\/es\/obrim-dues-places-de-coordinadora-de-projectes-dels-sectors-valles-i-bages-berguedaosona-ripolles\/"},"author":{"name":"Comunicaci\u00f3 Esplac","@id":"https:\/\/www.esplac.cat\/#\/schema\/person\/908383cf240be18b68f8855d0583faca"},"headline":"Obrim dues places de coordinador\/a de projectes dels sectors Vall\u00e8s i Bages-Bergued\u00e0\/Osona-Ripoll\u00e8s","datePublished":"2017-02-09T09:43:52+00:00","mainEntityOfPage":{"@id":"https:\/\/www.esplac.cat\/es\/obrim-dues-places-de-coordinadora-de-projectes-dels-sectors-valles-i-bages-berguedaosona-ripolles\/"},"wordCount":236,"publisher":{"@id":"https:\/\/www.esplac.cat\/#organization"},"image":{"@id":"https:\/\/www.esplac.cat\/es\/obrim-dues-places-de-coordinadora-de-projectes-dels-sectors-valles-i-bages-berguedaosona-ripolles\/#primaryimage"},"thumbnailUrl":"https:\/\/www.esplac.cat\/wp-content\/uploads\/2015\/11\/Noti_Web_Valles_AGO.jpg","keywords":["coordinador de projectes","feina","laboral","oferta de feina","Sector Bages-Bergued\u00e0","sector Osona-Ripoll\u00e8s","sector Vall\u00e8s"],"articleSection":["Secretaria T\u00e8cnica","Sense categoria"],"inLanguage":"en-US"},{"@type":"WebPage","@id":"https:\/\/www.esplac.cat\/es\/obrim-dues-places-de-coordinadora-de-projectes-dels-sectors-valles-i-bages-berguedaosona-ripolles\/","url":"https:\/\/www.esplac.cat\/es\/obrim-dues-places-de-coordinadora-de-projectes-dels-sectors-valles-i-bages-berguedaosona-ripolles\/","name":"Obrim dues places de coordinador\/a de projectes dels sectors Vall\u00e8s i Bages-Bergued\u00e0\/Osona-Ripoll\u00e8s - Esplac","isPartOf":{"@id":"https:\/\/www.esplac.cat\/#website"},"primaryImageOfPage":{"@id":"https:\/\/www.esplac.cat\/es\/obrim-dues-places-de-coordinadora-de-projectes-dels-sectors-valles-i-bages-berguedaosona-ripolles\/#primaryimage"},"image":{"@id":"https:\/\/www.esplac.cat\/es\/obrim-dues-places-de-coordinadora-de-projectes-dels-sectors-valles-i-bages-berguedaosona-ripolles\/#primaryimage"},"thumbnailUrl":"https:\/\/www.esplac.cat\/wp-content\/uploads\/2015\/11\/Noti_Web_Valles_AGO.jpg","datePublished":"2017-02-09T09:43:52+00:00","breadcrumb":{"@id":"https:\/\/www.esplac.cat\/es\/obrim-dues-places-de-coordinadora-de-projectes-dels-sectors-valles-i-bages-berguedaosona-ripolles\/#breadcrumb"},"inLanguage":"en-US","potentialAction":[{"@type":"ReadAction","target":["https:\/\/www.esplac.cat\/es\/obrim-dues-places-de-coordinadora-de-projectes-dels-sectors-valles-i-bages-berguedaosona-ripolles\/"]}]},{"@type":"ImageObject","inLanguage":"en-US","@id":"https:\/\/www.esplac.cat\/es\/obrim-dues-places-de-coordinadora-de-projectes-dels-sectors-valles-i-bages-berguedaosona-ripolles\/#primaryimage","url":"https:\/\/www.esplac.cat\/wp-content\/uploads\/2015\/11\/Noti_Web_Valles_AGO.jpg","contentUrl":"https:\/\/www.esplac.cat\/wp-content\/uploads\/2015\/11\/Noti_Web_Valles_AGO.jpg","width":847,"height":350},{"@type":"BreadcrumbList","@id":"https:\/\/www.esplac.cat\/es\/obrim-dues-places-de-coordinadora-de-projectes-dels-sectors-valles-i-bages-berguedaosona-ripolles\/#breadcrumb","itemListElement":[{"@type":"ListItem","position":1,"name":"Inici","item":"https:\/\/www.esplac.cat\/en\/"},{"@type":"ListItem","position":2,"name":"Obrim dues places de coordinador\/a de projectes dels sectors Vall\u00e8s i Bages-Bergued\u00e0\/Osona-Ripoll\u00e8s"}]},{"@type":"WebSite","@id":"https:\/\/www.esplac.cat\/#website","url":"https:\/\/www.esplac.cat\/","name":"Esplac","description":"Esplais Catalans","publisher":{"@id":"https:\/\/www.esplac.cat\/#organization"},"potentialAction":[{"@type":"SearchAction","target":{"@type":"EntryPoint","urlTemplate":"https:\/\/www.esplac.cat\/?s={search_term_string}"},"query-input":{"@type":"PropertyValueSpecification","valueRequired":true,"valueName":"search_term_string"}}],"inLanguage":"en-US"},{"@type":"Organization","@id":"https:\/\/www.esplac.cat\/#organization","name":"Esplac","url":"https:\/\/www.esplac.cat\/","logo":{"@type":"ImageObject","inLanguage":"en-US","@id":"https:\/\/www.esplac.cat\/#\/schema\/logo\/image\/","url":"https:\/\/www.esplac.cat\/wp-content\/uploads\/2019\/08\/logox2.png","contentUrl":"https:\/\/www.esplac.cat\/wp-content\/uploads\/2019\/08\/logox2.png","width":600,"height":295,"caption":"Esplac"},"image":{"@id":"https:\/\/www.esplac.cat\/#\/schema\/logo\/image\/"}},{"@type":"Person","@id":"https:\/\/www.esplac.cat\/#\/schema\/person\/908383cf240be18b68f8855d0583faca","name":"Comunicaci\u00f3 Esplac","image":{"@type":"ImageObject","inLanguage":"en-US","@id":"https:\/\/secure.gravatar.com\/avatar\/7a4cf8feb412a76ea4a740ca02d95b06b2907b5a6c648c2dd0a1082a093c3141?s=96&d=mm&r=g","url":"https:\/\/secure.gravatar.com\/avatar\/7a4cf8feb412a76ea4a740ca02d95b06b2907b5a6c648c2dd0a1082a093c3141?s=96&d=mm&r=g","contentUrl":"https:\/\/secure.gravatar.com\/avatar\/7a4cf8feb412a76ea4a740ca02d95b06b2907b5a6c648c2dd0a1082a093c3141?s=96&d=mm&r=g","caption":"Comunicaci\u00f3 Esplac"}}]}},"_links":{"self":[{"href":"https:\/\/www.esplac.cat\/en\/wp-json\/wp\/v2\/posts\/24915","targetHints":{"allow":["GET"]}}],"collection":[{"href":"https:\/\/www.esplac.cat\/en\/wp-json\/wp\/v2\/posts"}],"about":[{"href":"https:\/\/www.esplac.cat\/en\/wp-json\/wp\/v2\/types\/post"}],"author":[{"embeddable":true,"href":"https:\/\/www.esplac.cat\/en\/wp-json\/wp\/v2\/users\/3"}],"replies":[{"embeddable":true,"href":"https:\/\/www.esplac.cat\/en\/wp-json\/wp\/v2\/comments?post=24915"}],"version-history":[{"count":0,"href":"https:\/\/www.esplac.cat\/en\/wp-json\/wp\/v2\/posts\/24915\/revisions"}],"wp:featuredmedia":[{"embeddable":true,"href":"https:\/\/www.esplac.cat\/en\/wp-json\/wp\/v2\/media\/24818"}],"wp:attachment":[{"href":"https:\/\/www.esplac.cat\/en\/wp-json\/wp\/v2\/media?parent=24915"}],"wp:term":[{"taxonomy":"category","embeddable":true,"href":"https:\/\/www.esplac.cat\/en\/wp-json\/wp\/v2\/categories?post=24915"},{"taxonomy":"post_tag","embeddable":true,"href":"https:\/\/www.esplac.cat\/en\/wp-json\/wp\/v2\/tags?post=24915"}],"curies":[{"name":"wp","href":"https:\/\/api.w.org\/{rel}","templated":true}]}}