{"id":24926,"date":"2017-01-20T11:01:04","date_gmt":"2017-01-20T09:01:04","guid":{"rendered":"http:\/\/www.esplac.cat\/?p=12061"},"modified":"2020-03-30T10:49:47","modified_gmt":"2020-03-30T09:49:47","slug":"jornades-formatives-interculturalitat","status":"publish","type":"post","link":"https:\/\/www.esplac.cat\/en\/jornades-formatives-interculturalitat\/","title":{"rendered":"Jornades formatives d\u2019interculturalitat a l\u2019esplai"},"content":{"rendered":"<h4 style=\"text-align: justify;\">Obertes les inscripcions per apuntar-se a unes formacions entre l\u20191 i el 10 de febrer per treballar la diversitat a l\u2019esplai organitzada per Esplac i l\u2019Escola Lliure El Sol<\/h4>\n<p style=\"text-align: justify;\">Comencem l\u2019any posant en marxa un projecte per apropar els esplais i agrupaments a diferents realitats culturals. Conjuntament amb l\u2019Escola Lliure el Sol, estem organitzant unes jornades formatives per treballar la diversitat cultural a l\u2019esplai. Us resumim la informaci\u00f3 m\u00e9s important a continuaci\u00f3!<\/p>\n<h3 style=\"text-align: justify;\">Quan es faran i on?<\/h3>\n<p style=\"text-align: justify;\">Es programen QUATRE sessions formatives de 2,5 hores entre l\u20191 i el 10 de febrer a les aules de l\u2019Escola Lliure el Sol (Av. de les Drassanes, 3. Barcelona) el Dimecres 1\/02, Divendres 3\/02, Dimecres 8\/02 I Divendres 10\/02 de 16:30-19h.<\/p>\n<h3 style=\"text-align: justify;\">Qui hi pot participar?<\/h3>\n<p style=\"text-align: justify;\">Poden participar monitors i monitores d\u2019esplais que tinguin ganes de rebre formaci\u00f3 sobre interculturalitat I desenvolupar accions per promoure-la a les seves entitats.<\/p>\n<h3 style=\"text-align: justify;\">Qu\u00e8 es far\u00e0 a la formaci\u00f3?<\/h3>\n<p style=\"text-align: justify;\">Analitzarem com expliquem els nostres projectes i si les pr\u00e0ctiques quotidianes s\u00f3n \u2013i volem que siguin- inclusives per a diferents p\u00fablics. L\u2019objectiu de la formaci\u00f3 \u00e9s posar en pr\u00e0ctica accions que contribueixin a fer dels esplais espais m\u00e9s inclusius i que hi participin m\u00e9s persones de diferents or\u00edgens i cultures.<\/p>\n<h3 style=\"text-align: justify;\">I comptabilitza hores pel curs \u00e8xit Marta Mata?<\/h3>\n<p style=\"text-align: justify;\">S\u00ed, 10 hores.<\/p>\n<h3 style=\"text-align: justify;\">I despr\u00e9s de la formaci\u00f2, qu\u00e8?<\/h3>\n<p style=\"text-align: justify;\">S\u2019ofereix un acompanyament als esplais participants per dur a la pr\u00e0ctica les accions pensades durant la formaci\u00f3 I avaluar l\u2019impacte.<\/p>\n<h3 style=\"text-align: justify;\">On ens podem inscriure?<\/h3>\n<p style=\"text-align: justify;\"><a href=\"http:\/\/www.escolaelsol.org\/oferta-formativa\/-interculturalitat-a-l-esplai.htm\" target=\"_blank\" rel=\"noopener noreferrer\">Clica en aquest enlla\u00e7 per trobar m\u00e9s informaci\u00f3 i el formulari per apuntar-vos a la formaci\u00f3.<\/a><\/p>\n","protected":false},"excerpt":{"rendered":"<p>Obertes les inscripcions per apuntar-se a unes formacions entre l\u20191 [&hellip;]<\/p>\n","protected":false},"author":3,"featured_media":24927,"comment_status":"closed","ping_status":"open","sticky":false,"template":"","format":"standard","meta":{"om_disable_all_campaigns":false,"_monsterinsights_skip_tracking":false,"_monsterinsights_sitenote_active":false,"_monsterinsights_sitenote_note":"","_monsterinsights_sitenote_category":0,"_uf_show_specific_survey":0,"_uf_disable_surveys":false,"footnotes":""},"categories":[1131,1],"tags":[],"class_list":["post-24926","post","type-post","status-publish","format-standard","has-post-thumbnail","hentry","category-cursos-formacions","category-sense-categoria"],"yoast_head":"<!-- This site is optimized with the Yoast SEO plugin v27.5 - https:\/\/yoast.com\/product\/yoast-seo-wordpress\/ -->\n<title>Jornades formatives d\u2019interculturalitat a l\u2019esplai - Esplac<\/title>\n<meta name=\"robots\" content=\"index, follow, max-snippet:-1, max-image-preview:large, max-video-preview:-1\" \/>\n<link rel=\"canonical\" href=\"https:\/\/www.esplac.cat\/jornades-formatives-interculturalitat\/\" \/>\n<meta property=\"og:locale\" content=\"en_US\" \/>\n<meta property=\"og:type\" content=\"article\" \/>\n<meta property=\"og:title\" content=\"Jornades formatives d\u2019interculturalitat a l\u2019esplai - Esplac\" \/>\n<meta property=\"og:description\" content=\"Obertes les inscripcions per apuntar-se a unes formacions entre l\u20191 [&hellip;]\" \/>\n<meta property=\"og:url\" content=\"https:\/\/www.esplac.cat\/jornades-formatives-interculturalitat\/\" \/>\n<meta property=\"og:site_name\" content=\"Esplac\" \/>\n<meta property=\"article:published_time\" content=\"2017-01-20T09:01:04+00:00\" \/>\n<meta property=\"article:modified_time\" content=\"2020-03-30T09:49:47+00:00\" \/>\n<meta property=\"og:image\" content=\"https:\/\/www.esplac.cat\/wp-content\/uploads\/2017\/01\/20170120_formacions-interculturals.jpg\" \/>\n\t<meta property=\"og:image:width\" content=\"847\" \/>\n\t<meta property=\"og:image:height\" content=\"351\" \/>\n\t<meta property=\"og:image:type\" content=\"image\/jpeg\" \/>\n<meta name=\"author\" content=\"Comunicaci\u00f3 Esplac\" \/>\n<meta name=\"twitter:card\" content=\"summary_large_image\" \/>\n<meta name=\"twitter:label1\" content=\"Written by\" \/>\n\t<meta name=\"twitter:data1\" content=\"Comunicaci\u00f3 Esplac\" \/>\n\t<meta name=\"twitter:label2\" content=\"Est. reading time\" \/>\n\t<meta name=\"twitter:data2\" content=\"1 minute\" \/>\n<script type=\"application\/ld+json\" class=\"yoast-schema-graph\">{\"@context\":\"https:\\\/\\\/schema.org\",\"@graph\":[{\"@type\":\"Article\",\"@id\":\"https:\\\/\\\/www.esplac.cat\\\/jornades-formatives-interculturalitat\\\/#article\",\"isPartOf\":{\"@id\":\"https:\\\/\\\/www.esplac.cat\\\/jornades-formatives-interculturalitat\\\/\"},\"author\":{\"name\":\"Comunicaci\u00f3 Esplac\",\"@id\":\"https:\\\/\\\/www.esplac.cat\\\/#\\\/schema\\\/person\\\/908383cf240be18b68f8855d0583faca\"},\"headline\":\"Jornades formatives d\u2019interculturalitat a l\u2019esplai\",\"datePublished\":\"2017-01-20T09:01:04+00:00\",\"dateModified\":\"2020-03-30T09:49:47+00:00\",\"mainEntityOfPage\":{\"@id\":\"https:\\\/\\\/www.esplac.cat\\\/jornades-formatives-interculturalitat\\\/\"},\"wordCount\":278,\"publisher\":{\"@id\":\"https:\\\/\\\/www.esplac.cat\\\/#organization\"},\"image\":{\"@id\":\"https:\\\/\\\/www.esplac.cat\\\/jornades-formatives-interculturalitat\\\/#primaryimage\"},\"thumbnailUrl\":\"https:\\\/\\\/www.esplac.cat\\\/wp-content\\\/uploads\\\/2017\\\/01\\\/20170120_formacions-interculturals.jpg\",\"articleSection\":[\"Cursos i formacions\",\"Sense categoria\"],\"inLanguage\":\"en-US\"},{\"@type\":\"WebPage\",\"@id\":\"https:\\\/\\\/www.esplac.cat\\\/jornades-formatives-interculturalitat\\\/\",\"url\":\"https:\\\/\\\/www.esplac.cat\\\/jornades-formatives-interculturalitat\\\/\",\"name\":\"Jornades formatives d\u2019interculturalitat a l\u2019esplai - Esplac\",\"isPartOf\":{\"@id\":\"https:\\\/\\\/www.esplac.cat\\\/#website\"},\"primaryImageOfPage\":{\"@id\":\"https:\\\/\\\/www.esplac.cat\\\/jornades-formatives-interculturalitat\\\/#primaryimage\"},\"image\":{\"@id\":\"https:\\\/\\\/www.esplac.cat\\\/jornades-formatives-interculturalitat\\\/#primaryimage\"},\"thumbnailUrl\":\"https:\\\/\\\/www.esplac.cat\\\/wp-content\\\/uploads\\\/2017\\\/01\\\/20170120_formacions-interculturals.jpg\",\"datePublished\":\"2017-01-20T09:01:04+00:00\",\"dateModified\":\"2020-03-30T09:49:47+00:00\",\"breadcrumb\":{\"@id\":\"https:\\\/\\\/www.esplac.cat\\\/jornades-formatives-interculturalitat\\\/#breadcrumb\"},\"inLanguage\":\"en-US\",\"potentialAction\":[{\"@type\":\"ReadAction\",\"target\":[\"https:\\\/\\\/www.esplac.cat\\\/jornades-formatives-interculturalitat\\\/\"]}]},{\"@type\":\"ImageObject\",\"inLanguage\":\"en-US\",\"@id\":\"https:\\\/\\\/www.esplac.cat\\\/jornades-formatives-interculturalitat\\\/#primaryimage\",\"url\":\"https:\\\/\\\/www.esplac.cat\\\/wp-content\\\/uploads\\\/2017\\\/01\\\/20170120_formacions-interculturals.jpg\",\"contentUrl\":\"https:\\\/\\\/www.esplac.cat\\\/wp-content\\\/uploads\\\/2017\\\/01\\\/20170120_formacions-interculturals.jpg\",\"width\":847,\"height\":351},{\"@type\":\"BreadcrumbList\",\"@id\":\"https:\\\/\\\/www.esplac.cat\\\/jornades-formatives-interculturalitat\\\/#breadcrumb\",\"itemListElement\":[{\"@type\":\"ListItem\",\"position\":1,\"name\":\"Inici\",\"item\":\"https:\\\/\\\/www.esplac.cat\\\/en\\\/\"},{\"@type\":\"ListItem\",\"position\":2,\"name\":\"Jornades formatives d\u2019interculturalitat a l\u2019esplai\"}]},{\"@type\":\"WebSite\",\"@id\":\"https:\\\/\\\/www.esplac.cat\\\/#website\",\"url\":\"https:\\\/\\\/www.esplac.cat\\\/\",\"name\":\"Esplac\",\"description\":\"Esplais Catalans\",\"publisher\":{\"@id\":\"https:\\\/\\\/www.esplac.cat\\\/#organization\"},\"potentialAction\":[{\"@type\":\"SearchAction\",\"target\":{\"@type\":\"EntryPoint\",\"urlTemplate\":\"https:\\\/\\\/www.esplac.cat\\\/?s={search_term_string}\"},\"query-input\":{\"@type\":\"PropertyValueSpecification\",\"valueRequired\":true,\"valueName\":\"search_term_string\"}}],\"inLanguage\":\"en-US\"},{\"@type\":\"Organization\",\"@id\":\"https:\\\/\\\/www.esplac.cat\\\/#organization\",\"name\":\"Esplac\",\"url\":\"https:\\\/\\\/www.esplac.cat\\\/\",\"logo\":{\"@type\":\"ImageObject\",\"inLanguage\":\"en-US\",\"@id\":\"https:\\\/\\\/www.esplac.cat\\\/#\\\/schema\\\/logo\\\/image\\\/\",\"url\":\"https:\\\/\\\/www.esplac.cat\\\/wp-content\\\/uploads\\\/2019\\\/08\\\/logox2.png\",\"contentUrl\":\"https:\\\/\\\/www.esplac.cat\\\/wp-content\\\/uploads\\\/2019\\\/08\\\/logox2.png\",\"width\":600,\"height\":295,\"caption\":\"Esplac\"},\"image\":{\"@id\":\"https:\\\/\\\/www.esplac.cat\\\/#\\\/schema\\\/logo\\\/image\\\/\"}},{\"@type\":\"Person\",\"@id\":\"https:\\\/\\\/www.esplac.cat\\\/#\\\/schema\\\/person\\\/908383cf240be18b68f8855d0583faca\",\"name\":\"Comunicaci\u00f3 Esplac\",\"image\":{\"@type\":\"ImageObject\",\"inLanguage\":\"en-US\",\"@id\":\"https:\\\/\\\/secure.gravatar.com\\\/avatar\\\/7a4cf8feb412a76ea4a740ca02d95b06b2907b5a6c648c2dd0a1082a093c3141?s=96&d=mm&r=g\",\"url\":\"https:\\\/\\\/secure.gravatar.com\\\/avatar\\\/7a4cf8feb412a76ea4a740ca02d95b06b2907b5a6c648c2dd0a1082a093c3141?s=96&d=mm&r=g\",\"contentUrl\":\"https:\\\/\\\/secure.gravatar.com\\\/avatar\\\/7a4cf8feb412a76ea4a740ca02d95b06b2907b5a6c648c2dd0a1082a093c3141?s=96&d=mm&r=g\",\"caption\":\"Comunicaci\u00f3 Esplac\"}}]}<\/script>\n<!-- \/ Yoast SEO plugin. -->","yoast_head_json":{"title":"Jornades formatives d\u2019interculturalitat a l\u2019esplai - Esplac","robots":{"index":"index","follow":"follow","max-snippet":"max-snippet:-1","max-image-preview":"max-image-preview:large","max-video-preview":"max-video-preview:-1"},"canonical":"https:\/\/www.esplac.cat\/jornades-formatives-interculturalitat\/","og_locale":"en_US","og_type":"article","og_title":"Jornades formatives d\u2019interculturalitat a l\u2019esplai - Esplac","og_description":"Obertes les inscripcions per apuntar-se a unes formacions entre l\u20191 [&hellip;]","og_url":"https:\/\/www.esplac.cat\/jornades-formatives-interculturalitat\/","og_site_name":"Esplac","article_published_time":"2017-01-20T09:01:04+00:00","article_modified_time":"2020-03-30T09:49:47+00:00","og_image":[{"width":847,"height":351,"url":"https:\/\/www.esplac.cat\/wp-content\/uploads\/2017\/01\/20170120_formacions-interculturals.jpg","type":"image\/jpeg"}],"author":"Comunicaci\u00f3 Esplac","twitter_card":"summary_large_image","twitter_misc":{"Written by":"Comunicaci\u00f3 Esplac","Est. reading time":"1 minute"},"schema":{"@context":"https:\/\/schema.org","@graph":[{"@type":"Article","@id":"https:\/\/www.esplac.cat\/jornades-formatives-interculturalitat\/#article","isPartOf":{"@id":"https:\/\/www.esplac.cat\/jornades-formatives-interculturalitat\/"},"author":{"name":"Comunicaci\u00f3 Esplac","@id":"https:\/\/www.esplac.cat\/#\/schema\/person\/908383cf240be18b68f8855d0583faca"},"headline":"Jornades formatives d\u2019interculturalitat a l\u2019esplai","datePublished":"2017-01-20T09:01:04+00:00","dateModified":"2020-03-30T09:49:47+00:00","mainEntityOfPage":{"@id":"https:\/\/www.esplac.cat\/jornades-formatives-interculturalitat\/"},"wordCount":278,"publisher":{"@id":"https:\/\/www.esplac.cat\/#organization"},"image":{"@id":"https:\/\/www.esplac.cat\/jornades-formatives-interculturalitat\/#primaryimage"},"thumbnailUrl":"https:\/\/www.esplac.cat\/wp-content\/uploads\/2017\/01\/20170120_formacions-interculturals.jpg","articleSection":["Cursos i formacions","Sense categoria"],"inLanguage":"en-US"},{"@type":"WebPage","@id":"https:\/\/www.esplac.cat\/jornades-formatives-interculturalitat\/","url":"https:\/\/www.esplac.cat\/jornades-formatives-interculturalitat\/","name":"Jornades formatives d\u2019interculturalitat a l\u2019esplai - Esplac","isPartOf":{"@id":"https:\/\/www.esplac.cat\/#website"},"primaryImageOfPage":{"@id":"https:\/\/www.esplac.cat\/jornades-formatives-interculturalitat\/#primaryimage"},"image":{"@id":"https:\/\/www.esplac.cat\/jornades-formatives-interculturalitat\/#primaryimage"},"thumbnailUrl":"https:\/\/www.esplac.cat\/wp-content\/uploads\/2017\/01\/20170120_formacions-interculturals.jpg","datePublished":"2017-01-20T09:01:04+00:00","dateModified":"2020-03-30T09:49:47+00:00","breadcrumb":{"@id":"https:\/\/www.esplac.cat\/jornades-formatives-interculturalitat\/#breadcrumb"},"inLanguage":"en-US","potentialAction":[{"@type":"ReadAction","target":["https:\/\/www.esplac.cat\/jornades-formatives-interculturalitat\/"]}]},{"@type":"ImageObject","inLanguage":"en-US","@id":"https:\/\/www.esplac.cat\/jornades-formatives-interculturalitat\/#primaryimage","url":"https:\/\/www.esplac.cat\/wp-content\/uploads\/2017\/01\/20170120_formacions-interculturals.jpg","contentUrl":"https:\/\/www.esplac.cat\/wp-content\/uploads\/2017\/01\/20170120_formacions-interculturals.jpg","width":847,"height":351},{"@type":"BreadcrumbList","@id":"https:\/\/www.esplac.cat\/jornades-formatives-interculturalitat\/#breadcrumb","itemListElement":[{"@type":"ListItem","position":1,"name":"Inici","item":"https:\/\/www.esplac.cat\/en\/"},{"@type":"ListItem","position":2,"name":"Jornades formatives d\u2019interculturalitat a l\u2019esplai"}]},{"@type":"WebSite","@id":"https:\/\/www.esplac.cat\/#website","url":"https:\/\/www.esplac.cat\/","name":"Esplac","description":"Esplais Catalans","publisher":{"@id":"https:\/\/www.esplac.cat\/#organization"},"potentialAction":[{"@type":"SearchAction","target":{"@type":"EntryPoint","urlTemplate":"https:\/\/www.esplac.cat\/?s={search_term_string}"},"query-input":{"@type":"PropertyValueSpecification","valueRequired":true,"valueName":"search_term_string"}}],"inLanguage":"en-US"},{"@type":"Organization","@id":"https:\/\/www.esplac.cat\/#organization","name":"Esplac","url":"https:\/\/www.esplac.cat\/","logo":{"@type":"ImageObject","inLanguage":"en-US","@id":"https:\/\/www.esplac.cat\/#\/schema\/logo\/image\/","url":"https:\/\/www.esplac.cat\/wp-content\/uploads\/2019\/08\/logox2.png","contentUrl":"https:\/\/www.esplac.cat\/wp-content\/uploads\/2019\/08\/logox2.png","width":600,"height":295,"caption":"Esplac"},"image":{"@id":"https:\/\/www.esplac.cat\/#\/schema\/logo\/image\/"}},{"@type":"Person","@id":"https:\/\/www.esplac.cat\/#\/schema\/person\/908383cf240be18b68f8855d0583faca","name":"Comunicaci\u00f3 Esplac","image":{"@type":"ImageObject","inLanguage":"en-US","@id":"https:\/\/secure.gravatar.com\/avatar\/7a4cf8feb412a76ea4a740ca02d95b06b2907b5a6c648c2dd0a1082a093c3141?s=96&d=mm&r=g","url":"https:\/\/secure.gravatar.com\/avatar\/7a4cf8feb412a76ea4a740ca02d95b06b2907b5a6c648c2dd0a1082a093c3141?s=96&d=mm&r=g","contentUrl":"https:\/\/secure.gravatar.com\/avatar\/7a4cf8feb412a76ea4a740ca02d95b06b2907b5a6c648c2dd0a1082a093c3141?s=96&d=mm&r=g","caption":"Comunicaci\u00f3 Esplac"}}]}},"_links":{"self":[{"href":"https:\/\/www.esplac.cat\/en\/wp-json\/wp\/v2\/posts\/24926","targetHints":{"allow":["GET"]}}],"collection":[{"href":"https:\/\/www.esplac.cat\/en\/wp-json\/wp\/v2\/posts"}],"about":[{"href":"https:\/\/www.esplac.cat\/en\/wp-json\/wp\/v2\/types\/post"}],"author":[{"embeddable":true,"href":"https:\/\/www.esplac.cat\/en\/wp-json\/wp\/v2\/users\/3"}],"replies":[{"embeddable":true,"href":"https:\/\/www.esplac.cat\/en\/wp-json\/wp\/v2\/comments?post=24926"}],"version-history":[{"count":0,"href":"https:\/\/www.esplac.cat\/en\/wp-json\/wp\/v2\/posts\/24926\/revisions"}],"wp:featuredmedia":[{"embeddable":true,"href":"https:\/\/www.esplac.cat\/en\/wp-json\/wp\/v2\/media\/24927"}],"wp:attachment":[{"href":"https:\/\/www.esplac.cat\/en\/wp-json\/wp\/v2\/media?parent=24926"}],"wp:term":[{"taxonomy":"category","embeddable":true,"href":"https:\/\/www.esplac.cat\/en\/wp-json\/wp\/v2\/categories?post=24926"},{"taxonomy":"post_tag","embeddable":true,"href":"https:\/\/www.esplac.cat\/en\/wp-json\/wp\/v2\/tags?post=24926"}],"curies":[{"name":"wp","href":"https:\/\/api.w.org\/{rel}","templated":true}]}}