{"id":24928,"date":"2017-01-17T10:41:22","date_gmt":"2017-01-17T08:41:22","guid":{"rendered":"http:\/\/www.esplac.cat\/?p=12030"},"modified":"2017-01-17T10:41:22","modified_gmt":"2017-01-17T08:41:22","slug":"2-de-febrer-estrenem-el-documental-transformar-educant-als-cinemes-girona","status":"publish","type":"post","link":"https:\/\/www.esplac.cat\/en\/2-de-febrer-estrenem-el-documental-transformar-educant-als-cinemes-girona\/","title":{"rendered":"2 de febrer: Estrenem el documental &#8216;Transformar Educant&#8217; als cinemes Girona!"},"content":{"rendered":"<h4 style=\"text-align: justify;\">El documental, realitzat\u00a0per Esplac i la productora Camille Zonca, s&#8217;estrenar\u00e0 el dijous 2 de febrer a les 19:45 hores als Cinemes Girona (Barcelona).<\/h4>\n<p style=\"text-align: justify;\">Despr\u00e9s de gaireb\u00e9 un any de preparaci\u00f3 del projecte, veu la llum<strong>\u00a0&#8220;Transformar Educant: el documental dels esplais catalans&#8221;<\/strong>! El\u00a0projecte reflecteix a trav\u00e9s de la mirada de protagonistes de 3 generacions diferents els valors i manera de fer de l&#8217;esplai.<\/p>\n<p style=\"text-align: justify;\">Al llarg d\u2019un estiu descobrirem a trav\u00e9s d&#8217;aquests\u00a0personatges diferents activitats i moments caracter\u00edstics dels esplais i de l&#8217;educaci\u00f3 en el lleure. Uns campaments a la muntanya, l\u2019organitzaci\u00f3 d&#8217;una festa major, una reuni\u00f3 amb les fam\u00edlies dels infants o la planificaci\u00f3 d\u2019activitats de l\u2019equip de monitors i monitores formen part del dia a dia \u201cesplaiero\u201d.<\/p>\n<p style=\"text-align: justify;\">Al desembre <a href=\"http:\/\/www.esplac.cat\/presentem-el-trailer-del-documental-transformar-educant\/\" target=\"_blank\" rel=\"noopener noreferrer\">vam presentar el tr\u00e0iler, que podeu veure aqu\u00ed<\/a>!<\/p>\n<p style=\"text-align: justify;\">La projecci\u00f3 tindr\u00e0 lloc el dijous 2 de febrer a les 19:45 hores als Cinemes Girona (carrer Girona 175, Barcelona). Seguidament, hi haur\u00e0 un col\u00b7loqui amb l\u2019equip que ha realitzat el documental i un refrigeri. El documental t\u00e9 una durada de 50 minuts.<\/p>\n<p style=\"text-align: justify;\">Volem que el m\u00e0xim de monitores i persones que estimeu l&#8217;esplai pugueu gaudir d&#8217;aquest moment amb nosaltres!\u00a0Per aix\u00f2, <strong>sortegem\u00a030 entrades dobles per\u00a0a l&#8217;estrena. <\/strong>L&#8217;\u00fanic que heu de fer \u00e9s omplir el\u00a0formulari que trobareu clicant a sota. Teniu temps fins el 22 de febrer!\u00a0La setmana del 23 de febrer\u00a0us\u00a0avisarem si\u00a0sou una de les persones afortunades!<\/p>\n<p style=\"text-align: justify;\">Si no podeu venir a l&#8217;estrena, no patiu: farem altres passis m\u00e9s endavant i no nom\u00e9s a Barcelona, sin\u00f3 arreu del territori.<\/p>\n<p style=\"text-align: justify;\">Amb aquest projecte, seguirem escampant i difonent\u00a0l&#8217;energia de l&#8217;esplai!<\/p>\n","protected":false},"excerpt":{"rendered":"<p>El documental, realitzat\u00a0per Esplac i la productora Camille Zonca, s&#8217;estrenar\u00e0 [&hellip;]<\/p>\n","protected":false},"author":3,"featured_media":24929,"comment_status":"closed","ping_status":"open","sticky":false,"template":"","format":"standard","meta":{"om_disable_all_campaigns":false,"_monsterinsights_skip_tracking":false,"_monsterinsights_sitenote_active":false,"_monsterinsights_sitenote_note":"","_monsterinsights_sitenote_category":0,"_uf_show_specific_survey":0,"_uf_disable_surveys":false,"footnotes":""},"categories":[1,1142],"tags":[697,576,719],"class_list":["post-24928","post","type-post","status-publish","format-standard","has-post-thumbnail","hentry","category-sense-categoria","category-transformar-educant-historia-dels-esplais","tag-camille-zonca","tag-documental","tag-transformar-educant"],"yoast_head":"<!-- This site is optimized with the Yoast SEO plugin v27.4 - https:\/\/yoast.com\/product\/yoast-seo-wordpress\/ -->\n<title>2 de febrer: Estrenem el documental &#039;Transformar Educant&#039; als cinemes Girona! - Esplac<\/title>\n<meta name=\"robots\" content=\"index, follow, max-snippet:-1, max-image-preview:large, max-video-preview:-1\" \/>\n<link rel=\"canonical\" href=\"https:\/\/www.esplac.cat\/2-de-febrer-estrenem-el-documental-transformar-educant-als-cinemes-girona\/\" \/>\n<meta property=\"og:locale\" content=\"en_US\" \/>\n<meta property=\"og:type\" content=\"article\" \/>\n<meta property=\"og:title\" content=\"2 de febrer: Estrenem el documental &#039;Transformar Educant&#039; als cinemes Girona! - Esplac\" \/>\n<meta property=\"og:description\" content=\"El documental, realitzat\u00a0per Esplac i la productora Camille Zonca, s&#8217;estrenar\u00e0 [&hellip;]\" \/>\n<meta property=\"og:url\" content=\"https:\/\/www.esplac.cat\/2-de-febrer-estrenem-el-documental-transformar-educant-als-cinemes-girona\/\" \/>\n<meta property=\"og:site_name\" content=\"Esplac\" \/>\n<meta property=\"article:published_time\" content=\"2017-01-17T08:41:22+00:00\" \/>\n<meta property=\"og:image\" content=\"https:\/\/www.esplac.cat\/wp-content\/uploads\/2017\/01\/banner_docu.jpg\" \/>\n\t<meta property=\"og:image:width\" content=\"870\" \/>\n\t<meta property=\"og:image:height\" content=\"317\" \/>\n\t<meta property=\"og:image:type\" content=\"image\/jpeg\" \/>\n<meta name=\"author\" content=\"Comunicaci\u00f3 Esplac\" \/>\n<meta name=\"twitter:card\" content=\"summary_large_image\" \/>\n<meta name=\"twitter:label1\" content=\"Written by\" \/>\n\t<meta name=\"twitter:data1\" content=\"Comunicaci\u00f3 Esplac\" \/>\n\t<meta name=\"twitter:label2\" content=\"Est. reading time\" \/>\n\t<meta name=\"twitter:data2\" content=\"2 minutes\" \/>\n<script type=\"application\/ld+json\" class=\"yoast-schema-graph\">{\"@context\":\"https:\\\/\\\/schema.org\",\"@graph\":[{\"@type\":\"Article\",\"@id\":\"https:\\\/\\\/www.esplac.cat\\\/2-de-febrer-estrenem-el-documental-transformar-educant-als-cinemes-girona\\\/#article\",\"isPartOf\":{\"@id\":\"https:\\\/\\\/www.esplac.cat\\\/2-de-febrer-estrenem-el-documental-transformar-educant-als-cinemes-girona\\\/\"},\"author\":{\"name\":\"Comunicaci\u00f3 Esplac\",\"@id\":\"https:\\\/\\\/www.esplac.cat\\\/#\\\/schema\\\/person\\\/908383cf240be18b68f8855d0583faca\"},\"headline\":\"2 de febrer: Estrenem el documental &#8216;Transformar Educant&#8217; als cinemes Girona!\",\"datePublished\":\"2017-01-17T08:41:22+00:00\",\"mainEntityOfPage\":{\"@id\":\"https:\\\/\\\/www.esplac.cat\\\/2-de-febrer-estrenem-el-documental-transformar-educant-als-cinemes-girona\\\/\"},\"wordCount\":362,\"publisher\":{\"@id\":\"https:\\\/\\\/www.esplac.cat\\\/#organization\"},\"image\":{\"@id\":\"https:\\\/\\\/www.esplac.cat\\\/2-de-febrer-estrenem-el-documental-transformar-educant-als-cinemes-girona\\\/#primaryimage\"},\"thumbnailUrl\":\"https:\\\/\\\/www.esplac.cat\\\/wp-content\\\/uploads\\\/2017\\\/01\\\/banner_docu.jpg\",\"keywords\":[\"Camille Zonca\",\"documental\",\"Transformar educant\"],\"articleSection\":[\"Sense categoria\",\"Transformar educant: hist\u00f2ria dels esplais\"],\"inLanguage\":\"en-US\"},{\"@type\":\"WebPage\",\"@id\":\"https:\\\/\\\/www.esplac.cat\\\/2-de-febrer-estrenem-el-documental-transformar-educant-als-cinemes-girona\\\/\",\"url\":\"https:\\\/\\\/www.esplac.cat\\\/2-de-febrer-estrenem-el-documental-transformar-educant-als-cinemes-girona\\\/\",\"name\":\"2 de febrer: Estrenem el documental 'Transformar Educant' als cinemes Girona! - Esplac\",\"isPartOf\":{\"@id\":\"https:\\\/\\\/www.esplac.cat\\\/#website\"},\"primaryImageOfPage\":{\"@id\":\"https:\\\/\\\/www.esplac.cat\\\/2-de-febrer-estrenem-el-documental-transformar-educant-als-cinemes-girona\\\/#primaryimage\"},\"image\":{\"@id\":\"https:\\\/\\\/www.esplac.cat\\\/2-de-febrer-estrenem-el-documental-transformar-educant-als-cinemes-girona\\\/#primaryimage\"},\"thumbnailUrl\":\"https:\\\/\\\/www.esplac.cat\\\/wp-content\\\/uploads\\\/2017\\\/01\\\/banner_docu.jpg\",\"datePublished\":\"2017-01-17T08:41:22+00:00\",\"breadcrumb\":{\"@id\":\"https:\\\/\\\/www.esplac.cat\\\/2-de-febrer-estrenem-el-documental-transformar-educant-als-cinemes-girona\\\/#breadcrumb\"},\"inLanguage\":\"en-US\",\"potentialAction\":[{\"@type\":\"ReadAction\",\"target\":[\"https:\\\/\\\/www.esplac.cat\\\/2-de-febrer-estrenem-el-documental-transformar-educant-als-cinemes-girona\\\/\"]}]},{\"@type\":\"ImageObject\",\"inLanguage\":\"en-US\",\"@id\":\"https:\\\/\\\/www.esplac.cat\\\/2-de-febrer-estrenem-el-documental-transformar-educant-als-cinemes-girona\\\/#primaryimage\",\"url\":\"https:\\\/\\\/www.esplac.cat\\\/wp-content\\\/uploads\\\/2017\\\/01\\\/banner_docu.jpg\",\"contentUrl\":\"https:\\\/\\\/www.esplac.cat\\\/wp-content\\\/uploads\\\/2017\\\/01\\\/banner_docu.jpg\",\"width\":870,\"height\":317},{\"@type\":\"BreadcrumbList\",\"@id\":\"https:\\\/\\\/www.esplac.cat\\\/2-de-febrer-estrenem-el-documental-transformar-educant-als-cinemes-girona\\\/#breadcrumb\",\"itemListElement\":[{\"@type\":\"ListItem\",\"position\":1,\"name\":\"Inici\",\"item\":\"https:\\\/\\\/www.esplac.cat\\\/en\\\/\"},{\"@type\":\"ListItem\",\"position\":2,\"name\":\"2 de febrer: Estrenem el documental &#8216;Transformar Educant&#8217; als cinemes Girona!\"}]},{\"@type\":\"WebSite\",\"@id\":\"https:\\\/\\\/www.esplac.cat\\\/#website\",\"url\":\"https:\\\/\\\/www.esplac.cat\\\/\",\"name\":\"Esplac\",\"description\":\"Esplais Catalans\",\"publisher\":{\"@id\":\"https:\\\/\\\/www.esplac.cat\\\/#organization\"},\"potentialAction\":[{\"@type\":\"SearchAction\",\"target\":{\"@type\":\"EntryPoint\",\"urlTemplate\":\"https:\\\/\\\/www.esplac.cat\\\/?s={search_term_string}\"},\"query-input\":{\"@type\":\"PropertyValueSpecification\",\"valueRequired\":true,\"valueName\":\"search_term_string\"}}],\"inLanguage\":\"en-US\"},{\"@type\":\"Organization\",\"@id\":\"https:\\\/\\\/www.esplac.cat\\\/#organization\",\"name\":\"Esplac\",\"url\":\"https:\\\/\\\/www.esplac.cat\\\/\",\"logo\":{\"@type\":\"ImageObject\",\"inLanguage\":\"en-US\",\"@id\":\"https:\\\/\\\/www.esplac.cat\\\/#\\\/schema\\\/logo\\\/image\\\/\",\"url\":\"https:\\\/\\\/www.esplac.cat\\\/wp-content\\\/uploads\\\/2019\\\/08\\\/logox2.png\",\"contentUrl\":\"https:\\\/\\\/www.esplac.cat\\\/wp-content\\\/uploads\\\/2019\\\/08\\\/logox2.png\",\"width\":600,\"height\":295,\"caption\":\"Esplac\"},\"image\":{\"@id\":\"https:\\\/\\\/www.esplac.cat\\\/#\\\/schema\\\/logo\\\/image\\\/\"}},{\"@type\":\"Person\",\"@id\":\"https:\\\/\\\/www.esplac.cat\\\/#\\\/schema\\\/person\\\/908383cf240be18b68f8855d0583faca\",\"name\":\"Comunicaci\u00f3 Esplac\",\"image\":{\"@type\":\"ImageObject\",\"inLanguage\":\"en-US\",\"@id\":\"https:\\\/\\\/secure.gravatar.com\\\/avatar\\\/7a4cf8feb412a76ea4a740ca02d95b06b2907b5a6c648c2dd0a1082a093c3141?s=96&d=mm&r=g\",\"url\":\"https:\\\/\\\/secure.gravatar.com\\\/avatar\\\/7a4cf8feb412a76ea4a740ca02d95b06b2907b5a6c648c2dd0a1082a093c3141?s=96&d=mm&r=g\",\"contentUrl\":\"https:\\\/\\\/secure.gravatar.com\\\/avatar\\\/7a4cf8feb412a76ea4a740ca02d95b06b2907b5a6c648c2dd0a1082a093c3141?s=96&d=mm&r=g\",\"caption\":\"Comunicaci\u00f3 Esplac\"}}]}<\/script>\n<!-- \/ Yoast SEO plugin. -->","yoast_head_json":{"title":"2 de febrer: Estrenem el documental 'Transformar Educant' als cinemes Girona! - Esplac","robots":{"index":"index","follow":"follow","max-snippet":"max-snippet:-1","max-image-preview":"max-image-preview:large","max-video-preview":"max-video-preview:-1"},"canonical":"https:\/\/www.esplac.cat\/2-de-febrer-estrenem-el-documental-transformar-educant-als-cinemes-girona\/","og_locale":"en_US","og_type":"article","og_title":"2 de febrer: Estrenem el documental 'Transformar Educant' als cinemes Girona! - Esplac","og_description":"El documental, realitzat\u00a0per Esplac i la productora Camille Zonca, s&#8217;estrenar\u00e0 [&hellip;]","og_url":"https:\/\/www.esplac.cat\/2-de-febrer-estrenem-el-documental-transformar-educant-als-cinemes-girona\/","og_site_name":"Esplac","article_published_time":"2017-01-17T08:41:22+00:00","og_image":[{"width":870,"height":317,"url":"https:\/\/www.esplac.cat\/wp-content\/uploads\/2017\/01\/banner_docu.jpg","type":"image\/jpeg"}],"author":"Comunicaci\u00f3 Esplac","twitter_card":"summary_large_image","twitter_misc":{"Written by":"Comunicaci\u00f3 Esplac","Est. reading time":"2 minutes"},"schema":{"@context":"https:\/\/schema.org","@graph":[{"@type":"Article","@id":"https:\/\/www.esplac.cat\/2-de-febrer-estrenem-el-documental-transformar-educant-als-cinemes-girona\/#article","isPartOf":{"@id":"https:\/\/www.esplac.cat\/2-de-febrer-estrenem-el-documental-transformar-educant-als-cinemes-girona\/"},"author":{"name":"Comunicaci\u00f3 Esplac","@id":"https:\/\/www.esplac.cat\/#\/schema\/person\/908383cf240be18b68f8855d0583faca"},"headline":"2 de febrer: Estrenem el documental &#8216;Transformar Educant&#8217; als cinemes Girona!","datePublished":"2017-01-17T08:41:22+00:00","mainEntityOfPage":{"@id":"https:\/\/www.esplac.cat\/2-de-febrer-estrenem-el-documental-transformar-educant-als-cinemes-girona\/"},"wordCount":362,"publisher":{"@id":"https:\/\/www.esplac.cat\/#organization"},"image":{"@id":"https:\/\/www.esplac.cat\/2-de-febrer-estrenem-el-documental-transformar-educant-als-cinemes-girona\/#primaryimage"},"thumbnailUrl":"https:\/\/www.esplac.cat\/wp-content\/uploads\/2017\/01\/banner_docu.jpg","keywords":["Camille Zonca","documental","Transformar educant"],"articleSection":["Sense categoria","Transformar educant: hist\u00f2ria dels esplais"],"inLanguage":"en-US"},{"@type":"WebPage","@id":"https:\/\/www.esplac.cat\/2-de-febrer-estrenem-el-documental-transformar-educant-als-cinemes-girona\/","url":"https:\/\/www.esplac.cat\/2-de-febrer-estrenem-el-documental-transformar-educant-als-cinemes-girona\/","name":"2 de febrer: Estrenem el documental 'Transformar Educant' als cinemes Girona! - Esplac","isPartOf":{"@id":"https:\/\/www.esplac.cat\/#website"},"primaryImageOfPage":{"@id":"https:\/\/www.esplac.cat\/2-de-febrer-estrenem-el-documental-transformar-educant-als-cinemes-girona\/#primaryimage"},"image":{"@id":"https:\/\/www.esplac.cat\/2-de-febrer-estrenem-el-documental-transformar-educant-als-cinemes-girona\/#primaryimage"},"thumbnailUrl":"https:\/\/www.esplac.cat\/wp-content\/uploads\/2017\/01\/banner_docu.jpg","datePublished":"2017-01-17T08:41:22+00:00","breadcrumb":{"@id":"https:\/\/www.esplac.cat\/2-de-febrer-estrenem-el-documental-transformar-educant-als-cinemes-girona\/#breadcrumb"},"inLanguage":"en-US","potentialAction":[{"@type":"ReadAction","target":["https:\/\/www.esplac.cat\/2-de-febrer-estrenem-el-documental-transformar-educant-als-cinemes-girona\/"]}]},{"@type":"ImageObject","inLanguage":"en-US","@id":"https:\/\/www.esplac.cat\/2-de-febrer-estrenem-el-documental-transformar-educant-als-cinemes-girona\/#primaryimage","url":"https:\/\/www.esplac.cat\/wp-content\/uploads\/2017\/01\/banner_docu.jpg","contentUrl":"https:\/\/www.esplac.cat\/wp-content\/uploads\/2017\/01\/banner_docu.jpg","width":870,"height":317},{"@type":"BreadcrumbList","@id":"https:\/\/www.esplac.cat\/2-de-febrer-estrenem-el-documental-transformar-educant-als-cinemes-girona\/#breadcrumb","itemListElement":[{"@type":"ListItem","position":1,"name":"Inici","item":"https:\/\/www.esplac.cat\/en\/"},{"@type":"ListItem","position":2,"name":"2 de febrer: Estrenem el documental &#8216;Transformar Educant&#8217; als cinemes Girona!"}]},{"@type":"WebSite","@id":"https:\/\/www.esplac.cat\/#website","url":"https:\/\/www.esplac.cat\/","name":"Esplac","description":"Esplais Catalans","publisher":{"@id":"https:\/\/www.esplac.cat\/#organization"},"potentialAction":[{"@type":"SearchAction","target":{"@type":"EntryPoint","urlTemplate":"https:\/\/www.esplac.cat\/?s={search_term_string}"},"query-input":{"@type":"PropertyValueSpecification","valueRequired":true,"valueName":"search_term_string"}}],"inLanguage":"en-US"},{"@type":"Organization","@id":"https:\/\/www.esplac.cat\/#organization","name":"Esplac","url":"https:\/\/www.esplac.cat\/","logo":{"@type":"ImageObject","inLanguage":"en-US","@id":"https:\/\/www.esplac.cat\/#\/schema\/logo\/image\/","url":"https:\/\/www.esplac.cat\/wp-content\/uploads\/2019\/08\/logox2.png","contentUrl":"https:\/\/www.esplac.cat\/wp-content\/uploads\/2019\/08\/logox2.png","width":600,"height":295,"caption":"Esplac"},"image":{"@id":"https:\/\/www.esplac.cat\/#\/schema\/logo\/image\/"}},{"@type":"Person","@id":"https:\/\/www.esplac.cat\/#\/schema\/person\/908383cf240be18b68f8855d0583faca","name":"Comunicaci\u00f3 Esplac","image":{"@type":"ImageObject","inLanguage":"en-US","@id":"https:\/\/secure.gravatar.com\/avatar\/7a4cf8feb412a76ea4a740ca02d95b06b2907b5a6c648c2dd0a1082a093c3141?s=96&d=mm&r=g","url":"https:\/\/secure.gravatar.com\/avatar\/7a4cf8feb412a76ea4a740ca02d95b06b2907b5a6c648c2dd0a1082a093c3141?s=96&d=mm&r=g","contentUrl":"https:\/\/secure.gravatar.com\/avatar\/7a4cf8feb412a76ea4a740ca02d95b06b2907b5a6c648c2dd0a1082a093c3141?s=96&d=mm&r=g","caption":"Comunicaci\u00f3 Esplac"}}]}},"_links":{"self":[{"href":"https:\/\/www.esplac.cat\/en\/wp-json\/wp\/v2\/posts\/24928","targetHints":{"allow":["GET"]}}],"collection":[{"href":"https:\/\/www.esplac.cat\/en\/wp-json\/wp\/v2\/posts"}],"about":[{"href":"https:\/\/www.esplac.cat\/en\/wp-json\/wp\/v2\/types\/post"}],"author":[{"embeddable":true,"href":"https:\/\/www.esplac.cat\/en\/wp-json\/wp\/v2\/users\/3"}],"replies":[{"embeddable":true,"href":"https:\/\/www.esplac.cat\/en\/wp-json\/wp\/v2\/comments?post=24928"}],"version-history":[{"count":0,"href":"https:\/\/www.esplac.cat\/en\/wp-json\/wp\/v2\/posts\/24928\/revisions"}],"wp:featuredmedia":[{"embeddable":true,"href":"https:\/\/www.esplac.cat\/en\/wp-json\/wp\/v2\/media\/24929"}],"wp:attachment":[{"href":"https:\/\/www.esplac.cat\/en\/wp-json\/wp\/v2\/media?parent=24928"}],"wp:term":[{"taxonomy":"category","embeddable":true,"href":"https:\/\/www.esplac.cat\/en\/wp-json\/wp\/v2\/categories?post=24928"},{"taxonomy":"post_tag","embeddable":true,"href":"https:\/\/www.esplac.cat\/en\/wp-json\/wp\/v2\/tags?post=24928"}],"curies":[{"name":"wp","href":"https:\/\/api.w.org\/{rel}","templated":true}]}}