{"id":24933,"date":"2016-12-30T12:29:16","date_gmt":"2016-12-30T10:29:16","guid":{"rendered":"http:\/\/www.esplac.cat\/?p=11988"},"modified":"2019-11-14T13:36:39","modified_gmt":"2019-11-14T11:36:39","slug":"les-monis-del-sector-barcelona-fan-cohesio-i-tornen-aquest-any-al-format-casa-de-colonies","status":"publish","type":"post","link":"https:\/\/www.esplac.cat\/en\/les-monis-del-sector-barcelona-fan-cohesio-i-tornen-aquest-any-al-format-casa-de-colonies\/","title":{"rendered":"Les monis del Sector Barcelona fan cohesi\u00f3 i tornen, aquest any, al format casa de col\u00f2nies"},"content":{"rendered":"<h4>El passat 12 i 13 de novembre, 270 monitores i monitores dels esplais de Barcelona vam celebrar la Trobada de Monitores del nostre sector. Sent 16 esplais participants ens hem mantingut en el volum de participaci\u00f3 dels darrers \u00faltims anys, sent un \u00e8xit en aquest sentit! Enguany, ens vam trobar a la casa de col\u00f2nies Artur Martorell, a Calafell.<\/h4>\n<p>Els objectius de la Trobada de Monis s\u00f3n promoure la cohesi\u00f3 i coneixen\u00e7a dels esplais i monis del sector i oferir formacions que responguin a l&#8217;inter\u00e8s dels mateixos. Per aix\u00f2, vam fer 10 formacions simult\u00e0nies durant la tarda de dissabte, moltes de les quals es van desdoblar pel volum de fer interessada en participar-hi: educaci\u00f3 ambiental, drogues amb adolescents, educaci\u00f3 emocional, inclusi\u00f3 i diversitat, g\u00e8nere i el joc. A la nit, i com a cada Trobada de Monis del sector, vam organitzar unes obres de teatre per esplais abans de comen\u00e7ar la festa.<\/p>\n<p>Durant la preparaci\u00f3 de l\u2019activitat es va crear una comissi\u00f3 que va elaborar un Protocol contra agressions discriminat\u00f2ries que es poguessin donar durant i especialment, la nit de dissabte amb la festa del sector. M\u00e9s enll\u00e0 de ser una resposta a una necessitat espec\u00edfica del sector, volien generar un debat sobre la tem\u00e0tica als esplais i visibilitzar que en els espais de festa, encara que siguem monitores, reprodu\u00efm estereotips i actituds discriminat\u00f2ries i cal que estiguem alerta. Amb el treball fet per aquest grup de treball, ara al sector ens plantegem elaborar un Protocol que sigui generalitzable per totes les activitats de sector, debatut per tots els esplais i consensuat pel m\u00e0xim de monitores possible!<\/p>\n<p>El diumenge vam fer un petit taller que ha servit per proposar-nos, de cara a l\u2019any vinent, organitzar sessions i tallers simult\u00e0nies com per exemple, un cine-f\u00f2rum. Abans de marxar, vam gaudir d\u2019una paella on la majoria d\u2019esplais es van quedar a menjar.<\/p>\n<p>Per fer una mica de mem\u00f2ria i rep\u00e0s dels millors moments de la Trobada, li podem fer un cop d\u2019ull al <a href=\"https:\/\/www.flickr.com\/photos\/144017531@N05\/\">Flickr del Sector Barcelona.<\/a><\/p>\n","protected":false},"excerpt":{"rendered":"<p>El passat 12 i 13 de novembre, 270 monitores i [&hellip;]<\/p>\n","protected":false},"author":3,"featured_media":24934,"comment_status":"closed","ping_status":"open","sticky":false,"template":"","format":"standard","meta":{"om_disable_all_campaigns":false,"_monsterinsights_skip_tracking":false,"_monsterinsights_sitenote_active":false,"_monsterinsights_sitenote_note":"","_monsterinsights_sitenote_category":0,"_uf_show_specific_survey":0,"_uf_disable_surveys":false,"footnotes":""},"categories":[1160,1166,1128],"tags":[828,829,119,390],"class_list":["post-24933","post","type-post","status-publish","format-standard","has-post-thumbnail","hentry","category-comissio-gsdd","category-inclusio-i-diversitat","category-sector-barcelona","tag-artur-martorell","tag-calafell","tag-sector-barcelona","tag-trobada-de-monis"],"yoast_head":"<!-- This site is optimized with the Yoast SEO plugin v27.5 - https:\/\/yoast.com\/product\/yoast-seo-wordpress\/ -->\n<title>Les monis del Sector Barcelona fan cohesi\u00f3 i tornen, aquest any, al format casa de col\u00f2nies - Esplac<\/title>\n<meta name=\"robots\" content=\"index, follow, max-snippet:-1, max-image-preview:large, max-video-preview:-1\" \/>\n<link rel=\"canonical\" href=\"https:\/\/www.esplac.cat\/les-monis-del-sector-barcelona-fan-cohesio-i-tornen-aquest-any-al-format-casa-de-colonies\/\" \/>\n<meta property=\"og:locale\" content=\"en_US\" \/>\n<meta property=\"og:type\" content=\"article\" \/>\n<meta property=\"og:title\" content=\"Les monis del Sector Barcelona fan cohesi\u00f3 i tornen, aquest any, al format casa de col\u00f2nies - Esplac\" \/>\n<meta property=\"og:description\" content=\"El passat 12 i 13 de novembre, 270 monitores i [&hellip;]\" \/>\n<meta property=\"og:url\" content=\"https:\/\/www.esplac.cat\/les-monis-del-sector-barcelona-fan-cohesio-i-tornen-aquest-any-al-format-casa-de-colonies\/\" \/>\n<meta property=\"og:site_name\" content=\"Esplac\" \/>\n<meta property=\"article:published_time\" content=\"2016-12-30T10:29:16+00:00\" \/>\n<meta property=\"article:modified_time\" content=\"2019-11-14T11:36:39+00:00\" \/>\n<meta property=\"og:image\" content=\"https:\/\/www.esplac.cat\/wp-content\/uploads\/2016\/12\/sector-barcelona-trobadamonis.jpg\" \/>\n\t<meta property=\"og:image:width\" content=\"847\" \/>\n\t<meta property=\"og:image:height\" content=\"350\" \/>\n\t<meta property=\"og:image:type\" content=\"image\/jpeg\" \/>\n<meta name=\"author\" content=\"Comunicaci\u00f3 Esplac\" \/>\n<meta name=\"twitter:card\" content=\"summary_large_image\" \/>\n<meta name=\"twitter:label1\" content=\"Written by\" \/>\n\t<meta name=\"twitter:data1\" content=\"Comunicaci\u00f3 Esplac\" \/>\n\t<meta name=\"twitter:label2\" content=\"Est. reading time\" \/>\n\t<meta name=\"twitter:data2\" content=\"2 minutes\" \/>\n<script type=\"application\/ld+json\" class=\"yoast-schema-graph\">{\"@context\":\"https:\\\/\\\/schema.org\",\"@graph\":[{\"@type\":\"Article\",\"@id\":\"https:\\\/\\\/www.esplac.cat\\\/les-monis-del-sector-barcelona-fan-cohesio-i-tornen-aquest-any-al-format-casa-de-colonies\\\/#article\",\"isPartOf\":{\"@id\":\"https:\\\/\\\/www.esplac.cat\\\/les-monis-del-sector-barcelona-fan-cohesio-i-tornen-aquest-any-al-format-casa-de-colonies\\\/\"},\"author\":{\"name\":\"Comunicaci\u00f3 Esplac\",\"@id\":\"https:\\\/\\\/www.esplac.cat\\\/#\\\/schema\\\/person\\\/908383cf240be18b68f8855d0583faca\"},\"headline\":\"Les monis del Sector Barcelona fan cohesi\u00f3 i tornen, aquest any, al format casa de col\u00f2nies\",\"datePublished\":\"2016-12-30T10:29:16+00:00\",\"dateModified\":\"2019-11-14T11:36:39+00:00\",\"mainEntityOfPage\":{\"@id\":\"https:\\\/\\\/www.esplac.cat\\\/les-monis-del-sector-barcelona-fan-cohesio-i-tornen-aquest-any-al-format-casa-de-colonies\\\/\"},\"wordCount\":371,\"publisher\":{\"@id\":\"https:\\\/\\\/www.esplac.cat\\\/#organization\"},\"image\":{\"@id\":\"https:\\\/\\\/www.esplac.cat\\\/les-monis-del-sector-barcelona-fan-cohesio-i-tornen-aquest-any-al-format-casa-de-colonies\\\/#primaryimage\"},\"thumbnailUrl\":\"https:\\\/\\\/www.esplac.cat\\\/wp-content\\\/uploads\\\/2016\\\/12\\\/sector-barcelona-trobadamonis.jpg\",\"keywords\":[\"Artur Martorell\",\"Calafell\",\"sector Barcelona\",\"trobada de monis\"],\"articleSection\":[\"Comissi\u00f3 GSDD\",\"Inclusi\u00f3 i diversitat\",\"Sector Barcelona\"],\"inLanguage\":\"en-US\"},{\"@type\":\"WebPage\",\"@id\":\"https:\\\/\\\/www.esplac.cat\\\/les-monis-del-sector-barcelona-fan-cohesio-i-tornen-aquest-any-al-format-casa-de-colonies\\\/\",\"url\":\"https:\\\/\\\/www.esplac.cat\\\/les-monis-del-sector-barcelona-fan-cohesio-i-tornen-aquest-any-al-format-casa-de-colonies\\\/\",\"name\":\"Les monis del Sector Barcelona fan cohesi\u00f3 i tornen, aquest any, al format casa de col\u00f2nies - Esplac\",\"isPartOf\":{\"@id\":\"https:\\\/\\\/www.esplac.cat\\\/#website\"},\"primaryImageOfPage\":{\"@id\":\"https:\\\/\\\/www.esplac.cat\\\/les-monis-del-sector-barcelona-fan-cohesio-i-tornen-aquest-any-al-format-casa-de-colonies\\\/#primaryimage\"},\"image\":{\"@id\":\"https:\\\/\\\/www.esplac.cat\\\/les-monis-del-sector-barcelona-fan-cohesio-i-tornen-aquest-any-al-format-casa-de-colonies\\\/#primaryimage\"},\"thumbnailUrl\":\"https:\\\/\\\/www.esplac.cat\\\/wp-content\\\/uploads\\\/2016\\\/12\\\/sector-barcelona-trobadamonis.jpg\",\"datePublished\":\"2016-12-30T10:29:16+00:00\",\"dateModified\":\"2019-11-14T11:36:39+00:00\",\"breadcrumb\":{\"@id\":\"https:\\\/\\\/www.esplac.cat\\\/les-monis-del-sector-barcelona-fan-cohesio-i-tornen-aquest-any-al-format-casa-de-colonies\\\/#breadcrumb\"},\"inLanguage\":\"en-US\",\"potentialAction\":[{\"@type\":\"ReadAction\",\"target\":[\"https:\\\/\\\/www.esplac.cat\\\/les-monis-del-sector-barcelona-fan-cohesio-i-tornen-aquest-any-al-format-casa-de-colonies\\\/\"]}]},{\"@type\":\"ImageObject\",\"inLanguage\":\"en-US\",\"@id\":\"https:\\\/\\\/www.esplac.cat\\\/les-monis-del-sector-barcelona-fan-cohesio-i-tornen-aquest-any-al-format-casa-de-colonies\\\/#primaryimage\",\"url\":\"https:\\\/\\\/www.esplac.cat\\\/wp-content\\\/uploads\\\/2016\\\/12\\\/sector-barcelona-trobadamonis.jpg\",\"contentUrl\":\"https:\\\/\\\/www.esplac.cat\\\/wp-content\\\/uploads\\\/2016\\\/12\\\/sector-barcelona-trobadamonis.jpg\",\"width\":847,\"height\":350},{\"@type\":\"BreadcrumbList\",\"@id\":\"https:\\\/\\\/www.esplac.cat\\\/les-monis-del-sector-barcelona-fan-cohesio-i-tornen-aquest-any-al-format-casa-de-colonies\\\/#breadcrumb\",\"itemListElement\":[{\"@type\":\"ListItem\",\"position\":1,\"name\":\"Inici\",\"item\":\"https:\\\/\\\/www.esplac.cat\\\/en\\\/\"},{\"@type\":\"ListItem\",\"position\":2,\"name\":\"Les monis del Sector Barcelona fan cohesi\u00f3 i tornen, aquest any, al format casa de col\u00f2nies\"}]},{\"@type\":\"WebSite\",\"@id\":\"https:\\\/\\\/www.esplac.cat\\\/#website\",\"url\":\"https:\\\/\\\/www.esplac.cat\\\/\",\"name\":\"Esplac\",\"description\":\"Esplais Catalans\",\"publisher\":{\"@id\":\"https:\\\/\\\/www.esplac.cat\\\/#organization\"},\"potentialAction\":[{\"@type\":\"SearchAction\",\"target\":{\"@type\":\"EntryPoint\",\"urlTemplate\":\"https:\\\/\\\/www.esplac.cat\\\/?s={search_term_string}\"},\"query-input\":{\"@type\":\"PropertyValueSpecification\",\"valueRequired\":true,\"valueName\":\"search_term_string\"}}],\"inLanguage\":\"en-US\"},{\"@type\":\"Organization\",\"@id\":\"https:\\\/\\\/www.esplac.cat\\\/#organization\",\"name\":\"Esplac\",\"url\":\"https:\\\/\\\/www.esplac.cat\\\/\",\"logo\":{\"@type\":\"ImageObject\",\"inLanguage\":\"en-US\",\"@id\":\"https:\\\/\\\/www.esplac.cat\\\/#\\\/schema\\\/logo\\\/image\\\/\",\"url\":\"https:\\\/\\\/www.esplac.cat\\\/wp-content\\\/uploads\\\/2019\\\/08\\\/logox2.png\",\"contentUrl\":\"https:\\\/\\\/www.esplac.cat\\\/wp-content\\\/uploads\\\/2019\\\/08\\\/logox2.png\",\"width\":600,\"height\":295,\"caption\":\"Esplac\"},\"image\":{\"@id\":\"https:\\\/\\\/www.esplac.cat\\\/#\\\/schema\\\/logo\\\/image\\\/\"}},{\"@type\":\"Person\",\"@id\":\"https:\\\/\\\/www.esplac.cat\\\/#\\\/schema\\\/person\\\/908383cf240be18b68f8855d0583faca\",\"name\":\"Comunicaci\u00f3 Esplac\",\"image\":{\"@type\":\"ImageObject\",\"inLanguage\":\"en-US\",\"@id\":\"https:\\\/\\\/secure.gravatar.com\\\/avatar\\\/7a4cf8feb412a76ea4a740ca02d95b06b2907b5a6c648c2dd0a1082a093c3141?s=96&d=mm&r=g\",\"url\":\"https:\\\/\\\/secure.gravatar.com\\\/avatar\\\/7a4cf8feb412a76ea4a740ca02d95b06b2907b5a6c648c2dd0a1082a093c3141?s=96&d=mm&r=g\",\"contentUrl\":\"https:\\\/\\\/secure.gravatar.com\\\/avatar\\\/7a4cf8feb412a76ea4a740ca02d95b06b2907b5a6c648c2dd0a1082a093c3141?s=96&d=mm&r=g\",\"caption\":\"Comunicaci\u00f3 Esplac\"}}]}<\/script>\n<!-- \/ Yoast SEO plugin. -->","yoast_head_json":{"title":"Les monis del Sector Barcelona fan cohesi\u00f3 i tornen, aquest any, al format casa de col\u00f2nies - Esplac","robots":{"index":"index","follow":"follow","max-snippet":"max-snippet:-1","max-image-preview":"max-image-preview:large","max-video-preview":"max-video-preview:-1"},"canonical":"https:\/\/www.esplac.cat\/les-monis-del-sector-barcelona-fan-cohesio-i-tornen-aquest-any-al-format-casa-de-colonies\/","og_locale":"en_US","og_type":"article","og_title":"Les monis del Sector Barcelona fan cohesi\u00f3 i tornen, aquest any, al format casa de col\u00f2nies - Esplac","og_description":"El passat 12 i 13 de novembre, 270 monitores i [&hellip;]","og_url":"https:\/\/www.esplac.cat\/les-monis-del-sector-barcelona-fan-cohesio-i-tornen-aquest-any-al-format-casa-de-colonies\/","og_site_name":"Esplac","article_published_time":"2016-12-30T10:29:16+00:00","article_modified_time":"2019-11-14T11:36:39+00:00","og_image":[{"width":847,"height":350,"url":"https:\/\/www.esplac.cat\/wp-content\/uploads\/2016\/12\/sector-barcelona-trobadamonis.jpg","type":"image\/jpeg"}],"author":"Comunicaci\u00f3 Esplac","twitter_card":"summary_large_image","twitter_misc":{"Written by":"Comunicaci\u00f3 Esplac","Est. reading time":"2 minutes"},"schema":{"@context":"https:\/\/schema.org","@graph":[{"@type":"Article","@id":"https:\/\/www.esplac.cat\/les-monis-del-sector-barcelona-fan-cohesio-i-tornen-aquest-any-al-format-casa-de-colonies\/#article","isPartOf":{"@id":"https:\/\/www.esplac.cat\/les-monis-del-sector-barcelona-fan-cohesio-i-tornen-aquest-any-al-format-casa-de-colonies\/"},"author":{"name":"Comunicaci\u00f3 Esplac","@id":"https:\/\/www.esplac.cat\/#\/schema\/person\/908383cf240be18b68f8855d0583faca"},"headline":"Les monis del Sector Barcelona fan cohesi\u00f3 i tornen, aquest any, al format casa de col\u00f2nies","datePublished":"2016-12-30T10:29:16+00:00","dateModified":"2019-11-14T11:36:39+00:00","mainEntityOfPage":{"@id":"https:\/\/www.esplac.cat\/les-monis-del-sector-barcelona-fan-cohesio-i-tornen-aquest-any-al-format-casa-de-colonies\/"},"wordCount":371,"publisher":{"@id":"https:\/\/www.esplac.cat\/#organization"},"image":{"@id":"https:\/\/www.esplac.cat\/les-monis-del-sector-barcelona-fan-cohesio-i-tornen-aquest-any-al-format-casa-de-colonies\/#primaryimage"},"thumbnailUrl":"https:\/\/www.esplac.cat\/wp-content\/uploads\/2016\/12\/sector-barcelona-trobadamonis.jpg","keywords":["Artur Martorell","Calafell","sector Barcelona","trobada de monis"],"articleSection":["Comissi\u00f3 GSDD","Inclusi\u00f3 i diversitat","Sector Barcelona"],"inLanguage":"en-US"},{"@type":"WebPage","@id":"https:\/\/www.esplac.cat\/les-monis-del-sector-barcelona-fan-cohesio-i-tornen-aquest-any-al-format-casa-de-colonies\/","url":"https:\/\/www.esplac.cat\/les-monis-del-sector-barcelona-fan-cohesio-i-tornen-aquest-any-al-format-casa-de-colonies\/","name":"Les monis del Sector Barcelona fan cohesi\u00f3 i tornen, aquest any, al format casa de col\u00f2nies - Esplac","isPartOf":{"@id":"https:\/\/www.esplac.cat\/#website"},"primaryImageOfPage":{"@id":"https:\/\/www.esplac.cat\/les-monis-del-sector-barcelona-fan-cohesio-i-tornen-aquest-any-al-format-casa-de-colonies\/#primaryimage"},"image":{"@id":"https:\/\/www.esplac.cat\/les-monis-del-sector-barcelona-fan-cohesio-i-tornen-aquest-any-al-format-casa-de-colonies\/#primaryimage"},"thumbnailUrl":"https:\/\/www.esplac.cat\/wp-content\/uploads\/2016\/12\/sector-barcelona-trobadamonis.jpg","datePublished":"2016-12-30T10:29:16+00:00","dateModified":"2019-11-14T11:36:39+00:00","breadcrumb":{"@id":"https:\/\/www.esplac.cat\/les-monis-del-sector-barcelona-fan-cohesio-i-tornen-aquest-any-al-format-casa-de-colonies\/#breadcrumb"},"inLanguage":"en-US","potentialAction":[{"@type":"ReadAction","target":["https:\/\/www.esplac.cat\/les-monis-del-sector-barcelona-fan-cohesio-i-tornen-aquest-any-al-format-casa-de-colonies\/"]}]},{"@type":"ImageObject","inLanguage":"en-US","@id":"https:\/\/www.esplac.cat\/les-monis-del-sector-barcelona-fan-cohesio-i-tornen-aquest-any-al-format-casa-de-colonies\/#primaryimage","url":"https:\/\/www.esplac.cat\/wp-content\/uploads\/2016\/12\/sector-barcelona-trobadamonis.jpg","contentUrl":"https:\/\/www.esplac.cat\/wp-content\/uploads\/2016\/12\/sector-barcelona-trobadamonis.jpg","width":847,"height":350},{"@type":"BreadcrumbList","@id":"https:\/\/www.esplac.cat\/les-monis-del-sector-barcelona-fan-cohesio-i-tornen-aquest-any-al-format-casa-de-colonies\/#breadcrumb","itemListElement":[{"@type":"ListItem","position":1,"name":"Inici","item":"https:\/\/www.esplac.cat\/en\/"},{"@type":"ListItem","position":2,"name":"Les monis del Sector Barcelona fan cohesi\u00f3 i tornen, aquest any, al format casa de col\u00f2nies"}]},{"@type":"WebSite","@id":"https:\/\/www.esplac.cat\/#website","url":"https:\/\/www.esplac.cat\/","name":"Esplac","description":"Esplais Catalans","publisher":{"@id":"https:\/\/www.esplac.cat\/#organization"},"potentialAction":[{"@type":"SearchAction","target":{"@type":"EntryPoint","urlTemplate":"https:\/\/www.esplac.cat\/?s={search_term_string}"},"query-input":{"@type":"PropertyValueSpecification","valueRequired":true,"valueName":"search_term_string"}}],"inLanguage":"en-US"},{"@type":"Organization","@id":"https:\/\/www.esplac.cat\/#organization","name":"Esplac","url":"https:\/\/www.esplac.cat\/","logo":{"@type":"ImageObject","inLanguage":"en-US","@id":"https:\/\/www.esplac.cat\/#\/schema\/logo\/image\/","url":"https:\/\/www.esplac.cat\/wp-content\/uploads\/2019\/08\/logox2.png","contentUrl":"https:\/\/www.esplac.cat\/wp-content\/uploads\/2019\/08\/logox2.png","width":600,"height":295,"caption":"Esplac"},"image":{"@id":"https:\/\/www.esplac.cat\/#\/schema\/logo\/image\/"}},{"@type":"Person","@id":"https:\/\/www.esplac.cat\/#\/schema\/person\/908383cf240be18b68f8855d0583faca","name":"Comunicaci\u00f3 Esplac","image":{"@type":"ImageObject","inLanguage":"en-US","@id":"https:\/\/secure.gravatar.com\/avatar\/7a4cf8feb412a76ea4a740ca02d95b06b2907b5a6c648c2dd0a1082a093c3141?s=96&d=mm&r=g","url":"https:\/\/secure.gravatar.com\/avatar\/7a4cf8feb412a76ea4a740ca02d95b06b2907b5a6c648c2dd0a1082a093c3141?s=96&d=mm&r=g","contentUrl":"https:\/\/secure.gravatar.com\/avatar\/7a4cf8feb412a76ea4a740ca02d95b06b2907b5a6c648c2dd0a1082a093c3141?s=96&d=mm&r=g","caption":"Comunicaci\u00f3 Esplac"}}]}},"_links":{"self":[{"href":"https:\/\/www.esplac.cat\/en\/wp-json\/wp\/v2\/posts\/24933","targetHints":{"allow":["GET"]}}],"collection":[{"href":"https:\/\/www.esplac.cat\/en\/wp-json\/wp\/v2\/posts"}],"about":[{"href":"https:\/\/www.esplac.cat\/en\/wp-json\/wp\/v2\/types\/post"}],"author":[{"embeddable":true,"href":"https:\/\/www.esplac.cat\/en\/wp-json\/wp\/v2\/users\/3"}],"replies":[{"embeddable":true,"href":"https:\/\/www.esplac.cat\/en\/wp-json\/wp\/v2\/comments?post=24933"}],"version-history":[{"count":0,"href":"https:\/\/www.esplac.cat\/en\/wp-json\/wp\/v2\/posts\/24933\/revisions"}],"wp:featuredmedia":[{"embeddable":true,"href":"https:\/\/www.esplac.cat\/en\/wp-json\/wp\/v2\/media\/24934"}],"wp:attachment":[{"href":"https:\/\/www.esplac.cat\/en\/wp-json\/wp\/v2\/media?parent=24933"}],"wp:term":[{"taxonomy":"category","embeddable":true,"href":"https:\/\/www.esplac.cat\/en\/wp-json\/wp\/v2\/categories?post=24933"},{"taxonomy":"post_tag","embeddable":true,"href":"https:\/\/www.esplac.cat\/en\/wp-json\/wp\/v2\/tags?post=24933"}],"curies":[{"name":"wp","href":"https:\/\/api.w.org\/{rel}","templated":true}]}}