{"id":24947,"date":"2016-12-20T14:33:49","date_gmt":"2016-12-20T12:33:49","guid":{"rendered":"http:\/\/www.esplac.cat\/?p=11809"},"modified":"2016-12-20T14:33:49","modified_gmt":"2016-12-20T12:33:49","slug":"desperta-i-actua-un-video-fet-per-monis-per-animar-a-adolescents-a-anar-a-lesplai","status":"publish","type":"post","link":"https:\/\/www.esplac.cat\/en\/desperta-i-actua-un-video-fet-per-monis-per-animar-a-adolescents-a-anar-a-lesplai\/","title":{"rendered":"&#8216;Desperta i actua&#8217;, un curt fet per monis per animar a adolescents a anar a l&#8217;esplai"},"content":{"rendered":"<h4>El v\u00eddeo, que han realitzat\u00a0monitores de diferents esplais d&#8217;Esplac, forma part d&#8217;un projecte de l&#8217;Escola Lliure El Sol i l&#8217;Assemblea de Cooperaci\u00f3 per la Pau (ACPP) per donar eines al jovent per a la transformaci\u00f3 social<\/h4>\n<p>Monitores dels esplais Drac M\u00e0gic (Vilanova i la Geltr\u00fa), Boix\u00a0(Barcelona), Roques Albes (Sallent) i Sarau (Sant Cugat)\u00a0han realitzat un curtmetratge de gaireb\u00e9 3 minuts en qu\u00e8\u00a0mostren com l&#8217;esplai pot ser una eina de transformaci\u00f3. El v\u00eddeo est\u00e0 enfocat a adolescents d&#8217;entre 12 i 15 anys i vol donar-los eines\u00a0i presentar-los activitats que contribueixin a transformar la societat. En aquest sentit, el curt anima a participar a l&#8217;esplau a aquestes joves.<\/p>\n<p>A m\u00e9s del curtmetratge, l&#8217;equip que ha realitzat el documental ha penjat un v\u00eddeo explicant com va anar el projecte\u00a0i les experi\u00e8ncies de les monitores en la preparaci\u00f3 i el rodatge. Aqu\u00ed el teniu!<\/p>\n<p><iframe class=\"fusion-hidden\" data-privacy-type=\"youtube\" src=\"\" data-privacy-src=\"https:\/\/www.youtube.com\/embed\/nyS9NIxsEEs\" width=\"560\" height=\"315\" frameborder=\"0\" allowfullscreen=\"allowfullscreen\"><\/iframe><div class=\"fusion-privacy-placeholder\" style=\"width:560px; height:315px;\" data-privacy-type=\"youtube\"><div class=\"fusion-privacy-placeholder-content\"><div class=\"fusion-privacy-label\">For privacy reasons YouTube needs your permission to be loaded. For more details, please see our <a class=\"privacy-policy-link\" href=\"https:\/\/www.esplac.cat\/avis-legal\/\" rel=\"privacy-policy\">Av\u00eds Legal<\/a>.<\/div><a href=\"\" data-privacy-type=\"youtube\" class=\"fusion-button button-default fusion-button-default-size button fusion-privacy-consent\">I Accept<\/a><\/div><\/div><\/p>\n","protected":false},"excerpt":{"rendered":"<p>El v\u00eddeo, que han realitzat\u00a0monitores de diferents esplais d&#8217;Esplac, forma [&hellip;]<\/p>\n","protected":false},"author":3,"featured_media":24948,"comment_status":"closed","ping_status":"open","sticky":false,"template":"","format":"standard","meta":{"om_disable_all_campaigns":false,"_monsterinsights_skip_tracking":false,"_monsterinsights_sitenote_active":false,"_monsterinsights_sitenote_note":"","_monsterinsights_sitenote_category":0,"_uf_show_specific_survey":0,"_uf_disable_surveys":false,"footnotes":""},"categories":[1117,1114,1],"tags":[819,820,43,284],"class_list":["post-24947","post","type-post","status-publish","format-standard","has-post-thumbnail","hentry","category-activitats-esplais","category-recursos","category-sense-categoria","tag-acpp","tag-curtmetratge","tag-escola-lliure-el-sol","tag-recursos"],"yoast_head":"<!-- This site is optimized with the Yoast SEO plugin v27.4 - https:\/\/yoast.com\/product\/yoast-seo-wordpress\/ -->\n<title>&#039;Desperta i actua&#039;, un curt fet per monis per animar a adolescents a anar a l&#039;esplai - Esplac<\/title>\n<meta name=\"robots\" content=\"index, follow, max-snippet:-1, max-image-preview:large, max-video-preview:-1\" \/>\n<link rel=\"canonical\" href=\"https:\/\/www.esplac.cat\/desperta-i-actua-un-video-fet-per-monis-per-animar-a-adolescents-a-anar-a-lesplai\/\" \/>\n<meta property=\"og:locale\" content=\"en_US\" \/>\n<meta property=\"og:type\" content=\"article\" \/>\n<meta property=\"og:title\" content=\"&#039;Desperta i actua&#039;, un curt fet per monis per animar a adolescents a anar a l&#039;esplai - Esplac\" \/>\n<meta property=\"og:description\" content=\"El v\u00eddeo, que han realitzat\u00a0monitores de diferents esplais d&#8217;Esplac, forma [&hellip;]\" \/>\n<meta property=\"og:url\" content=\"https:\/\/www.esplac.cat\/desperta-i-actua-un-video-fet-per-monis-per-animar-a-adolescents-a-anar-a-lesplai\/\" \/>\n<meta property=\"og:site_name\" content=\"Esplac\" \/>\n<meta property=\"article:published_time\" content=\"2016-12-20T12:33:49+00:00\" \/>\n<meta property=\"og:image\" content=\"https:\/\/www.esplac.cat\/wp-content\/uploads\/2016\/12\/20161220_Desperta-actua.jpg\" \/>\n\t<meta property=\"og:image:width\" content=\"847\" \/>\n\t<meta property=\"og:image:height\" content=\"350\" \/>\n\t<meta property=\"og:image:type\" content=\"image\/jpeg\" \/>\n<meta name=\"author\" content=\"Comunicaci\u00f3 Esplac\" \/>\n<meta name=\"twitter:card\" content=\"summary_large_image\" \/>\n<meta name=\"twitter:label1\" content=\"Written by\" \/>\n\t<meta name=\"twitter:data1\" content=\"Comunicaci\u00f3 Esplac\" \/>\n\t<meta name=\"twitter:label2\" content=\"Est. reading time\" \/>\n\t<meta name=\"twitter:data2\" content=\"1 minute\" \/>\n<script type=\"application\/ld+json\" class=\"yoast-schema-graph\">{\"@context\":\"https:\\\/\\\/schema.org\",\"@graph\":[{\"@type\":\"Article\",\"@id\":\"https:\\\/\\\/www.esplac.cat\\\/desperta-i-actua-un-video-fet-per-monis-per-animar-a-adolescents-a-anar-a-lesplai\\\/#article\",\"isPartOf\":{\"@id\":\"https:\\\/\\\/www.esplac.cat\\\/desperta-i-actua-un-video-fet-per-monis-per-animar-a-adolescents-a-anar-a-lesplai\\\/\"},\"author\":{\"name\":\"Comunicaci\u00f3 Esplac\",\"@id\":\"https:\\\/\\\/www.esplac.cat\\\/#\\\/schema\\\/person\\\/908383cf240be18b68f8855d0583faca\"},\"headline\":\"&#8216;Desperta i actua&#8217;, un curt fet per monis per animar a adolescents a anar a l&#8217;esplai\",\"datePublished\":\"2016-12-20T12:33:49+00:00\",\"mainEntityOfPage\":{\"@id\":\"https:\\\/\\\/www.esplac.cat\\\/desperta-i-actua-un-video-fet-per-monis-per-animar-a-adolescents-a-anar-a-lesplai\\\/\"},\"wordCount\":174,\"publisher\":{\"@id\":\"https:\\\/\\\/www.esplac.cat\\\/#organization\"},\"image\":{\"@id\":\"https:\\\/\\\/www.esplac.cat\\\/desperta-i-actua-un-video-fet-per-monis-per-animar-a-adolescents-a-anar-a-lesplai\\\/#primaryimage\"},\"thumbnailUrl\":\"https:\\\/\\\/www.esplac.cat\\\/wp-content\\\/uploads\\\/2016\\\/12\\\/20161220_Desperta-actua.jpg\",\"keywords\":[\"ACPP\",\"curtmetratge\",\"escola lliure el sol\",\"recursos\"],\"articleSection\":[\"Activitats esplais\",\"Recursos\",\"Sense categoria\"],\"inLanguage\":\"en-US\"},{\"@type\":\"WebPage\",\"@id\":\"https:\\\/\\\/www.esplac.cat\\\/desperta-i-actua-un-video-fet-per-monis-per-animar-a-adolescents-a-anar-a-lesplai\\\/\",\"url\":\"https:\\\/\\\/www.esplac.cat\\\/desperta-i-actua-un-video-fet-per-monis-per-animar-a-adolescents-a-anar-a-lesplai\\\/\",\"name\":\"'Desperta i actua', un curt fet per monis per animar a adolescents a anar a l'esplai - Esplac\",\"isPartOf\":{\"@id\":\"https:\\\/\\\/www.esplac.cat\\\/#website\"},\"primaryImageOfPage\":{\"@id\":\"https:\\\/\\\/www.esplac.cat\\\/desperta-i-actua-un-video-fet-per-monis-per-animar-a-adolescents-a-anar-a-lesplai\\\/#primaryimage\"},\"image\":{\"@id\":\"https:\\\/\\\/www.esplac.cat\\\/desperta-i-actua-un-video-fet-per-monis-per-animar-a-adolescents-a-anar-a-lesplai\\\/#primaryimage\"},\"thumbnailUrl\":\"https:\\\/\\\/www.esplac.cat\\\/wp-content\\\/uploads\\\/2016\\\/12\\\/20161220_Desperta-actua.jpg\",\"datePublished\":\"2016-12-20T12:33:49+00:00\",\"breadcrumb\":{\"@id\":\"https:\\\/\\\/www.esplac.cat\\\/desperta-i-actua-un-video-fet-per-monis-per-animar-a-adolescents-a-anar-a-lesplai\\\/#breadcrumb\"},\"inLanguage\":\"en-US\",\"potentialAction\":[{\"@type\":\"ReadAction\",\"target\":[\"https:\\\/\\\/www.esplac.cat\\\/desperta-i-actua-un-video-fet-per-monis-per-animar-a-adolescents-a-anar-a-lesplai\\\/\"]}]},{\"@type\":\"ImageObject\",\"inLanguage\":\"en-US\",\"@id\":\"https:\\\/\\\/www.esplac.cat\\\/desperta-i-actua-un-video-fet-per-monis-per-animar-a-adolescents-a-anar-a-lesplai\\\/#primaryimage\",\"url\":\"https:\\\/\\\/www.esplac.cat\\\/wp-content\\\/uploads\\\/2016\\\/12\\\/20161220_Desperta-actua.jpg\",\"contentUrl\":\"https:\\\/\\\/www.esplac.cat\\\/wp-content\\\/uploads\\\/2016\\\/12\\\/20161220_Desperta-actua.jpg\",\"width\":847,\"height\":350},{\"@type\":\"BreadcrumbList\",\"@id\":\"https:\\\/\\\/www.esplac.cat\\\/desperta-i-actua-un-video-fet-per-monis-per-animar-a-adolescents-a-anar-a-lesplai\\\/#breadcrumb\",\"itemListElement\":[{\"@type\":\"ListItem\",\"position\":1,\"name\":\"Inici\",\"item\":\"https:\\\/\\\/www.esplac.cat\\\/en\\\/\"},{\"@type\":\"ListItem\",\"position\":2,\"name\":\"&#8216;Desperta i actua&#8217;, un curt fet per monis per animar a adolescents a anar a l&#8217;esplai\"}]},{\"@type\":\"WebSite\",\"@id\":\"https:\\\/\\\/www.esplac.cat\\\/#website\",\"url\":\"https:\\\/\\\/www.esplac.cat\\\/\",\"name\":\"Esplac\",\"description\":\"Esplais Catalans\",\"publisher\":{\"@id\":\"https:\\\/\\\/www.esplac.cat\\\/#organization\"},\"potentialAction\":[{\"@type\":\"SearchAction\",\"target\":{\"@type\":\"EntryPoint\",\"urlTemplate\":\"https:\\\/\\\/www.esplac.cat\\\/?s={search_term_string}\"},\"query-input\":{\"@type\":\"PropertyValueSpecification\",\"valueRequired\":true,\"valueName\":\"search_term_string\"}}],\"inLanguage\":\"en-US\"},{\"@type\":\"Organization\",\"@id\":\"https:\\\/\\\/www.esplac.cat\\\/#organization\",\"name\":\"Esplac\",\"url\":\"https:\\\/\\\/www.esplac.cat\\\/\",\"logo\":{\"@type\":\"ImageObject\",\"inLanguage\":\"en-US\",\"@id\":\"https:\\\/\\\/www.esplac.cat\\\/#\\\/schema\\\/logo\\\/image\\\/\",\"url\":\"https:\\\/\\\/www.esplac.cat\\\/wp-content\\\/uploads\\\/2019\\\/08\\\/logox2.png\",\"contentUrl\":\"https:\\\/\\\/www.esplac.cat\\\/wp-content\\\/uploads\\\/2019\\\/08\\\/logox2.png\",\"width\":600,\"height\":295,\"caption\":\"Esplac\"},\"image\":{\"@id\":\"https:\\\/\\\/www.esplac.cat\\\/#\\\/schema\\\/logo\\\/image\\\/\"}},{\"@type\":\"Person\",\"@id\":\"https:\\\/\\\/www.esplac.cat\\\/#\\\/schema\\\/person\\\/908383cf240be18b68f8855d0583faca\",\"name\":\"Comunicaci\u00f3 Esplac\",\"image\":{\"@type\":\"ImageObject\",\"inLanguage\":\"en-US\",\"@id\":\"https:\\\/\\\/secure.gravatar.com\\\/avatar\\\/7a4cf8feb412a76ea4a740ca02d95b06b2907b5a6c648c2dd0a1082a093c3141?s=96&d=mm&r=g\",\"url\":\"https:\\\/\\\/secure.gravatar.com\\\/avatar\\\/7a4cf8feb412a76ea4a740ca02d95b06b2907b5a6c648c2dd0a1082a093c3141?s=96&d=mm&r=g\",\"contentUrl\":\"https:\\\/\\\/secure.gravatar.com\\\/avatar\\\/7a4cf8feb412a76ea4a740ca02d95b06b2907b5a6c648c2dd0a1082a093c3141?s=96&d=mm&r=g\",\"caption\":\"Comunicaci\u00f3 Esplac\"}}]}<\/script>\n<!-- \/ Yoast SEO plugin. -->","yoast_head_json":{"title":"'Desperta i actua', un curt fet per monis per animar a adolescents a anar a l'esplai - Esplac","robots":{"index":"index","follow":"follow","max-snippet":"max-snippet:-1","max-image-preview":"max-image-preview:large","max-video-preview":"max-video-preview:-1"},"canonical":"https:\/\/www.esplac.cat\/desperta-i-actua-un-video-fet-per-monis-per-animar-a-adolescents-a-anar-a-lesplai\/","og_locale":"en_US","og_type":"article","og_title":"'Desperta i actua', un curt fet per monis per animar a adolescents a anar a l'esplai - Esplac","og_description":"El v\u00eddeo, que han realitzat\u00a0monitores de diferents esplais d&#8217;Esplac, forma [&hellip;]","og_url":"https:\/\/www.esplac.cat\/desperta-i-actua-un-video-fet-per-monis-per-animar-a-adolescents-a-anar-a-lesplai\/","og_site_name":"Esplac","article_published_time":"2016-12-20T12:33:49+00:00","og_image":[{"width":847,"height":350,"url":"https:\/\/www.esplac.cat\/wp-content\/uploads\/2016\/12\/20161220_Desperta-actua.jpg","type":"image\/jpeg"}],"author":"Comunicaci\u00f3 Esplac","twitter_card":"summary_large_image","twitter_misc":{"Written by":"Comunicaci\u00f3 Esplac","Est. reading time":"1 minute"},"schema":{"@context":"https:\/\/schema.org","@graph":[{"@type":"Article","@id":"https:\/\/www.esplac.cat\/desperta-i-actua-un-video-fet-per-monis-per-animar-a-adolescents-a-anar-a-lesplai\/#article","isPartOf":{"@id":"https:\/\/www.esplac.cat\/desperta-i-actua-un-video-fet-per-monis-per-animar-a-adolescents-a-anar-a-lesplai\/"},"author":{"name":"Comunicaci\u00f3 Esplac","@id":"https:\/\/www.esplac.cat\/#\/schema\/person\/908383cf240be18b68f8855d0583faca"},"headline":"&#8216;Desperta i actua&#8217;, un curt fet per monis per animar a adolescents a anar a l&#8217;esplai","datePublished":"2016-12-20T12:33:49+00:00","mainEntityOfPage":{"@id":"https:\/\/www.esplac.cat\/desperta-i-actua-un-video-fet-per-monis-per-animar-a-adolescents-a-anar-a-lesplai\/"},"wordCount":174,"publisher":{"@id":"https:\/\/www.esplac.cat\/#organization"},"image":{"@id":"https:\/\/www.esplac.cat\/desperta-i-actua-un-video-fet-per-monis-per-animar-a-adolescents-a-anar-a-lesplai\/#primaryimage"},"thumbnailUrl":"https:\/\/www.esplac.cat\/wp-content\/uploads\/2016\/12\/20161220_Desperta-actua.jpg","keywords":["ACPP","curtmetratge","escola lliure el sol","recursos"],"articleSection":["Activitats esplais","Recursos","Sense categoria"],"inLanguage":"en-US"},{"@type":"WebPage","@id":"https:\/\/www.esplac.cat\/desperta-i-actua-un-video-fet-per-monis-per-animar-a-adolescents-a-anar-a-lesplai\/","url":"https:\/\/www.esplac.cat\/desperta-i-actua-un-video-fet-per-monis-per-animar-a-adolescents-a-anar-a-lesplai\/","name":"'Desperta i actua', un curt fet per monis per animar a adolescents a anar a l'esplai - Esplac","isPartOf":{"@id":"https:\/\/www.esplac.cat\/#website"},"primaryImageOfPage":{"@id":"https:\/\/www.esplac.cat\/desperta-i-actua-un-video-fet-per-monis-per-animar-a-adolescents-a-anar-a-lesplai\/#primaryimage"},"image":{"@id":"https:\/\/www.esplac.cat\/desperta-i-actua-un-video-fet-per-monis-per-animar-a-adolescents-a-anar-a-lesplai\/#primaryimage"},"thumbnailUrl":"https:\/\/www.esplac.cat\/wp-content\/uploads\/2016\/12\/20161220_Desperta-actua.jpg","datePublished":"2016-12-20T12:33:49+00:00","breadcrumb":{"@id":"https:\/\/www.esplac.cat\/desperta-i-actua-un-video-fet-per-monis-per-animar-a-adolescents-a-anar-a-lesplai\/#breadcrumb"},"inLanguage":"en-US","potentialAction":[{"@type":"ReadAction","target":["https:\/\/www.esplac.cat\/desperta-i-actua-un-video-fet-per-monis-per-animar-a-adolescents-a-anar-a-lesplai\/"]}]},{"@type":"ImageObject","inLanguage":"en-US","@id":"https:\/\/www.esplac.cat\/desperta-i-actua-un-video-fet-per-monis-per-animar-a-adolescents-a-anar-a-lesplai\/#primaryimage","url":"https:\/\/www.esplac.cat\/wp-content\/uploads\/2016\/12\/20161220_Desperta-actua.jpg","contentUrl":"https:\/\/www.esplac.cat\/wp-content\/uploads\/2016\/12\/20161220_Desperta-actua.jpg","width":847,"height":350},{"@type":"BreadcrumbList","@id":"https:\/\/www.esplac.cat\/desperta-i-actua-un-video-fet-per-monis-per-animar-a-adolescents-a-anar-a-lesplai\/#breadcrumb","itemListElement":[{"@type":"ListItem","position":1,"name":"Inici","item":"https:\/\/www.esplac.cat\/en\/"},{"@type":"ListItem","position":2,"name":"&#8216;Desperta i actua&#8217;, un curt fet per monis per animar a adolescents a anar a l&#8217;esplai"}]},{"@type":"WebSite","@id":"https:\/\/www.esplac.cat\/#website","url":"https:\/\/www.esplac.cat\/","name":"Esplac","description":"Esplais Catalans","publisher":{"@id":"https:\/\/www.esplac.cat\/#organization"},"potentialAction":[{"@type":"SearchAction","target":{"@type":"EntryPoint","urlTemplate":"https:\/\/www.esplac.cat\/?s={search_term_string}"},"query-input":{"@type":"PropertyValueSpecification","valueRequired":true,"valueName":"search_term_string"}}],"inLanguage":"en-US"},{"@type":"Organization","@id":"https:\/\/www.esplac.cat\/#organization","name":"Esplac","url":"https:\/\/www.esplac.cat\/","logo":{"@type":"ImageObject","inLanguage":"en-US","@id":"https:\/\/www.esplac.cat\/#\/schema\/logo\/image\/","url":"https:\/\/www.esplac.cat\/wp-content\/uploads\/2019\/08\/logox2.png","contentUrl":"https:\/\/www.esplac.cat\/wp-content\/uploads\/2019\/08\/logox2.png","width":600,"height":295,"caption":"Esplac"},"image":{"@id":"https:\/\/www.esplac.cat\/#\/schema\/logo\/image\/"}},{"@type":"Person","@id":"https:\/\/www.esplac.cat\/#\/schema\/person\/908383cf240be18b68f8855d0583faca","name":"Comunicaci\u00f3 Esplac","image":{"@type":"ImageObject","inLanguage":"en-US","@id":"https:\/\/secure.gravatar.com\/avatar\/7a4cf8feb412a76ea4a740ca02d95b06b2907b5a6c648c2dd0a1082a093c3141?s=96&d=mm&r=g","url":"https:\/\/secure.gravatar.com\/avatar\/7a4cf8feb412a76ea4a740ca02d95b06b2907b5a6c648c2dd0a1082a093c3141?s=96&d=mm&r=g","contentUrl":"https:\/\/secure.gravatar.com\/avatar\/7a4cf8feb412a76ea4a740ca02d95b06b2907b5a6c648c2dd0a1082a093c3141?s=96&d=mm&r=g","caption":"Comunicaci\u00f3 Esplac"}}]}},"_links":{"self":[{"href":"https:\/\/www.esplac.cat\/en\/wp-json\/wp\/v2\/posts\/24947","targetHints":{"allow":["GET"]}}],"collection":[{"href":"https:\/\/www.esplac.cat\/en\/wp-json\/wp\/v2\/posts"}],"about":[{"href":"https:\/\/www.esplac.cat\/en\/wp-json\/wp\/v2\/types\/post"}],"author":[{"embeddable":true,"href":"https:\/\/www.esplac.cat\/en\/wp-json\/wp\/v2\/users\/3"}],"replies":[{"embeddable":true,"href":"https:\/\/www.esplac.cat\/en\/wp-json\/wp\/v2\/comments?post=24947"}],"version-history":[{"count":0,"href":"https:\/\/www.esplac.cat\/en\/wp-json\/wp\/v2\/posts\/24947\/revisions"}],"wp:featuredmedia":[{"embeddable":true,"href":"https:\/\/www.esplac.cat\/en\/wp-json\/wp\/v2\/media\/24948"}],"wp:attachment":[{"href":"https:\/\/www.esplac.cat\/en\/wp-json\/wp\/v2\/media?parent=24947"}],"wp:term":[{"taxonomy":"category","embeddable":true,"href":"https:\/\/www.esplac.cat\/en\/wp-json\/wp\/v2\/categories?post=24947"},{"taxonomy":"post_tag","embeddable":true,"href":"https:\/\/www.esplac.cat\/en\/wp-json\/wp\/v2\/tags?post=24947"}],"curies":[{"name":"wp","href":"https:\/\/api.w.org\/{rel}","templated":true}]}}