{"id":24953,"date":"2016-12-15T15:01:33","date_gmt":"2016-12-15T13:01:33","guid":{"rendered":"http:\/\/www.esplac.cat\/?p=11764"},"modified":"2016-12-15T15:01:33","modified_gmt":"2016-12-15T13:01:33","slug":"campament-internacional-a-austria-per-a-lestiu-2017","status":"publish","type":"post","link":"https:\/\/www.esplac.cat\/en\/campament-internacional-a-austria-per-a-lestiu-2017\/","title":{"rendered":"Campament internacional a \u00c0ustria per a l&#8217;estiu 2017"},"content":{"rendered":"<h4>La nostra entitat s\u00f2cia austr\u00edaca, els <a href=\"http:\/\/www.kinderfreunde.at\/\" target=\"_blank\" rel=\"noopener noreferrer\">Kinderfreunde<\/a>, ens conviden a participar al International Camp 2017 que tindr\u00e0 lloc del 15 al 29 de juliol en un terreny d\u2019acampada a D\u00f6briach<\/h4>\n<p><span style=\"font-weight: 400;\">Per a tots els esplais que no vam poder anar a l\u2019IFM Camp, aquesta pot ser l&#8217;oportunitat de viure una experi\u00e8ncia semblant, en aquest cas a D\u00f6briach, al sud d&#8217;\u00c0ustria! Kinderfreunde convida a Esplac a l&#8217;Internacional Camp 2017.<\/span><\/p>\n<p><span style=\"font-weight: 400;\">Amb el lema <\/span><b>\u00abChildren&#8217;s Republic of D\u00f6briach \u2013 that&#8217;s how we change the world!\u00bb<\/b><span style=\"font-weight: 400;\"> el programa d\u2019activitats estar\u00e0 basat en activitats centrals que es proposaran a tots i totes les participants, combinat amb activitats i tallers que seran proposats pels propis participants. Durant el campament, s\u2019aplicar\u00e0 un model de participaci\u00f3 en la que cada \u00abvillage\u00bb tindr\u00e0 els seus representants, infants i\/o joves, elegits democr\u00e0ticament, i en el que els infants podran votar quines s\u00f3n les activitats que volen fer. El campament estar\u00e0 pensat per tot tipus de <\/span><b>grups a partir dels 6 anys <\/b><span style=\"font-weight: 400;\">endavant.<\/span><\/p>\n<p><span style=\"font-weight: 400;\">El terreny d\u2019acampada, el<\/span> <a href=\"http:\/\/www.kinderfreunde.at\/Kinderfreunde-Falkencamp-Doebriach\/\" target=\"_blank\" rel=\"noopener noreferrer\"><b>Falkencamp<\/b><\/a><span style=\"font-weight: 400;\">, es va constituir com a tal al 1949 i compta amb instal\u00b7lacions sanit\u00e0ries, escenari per actes centrals, petita cafeteria, una torre i petit centre sanitari.<\/span> <span style=\"font-weight: 400;\">Est\u00e0 situat a la regi\u00f3 de la Car\u00edntia, als Alps austr\u00edacs, en plena naturalesa i t\u00e9 platja pr\u00f2pia en un llac.<\/span><\/p>\n<p><span style=\"font-weight: 400;\">El campament tindr\u00e0 un cost de <\/span><b>280 euros per dues setmanes incloent 3 \u00e0pats al dia<\/b><span style=\"font-weight: 400;\">. Hi ha la possibilitat de participar nom\u00e9s una setmana per 145 euros. El transport c\u00f3rre a c\u00e0rrec de cada organitzaci\u00f3. Ens podem ajuntar tots els esplais interessats i, amb l\u2019ajut d\u2019Esplac, llogar un autocar conjuntament.<\/span><\/p>\n<p><span style=\"font-weight: 400;\">Per tots els esplais que no van poder anar a l\u2019IFM Camp, aquesta \u00e9s una manera de viure una experi\u00e8ncia semblant, tot i que amb un format m\u00e9s petit. Mireu <\/span><a href=\"https:\/\/www.youtube.com\/watch?v=c_JXELBRJC8\" target=\"_blank\" rel=\"noopener noreferrer\"><span style=\"font-weight: 400;\">aquest v\u00eddeo <\/span><\/a><span style=\"font-weight: 400;\">per veure com va ser l&#8217;any anterior. Les entitats convidades s\u00f3n els Woodcraft Folk (Regne Unit), els Nuoret Kotkat (Finl\u00e0ndia), els Die Falken (Alemanya) i els Faucons Rouges (B\u00e8lgica). <\/span><\/p>\n<h3>INFORMACI\u00d3 PER A INSCRIURE&#8217;S<\/h3>\n<p><span style=\"font-weight: 400;\">Els interessats podeu escriure a <strong>internacional@esplac.cat<\/strong> i iniciar el proc\u00e9s d\u2019inscripci\u00f3. Us adjuntem uns documents a on trobareu tota la informaci\u00f3 necess\u00e0ria:<\/span><\/p>\n<ul>\n<li><span style=\"font-weight: 400;\"><a href=\"http:\/\/www.esplac.cat\/wp-content\/uploads\/2016\/12\/Dobriach16_Invitacio-campaments.pdf\" target=\"_blank\" rel=\"noopener noreferrer\">Invitaci\u00f3<\/a> (Els fa tanta il\u00b7lusi\u00f3 que hi vagin esplais d\u2019Esplac que l&#8217;han tradu\u00eft al catal\u00e0!)<\/span><\/li>\n<li><span style=\"font-weight: 400;\"><a href=\"http:\/\/www.esplac.cat\/wp-content\/uploads\/2016\/12\/Dobriach16_Informacio-practica.pdf\" target=\"_blank\" rel=\"noopener noreferrer\">Informaci\u00f3 pr\u00e0ctica<\/a> (en angl\u00e8s)<\/span><\/li>\n<li><span style=\"font-weight: 400;\"><a href=\"http:\/\/www.esplac.cat\/wp-content\/uploads\/2016\/12\/Dobriach16_Info-addicional.pdf\" target=\"_blank\" rel=\"noopener noreferrer\">Informaci\u00f3 addicional sobre el programa, l\u2019organitzaci\u00f3 i terreny<\/a> (en angl\u00e8s)<\/span><\/li>\n<li><span style=\"font-weight: 400;\"><a href=\"http:\/\/www.esplac.cat\/wp-content\/uploads\/2016\/12\/Dobriach16_Model-participacio.pdf\" target=\"_blank\" rel=\"noopener noreferrer\">Model de participaci\u00f3<\/a> (en angl\u00e8s)<\/span><\/li>\n<\/ul>\n<p>&nbsp;<\/p>\n","protected":false},"excerpt":{"rendered":"<p>La nostra entitat s\u00f2cia austr\u00edaca, els Kinderfreunde, ens conviden a [&hellip;]<\/p>\n","protected":false},"author":3,"featured_media":24954,"comment_status":"closed","ping_status":"open","sticky":false,"template":"","format":"standard","meta":{"om_disable_all_campaigns":false,"_monsterinsights_skip_tracking":false,"_monsterinsights_sitenote_active":false,"_monsterinsights_sitenote_note":"","_monsterinsights_sitenote_category":0,"_uf_show_specific_survey":0,"_uf_disable_surveys":false,"footnotes":""},"categories":[1119,1112,1],"tags":[270,692,99,149,612,109,693],"class_list":["post-24953","post","type-post","status-publish","format-standard","has-post-thumbnail","hentry","category-activitats-comissions-grups-de-treball","category-esplac-al-mon","category-sense-categoria","tag-activitats-internacionals","tag-austria","tag-campament-internacional","tag-comissio-internacional","tag-ifm-camp","tag-internacionalisme","tag-kinderfreunde"],"yoast_head":"<!-- This site is optimized with the Yoast SEO plugin v27.5 - https:\/\/yoast.com\/product\/yoast-seo-wordpress\/ -->\n<title>Campament internacional a \u00c0ustria per a l&#039;estiu 2017 - Esplac<\/title>\n<meta name=\"robots\" content=\"index, follow, max-snippet:-1, max-image-preview:large, max-video-preview:-1\" \/>\n<link rel=\"canonical\" href=\"https:\/\/www.esplac.cat\/campament-internacional-a-austria-per-a-lestiu-2017\/\" \/>\n<meta property=\"og:locale\" content=\"en_US\" \/>\n<meta property=\"og:type\" content=\"article\" \/>\n<meta property=\"og:title\" content=\"Campament internacional a \u00c0ustria per a l&#039;estiu 2017 - Esplac\" \/>\n<meta property=\"og:description\" content=\"La nostra entitat s\u00f2cia austr\u00edaca, els Kinderfreunde, ens conviden a [&hellip;]\" \/>\n<meta property=\"og:url\" content=\"https:\/\/www.esplac.cat\/campament-internacional-a-austria-per-a-lestiu-2017\/\" \/>\n<meta property=\"og:site_name\" content=\"Esplac\" \/>\n<meta property=\"article:published_time\" content=\"2016-12-15T13:01:33+00:00\" \/>\n<meta property=\"og:image\" content=\"https:\/\/www.esplac.cat\/wp-content\/uploads\/2016\/12\/20161215_Campament-Austria.jpg\" \/>\n\t<meta property=\"og:image:width\" content=\"847\" \/>\n\t<meta property=\"og:image:height\" content=\"350\" \/>\n\t<meta property=\"og:image:type\" content=\"image\/jpeg\" \/>\n<meta name=\"author\" content=\"Comunicaci\u00f3 Esplac\" \/>\n<meta name=\"twitter:card\" content=\"summary_large_image\" \/>\n<meta name=\"twitter:label1\" content=\"Written by\" \/>\n\t<meta name=\"twitter:data1\" content=\"Comunicaci\u00f3 Esplac\" \/>\n\t<meta name=\"twitter:label2\" content=\"Est. reading time\" \/>\n\t<meta name=\"twitter:data2\" content=\"2 minutes\" \/>\n<script type=\"application\/ld+json\" class=\"yoast-schema-graph\">{\"@context\":\"https:\\\/\\\/schema.org\",\"@graph\":[{\"@type\":\"Article\",\"@id\":\"https:\\\/\\\/www.esplac.cat\\\/campament-internacional-a-austria-per-a-lestiu-2017\\\/#article\",\"isPartOf\":{\"@id\":\"https:\\\/\\\/www.esplac.cat\\\/campament-internacional-a-austria-per-a-lestiu-2017\\\/\"},\"author\":{\"name\":\"Comunicaci\u00f3 Esplac\",\"@id\":\"https:\\\/\\\/www.esplac.cat\\\/#\\\/schema\\\/person\\\/908383cf240be18b68f8855d0583faca\"},\"headline\":\"Campament internacional a \u00c0ustria per a l&#8217;estiu 2017\",\"datePublished\":\"2016-12-15T13:01:33+00:00\",\"mainEntityOfPage\":{\"@id\":\"https:\\\/\\\/www.esplac.cat\\\/campament-internacional-a-austria-per-a-lestiu-2017\\\/\"},\"wordCount\":436,\"publisher\":{\"@id\":\"https:\\\/\\\/www.esplac.cat\\\/#organization\"},\"image\":{\"@id\":\"https:\\\/\\\/www.esplac.cat\\\/campament-internacional-a-austria-per-a-lestiu-2017\\\/#primaryimage\"},\"thumbnailUrl\":\"https:\\\/\\\/www.esplac.cat\\\/wp-content\\\/uploads\\\/2016\\\/12\\\/20161215_Campament-Austria.jpg\",\"keywords\":[\"activitats internacionals\",\"\u00c0ustria\",\"campament internacional\",\"comissi\u00f3 internacional\",\"IFM Camp\",\"internacionalisme\",\"Kinderfreunde\"],\"articleSection\":[\"Activitats comissions i grups de treball\",\"Esplac al m\u00f3n\",\"Sense categoria\"],\"inLanguage\":\"en-US\"},{\"@type\":\"WebPage\",\"@id\":\"https:\\\/\\\/www.esplac.cat\\\/campament-internacional-a-austria-per-a-lestiu-2017\\\/\",\"url\":\"https:\\\/\\\/www.esplac.cat\\\/campament-internacional-a-austria-per-a-lestiu-2017\\\/\",\"name\":\"Campament internacional a \u00c0ustria per a l'estiu 2017 - Esplac\",\"isPartOf\":{\"@id\":\"https:\\\/\\\/www.esplac.cat\\\/#website\"},\"primaryImageOfPage\":{\"@id\":\"https:\\\/\\\/www.esplac.cat\\\/campament-internacional-a-austria-per-a-lestiu-2017\\\/#primaryimage\"},\"image\":{\"@id\":\"https:\\\/\\\/www.esplac.cat\\\/campament-internacional-a-austria-per-a-lestiu-2017\\\/#primaryimage\"},\"thumbnailUrl\":\"https:\\\/\\\/www.esplac.cat\\\/wp-content\\\/uploads\\\/2016\\\/12\\\/20161215_Campament-Austria.jpg\",\"datePublished\":\"2016-12-15T13:01:33+00:00\",\"breadcrumb\":{\"@id\":\"https:\\\/\\\/www.esplac.cat\\\/campament-internacional-a-austria-per-a-lestiu-2017\\\/#breadcrumb\"},\"inLanguage\":\"en-US\",\"potentialAction\":[{\"@type\":\"ReadAction\",\"target\":[\"https:\\\/\\\/www.esplac.cat\\\/campament-internacional-a-austria-per-a-lestiu-2017\\\/\"]}]},{\"@type\":\"ImageObject\",\"inLanguage\":\"en-US\",\"@id\":\"https:\\\/\\\/www.esplac.cat\\\/campament-internacional-a-austria-per-a-lestiu-2017\\\/#primaryimage\",\"url\":\"https:\\\/\\\/www.esplac.cat\\\/wp-content\\\/uploads\\\/2016\\\/12\\\/20161215_Campament-Austria.jpg\",\"contentUrl\":\"https:\\\/\\\/www.esplac.cat\\\/wp-content\\\/uploads\\\/2016\\\/12\\\/20161215_Campament-Austria.jpg\",\"width\":847,\"height\":350},{\"@type\":\"BreadcrumbList\",\"@id\":\"https:\\\/\\\/www.esplac.cat\\\/campament-internacional-a-austria-per-a-lestiu-2017\\\/#breadcrumb\",\"itemListElement\":[{\"@type\":\"ListItem\",\"position\":1,\"name\":\"Inici\",\"item\":\"https:\\\/\\\/www.esplac.cat\\\/en\\\/\"},{\"@type\":\"ListItem\",\"position\":2,\"name\":\"Campament internacional a \u00c0ustria per a l&#8217;estiu 2017\"}]},{\"@type\":\"WebSite\",\"@id\":\"https:\\\/\\\/www.esplac.cat\\\/#website\",\"url\":\"https:\\\/\\\/www.esplac.cat\\\/\",\"name\":\"Esplac\",\"description\":\"Esplais Catalans\",\"publisher\":{\"@id\":\"https:\\\/\\\/www.esplac.cat\\\/#organization\"},\"potentialAction\":[{\"@type\":\"SearchAction\",\"target\":{\"@type\":\"EntryPoint\",\"urlTemplate\":\"https:\\\/\\\/www.esplac.cat\\\/?s={search_term_string}\"},\"query-input\":{\"@type\":\"PropertyValueSpecification\",\"valueRequired\":true,\"valueName\":\"search_term_string\"}}],\"inLanguage\":\"en-US\"},{\"@type\":\"Organization\",\"@id\":\"https:\\\/\\\/www.esplac.cat\\\/#organization\",\"name\":\"Esplac\",\"url\":\"https:\\\/\\\/www.esplac.cat\\\/\",\"logo\":{\"@type\":\"ImageObject\",\"inLanguage\":\"en-US\",\"@id\":\"https:\\\/\\\/www.esplac.cat\\\/#\\\/schema\\\/logo\\\/image\\\/\",\"url\":\"https:\\\/\\\/www.esplac.cat\\\/wp-content\\\/uploads\\\/2019\\\/08\\\/logox2.png\",\"contentUrl\":\"https:\\\/\\\/www.esplac.cat\\\/wp-content\\\/uploads\\\/2019\\\/08\\\/logox2.png\",\"width\":600,\"height\":295,\"caption\":\"Esplac\"},\"image\":{\"@id\":\"https:\\\/\\\/www.esplac.cat\\\/#\\\/schema\\\/logo\\\/image\\\/\"}},{\"@type\":\"Person\",\"@id\":\"https:\\\/\\\/www.esplac.cat\\\/#\\\/schema\\\/person\\\/908383cf240be18b68f8855d0583faca\",\"name\":\"Comunicaci\u00f3 Esplac\",\"image\":{\"@type\":\"ImageObject\",\"inLanguage\":\"en-US\",\"@id\":\"https:\\\/\\\/secure.gravatar.com\\\/avatar\\\/7a4cf8feb412a76ea4a740ca02d95b06b2907b5a6c648c2dd0a1082a093c3141?s=96&d=mm&r=g\",\"url\":\"https:\\\/\\\/secure.gravatar.com\\\/avatar\\\/7a4cf8feb412a76ea4a740ca02d95b06b2907b5a6c648c2dd0a1082a093c3141?s=96&d=mm&r=g\",\"contentUrl\":\"https:\\\/\\\/secure.gravatar.com\\\/avatar\\\/7a4cf8feb412a76ea4a740ca02d95b06b2907b5a6c648c2dd0a1082a093c3141?s=96&d=mm&r=g\",\"caption\":\"Comunicaci\u00f3 Esplac\"}}]}<\/script>\n<!-- \/ Yoast SEO plugin. -->","yoast_head_json":{"title":"Campament internacional a \u00c0ustria per a l'estiu 2017 - Esplac","robots":{"index":"index","follow":"follow","max-snippet":"max-snippet:-1","max-image-preview":"max-image-preview:large","max-video-preview":"max-video-preview:-1"},"canonical":"https:\/\/www.esplac.cat\/campament-internacional-a-austria-per-a-lestiu-2017\/","og_locale":"en_US","og_type":"article","og_title":"Campament internacional a \u00c0ustria per a l'estiu 2017 - Esplac","og_description":"La nostra entitat s\u00f2cia austr\u00edaca, els Kinderfreunde, ens conviden a [&hellip;]","og_url":"https:\/\/www.esplac.cat\/campament-internacional-a-austria-per-a-lestiu-2017\/","og_site_name":"Esplac","article_published_time":"2016-12-15T13:01:33+00:00","og_image":[{"width":847,"height":350,"url":"https:\/\/www.esplac.cat\/wp-content\/uploads\/2016\/12\/20161215_Campament-Austria.jpg","type":"image\/jpeg"}],"author":"Comunicaci\u00f3 Esplac","twitter_card":"summary_large_image","twitter_misc":{"Written by":"Comunicaci\u00f3 Esplac","Est. reading time":"2 minutes"},"schema":{"@context":"https:\/\/schema.org","@graph":[{"@type":"Article","@id":"https:\/\/www.esplac.cat\/campament-internacional-a-austria-per-a-lestiu-2017\/#article","isPartOf":{"@id":"https:\/\/www.esplac.cat\/campament-internacional-a-austria-per-a-lestiu-2017\/"},"author":{"name":"Comunicaci\u00f3 Esplac","@id":"https:\/\/www.esplac.cat\/#\/schema\/person\/908383cf240be18b68f8855d0583faca"},"headline":"Campament internacional a \u00c0ustria per a l&#8217;estiu 2017","datePublished":"2016-12-15T13:01:33+00:00","mainEntityOfPage":{"@id":"https:\/\/www.esplac.cat\/campament-internacional-a-austria-per-a-lestiu-2017\/"},"wordCount":436,"publisher":{"@id":"https:\/\/www.esplac.cat\/#organization"},"image":{"@id":"https:\/\/www.esplac.cat\/campament-internacional-a-austria-per-a-lestiu-2017\/#primaryimage"},"thumbnailUrl":"https:\/\/www.esplac.cat\/wp-content\/uploads\/2016\/12\/20161215_Campament-Austria.jpg","keywords":["activitats internacionals","\u00c0ustria","campament internacional","comissi\u00f3 internacional","IFM Camp","internacionalisme","Kinderfreunde"],"articleSection":["Activitats comissions i grups de treball","Esplac al m\u00f3n","Sense categoria"],"inLanguage":"en-US"},{"@type":"WebPage","@id":"https:\/\/www.esplac.cat\/campament-internacional-a-austria-per-a-lestiu-2017\/","url":"https:\/\/www.esplac.cat\/campament-internacional-a-austria-per-a-lestiu-2017\/","name":"Campament internacional a \u00c0ustria per a l'estiu 2017 - Esplac","isPartOf":{"@id":"https:\/\/www.esplac.cat\/#website"},"primaryImageOfPage":{"@id":"https:\/\/www.esplac.cat\/campament-internacional-a-austria-per-a-lestiu-2017\/#primaryimage"},"image":{"@id":"https:\/\/www.esplac.cat\/campament-internacional-a-austria-per-a-lestiu-2017\/#primaryimage"},"thumbnailUrl":"https:\/\/www.esplac.cat\/wp-content\/uploads\/2016\/12\/20161215_Campament-Austria.jpg","datePublished":"2016-12-15T13:01:33+00:00","breadcrumb":{"@id":"https:\/\/www.esplac.cat\/campament-internacional-a-austria-per-a-lestiu-2017\/#breadcrumb"},"inLanguage":"en-US","potentialAction":[{"@type":"ReadAction","target":["https:\/\/www.esplac.cat\/campament-internacional-a-austria-per-a-lestiu-2017\/"]}]},{"@type":"ImageObject","inLanguage":"en-US","@id":"https:\/\/www.esplac.cat\/campament-internacional-a-austria-per-a-lestiu-2017\/#primaryimage","url":"https:\/\/www.esplac.cat\/wp-content\/uploads\/2016\/12\/20161215_Campament-Austria.jpg","contentUrl":"https:\/\/www.esplac.cat\/wp-content\/uploads\/2016\/12\/20161215_Campament-Austria.jpg","width":847,"height":350},{"@type":"BreadcrumbList","@id":"https:\/\/www.esplac.cat\/campament-internacional-a-austria-per-a-lestiu-2017\/#breadcrumb","itemListElement":[{"@type":"ListItem","position":1,"name":"Inici","item":"https:\/\/www.esplac.cat\/en\/"},{"@type":"ListItem","position":2,"name":"Campament internacional a \u00c0ustria per a l&#8217;estiu 2017"}]},{"@type":"WebSite","@id":"https:\/\/www.esplac.cat\/#website","url":"https:\/\/www.esplac.cat\/","name":"Esplac","description":"Esplais Catalans","publisher":{"@id":"https:\/\/www.esplac.cat\/#organization"},"potentialAction":[{"@type":"SearchAction","target":{"@type":"EntryPoint","urlTemplate":"https:\/\/www.esplac.cat\/?s={search_term_string}"},"query-input":{"@type":"PropertyValueSpecification","valueRequired":true,"valueName":"search_term_string"}}],"inLanguage":"en-US"},{"@type":"Organization","@id":"https:\/\/www.esplac.cat\/#organization","name":"Esplac","url":"https:\/\/www.esplac.cat\/","logo":{"@type":"ImageObject","inLanguage":"en-US","@id":"https:\/\/www.esplac.cat\/#\/schema\/logo\/image\/","url":"https:\/\/www.esplac.cat\/wp-content\/uploads\/2019\/08\/logox2.png","contentUrl":"https:\/\/www.esplac.cat\/wp-content\/uploads\/2019\/08\/logox2.png","width":600,"height":295,"caption":"Esplac"},"image":{"@id":"https:\/\/www.esplac.cat\/#\/schema\/logo\/image\/"}},{"@type":"Person","@id":"https:\/\/www.esplac.cat\/#\/schema\/person\/908383cf240be18b68f8855d0583faca","name":"Comunicaci\u00f3 Esplac","image":{"@type":"ImageObject","inLanguage":"en-US","@id":"https:\/\/secure.gravatar.com\/avatar\/7a4cf8feb412a76ea4a740ca02d95b06b2907b5a6c648c2dd0a1082a093c3141?s=96&d=mm&r=g","url":"https:\/\/secure.gravatar.com\/avatar\/7a4cf8feb412a76ea4a740ca02d95b06b2907b5a6c648c2dd0a1082a093c3141?s=96&d=mm&r=g","contentUrl":"https:\/\/secure.gravatar.com\/avatar\/7a4cf8feb412a76ea4a740ca02d95b06b2907b5a6c648c2dd0a1082a093c3141?s=96&d=mm&r=g","caption":"Comunicaci\u00f3 Esplac"}}]}},"_links":{"self":[{"href":"https:\/\/www.esplac.cat\/en\/wp-json\/wp\/v2\/posts\/24953","targetHints":{"allow":["GET"]}}],"collection":[{"href":"https:\/\/www.esplac.cat\/en\/wp-json\/wp\/v2\/posts"}],"about":[{"href":"https:\/\/www.esplac.cat\/en\/wp-json\/wp\/v2\/types\/post"}],"author":[{"embeddable":true,"href":"https:\/\/www.esplac.cat\/en\/wp-json\/wp\/v2\/users\/3"}],"replies":[{"embeddable":true,"href":"https:\/\/www.esplac.cat\/en\/wp-json\/wp\/v2\/comments?post=24953"}],"version-history":[{"count":0,"href":"https:\/\/www.esplac.cat\/en\/wp-json\/wp\/v2\/posts\/24953\/revisions"}],"wp:featuredmedia":[{"embeddable":true,"href":"https:\/\/www.esplac.cat\/en\/wp-json\/wp\/v2\/media\/24954"}],"wp:attachment":[{"href":"https:\/\/www.esplac.cat\/en\/wp-json\/wp\/v2\/media?parent=24953"}],"wp:term":[{"taxonomy":"category","embeddable":true,"href":"https:\/\/www.esplac.cat\/en\/wp-json\/wp\/v2\/categories?post=24953"},{"taxonomy":"post_tag","embeddable":true,"href":"https:\/\/www.esplac.cat\/en\/wp-json\/wp\/v2\/tags?post=24953"}],"curies":[{"name":"wp","href":"https:\/\/api.w.org\/{rel}","templated":true}]}}