{"id":24955,"date":"2016-12-14T16:58:03","date_gmt":"2016-12-14T14:58:03","guid":{"rendered":"http:\/\/www.esplac.cat\/?p=11744"},"modified":"2016-12-14T16:58:03","modified_gmt":"2016-12-14T14:58:03","slug":"un-puzzle-gegant-fet-pels-infants-clou-la-diada-del-20-n-al-sector-osona-ripolles","status":"publish","type":"post","link":"https:\/\/www.esplac.cat\/en\/un-puzzle-gegant-fet-pels-infants-clou-la-diada-del-20-n-al-sector-osona-ripolles\/","title":{"rendered":"Un puzzle gegant fet pels infants clou la diada del 20-N al sector Osona-Ripoll\u00e8s"},"content":{"rendered":"<h4 class=\"western\" align=\"justify\"><span style=\"font-size: medium;\">El passat 19 de novembre, els esplais del sector Osona-Ripoll\u00e8s es\u00a0van trobar a Tona en motiu la Diada Universal dels Drets dels Infants i van fer un v\u00eddeo de resum.<\/span><\/h4>\n<p class=\"western\" align=\"justify\"><span style=\"font-size: medium;\">Aquesta jornada \u00e9s una de les activitats assenyalades\u00a0al calendari del sector, ja que serveix com a punt de trobada d\u2019infants i monitors dels esplais del territori i, alhora, reivindiquem els drets dels infants que treballem dissabte a dissabte als esplais.<\/span><\/p>\n<p class=\"western\" align=\"justify\"><span style=\"font-size: medium;\">Com a novetat respecte als anys anteriors, aquest any l&#8217;activitat es va fer a Tona (fins ara sempre havia estat a Vic) fent aix\u00ed que l&#8217;activitat tingui ress\u00f2 en una poblaci\u00f3 diferent del sector.\u00a0<\/span><span style=\"font-size: medium;\">A la trobada hi van participar l&#8217;Esplai Les 100 Teies i el G\u00fcitxi-G\u00fcitxi, amb un total de m\u00e9s de 80 infants i uns 25 monitors i monitores. A Tona vam esmorzar junts al Parc de les Feixetes, i despr\u00e9s\u00a0vam gaudir d&#8217;una estona de temps lliure, ens vam dividir en tres grups d\u2019edat: petits (de p5 a 2n), mitjans (de 3r a 6\u00e8) i grans (ESO). Cada grup d\u2019edat tenia una activitat preparada, adequada a la seva edat i interessos, seguint el tema de la diada dels drets dels infants i mitjan\u00e7ant la qual aconseguia 10 peces d\u2019un gran puzzle.<\/span><\/p>\n<p class=\"western\" align=\"justify\"><span style=\"font-size: medium;\">El grup de petits van rebre una visita d\u2019uns malvats que els havien robat els drets i durant el mat\u00ed van estar fent activitats a diversos llocs del poble que reivindicaven aquests drets que volien tornar a aconseguir. El grup de mitjans van fer un joc en qu\u00e8 cada grup tenia un cap i havien d\u2019aconseguir diversos reptes abans que els altres grups. El grup de grans va fer un joc de rol en qu\u00e8 els diversos col\u00b7lectius socials de la Vila del Sector Osona-Ripoll\u00e8s havien d\u2019aconseguir cooperar i assolir els seus objectius per a poder curar una\u00a0&#8220;f\u00f2bia&#8221; que tenien els l\u00edders suprems de la vila.<\/span><\/p>\n<p class=\"western\" align=\"justify\"><span style=\"font-size: medium;\">Una vegada cada grup va haver acabat les seves activitats, vam dinar tots junts i despr\u00e9s de dinar, vam reivindicar els drets dels infants muntant entre tots el puzzle gegant amb les peces que cada grup havia aconseguit i que servia de cloenda de la diada.<\/span><\/p>\n<p class=\"western\" align=\"justify\">Volem agra\u00efr al <a href=\"https:\/\/www.ccosona.cat\/\">Consell Comarcal d&#8217;Osona<\/a> la seva col\u00b7laboraci\u00f3 tant en l&#8217;organitzaci\u00f3 com en la realitzaci\u00f3 d&#8217;aquest esdeveniment.<\/p>\n<p class=\"western\" align=\"justify\"><span style=\"font-size: medium;\">En aquesta not\u00edcia podeu veure el\u00a0v\u00eddeo que resumeix l\u2019acte reivindicatiu de la diada.<\/span><\/p>\n","protected":false},"excerpt":{"rendered":"<p>El passat 19 de novembre, els esplais del sector Osona-Ripoll\u00e8s [&hellip;]<\/p>\n","protected":false},"author":3,"featured_media":24956,"comment_status":"closed","ping_status":"open","sticky":false,"template":"","format":"standard","meta":{"om_disable_all_campaigns":false,"_monsterinsights_skip_tracking":false,"_monsterinsights_sitenote_active":false,"_monsterinsights_sitenote_note":"","_monsterinsights_sitenote_category":0,"_uf_show_specific_survey":0,"_uf_disable_surveys":false,"footnotes":""},"categories":[1135,1110,1120],"tags":[384,45,816,817,818],"class_list":["post-24955","post","type-post","status-publish","format-standard","has-post-thumbnail","hentry","category-20-n-drets-dels-infants","category-activitats-sectors","category-sector-ripolles-osona-i-moianes","tag-20-n","tag-drets-dels-infants","tag-osona","tag-ripolles","tag-tona"],"yoast_head":"<!-- This site is optimized with the Yoast SEO plugin v27.4 - https:\/\/yoast.com\/product\/yoast-seo-wordpress\/ -->\n<title>Un puzzle gegant fet pels infants clou la diada del 20-N al sector Osona-Ripoll\u00e8s - Esplac<\/title>\n<meta name=\"robots\" content=\"index, follow, max-snippet:-1, max-image-preview:large, max-video-preview:-1\" \/>\n<link rel=\"canonical\" href=\"https:\/\/www.esplac.cat\/en\/un-puzzle-gegant-fet-pels-infants-clou-la-diada-del-20-n-al-sector-osona-ripolles\/\" \/>\n<meta property=\"og:locale\" content=\"en_US\" \/>\n<meta property=\"og:type\" content=\"article\" \/>\n<meta property=\"og:title\" content=\"Un puzzle gegant fet pels infants clou la diada del 20-N al sector Osona-Ripoll\u00e8s - Esplac\" \/>\n<meta property=\"og:description\" content=\"El passat 19 de novembre, els esplais del sector Osona-Ripoll\u00e8s [&hellip;]\" \/>\n<meta property=\"og:url\" content=\"https:\/\/www.esplac.cat\/en\/un-puzzle-gegant-fet-pels-infants-clou-la-diada-del-20-n-al-sector-osona-ripolles\/\" \/>\n<meta property=\"og:site_name\" content=\"Esplac\" \/>\n<meta property=\"article:published_time\" content=\"2016-12-14T14:58:03+00:00\" \/>\n<meta property=\"og:image\" content=\"https:\/\/www.esplac.cat\/wp-content\/uploads\/2016\/12\/20161214_Dudi-OR.jpg\" \/>\n\t<meta property=\"og:image:width\" content=\"847\" \/>\n\t<meta property=\"og:image:height\" content=\"350\" \/>\n\t<meta property=\"og:image:type\" content=\"image\/jpeg\" \/>\n<meta name=\"author\" content=\"Comunicaci\u00f3 Esplac\" \/>\n<meta name=\"twitter:card\" content=\"summary_large_image\" \/>\n<meta name=\"twitter:label1\" content=\"Written by\" \/>\n\t<meta name=\"twitter:data1\" content=\"Comunicaci\u00f3 Esplac\" \/>\n\t<meta name=\"twitter:label2\" content=\"Est. reading time\" \/>\n\t<meta name=\"twitter:data2\" content=\"2 minutes\" \/>\n<script type=\"application\/ld+json\" class=\"yoast-schema-graph\">{\"@context\":\"https:\\\/\\\/schema.org\",\"@graph\":[{\"@type\":\"Article\",\"@id\":\"https:\\\/\\\/www.esplac.cat\\\/en\\\/un-puzzle-gegant-fet-pels-infants-clou-la-diada-del-20-n-al-sector-osona-ripolles\\\/#article\",\"isPartOf\":{\"@id\":\"https:\\\/\\\/www.esplac.cat\\\/en\\\/un-puzzle-gegant-fet-pels-infants-clou-la-diada-del-20-n-al-sector-osona-ripolles\\\/\"},\"author\":{\"name\":\"Comunicaci\u00f3 Esplac\",\"@id\":\"https:\\\/\\\/www.esplac.cat\\\/#\\\/schema\\\/person\\\/908383cf240be18b68f8855d0583faca\"},\"headline\":\"Un puzzle gegant fet pels infants clou la diada del 20-N al sector Osona-Ripoll\u00e8s\",\"datePublished\":\"2016-12-14T14:58:03+00:00\",\"mainEntityOfPage\":{\"@id\":\"https:\\\/\\\/www.esplac.cat\\\/en\\\/un-puzzle-gegant-fet-pels-infants-clou-la-diada-del-20-n-al-sector-osona-ripolles\\\/\"},\"wordCount\":431,\"publisher\":{\"@id\":\"https:\\\/\\\/www.esplac.cat\\\/#organization\"},\"image\":{\"@id\":\"https:\\\/\\\/www.esplac.cat\\\/en\\\/un-puzzle-gegant-fet-pels-infants-clou-la-diada-del-20-n-al-sector-osona-ripolles\\\/#primaryimage\"},\"thumbnailUrl\":\"https:\\\/\\\/www.esplac.cat\\\/wp-content\\\/uploads\\\/2016\\\/12\\\/20161214_Dudi-OR.jpg\",\"keywords\":[\"20-N\",\"drets dels infants\",\"osona\",\"ripolles\",\"Tona\"],\"articleSection\":[\"20-N: Drets dels infants\",\"Activitats sectors\",\"Sector Ripoll\u00e8s, Osona i Moian\u00e8s\"],\"inLanguage\":\"en-US\"},{\"@type\":\"WebPage\",\"@id\":\"https:\\\/\\\/www.esplac.cat\\\/en\\\/un-puzzle-gegant-fet-pels-infants-clou-la-diada-del-20-n-al-sector-osona-ripolles\\\/\",\"url\":\"https:\\\/\\\/www.esplac.cat\\\/en\\\/un-puzzle-gegant-fet-pels-infants-clou-la-diada-del-20-n-al-sector-osona-ripolles\\\/\",\"name\":\"Un puzzle gegant fet pels infants clou la diada del 20-N al sector Osona-Ripoll\u00e8s - Esplac\",\"isPartOf\":{\"@id\":\"https:\\\/\\\/www.esplac.cat\\\/#website\"},\"primaryImageOfPage\":{\"@id\":\"https:\\\/\\\/www.esplac.cat\\\/en\\\/un-puzzle-gegant-fet-pels-infants-clou-la-diada-del-20-n-al-sector-osona-ripolles\\\/#primaryimage\"},\"image\":{\"@id\":\"https:\\\/\\\/www.esplac.cat\\\/en\\\/un-puzzle-gegant-fet-pels-infants-clou-la-diada-del-20-n-al-sector-osona-ripolles\\\/#primaryimage\"},\"thumbnailUrl\":\"https:\\\/\\\/www.esplac.cat\\\/wp-content\\\/uploads\\\/2016\\\/12\\\/20161214_Dudi-OR.jpg\",\"datePublished\":\"2016-12-14T14:58:03+00:00\",\"breadcrumb\":{\"@id\":\"https:\\\/\\\/www.esplac.cat\\\/en\\\/un-puzzle-gegant-fet-pels-infants-clou-la-diada-del-20-n-al-sector-osona-ripolles\\\/#breadcrumb\"},\"inLanguage\":\"en-US\",\"potentialAction\":[{\"@type\":\"ReadAction\",\"target\":[\"https:\\\/\\\/www.esplac.cat\\\/en\\\/un-puzzle-gegant-fet-pels-infants-clou-la-diada-del-20-n-al-sector-osona-ripolles\\\/\"]}]},{\"@type\":\"ImageObject\",\"inLanguage\":\"en-US\",\"@id\":\"https:\\\/\\\/www.esplac.cat\\\/en\\\/un-puzzle-gegant-fet-pels-infants-clou-la-diada-del-20-n-al-sector-osona-ripolles\\\/#primaryimage\",\"url\":\"https:\\\/\\\/www.esplac.cat\\\/wp-content\\\/uploads\\\/2016\\\/12\\\/20161214_Dudi-OR.jpg\",\"contentUrl\":\"https:\\\/\\\/www.esplac.cat\\\/wp-content\\\/uploads\\\/2016\\\/12\\\/20161214_Dudi-OR.jpg\",\"width\":847,\"height\":350},{\"@type\":\"BreadcrumbList\",\"@id\":\"https:\\\/\\\/www.esplac.cat\\\/en\\\/un-puzzle-gegant-fet-pels-infants-clou-la-diada-del-20-n-al-sector-osona-ripolles\\\/#breadcrumb\",\"itemListElement\":[{\"@type\":\"ListItem\",\"position\":1,\"name\":\"Inici\",\"item\":\"https:\\\/\\\/www.esplac.cat\\\/en\\\/\"},{\"@type\":\"ListItem\",\"position\":2,\"name\":\"Un puzzle gegant fet pels infants clou la diada del 20-N al sector Osona-Ripoll\u00e8s\"}]},{\"@type\":\"WebSite\",\"@id\":\"https:\\\/\\\/www.esplac.cat\\\/#website\",\"url\":\"https:\\\/\\\/www.esplac.cat\\\/\",\"name\":\"Esplac\",\"description\":\"Esplais Catalans\",\"publisher\":{\"@id\":\"https:\\\/\\\/www.esplac.cat\\\/#organization\"},\"potentialAction\":[{\"@type\":\"SearchAction\",\"target\":{\"@type\":\"EntryPoint\",\"urlTemplate\":\"https:\\\/\\\/www.esplac.cat\\\/?s={search_term_string}\"},\"query-input\":{\"@type\":\"PropertyValueSpecification\",\"valueRequired\":true,\"valueName\":\"search_term_string\"}}],\"inLanguage\":\"en-US\"},{\"@type\":\"Organization\",\"@id\":\"https:\\\/\\\/www.esplac.cat\\\/#organization\",\"name\":\"Esplac\",\"url\":\"https:\\\/\\\/www.esplac.cat\\\/\",\"logo\":{\"@type\":\"ImageObject\",\"inLanguage\":\"en-US\",\"@id\":\"https:\\\/\\\/www.esplac.cat\\\/#\\\/schema\\\/logo\\\/image\\\/\",\"url\":\"https:\\\/\\\/www.esplac.cat\\\/wp-content\\\/uploads\\\/2019\\\/08\\\/logox2.png\",\"contentUrl\":\"https:\\\/\\\/www.esplac.cat\\\/wp-content\\\/uploads\\\/2019\\\/08\\\/logox2.png\",\"width\":600,\"height\":295,\"caption\":\"Esplac\"},\"image\":{\"@id\":\"https:\\\/\\\/www.esplac.cat\\\/#\\\/schema\\\/logo\\\/image\\\/\"}},{\"@type\":\"Person\",\"@id\":\"https:\\\/\\\/www.esplac.cat\\\/#\\\/schema\\\/person\\\/908383cf240be18b68f8855d0583faca\",\"name\":\"Comunicaci\u00f3 Esplac\",\"image\":{\"@type\":\"ImageObject\",\"inLanguage\":\"en-US\",\"@id\":\"https:\\\/\\\/secure.gravatar.com\\\/avatar\\\/7a4cf8feb412a76ea4a740ca02d95b06b2907b5a6c648c2dd0a1082a093c3141?s=96&d=mm&r=g\",\"url\":\"https:\\\/\\\/secure.gravatar.com\\\/avatar\\\/7a4cf8feb412a76ea4a740ca02d95b06b2907b5a6c648c2dd0a1082a093c3141?s=96&d=mm&r=g\",\"contentUrl\":\"https:\\\/\\\/secure.gravatar.com\\\/avatar\\\/7a4cf8feb412a76ea4a740ca02d95b06b2907b5a6c648c2dd0a1082a093c3141?s=96&d=mm&r=g\",\"caption\":\"Comunicaci\u00f3 Esplac\"}}]}<\/script>\n<!-- \/ Yoast SEO plugin. -->","yoast_head_json":{"title":"Un puzzle gegant fet pels infants clou la diada del 20-N al sector Osona-Ripoll\u00e8s - Esplac","robots":{"index":"index","follow":"follow","max-snippet":"max-snippet:-1","max-image-preview":"max-image-preview:large","max-video-preview":"max-video-preview:-1"},"canonical":"https:\/\/www.esplac.cat\/en\/un-puzzle-gegant-fet-pels-infants-clou-la-diada-del-20-n-al-sector-osona-ripolles\/","og_locale":"en_US","og_type":"article","og_title":"Un puzzle gegant fet pels infants clou la diada del 20-N al sector Osona-Ripoll\u00e8s - Esplac","og_description":"El passat 19 de novembre, els esplais del sector Osona-Ripoll\u00e8s [&hellip;]","og_url":"https:\/\/www.esplac.cat\/en\/un-puzzle-gegant-fet-pels-infants-clou-la-diada-del-20-n-al-sector-osona-ripolles\/","og_site_name":"Esplac","article_published_time":"2016-12-14T14:58:03+00:00","og_image":[{"width":847,"height":350,"url":"https:\/\/www.esplac.cat\/wp-content\/uploads\/2016\/12\/20161214_Dudi-OR.jpg","type":"image\/jpeg"}],"author":"Comunicaci\u00f3 Esplac","twitter_card":"summary_large_image","twitter_misc":{"Written by":"Comunicaci\u00f3 Esplac","Est. reading time":"2 minutes"},"schema":{"@context":"https:\/\/schema.org","@graph":[{"@type":"Article","@id":"https:\/\/www.esplac.cat\/en\/un-puzzle-gegant-fet-pels-infants-clou-la-diada-del-20-n-al-sector-osona-ripolles\/#article","isPartOf":{"@id":"https:\/\/www.esplac.cat\/en\/un-puzzle-gegant-fet-pels-infants-clou-la-diada-del-20-n-al-sector-osona-ripolles\/"},"author":{"name":"Comunicaci\u00f3 Esplac","@id":"https:\/\/www.esplac.cat\/#\/schema\/person\/908383cf240be18b68f8855d0583faca"},"headline":"Un puzzle gegant fet pels infants clou la diada del 20-N al sector Osona-Ripoll\u00e8s","datePublished":"2016-12-14T14:58:03+00:00","mainEntityOfPage":{"@id":"https:\/\/www.esplac.cat\/en\/un-puzzle-gegant-fet-pels-infants-clou-la-diada-del-20-n-al-sector-osona-ripolles\/"},"wordCount":431,"publisher":{"@id":"https:\/\/www.esplac.cat\/#organization"},"image":{"@id":"https:\/\/www.esplac.cat\/en\/un-puzzle-gegant-fet-pels-infants-clou-la-diada-del-20-n-al-sector-osona-ripolles\/#primaryimage"},"thumbnailUrl":"https:\/\/www.esplac.cat\/wp-content\/uploads\/2016\/12\/20161214_Dudi-OR.jpg","keywords":["20-N","drets dels infants","osona","ripolles","Tona"],"articleSection":["20-N: Drets dels infants","Activitats sectors","Sector Ripoll\u00e8s, Osona i Moian\u00e8s"],"inLanguage":"en-US"},{"@type":"WebPage","@id":"https:\/\/www.esplac.cat\/en\/un-puzzle-gegant-fet-pels-infants-clou-la-diada-del-20-n-al-sector-osona-ripolles\/","url":"https:\/\/www.esplac.cat\/en\/un-puzzle-gegant-fet-pels-infants-clou-la-diada-del-20-n-al-sector-osona-ripolles\/","name":"Un puzzle gegant fet pels infants clou la diada del 20-N al sector Osona-Ripoll\u00e8s - Esplac","isPartOf":{"@id":"https:\/\/www.esplac.cat\/#website"},"primaryImageOfPage":{"@id":"https:\/\/www.esplac.cat\/en\/un-puzzle-gegant-fet-pels-infants-clou-la-diada-del-20-n-al-sector-osona-ripolles\/#primaryimage"},"image":{"@id":"https:\/\/www.esplac.cat\/en\/un-puzzle-gegant-fet-pels-infants-clou-la-diada-del-20-n-al-sector-osona-ripolles\/#primaryimage"},"thumbnailUrl":"https:\/\/www.esplac.cat\/wp-content\/uploads\/2016\/12\/20161214_Dudi-OR.jpg","datePublished":"2016-12-14T14:58:03+00:00","breadcrumb":{"@id":"https:\/\/www.esplac.cat\/en\/un-puzzle-gegant-fet-pels-infants-clou-la-diada-del-20-n-al-sector-osona-ripolles\/#breadcrumb"},"inLanguage":"en-US","potentialAction":[{"@type":"ReadAction","target":["https:\/\/www.esplac.cat\/en\/un-puzzle-gegant-fet-pels-infants-clou-la-diada-del-20-n-al-sector-osona-ripolles\/"]}]},{"@type":"ImageObject","inLanguage":"en-US","@id":"https:\/\/www.esplac.cat\/en\/un-puzzle-gegant-fet-pels-infants-clou-la-diada-del-20-n-al-sector-osona-ripolles\/#primaryimage","url":"https:\/\/www.esplac.cat\/wp-content\/uploads\/2016\/12\/20161214_Dudi-OR.jpg","contentUrl":"https:\/\/www.esplac.cat\/wp-content\/uploads\/2016\/12\/20161214_Dudi-OR.jpg","width":847,"height":350},{"@type":"BreadcrumbList","@id":"https:\/\/www.esplac.cat\/en\/un-puzzle-gegant-fet-pels-infants-clou-la-diada-del-20-n-al-sector-osona-ripolles\/#breadcrumb","itemListElement":[{"@type":"ListItem","position":1,"name":"Inici","item":"https:\/\/www.esplac.cat\/en\/"},{"@type":"ListItem","position":2,"name":"Un puzzle gegant fet pels infants clou la diada del 20-N al sector Osona-Ripoll\u00e8s"}]},{"@type":"WebSite","@id":"https:\/\/www.esplac.cat\/#website","url":"https:\/\/www.esplac.cat\/","name":"Esplac","description":"Esplais Catalans","publisher":{"@id":"https:\/\/www.esplac.cat\/#organization"},"potentialAction":[{"@type":"SearchAction","target":{"@type":"EntryPoint","urlTemplate":"https:\/\/www.esplac.cat\/?s={search_term_string}"},"query-input":{"@type":"PropertyValueSpecification","valueRequired":true,"valueName":"search_term_string"}}],"inLanguage":"en-US"},{"@type":"Organization","@id":"https:\/\/www.esplac.cat\/#organization","name":"Esplac","url":"https:\/\/www.esplac.cat\/","logo":{"@type":"ImageObject","inLanguage":"en-US","@id":"https:\/\/www.esplac.cat\/#\/schema\/logo\/image\/","url":"https:\/\/www.esplac.cat\/wp-content\/uploads\/2019\/08\/logox2.png","contentUrl":"https:\/\/www.esplac.cat\/wp-content\/uploads\/2019\/08\/logox2.png","width":600,"height":295,"caption":"Esplac"},"image":{"@id":"https:\/\/www.esplac.cat\/#\/schema\/logo\/image\/"}},{"@type":"Person","@id":"https:\/\/www.esplac.cat\/#\/schema\/person\/908383cf240be18b68f8855d0583faca","name":"Comunicaci\u00f3 Esplac","image":{"@type":"ImageObject","inLanguage":"en-US","@id":"https:\/\/secure.gravatar.com\/avatar\/7a4cf8feb412a76ea4a740ca02d95b06b2907b5a6c648c2dd0a1082a093c3141?s=96&d=mm&r=g","url":"https:\/\/secure.gravatar.com\/avatar\/7a4cf8feb412a76ea4a740ca02d95b06b2907b5a6c648c2dd0a1082a093c3141?s=96&d=mm&r=g","contentUrl":"https:\/\/secure.gravatar.com\/avatar\/7a4cf8feb412a76ea4a740ca02d95b06b2907b5a6c648c2dd0a1082a093c3141?s=96&d=mm&r=g","caption":"Comunicaci\u00f3 Esplac"}}]}},"_links":{"self":[{"href":"https:\/\/www.esplac.cat\/en\/wp-json\/wp\/v2\/posts\/24955","targetHints":{"allow":["GET"]}}],"collection":[{"href":"https:\/\/www.esplac.cat\/en\/wp-json\/wp\/v2\/posts"}],"about":[{"href":"https:\/\/www.esplac.cat\/en\/wp-json\/wp\/v2\/types\/post"}],"author":[{"embeddable":true,"href":"https:\/\/www.esplac.cat\/en\/wp-json\/wp\/v2\/users\/3"}],"replies":[{"embeddable":true,"href":"https:\/\/www.esplac.cat\/en\/wp-json\/wp\/v2\/comments?post=24955"}],"version-history":[{"count":0,"href":"https:\/\/www.esplac.cat\/en\/wp-json\/wp\/v2\/posts\/24955\/revisions"}],"wp:featuredmedia":[{"embeddable":true,"href":"https:\/\/www.esplac.cat\/en\/wp-json\/wp\/v2\/media\/24956"}],"wp:attachment":[{"href":"https:\/\/www.esplac.cat\/en\/wp-json\/wp\/v2\/media?parent=24955"}],"wp:term":[{"taxonomy":"category","embeddable":true,"href":"https:\/\/www.esplac.cat\/en\/wp-json\/wp\/v2\/categories?post=24955"},{"taxonomy":"post_tag","embeddable":true,"href":"https:\/\/www.esplac.cat\/en\/wp-json\/wp\/v2\/tags?post=24955"}],"curies":[{"name":"wp","href":"https:\/\/api.w.org\/{rel}","templated":true}]}}