{"id":24957,"date":"2016-12-13T15:05:24","date_gmt":"2016-12-13T13:05:24","guid":{"rendered":"http:\/\/www.esplac.cat\/?p=11713"},"modified":"2016-12-13T15:05:24","modified_gmt":"2016-12-13T13:05:24","slug":"una-trobada-de-dos-dies-per-reivindicar-els-drets-dels-infants-al-sector-penedes-garraf-i-anoia","status":"publish","type":"post","link":"https:\/\/www.esplac.cat\/en\/una-trobada-de-dos-dies-per-reivindicar-els-drets-dels-infants-al-sector-penedes-garraf-i-anoia\/","title":{"rendered":"Una trobada de dos dies per a reivindicar els drets dels infants al sector Pened\u00e8s, Garraf i Anoia"},"content":{"rendered":"<h4>Fins a 360 monis i infants de set esplais del sector van reunir-se el passat 19 i 20 de novembre per celebrar la Diada Universal dels Drets dels Infants a Vilafranca del Pened\u00e8s i Els Monjos<\/h4>\n<p style=\"text-align: justify;\">El mes passat es\u00a0va celebrar el 20 de Novembre, Diada Universal dels Drets dels Infants. I un any m\u00e9s, el sector del Pened\u00e8s, Garraf i Anoia vam sortir al carrer a reivindicar els nostres drets.<\/p>\n<p style=\"text-align: justify;\">Per\u00f2 aquesta vegada va ser diferent, vam marcar la difer\u00e8ncia. <strong>Gr\u00e0cies a l\u2019esplai MIV de Vilafraca, encarregat d\u2019organitzar la trobada, vam poder gaudir d&#8217;una sortida d&#8217;un cap de setmana sencer quan, normalment, nom\u00e9s es pot organitzar per un sol dia.<\/strong> Que com ho vam fer? Amb la col\u00b7laboraci\u00f3 dels Ajuntaments de Vilafranca i dels Monjos, gr\u00e0cies als quals vam poder gaudir d\u2019espais on poder fer activitats per a diferents edats: infants a partir dels 3 anys i joves d\u2019ESO i Batxillerat, aconseguint aix\u00ed la participaci\u00f3 <strong>d&#8217;un total de set esplais amb uns 360 participants<\/strong>.<\/p>\n<p style=\"text-align: justify;\">Diumenge, els i les joves van arribar als Monjos des de Vilafranca per reunir-se amb els infants i fer la lectura del manifest, elaborat a partir de reflexions i idees pr\u00f2pies. I \u00e9s que no hi ha forma m\u00e9s gratificant de resumir l&#8217;objectiu que vam poder assolir fent la sortida conjunta que amb la reflexi\u00f3 d&#8217;un dels nostres infants: <strong>&#8220;Els drets s\u00f3n all\u00f2 que no ens poden treure&#8221;<\/strong>. I seguirem sortint al carrer a dir-ho ben alt i ben clar: tenim drets i, per nosaltres, el 20 de Novembre, \u00e9s cada dia.<\/p>\n","protected":false},"excerpt":{"rendered":"<p>Fins a 360 monis i infants de set esplais del [&hellip;]<\/p>\n","protected":false},"author":3,"featured_media":24964,"comment_status":"closed","ping_status":"open","sticky":false,"template":"","format":"standard","meta":{"om_disable_all_campaigns":false,"_monsterinsights_skip_tracking":false,"_monsterinsights_sitenote_active":false,"_monsterinsights_sitenote_note":"","_monsterinsights_sitenote_category":0,"_uf_show_specific_survey":0,"_uf_disable_surveys":false,"footnotes":""},"categories":[1135,1110,1123],"tags":[384,812,45,376,813,814,24,815],"class_list":["post-24957","post","type-post","status-publish","format-standard","has-post-thumbnail","hentry","category-20-n-drets-dels-infants","category-activitats-sectors","category-sector-penedes-garraf-anoia","tag-20-n","tag-anoia","tag-drets-dels-infants","tag-dudi","tag-garraf","tag-penedes","tag-trobada-dinfants","tag-vilafranca-del-penedes"],"yoast_head":"<!-- This site is optimized with the Yoast SEO plugin v27.5 - https:\/\/yoast.com\/product\/yoast-seo-wordpress\/ -->\n<title>Una trobada de dos dies per a reivindicar els drets dels infants al sector Pened\u00e8s, Garraf i Anoia - Esplac<\/title>\n<meta name=\"robots\" content=\"index, follow, max-snippet:-1, max-image-preview:large, max-video-preview:-1\" \/>\n<link rel=\"canonical\" href=\"https:\/\/www.esplac.cat\/es\/una-trobada-de-dos-dies-per-reivindicar-els-drets-dels-infants-al-sector-penedes-garraf-i-anoia\/\" \/>\n<meta property=\"og:locale\" content=\"en_US\" \/>\n<meta property=\"og:type\" content=\"article\" \/>\n<meta property=\"og:title\" content=\"Una trobada de dos dies per a reivindicar els drets dels infants al sector Pened\u00e8s, Garraf i Anoia - Esplac\" \/>\n<meta property=\"og:description\" content=\"Fins a 360 monis i infants de set esplais del [&hellip;]\" \/>\n<meta property=\"og:url\" content=\"https:\/\/www.esplac.cat\/es\/una-trobada-de-dos-dies-per-reivindicar-els-drets-dels-infants-al-sector-penedes-garraf-i-anoia\/\" \/>\n<meta property=\"og:site_name\" content=\"Esplac\" \/>\n<meta property=\"article:published_time\" content=\"2016-12-13T13:05:24+00:00\" \/>\n<meta property=\"og:image\" content=\"https:\/\/www.esplac.cat\/wp-content\/uploads\/2016\/12\/20161213_20-PGA.jpg\" \/>\n\t<meta property=\"og:image:width\" content=\"847\" \/>\n\t<meta property=\"og:image:height\" content=\"350\" \/>\n\t<meta property=\"og:image:type\" content=\"image\/jpeg\" \/>\n<meta name=\"author\" content=\"Comunicaci\u00f3 Esplac\" \/>\n<meta name=\"twitter:card\" content=\"summary_large_image\" \/>\n<meta name=\"twitter:label1\" content=\"Written by\" \/>\n\t<meta name=\"twitter:data1\" content=\"Comunicaci\u00f3 Esplac\" \/>\n\t<meta name=\"twitter:label2\" content=\"Est. reading time\" \/>\n\t<meta name=\"twitter:data2\" content=\"1 minute\" \/>\n<script type=\"application\/ld+json\" class=\"yoast-schema-graph\">{\"@context\":\"https:\\\/\\\/schema.org\",\"@graph\":[{\"@type\":\"Article\",\"@id\":\"https:\\\/\\\/www.esplac.cat\\\/es\\\/una-trobada-de-dos-dies-per-reivindicar-els-drets-dels-infants-al-sector-penedes-garraf-i-anoia\\\/#article\",\"isPartOf\":{\"@id\":\"https:\\\/\\\/www.esplac.cat\\\/es\\\/una-trobada-de-dos-dies-per-reivindicar-els-drets-dels-infants-al-sector-penedes-garraf-i-anoia\\\/\"},\"author\":{\"name\":\"Comunicaci\u00f3 Esplac\",\"@id\":\"https:\\\/\\\/www.esplac.cat\\\/#\\\/schema\\\/person\\\/908383cf240be18b68f8855d0583faca\"},\"headline\":\"Una trobada de dos dies per a reivindicar els drets dels infants al sector Pened\u00e8s, Garraf i Anoia\",\"datePublished\":\"2016-12-13T13:05:24+00:00\",\"mainEntityOfPage\":{\"@id\":\"https:\\\/\\\/www.esplac.cat\\\/es\\\/una-trobada-de-dos-dies-per-reivindicar-els-drets-dels-infants-al-sector-penedes-garraf-i-anoia\\\/\"},\"wordCount\":290,\"publisher\":{\"@id\":\"https:\\\/\\\/www.esplac.cat\\\/#organization\"},\"image\":{\"@id\":\"https:\\\/\\\/www.esplac.cat\\\/es\\\/una-trobada-de-dos-dies-per-reivindicar-els-drets-dels-infants-al-sector-penedes-garraf-i-anoia\\\/#primaryimage\"},\"thumbnailUrl\":\"https:\\\/\\\/www.esplac.cat\\\/wp-content\\\/uploads\\\/2016\\\/12\\\/20161213_20-PGA.jpg\",\"keywords\":[\"20-N\",\"Anoia\",\"drets dels infants\",\"DUDI\",\"garraf\",\"penedes\",\"trobada d'infants\",\"vilafranca del penedes\"],\"articleSection\":[\"20-N: Drets dels infants\",\"Activitats sectors\",\"Sector Pened\u00e8s, Garraf i Anoia\"],\"inLanguage\":\"en-US\"},{\"@type\":\"WebPage\",\"@id\":\"https:\\\/\\\/www.esplac.cat\\\/es\\\/una-trobada-de-dos-dies-per-reivindicar-els-drets-dels-infants-al-sector-penedes-garraf-i-anoia\\\/\",\"url\":\"https:\\\/\\\/www.esplac.cat\\\/es\\\/una-trobada-de-dos-dies-per-reivindicar-els-drets-dels-infants-al-sector-penedes-garraf-i-anoia\\\/\",\"name\":\"Una trobada de dos dies per a reivindicar els drets dels infants al sector Pened\u00e8s, Garraf i Anoia - Esplac\",\"isPartOf\":{\"@id\":\"https:\\\/\\\/www.esplac.cat\\\/#website\"},\"primaryImageOfPage\":{\"@id\":\"https:\\\/\\\/www.esplac.cat\\\/es\\\/una-trobada-de-dos-dies-per-reivindicar-els-drets-dels-infants-al-sector-penedes-garraf-i-anoia\\\/#primaryimage\"},\"image\":{\"@id\":\"https:\\\/\\\/www.esplac.cat\\\/es\\\/una-trobada-de-dos-dies-per-reivindicar-els-drets-dels-infants-al-sector-penedes-garraf-i-anoia\\\/#primaryimage\"},\"thumbnailUrl\":\"https:\\\/\\\/www.esplac.cat\\\/wp-content\\\/uploads\\\/2016\\\/12\\\/20161213_20-PGA.jpg\",\"datePublished\":\"2016-12-13T13:05:24+00:00\",\"breadcrumb\":{\"@id\":\"https:\\\/\\\/www.esplac.cat\\\/es\\\/una-trobada-de-dos-dies-per-reivindicar-els-drets-dels-infants-al-sector-penedes-garraf-i-anoia\\\/#breadcrumb\"},\"inLanguage\":\"en-US\",\"potentialAction\":[{\"@type\":\"ReadAction\",\"target\":[\"https:\\\/\\\/www.esplac.cat\\\/es\\\/una-trobada-de-dos-dies-per-reivindicar-els-drets-dels-infants-al-sector-penedes-garraf-i-anoia\\\/\"]}]},{\"@type\":\"ImageObject\",\"inLanguage\":\"en-US\",\"@id\":\"https:\\\/\\\/www.esplac.cat\\\/es\\\/una-trobada-de-dos-dies-per-reivindicar-els-drets-dels-infants-al-sector-penedes-garraf-i-anoia\\\/#primaryimage\",\"url\":\"https:\\\/\\\/www.esplac.cat\\\/wp-content\\\/uploads\\\/2016\\\/12\\\/20161213_20-PGA.jpg\",\"contentUrl\":\"https:\\\/\\\/www.esplac.cat\\\/wp-content\\\/uploads\\\/2016\\\/12\\\/20161213_20-PGA.jpg\",\"width\":847,\"height\":350},{\"@type\":\"BreadcrumbList\",\"@id\":\"https:\\\/\\\/www.esplac.cat\\\/es\\\/una-trobada-de-dos-dies-per-reivindicar-els-drets-dels-infants-al-sector-penedes-garraf-i-anoia\\\/#breadcrumb\",\"itemListElement\":[{\"@type\":\"ListItem\",\"position\":1,\"name\":\"Inici\",\"item\":\"https:\\\/\\\/www.esplac.cat\\\/en\\\/\"},{\"@type\":\"ListItem\",\"position\":2,\"name\":\"Una trobada de dos dies per a reivindicar els drets dels infants al sector Pened\u00e8s, Garraf i Anoia\"}]},{\"@type\":\"WebSite\",\"@id\":\"https:\\\/\\\/www.esplac.cat\\\/#website\",\"url\":\"https:\\\/\\\/www.esplac.cat\\\/\",\"name\":\"Esplac\",\"description\":\"Esplais Catalans\",\"publisher\":{\"@id\":\"https:\\\/\\\/www.esplac.cat\\\/#organization\"},\"potentialAction\":[{\"@type\":\"SearchAction\",\"target\":{\"@type\":\"EntryPoint\",\"urlTemplate\":\"https:\\\/\\\/www.esplac.cat\\\/?s={search_term_string}\"},\"query-input\":{\"@type\":\"PropertyValueSpecification\",\"valueRequired\":true,\"valueName\":\"search_term_string\"}}],\"inLanguage\":\"en-US\"},{\"@type\":\"Organization\",\"@id\":\"https:\\\/\\\/www.esplac.cat\\\/#organization\",\"name\":\"Esplac\",\"url\":\"https:\\\/\\\/www.esplac.cat\\\/\",\"logo\":{\"@type\":\"ImageObject\",\"inLanguage\":\"en-US\",\"@id\":\"https:\\\/\\\/www.esplac.cat\\\/#\\\/schema\\\/logo\\\/image\\\/\",\"url\":\"https:\\\/\\\/www.esplac.cat\\\/wp-content\\\/uploads\\\/2019\\\/08\\\/logox2.png\",\"contentUrl\":\"https:\\\/\\\/www.esplac.cat\\\/wp-content\\\/uploads\\\/2019\\\/08\\\/logox2.png\",\"width\":600,\"height\":295,\"caption\":\"Esplac\"},\"image\":{\"@id\":\"https:\\\/\\\/www.esplac.cat\\\/#\\\/schema\\\/logo\\\/image\\\/\"}},{\"@type\":\"Person\",\"@id\":\"https:\\\/\\\/www.esplac.cat\\\/#\\\/schema\\\/person\\\/908383cf240be18b68f8855d0583faca\",\"name\":\"Comunicaci\u00f3 Esplac\",\"image\":{\"@type\":\"ImageObject\",\"inLanguage\":\"en-US\",\"@id\":\"https:\\\/\\\/secure.gravatar.com\\\/avatar\\\/7a4cf8feb412a76ea4a740ca02d95b06b2907b5a6c648c2dd0a1082a093c3141?s=96&d=mm&r=g\",\"url\":\"https:\\\/\\\/secure.gravatar.com\\\/avatar\\\/7a4cf8feb412a76ea4a740ca02d95b06b2907b5a6c648c2dd0a1082a093c3141?s=96&d=mm&r=g\",\"contentUrl\":\"https:\\\/\\\/secure.gravatar.com\\\/avatar\\\/7a4cf8feb412a76ea4a740ca02d95b06b2907b5a6c648c2dd0a1082a093c3141?s=96&d=mm&r=g\",\"caption\":\"Comunicaci\u00f3 Esplac\"}}]}<\/script>\n<!-- \/ Yoast SEO plugin. -->","yoast_head_json":{"title":"Una trobada de dos dies per a reivindicar els drets dels infants al sector Pened\u00e8s, Garraf i Anoia - Esplac","robots":{"index":"index","follow":"follow","max-snippet":"max-snippet:-1","max-image-preview":"max-image-preview:large","max-video-preview":"max-video-preview:-1"},"canonical":"https:\/\/www.esplac.cat\/es\/una-trobada-de-dos-dies-per-reivindicar-els-drets-dels-infants-al-sector-penedes-garraf-i-anoia\/","og_locale":"en_US","og_type":"article","og_title":"Una trobada de dos dies per a reivindicar els drets dels infants al sector Pened\u00e8s, Garraf i Anoia - Esplac","og_description":"Fins a 360 monis i infants de set esplais del [&hellip;]","og_url":"https:\/\/www.esplac.cat\/es\/una-trobada-de-dos-dies-per-reivindicar-els-drets-dels-infants-al-sector-penedes-garraf-i-anoia\/","og_site_name":"Esplac","article_published_time":"2016-12-13T13:05:24+00:00","og_image":[{"width":847,"height":350,"url":"https:\/\/www.esplac.cat\/wp-content\/uploads\/2016\/12\/20161213_20-PGA.jpg","type":"image\/jpeg"}],"author":"Comunicaci\u00f3 Esplac","twitter_card":"summary_large_image","twitter_misc":{"Written by":"Comunicaci\u00f3 Esplac","Est. reading time":"1 minute"},"schema":{"@context":"https:\/\/schema.org","@graph":[{"@type":"Article","@id":"https:\/\/www.esplac.cat\/es\/una-trobada-de-dos-dies-per-reivindicar-els-drets-dels-infants-al-sector-penedes-garraf-i-anoia\/#article","isPartOf":{"@id":"https:\/\/www.esplac.cat\/es\/una-trobada-de-dos-dies-per-reivindicar-els-drets-dels-infants-al-sector-penedes-garraf-i-anoia\/"},"author":{"name":"Comunicaci\u00f3 Esplac","@id":"https:\/\/www.esplac.cat\/#\/schema\/person\/908383cf240be18b68f8855d0583faca"},"headline":"Una trobada de dos dies per a reivindicar els drets dels infants al sector Pened\u00e8s, Garraf i Anoia","datePublished":"2016-12-13T13:05:24+00:00","mainEntityOfPage":{"@id":"https:\/\/www.esplac.cat\/es\/una-trobada-de-dos-dies-per-reivindicar-els-drets-dels-infants-al-sector-penedes-garraf-i-anoia\/"},"wordCount":290,"publisher":{"@id":"https:\/\/www.esplac.cat\/#organization"},"image":{"@id":"https:\/\/www.esplac.cat\/es\/una-trobada-de-dos-dies-per-reivindicar-els-drets-dels-infants-al-sector-penedes-garraf-i-anoia\/#primaryimage"},"thumbnailUrl":"https:\/\/www.esplac.cat\/wp-content\/uploads\/2016\/12\/20161213_20-PGA.jpg","keywords":["20-N","Anoia","drets dels infants","DUDI","garraf","penedes","trobada d'infants","vilafranca del penedes"],"articleSection":["20-N: Drets dels infants","Activitats sectors","Sector Pened\u00e8s, Garraf i Anoia"],"inLanguage":"en-US"},{"@type":"WebPage","@id":"https:\/\/www.esplac.cat\/es\/una-trobada-de-dos-dies-per-reivindicar-els-drets-dels-infants-al-sector-penedes-garraf-i-anoia\/","url":"https:\/\/www.esplac.cat\/es\/una-trobada-de-dos-dies-per-reivindicar-els-drets-dels-infants-al-sector-penedes-garraf-i-anoia\/","name":"Una trobada de dos dies per a reivindicar els drets dels infants al sector Pened\u00e8s, Garraf i Anoia - Esplac","isPartOf":{"@id":"https:\/\/www.esplac.cat\/#website"},"primaryImageOfPage":{"@id":"https:\/\/www.esplac.cat\/es\/una-trobada-de-dos-dies-per-reivindicar-els-drets-dels-infants-al-sector-penedes-garraf-i-anoia\/#primaryimage"},"image":{"@id":"https:\/\/www.esplac.cat\/es\/una-trobada-de-dos-dies-per-reivindicar-els-drets-dels-infants-al-sector-penedes-garraf-i-anoia\/#primaryimage"},"thumbnailUrl":"https:\/\/www.esplac.cat\/wp-content\/uploads\/2016\/12\/20161213_20-PGA.jpg","datePublished":"2016-12-13T13:05:24+00:00","breadcrumb":{"@id":"https:\/\/www.esplac.cat\/es\/una-trobada-de-dos-dies-per-reivindicar-els-drets-dels-infants-al-sector-penedes-garraf-i-anoia\/#breadcrumb"},"inLanguage":"en-US","potentialAction":[{"@type":"ReadAction","target":["https:\/\/www.esplac.cat\/es\/una-trobada-de-dos-dies-per-reivindicar-els-drets-dels-infants-al-sector-penedes-garraf-i-anoia\/"]}]},{"@type":"ImageObject","inLanguage":"en-US","@id":"https:\/\/www.esplac.cat\/es\/una-trobada-de-dos-dies-per-reivindicar-els-drets-dels-infants-al-sector-penedes-garraf-i-anoia\/#primaryimage","url":"https:\/\/www.esplac.cat\/wp-content\/uploads\/2016\/12\/20161213_20-PGA.jpg","contentUrl":"https:\/\/www.esplac.cat\/wp-content\/uploads\/2016\/12\/20161213_20-PGA.jpg","width":847,"height":350},{"@type":"BreadcrumbList","@id":"https:\/\/www.esplac.cat\/es\/una-trobada-de-dos-dies-per-reivindicar-els-drets-dels-infants-al-sector-penedes-garraf-i-anoia\/#breadcrumb","itemListElement":[{"@type":"ListItem","position":1,"name":"Inici","item":"https:\/\/www.esplac.cat\/en\/"},{"@type":"ListItem","position":2,"name":"Una trobada de dos dies per a reivindicar els drets dels infants al sector Pened\u00e8s, Garraf i Anoia"}]},{"@type":"WebSite","@id":"https:\/\/www.esplac.cat\/#website","url":"https:\/\/www.esplac.cat\/","name":"Esplac","description":"Esplais Catalans","publisher":{"@id":"https:\/\/www.esplac.cat\/#organization"},"potentialAction":[{"@type":"SearchAction","target":{"@type":"EntryPoint","urlTemplate":"https:\/\/www.esplac.cat\/?s={search_term_string}"},"query-input":{"@type":"PropertyValueSpecification","valueRequired":true,"valueName":"search_term_string"}}],"inLanguage":"en-US"},{"@type":"Organization","@id":"https:\/\/www.esplac.cat\/#organization","name":"Esplac","url":"https:\/\/www.esplac.cat\/","logo":{"@type":"ImageObject","inLanguage":"en-US","@id":"https:\/\/www.esplac.cat\/#\/schema\/logo\/image\/","url":"https:\/\/www.esplac.cat\/wp-content\/uploads\/2019\/08\/logox2.png","contentUrl":"https:\/\/www.esplac.cat\/wp-content\/uploads\/2019\/08\/logox2.png","width":600,"height":295,"caption":"Esplac"},"image":{"@id":"https:\/\/www.esplac.cat\/#\/schema\/logo\/image\/"}},{"@type":"Person","@id":"https:\/\/www.esplac.cat\/#\/schema\/person\/908383cf240be18b68f8855d0583faca","name":"Comunicaci\u00f3 Esplac","image":{"@type":"ImageObject","inLanguage":"en-US","@id":"https:\/\/secure.gravatar.com\/avatar\/7a4cf8feb412a76ea4a740ca02d95b06b2907b5a6c648c2dd0a1082a093c3141?s=96&d=mm&r=g","url":"https:\/\/secure.gravatar.com\/avatar\/7a4cf8feb412a76ea4a740ca02d95b06b2907b5a6c648c2dd0a1082a093c3141?s=96&d=mm&r=g","contentUrl":"https:\/\/secure.gravatar.com\/avatar\/7a4cf8feb412a76ea4a740ca02d95b06b2907b5a6c648c2dd0a1082a093c3141?s=96&d=mm&r=g","caption":"Comunicaci\u00f3 Esplac"}}]}},"_links":{"self":[{"href":"https:\/\/www.esplac.cat\/en\/wp-json\/wp\/v2\/posts\/24957","targetHints":{"allow":["GET"]}}],"collection":[{"href":"https:\/\/www.esplac.cat\/en\/wp-json\/wp\/v2\/posts"}],"about":[{"href":"https:\/\/www.esplac.cat\/en\/wp-json\/wp\/v2\/types\/post"}],"author":[{"embeddable":true,"href":"https:\/\/www.esplac.cat\/en\/wp-json\/wp\/v2\/users\/3"}],"replies":[{"embeddable":true,"href":"https:\/\/www.esplac.cat\/en\/wp-json\/wp\/v2\/comments?post=24957"}],"version-history":[{"count":0,"href":"https:\/\/www.esplac.cat\/en\/wp-json\/wp\/v2\/posts\/24957\/revisions"}],"wp:featuredmedia":[{"embeddable":true,"href":"https:\/\/www.esplac.cat\/en\/wp-json\/wp\/v2\/media\/24964"}],"wp:attachment":[{"href":"https:\/\/www.esplac.cat\/en\/wp-json\/wp\/v2\/media?parent=24957"}],"wp:term":[{"taxonomy":"category","embeddable":true,"href":"https:\/\/www.esplac.cat\/en\/wp-json\/wp\/v2\/categories?post=24957"},{"taxonomy":"post_tag","embeddable":true,"href":"https:\/\/www.esplac.cat\/en\/wp-json\/wp\/v2\/tags?post=24957"}],"curies":[{"name":"wp","href":"https:\/\/api.w.org\/{rel}","templated":true}]}}