{"id":24972,"date":"2016-11-18T10:40:26","date_gmt":"2016-11-18T08:40:26","guid":{"rendered":"http:\/\/www.esplac.cat\/?p=11573"},"modified":"2016-11-18T10:40:26","modified_gmt":"2016-11-18T08:40:26","slug":"a-lesplai-reivindiquem-els-drets-dels-infants-el-20-n-i-cada-dia","status":"publish","type":"post","link":"https:\/\/www.esplac.cat\/en\/a-lesplai-reivindiquem-els-drets-dels-infants-el-20-n-i-cada-dia\/","title":{"rendered":"A l\u2019esplai, reivindiquem els drets dels infants el 20-N i cada dia"},"content":{"rendered":"<h4 style=\"text-align: justify;\"><span style=\"font-weight: 400;\">A Esplais Catalans eduquem als infants i joves, treballant per a la transformaci\u00f3 social, en base als drets dels infants.<\/span><span style=\"font-weight: 400;\"> \u00c9s per aquest motiu que el\u00a020 de novembre, aprofitem la diada per reivindicar aquests drets i promocionar-los i difondre&#8217;ls entre els infants.<\/span><\/h4>\n<p style=\"text-align: justify;\"><span style=\"font-weight: 400;\">El 20 de novembre de 1989 les Nacions Unides van aprovar la convenci\u00f3 sobre els drets de l\u2019infant com a complement a la Declaraci\u00f3 Universal dels drets humans donant aix\u00ed un protagonisme espec\u00edfic als infants, els ciutadans m\u00e9s vulnerables de la nostra societat. Tot i l\u2019ampli suport internacional, avui en dia encara hi ha pa\u00efsos, com els EUA, que no l\u2019han ratificat. \u00a0<\/span><\/p>\n<p style=\"text-align: justify;\"><span style=\"font-weight: 400;\">Tot i aquestes dades, <\/span><span style=\"font-weight: 400;\">hem de ser conscients que<\/span><span style=\"font-weight: 400;\"> en molts casos aquests drets son vulnerats greument tant en pa\u00efsos no adherits a la convenci\u00f3 com tamb\u00e9 en els s\u00ed adherits, que, tot i ser-ne conscients, no fan res per resoldre-ho. Malgrat la magnitud de la situaci\u00f3, aquests fets no s\u00f3n els que surten als mitjans de comunicaci\u00f3, sin\u00f3 que s\u00f3n silenciats.<\/span><\/p>\n<p style=\"text-align: justify;\"><span style=\"font-weight: 400;\">Els esplais d&#8217;Esplac creiem que el treball dels drets dels infants s&#8217;ha de fer dia a dia. <strong>No creiem en el 20-N com un dia de celebraci\u00f3, sin\u00f3 de reflexi\u00f3 i reivindicaci\u00f3<\/strong>; i per aix\u00f2 plantegem:<\/span><\/p>\n<ul style=\"text-align: justify;\">\n<li style=\"font-weight: 400;\"><span style=\"font-weight: 400;\">La Convenci\u00f3, creada i aprobada per adults fa 27 anys, no \u00e9s representativa de la realitat dels infants d&#8217;arreu.<\/span><\/li>\n<li style=\"font-weight: 400;\"><span style=\"font-weight: 400;\">La societat no els d\u00f3na la pres\u00e8ncia que exigeixen per aquest anacronisme. Ens urgeix que recuperin (o obtinguin per fi) el seu lloc principal en l\u2019espai p\u00fablic.<\/span><\/li>\n<li style=\"font-weight: 400;\"><span style=\"font-weight: 400;\">Revisar i repensar els drets dels infants s\u00f3n una part imprescindible de l\u2019esperit cr\u00edtic i, a m\u00e9s, en ajuden a actualitzar i fer-nos nostre all\u00f2 que rumiem conjuntament.<\/span><\/li>\n<\/ul>\n<p style=\"text-align: justify;\"><span style=\"font-weight: 400;\">Per tot aix\u00f2, des d\u2019Esplais Catalans ens comprometem a seguir treballant i reivindicant els drets dels infants amb ells i elles i cap a la societat, perqu\u00e8 forma part del nostre dia a dia i de la nostra manera d\u2019educar per la transformaci\u00f3 social.<\/span><\/p>\n","protected":false},"excerpt":{"rendered":"<p>A Esplais Catalans eduquem als infants i joves, treballant per [&hellip;]<\/p>\n","protected":false},"author":3,"featured_media":24973,"comment_status":"closed","ping_status":"open","sticky":false,"template":"","format":"standard","meta":{"om_disable_all_campaigns":false,"_monsterinsights_skip_tracking":false,"_monsterinsights_sitenote_active":false,"_monsterinsights_sitenote_note":"","_monsterinsights_sitenote_category":0,"_uf_show_specific_survey":0,"_uf_disable_surveys":false,"footnotes":""},"categories":[1135,1127,1],"tags":[384,45,326],"class_list":["post-24972","post","type-post","status-publish","format-standard","has-post-thumbnail","hentry","category-20-n-drets-dels-infants","category-comunicats-posicionaments","category-sense-categoria","tag-20-n","tag-drets-dels-infants","tag-posicionament"],"yoast_head":"<!-- This site is optimized with the Yoast SEO plugin v27.4 - https:\/\/yoast.com\/product\/yoast-seo-wordpress\/ -->\n<title>A l\u2019esplai, reivindiquem els drets dels infants el 20-N i cada dia - Esplac<\/title>\n<meta name=\"robots\" content=\"index, follow, max-snippet:-1, max-image-preview:large, max-video-preview:-1\" \/>\n<link rel=\"canonical\" href=\"https:\/\/www.esplac.cat\/a-lesplai-reivindiquem-els-drets-dels-infants-el-20-n-i-cada-dia\/\" \/>\n<meta property=\"og:locale\" content=\"en_US\" \/>\n<meta property=\"og:type\" content=\"article\" \/>\n<meta property=\"og:title\" content=\"A l\u2019esplai, reivindiquem els drets dels infants el 20-N i cada dia - Esplac\" \/>\n<meta property=\"og:description\" content=\"A Esplais Catalans eduquem als infants i joves, treballant per [&hellip;]\" \/>\n<meta property=\"og:url\" content=\"https:\/\/www.esplac.cat\/a-lesplai-reivindiquem-els-drets-dels-infants-el-20-n-i-cada-dia\/\" \/>\n<meta property=\"og:site_name\" content=\"Esplac\" \/>\n<meta property=\"article:published_time\" content=\"2016-11-18T08:40:26+00:00\" \/>\n<meta property=\"og:image\" content=\"https:\/\/www.esplac.cat\/wp-content\/uploads\/2016\/11\/20161114_20N-drets-infants-previa.jpg\" \/>\n\t<meta property=\"og:image:width\" content=\"847\" \/>\n\t<meta property=\"og:image:height\" content=\"350\" \/>\n\t<meta property=\"og:image:type\" content=\"image\/jpeg\" \/>\n<meta name=\"author\" content=\"Comunicaci\u00f3 Esplac\" \/>\n<meta name=\"twitter:card\" content=\"summary_large_image\" \/>\n<meta name=\"twitter:label1\" content=\"Written by\" \/>\n\t<meta name=\"twitter:data1\" content=\"Comunicaci\u00f3 Esplac\" \/>\n\t<meta name=\"twitter:label2\" content=\"Est. reading time\" \/>\n\t<meta name=\"twitter:data2\" content=\"2 minutes\" \/>\n<script type=\"application\/ld+json\" class=\"yoast-schema-graph\">{\"@context\":\"https:\\\/\\\/schema.org\",\"@graph\":[{\"@type\":\"Article\",\"@id\":\"https:\\\/\\\/www.esplac.cat\\\/a-lesplai-reivindiquem-els-drets-dels-infants-el-20-n-i-cada-dia\\\/#article\",\"isPartOf\":{\"@id\":\"https:\\\/\\\/www.esplac.cat\\\/a-lesplai-reivindiquem-els-drets-dels-infants-el-20-n-i-cada-dia\\\/\"},\"author\":{\"name\":\"Comunicaci\u00f3 Esplac\",\"@id\":\"https:\\\/\\\/www.esplac.cat\\\/#\\\/schema\\\/person\\\/908383cf240be18b68f8855d0583faca\"},\"headline\":\"A l\u2019esplai, reivindiquem els drets dels infants el 20-N i cada dia\",\"datePublished\":\"2016-11-18T08:40:26+00:00\",\"mainEntityOfPage\":{\"@id\":\"https:\\\/\\\/www.esplac.cat\\\/a-lesplai-reivindiquem-els-drets-dels-infants-el-20-n-i-cada-dia\\\/\"},\"wordCount\":353,\"publisher\":{\"@id\":\"https:\\\/\\\/www.esplac.cat\\\/#organization\"},\"image\":{\"@id\":\"https:\\\/\\\/www.esplac.cat\\\/a-lesplai-reivindiquem-els-drets-dels-infants-el-20-n-i-cada-dia\\\/#primaryimage\"},\"thumbnailUrl\":\"https:\\\/\\\/www.esplac.cat\\\/wp-content\\\/uploads\\\/2016\\\/11\\\/20161114_20N-drets-infants-previa.jpg\",\"keywords\":[\"20-N\",\"drets dels infants\",\"posicionament\"],\"articleSection\":[\"20-N: Drets dels infants\",\"Comunicats i posicionaments\",\"Sense categoria\"],\"inLanguage\":\"en-US\"},{\"@type\":\"WebPage\",\"@id\":\"https:\\\/\\\/www.esplac.cat\\\/a-lesplai-reivindiquem-els-drets-dels-infants-el-20-n-i-cada-dia\\\/\",\"url\":\"https:\\\/\\\/www.esplac.cat\\\/a-lesplai-reivindiquem-els-drets-dels-infants-el-20-n-i-cada-dia\\\/\",\"name\":\"A l\u2019esplai, reivindiquem els drets dels infants el 20-N i cada dia - Esplac\",\"isPartOf\":{\"@id\":\"https:\\\/\\\/www.esplac.cat\\\/#website\"},\"primaryImageOfPage\":{\"@id\":\"https:\\\/\\\/www.esplac.cat\\\/a-lesplai-reivindiquem-els-drets-dels-infants-el-20-n-i-cada-dia\\\/#primaryimage\"},\"image\":{\"@id\":\"https:\\\/\\\/www.esplac.cat\\\/a-lesplai-reivindiquem-els-drets-dels-infants-el-20-n-i-cada-dia\\\/#primaryimage\"},\"thumbnailUrl\":\"https:\\\/\\\/www.esplac.cat\\\/wp-content\\\/uploads\\\/2016\\\/11\\\/20161114_20N-drets-infants-previa.jpg\",\"datePublished\":\"2016-11-18T08:40:26+00:00\",\"breadcrumb\":{\"@id\":\"https:\\\/\\\/www.esplac.cat\\\/a-lesplai-reivindiquem-els-drets-dels-infants-el-20-n-i-cada-dia\\\/#breadcrumb\"},\"inLanguage\":\"en-US\",\"potentialAction\":[{\"@type\":\"ReadAction\",\"target\":[\"https:\\\/\\\/www.esplac.cat\\\/a-lesplai-reivindiquem-els-drets-dels-infants-el-20-n-i-cada-dia\\\/\"]}]},{\"@type\":\"ImageObject\",\"inLanguage\":\"en-US\",\"@id\":\"https:\\\/\\\/www.esplac.cat\\\/a-lesplai-reivindiquem-els-drets-dels-infants-el-20-n-i-cada-dia\\\/#primaryimage\",\"url\":\"https:\\\/\\\/www.esplac.cat\\\/wp-content\\\/uploads\\\/2016\\\/11\\\/20161114_20N-drets-infants-previa.jpg\",\"contentUrl\":\"https:\\\/\\\/www.esplac.cat\\\/wp-content\\\/uploads\\\/2016\\\/11\\\/20161114_20N-drets-infants-previa.jpg\",\"width\":847,\"height\":350},{\"@type\":\"BreadcrumbList\",\"@id\":\"https:\\\/\\\/www.esplac.cat\\\/a-lesplai-reivindiquem-els-drets-dels-infants-el-20-n-i-cada-dia\\\/#breadcrumb\",\"itemListElement\":[{\"@type\":\"ListItem\",\"position\":1,\"name\":\"Inici\",\"item\":\"https:\\\/\\\/www.esplac.cat\\\/en\\\/\"},{\"@type\":\"ListItem\",\"position\":2,\"name\":\"A l\u2019esplai, reivindiquem els drets dels infants el 20-N i cada dia\"}]},{\"@type\":\"WebSite\",\"@id\":\"https:\\\/\\\/www.esplac.cat\\\/#website\",\"url\":\"https:\\\/\\\/www.esplac.cat\\\/\",\"name\":\"Esplac\",\"description\":\"Esplais Catalans\",\"publisher\":{\"@id\":\"https:\\\/\\\/www.esplac.cat\\\/#organization\"},\"potentialAction\":[{\"@type\":\"SearchAction\",\"target\":{\"@type\":\"EntryPoint\",\"urlTemplate\":\"https:\\\/\\\/www.esplac.cat\\\/?s={search_term_string}\"},\"query-input\":{\"@type\":\"PropertyValueSpecification\",\"valueRequired\":true,\"valueName\":\"search_term_string\"}}],\"inLanguage\":\"en-US\"},{\"@type\":\"Organization\",\"@id\":\"https:\\\/\\\/www.esplac.cat\\\/#organization\",\"name\":\"Esplac\",\"url\":\"https:\\\/\\\/www.esplac.cat\\\/\",\"logo\":{\"@type\":\"ImageObject\",\"inLanguage\":\"en-US\",\"@id\":\"https:\\\/\\\/www.esplac.cat\\\/#\\\/schema\\\/logo\\\/image\\\/\",\"url\":\"https:\\\/\\\/www.esplac.cat\\\/wp-content\\\/uploads\\\/2019\\\/08\\\/logox2.png\",\"contentUrl\":\"https:\\\/\\\/www.esplac.cat\\\/wp-content\\\/uploads\\\/2019\\\/08\\\/logox2.png\",\"width\":600,\"height\":295,\"caption\":\"Esplac\"},\"image\":{\"@id\":\"https:\\\/\\\/www.esplac.cat\\\/#\\\/schema\\\/logo\\\/image\\\/\"}},{\"@type\":\"Person\",\"@id\":\"https:\\\/\\\/www.esplac.cat\\\/#\\\/schema\\\/person\\\/908383cf240be18b68f8855d0583faca\",\"name\":\"Comunicaci\u00f3 Esplac\",\"image\":{\"@type\":\"ImageObject\",\"inLanguage\":\"en-US\",\"@id\":\"https:\\\/\\\/secure.gravatar.com\\\/avatar\\\/7a4cf8feb412a76ea4a740ca02d95b06b2907b5a6c648c2dd0a1082a093c3141?s=96&d=mm&r=g\",\"url\":\"https:\\\/\\\/secure.gravatar.com\\\/avatar\\\/7a4cf8feb412a76ea4a740ca02d95b06b2907b5a6c648c2dd0a1082a093c3141?s=96&d=mm&r=g\",\"contentUrl\":\"https:\\\/\\\/secure.gravatar.com\\\/avatar\\\/7a4cf8feb412a76ea4a740ca02d95b06b2907b5a6c648c2dd0a1082a093c3141?s=96&d=mm&r=g\",\"caption\":\"Comunicaci\u00f3 Esplac\"}}]}<\/script>\n<!-- \/ Yoast SEO plugin. -->","yoast_head_json":{"title":"A l\u2019esplai, reivindiquem els drets dels infants el 20-N i cada dia - Esplac","robots":{"index":"index","follow":"follow","max-snippet":"max-snippet:-1","max-image-preview":"max-image-preview:large","max-video-preview":"max-video-preview:-1"},"canonical":"https:\/\/www.esplac.cat\/a-lesplai-reivindiquem-els-drets-dels-infants-el-20-n-i-cada-dia\/","og_locale":"en_US","og_type":"article","og_title":"A l\u2019esplai, reivindiquem els drets dels infants el 20-N i cada dia - Esplac","og_description":"A Esplais Catalans eduquem als infants i joves, treballant per [&hellip;]","og_url":"https:\/\/www.esplac.cat\/a-lesplai-reivindiquem-els-drets-dels-infants-el-20-n-i-cada-dia\/","og_site_name":"Esplac","article_published_time":"2016-11-18T08:40:26+00:00","og_image":[{"width":847,"height":350,"url":"https:\/\/www.esplac.cat\/wp-content\/uploads\/2016\/11\/20161114_20N-drets-infants-previa.jpg","type":"image\/jpeg"}],"author":"Comunicaci\u00f3 Esplac","twitter_card":"summary_large_image","twitter_misc":{"Written by":"Comunicaci\u00f3 Esplac","Est. reading time":"2 minutes"},"schema":{"@context":"https:\/\/schema.org","@graph":[{"@type":"Article","@id":"https:\/\/www.esplac.cat\/a-lesplai-reivindiquem-els-drets-dels-infants-el-20-n-i-cada-dia\/#article","isPartOf":{"@id":"https:\/\/www.esplac.cat\/a-lesplai-reivindiquem-els-drets-dels-infants-el-20-n-i-cada-dia\/"},"author":{"name":"Comunicaci\u00f3 Esplac","@id":"https:\/\/www.esplac.cat\/#\/schema\/person\/908383cf240be18b68f8855d0583faca"},"headline":"A l\u2019esplai, reivindiquem els drets dels infants el 20-N i cada dia","datePublished":"2016-11-18T08:40:26+00:00","mainEntityOfPage":{"@id":"https:\/\/www.esplac.cat\/a-lesplai-reivindiquem-els-drets-dels-infants-el-20-n-i-cada-dia\/"},"wordCount":353,"publisher":{"@id":"https:\/\/www.esplac.cat\/#organization"},"image":{"@id":"https:\/\/www.esplac.cat\/a-lesplai-reivindiquem-els-drets-dels-infants-el-20-n-i-cada-dia\/#primaryimage"},"thumbnailUrl":"https:\/\/www.esplac.cat\/wp-content\/uploads\/2016\/11\/20161114_20N-drets-infants-previa.jpg","keywords":["20-N","drets dels infants","posicionament"],"articleSection":["20-N: Drets dels infants","Comunicats i posicionaments","Sense categoria"],"inLanguage":"en-US"},{"@type":"WebPage","@id":"https:\/\/www.esplac.cat\/a-lesplai-reivindiquem-els-drets-dels-infants-el-20-n-i-cada-dia\/","url":"https:\/\/www.esplac.cat\/a-lesplai-reivindiquem-els-drets-dels-infants-el-20-n-i-cada-dia\/","name":"A l\u2019esplai, reivindiquem els drets dels infants el 20-N i cada dia - Esplac","isPartOf":{"@id":"https:\/\/www.esplac.cat\/#website"},"primaryImageOfPage":{"@id":"https:\/\/www.esplac.cat\/a-lesplai-reivindiquem-els-drets-dels-infants-el-20-n-i-cada-dia\/#primaryimage"},"image":{"@id":"https:\/\/www.esplac.cat\/a-lesplai-reivindiquem-els-drets-dels-infants-el-20-n-i-cada-dia\/#primaryimage"},"thumbnailUrl":"https:\/\/www.esplac.cat\/wp-content\/uploads\/2016\/11\/20161114_20N-drets-infants-previa.jpg","datePublished":"2016-11-18T08:40:26+00:00","breadcrumb":{"@id":"https:\/\/www.esplac.cat\/a-lesplai-reivindiquem-els-drets-dels-infants-el-20-n-i-cada-dia\/#breadcrumb"},"inLanguage":"en-US","potentialAction":[{"@type":"ReadAction","target":["https:\/\/www.esplac.cat\/a-lesplai-reivindiquem-els-drets-dels-infants-el-20-n-i-cada-dia\/"]}]},{"@type":"ImageObject","inLanguage":"en-US","@id":"https:\/\/www.esplac.cat\/a-lesplai-reivindiquem-els-drets-dels-infants-el-20-n-i-cada-dia\/#primaryimage","url":"https:\/\/www.esplac.cat\/wp-content\/uploads\/2016\/11\/20161114_20N-drets-infants-previa.jpg","contentUrl":"https:\/\/www.esplac.cat\/wp-content\/uploads\/2016\/11\/20161114_20N-drets-infants-previa.jpg","width":847,"height":350},{"@type":"BreadcrumbList","@id":"https:\/\/www.esplac.cat\/a-lesplai-reivindiquem-els-drets-dels-infants-el-20-n-i-cada-dia\/#breadcrumb","itemListElement":[{"@type":"ListItem","position":1,"name":"Inici","item":"https:\/\/www.esplac.cat\/en\/"},{"@type":"ListItem","position":2,"name":"A l\u2019esplai, reivindiquem els drets dels infants el 20-N i cada dia"}]},{"@type":"WebSite","@id":"https:\/\/www.esplac.cat\/#website","url":"https:\/\/www.esplac.cat\/","name":"Esplac","description":"Esplais Catalans","publisher":{"@id":"https:\/\/www.esplac.cat\/#organization"},"potentialAction":[{"@type":"SearchAction","target":{"@type":"EntryPoint","urlTemplate":"https:\/\/www.esplac.cat\/?s={search_term_string}"},"query-input":{"@type":"PropertyValueSpecification","valueRequired":true,"valueName":"search_term_string"}}],"inLanguage":"en-US"},{"@type":"Organization","@id":"https:\/\/www.esplac.cat\/#organization","name":"Esplac","url":"https:\/\/www.esplac.cat\/","logo":{"@type":"ImageObject","inLanguage":"en-US","@id":"https:\/\/www.esplac.cat\/#\/schema\/logo\/image\/","url":"https:\/\/www.esplac.cat\/wp-content\/uploads\/2019\/08\/logox2.png","contentUrl":"https:\/\/www.esplac.cat\/wp-content\/uploads\/2019\/08\/logox2.png","width":600,"height":295,"caption":"Esplac"},"image":{"@id":"https:\/\/www.esplac.cat\/#\/schema\/logo\/image\/"}},{"@type":"Person","@id":"https:\/\/www.esplac.cat\/#\/schema\/person\/908383cf240be18b68f8855d0583faca","name":"Comunicaci\u00f3 Esplac","image":{"@type":"ImageObject","inLanguage":"en-US","@id":"https:\/\/secure.gravatar.com\/avatar\/7a4cf8feb412a76ea4a740ca02d95b06b2907b5a6c648c2dd0a1082a093c3141?s=96&d=mm&r=g","url":"https:\/\/secure.gravatar.com\/avatar\/7a4cf8feb412a76ea4a740ca02d95b06b2907b5a6c648c2dd0a1082a093c3141?s=96&d=mm&r=g","contentUrl":"https:\/\/secure.gravatar.com\/avatar\/7a4cf8feb412a76ea4a740ca02d95b06b2907b5a6c648c2dd0a1082a093c3141?s=96&d=mm&r=g","caption":"Comunicaci\u00f3 Esplac"}}]}},"_links":{"self":[{"href":"https:\/\/www.esplac.cat\/en\/wp-json\/wp\/v2\/posts\/24972","targetHints":{"allow":["GET"]}}],"collection":[{"href":"https:\/\/www.esplac.cat\/en\/wp-json\/wp\/v2\/posts"}],"about":[{"href":"https:\/\/www.esplac.cat\/en\/wp-json\/wp\/v2\/types\/post"}],"author":[{"embeddable":true,"href":"https:\/\/www.esplac.cat\/en\/wp-json\/wp\/v2\/users\/3"}],"replies":[{"embeddable":true,"href":"https:\/\/www.esplac.cat\/en\/wp-json\/wp\/v2\/comments?post=24972"}],"version-history":[{"count":0,"href":"https:\/\/www.esplac.cat\/en\/wp-json\/wp\/v2\/posts\/24972\/revisions"}],"wp:featuredmedia":[{"embeddable":true,"href":"https:\/\/www.esplac.cat\/en\/wp-json\/wp\/v2\/media\/24973"}],"wp:attachment":[{"href":"https:\/\/www.esplac.cat\/en\/wp-json\/wp\/v2\/media?parent=24972"}],"wp:term":[{"taxonomy":"category","embeddable":true,"href":"https:\/\/www.esplac.cat\/en\/wp-json\/wp\/v2\/categories?post=24972"},{"taxonomy":"post_tag","embeddable":true,"href":"https:\/\/www.esplac.cat\/en\/wp-json\/wp\/v2\/tags?post=24972"}],"curies":[{"name":"wp","href":"https:\/\/api.w.org\/{rel}","templated":true}]}}