{"id":24974,"date":"2016-11-17T13:34:30","date_gmt":"2016-11-17T11:34:30","guid":{"rendered":"http:\/\/www.esplac.cat\/?p=11569"},"modified":"2016-11-17T13:34:30","modified_gmt":"2016-11-17T11:34:30","slug":"el-papiol-acull-la-celebracio-dels-esplais-del-baix-llobregat-pel-dia-universal-dels-drets-dels-infants","status":"publish","type":"post","link":"https:\/\/www.esplac.cat\/en\/el-papiol-acull-la-celebracio-dels-esplais-del-baix-llobregat-pel-dia-universal-dels-drets-dels-infants\/","title":{"rendered":"El Papiol acull la celebraci\u00f3 dels esplais del Baix Llobregat pel Dia Universal dels Drets dels Infants"},"content":{"rendered":"<h4 style=\"text-align: justify;\">La tradicional trobada del sector, que es celebrar\u00e0 el cap de setmana del 19 i 20 de novembre, comptar\u00e0 amb m\u00e9s de 400 participants<\/h4>\n<p style=\"text-align: justify;\">Els esplais del Baix Llobregat han escollit la localitat de El Papiol, de 4.000 habitants, per a realitzar la seva tradicional trobada d\u2019infants, joves, monitors i monitores amb l\u2019objectiu de celebrar i reivindicar el Dia Universal dels Drets dels Infants (DUDI). Enguany els participants podran gaudir de jocs, tallers i gimcanes durant tot un cap de setmana sencer.<\/p>\n<p style=\"text-align: justify;\"><span style=\"font-size: medium;\"><span lang=\"ca-ES\">La trobada, en la qualparticiparan 400 persones de sis esplais del Sector Baix Llobregat, no nom\u00e9s servir\u00e0 per a que els participants reivindiquin, a trav\u00e9s de l\u2019educaci\u00f3 en el lleure, la import\u00e0ncia dels Drets dels Infants, sin\u00f3 que tamb\u00e9 suposar\u00e0 un repte log\u00edstic pel municipi. <\/span><\/span><\/p>\n<p class=\"western\" lang=\"en-GB\" style=\"text-align: justify;\" align=\"justify\"><span style=\"font-size: medium;\"><span lang=\"ca-ES\">Com cada any els esplais del Baix Llobregat organitzen una trobada per a qu\u00e8 infants i joves prenguin consci\u00e8ncia dels seus drets mitjan\u00e7ant activitats que han estat organitzades pels propis monitors i monitores. Per tal de treballar els drets dels infants d\u2019una forma din\u00e0mica, l\u00fadica, i alhora pedag\u00f2gica, s\u2019han creat jocs, tallers i gimcanes que giren al voltat d\u2019un fil conductor: <strong>la difer\u00e8ncia d\u2019oportunitats que tenen infants i joves de diferents pa\u00efsos del m\u00f3n.<\/strong> Tanmateix, l\u2019activitat tamb\u00e9 t\u00e9 l\u2019objectiu de fomentar la cohesi\u00f3 entre els esplais del sector, aix\u00ed com potenciar el sentiment de pertinen\u00e7a en el mateix. <\/span><\/span><\/p>\n<p class=\"western\" lang=\"en-GB\" style=\"text-align: justify;\" align=\"justify\"><span style=\"font-size: medium;\"><span lang=\"ca-ES\">La peculiaritat de la trobada d\u2019enguany \u00e9s que tindr\u00e0 una durada de dos dies: s\u2019iniciar\u00e0 el dissabte al mat\u00ed per als m\u00e9s petits i petites i s\u2019allargar\u00e0 fins el diumenge al migdia per als infants i joves m\u00e9s grans de dotze anys. A la tarda es realitzar\u00e0 un manifest on tots els participants reivindicaran la import\u00e0ncia dels drets dels infants i, posteriorment, els m\u00e9s grans es quedaran a dormir al pavell\u00f3 del municipi. <\/span><\/span><\/p>\n<p class=\"western\" lang=\"en-GB\" style=\"text-align: justify;\" align=\"justify\"><span style=\"font-size: medium;\"><span lang=\"ca-ES\">Aquest esdeveniment no nom\u00e9s \u00e9s important pel model pel qual\u00a0ha apostat el sector, sin\u00f3 que tamb\u00e9 esdev\u00e9 una oportunitat i un repte pel poble acollidor. Oriol Campderr\u00f3s, responsable de l\u2019Esplai Pa amb tom\u00e0quet (PAMTU) \u2013l&#8217;esplai amfitri\u00f3-, explica que un dels motius pels quals el Papiol ha estat escollit el municipi que acull l&#8217;activitat\u00a0\u00e9s per qu\u00e8 aquest any l\u2019esplai celebra els seus 10 anys. A m\u00e9s, en paraules del regidor de festes i joventut, Adri\u00e0 Rius i Pla, &#8220;reunir m\u00e9s de 400 persones en un poble de 4000 habitants \u00e9s un fet destacable, sobretot per l\u2019increment de poblaci\u00f3 que viur\u00e0 el municipi durant el cap de setmana&#8221;. No obstant aix\u00f2, l\u2019Ajuntament del municipi ha treballat colze a colze amb l\u2019entitat organitzadora per tal d\u2019optimitzar recursos i aconseguir dur a terme una trobada que esdevingui tot un \u00e8xit!<\/span><\/span><\/p>\n","protected":false},"excerpt":{"rendered":"<p>La tradicional trobada del sector, que es celebrar\u00e0 el cap [&hellip;]<\/p>\n","protected":false},"author":3,"featured_media":24975,"comment_status":"closed","ping_status":"open","sticky":false,"template":"","format":"standard","meta":{"om_disable_all_campaigns":false,"_monsterinsights_skip_tracking":false,"_monsterinsights_sitenote_active":false,"_monsterinsights_sitenote_note":"","_monsterinsights_sitenote_category":0,"_uf_show_specific_survey":0,"_uf_disable_surveys":false,"footnotes":""},"categories":[1135,1110,1124],"tags":[384,616,45,376,809,810,377,114],"class_list":["post-24974","post","type-post","status-publish","format-standard","has-post-thumbnail","hentry","category-20-n-drets-dels-infants","category-activitats-sectors","category-sector-baix-llobregat","tag-20-n","tag-baix-llobregat","tag-drets-dels-infants","tag-dudi","tag-el-papiol","tag-esplai-pa-amb-tomaquet","tag-participacio-infantil","tag-sector-baix-llobregat"],"yoast_head":"<!-- This site is optimized with the Yoast SEO plugin v27.5 - https:\/\/yoast.com\/product\/yoast-seo-wordpress\/ -->\n<title>El Papiol acull la celebraci\u00f3 dels esplais del Baix Llobregat pel Dia Universal dels Drets dels Infants - Esplac<\/title>\n<meta name=\"robots\" content=\"index, follow, max-snippet:-1, max-image-preview:large, max-video-preview:-1\" \/>\n<link rel=\"canonical\" href=\"https:\/\/www.esplac.cat\/es\/el-papiol-acull-la-celebracio-dels-esplais-del-baix-llobregat-pel-dia-universal-dels-drets-dels-infants\/\" \/>\n<meta property=\"og:locale\" content=\"en_US\" \/>\n<meta property=\"og:type\" content=\"article\" \/>\n<meta property=\"og:title\" content=\"El Papiol acull la celebraci\u00f3 dels esplais del Baix Llobregat pel Dia Universal dels Drets dels Infants - Esplac\" \/>\n<meta property=\"og:description\" content=\"La tradicional trobada del sector, que es celebrar\u00e0 el cap [&hellip;]\" \/>\n<meta property=\"og:url\" content=\"https:\/\/www.esplac.cat\/es\/el-papiol-acull-la-celebracio-dels-esplais-del-baix-llobregat-pel-dia-universal-dels-drets-dels-infants\/\" \/>\n<meta property=\"og:site_name\" content=\"Esplac\" \/>\n<meta property=\"article:published_time\" content=\"2016-11-17T11:34:30+00:00\" \/>\n<meta property=\"og:image\" content=\"https:\/\/www.esplac.cat\/wp-content\/uploads\/2016\/11\/20161117_DUDI-Baixllo.jpg\" \/>\n\t<meta property=\"og:image:width\" content=\"847\" \/>\n\t<meta property=\"og:image:height\" content=\"350\" \/>\n\t<meta property=\"og:image:type\" content=\"image\/jpeg\" \/>\n<meta name=\"author\" content=\"Comunicaci\u00f3 Esplac\" \/>\n<meta name=\"twitter:card\" content=\"summary_large_image\" \/>\n<meta name=\"twitter:label1\" content=\"Written by\" \/>\n\t<meta name=\"twitter:data1\" content=\"Comunicaci\u00f3 Esplac\" \/>\n\t<meta name=\"twitter:label2\" content=\"Est. reading time\" \/>\n\t<meta name=\"twitter:data2\" content=\"2 minutes\" \/>\n<script type=\"application\/ld+json\" class=\"yoast-schema-graph\">{\"@context\":\"https:\\\/\\\/schema.org\",\"@graph\":[{\"@type\":\"Article\",\"@id\":\"https:\\\/\\\/www.esplac.cat\\\/es\\\/el-papiol-acull-la-celebracio-dels-esplais-del-baix-llobregat-pel-dia-universal-dels-drets-dels-infants\\\/#article\",\"isPartOf\":{\"@id\":\"https:\\\/\\\/www.esplac.cat\\\/es\\\/el-papiol-acull-la-celebracio-dels-esplais-del-baix-llobregat-pel-dia-universal-dels-drets-dels-infants\\\/\"},\"author\":{\"name\":\"Comunicaci\u00f3 Esplac\",\"@id\":\"https:\\\/\\\/www.esplac.cat\\\/#\\\/schema\\\/person\\\/908383cf240be18b68f8855d0583faca\"},\"headline\":\"El Papiol acull la celebraci\u00f3 dels esplais del Baix Llobregat pel Dia Universal dels Drets dels Infants\",\"datePublished\":\"2016-11-17T11:34:30+00:00\",\"mainEntityOfPage\":{\"@id\":\"https:\\\/\\\/www.esplac.cat\\\/es\\\/el-papiol-acull-la-celebracio-dels-esplais-del-baix-llobregat-pel-dia-universal-dels-drets-dels-infants\\\/\"},\"wordCount\":489,\"publisher\":{\"@id\":\"https:\\\/\\\/www.esplac.cat\\\/#organization\"},\"image\":{\"@id\":\"https:\\\/\\\/www.esplac.cat\\\/es\\\/el-papiol-acull-la-celebracio-dels-esplais-del-baix-llobregat-pel-dia-universal-dels-drets-dels-infants\\\/#primaryimage\"},\"thumbnailUrl\":\"https:\\\/\\\/www.esplac.cat\\\/wp-content\\\/uploads\\\/2016\\\/11\\\/20161117_DUDI-Baixllo.jpg\",\"keywords\":[\"20-N\",\"baix llobregat\",\"drets dels infants\",\"DUDI\",\"El Papiol\",\"Esplai Pa amb Tom\u00e0quet\",\"participaci\u00f3 infantil\",\"sector Baix Llobregat\"],\"articleSection\":[\"20-N: Drets dels infants\",\"Activitats sectors\",\"Sector Baix Llobregat\"],\"inLanguage\":\"en-US\"},{\"@type\":\"WebPage\",\"@id\":\"https:\\\/\\\/www.esplac.cat\\\/es\\\/el-papiol-acull-la-celebracio-dels-esplais-del-baix-llobregat-pel-dia-universal-dels-drets-dels-infants\\\/\",\"url\":\"https:\\\/\\\/www.esplac.cat\\\/es\\\/el-papiol-acull-la-celebracio-dels-esplais-del-baix-llobregat-pel-dia-universal-dels-drets-dels-infants\\\/\",\"name\":\"El Papiol acull la celebraci\u00f3 dels esplais del Baix Llobregat pel Dia Universal dels Drets dels Infants - Esplac\",\"isPartOf\":{\"@id\":\"https:\\\/\\\/www.esplac.cat\\\/#website\"},\"primaryImageOfPage\":{\"@id\":\"https:\\\/\\\/www.esplac.cat\\\/es\\\/el-papiol-acull-la-celebracio-dels-esplais-del-baix-llobregat-pel-dia-universal-dels-drets-dels-infants\\\/#primaryimage\"},\"image\":{\"@id\":\"https:\\\/\\\/www.esplac.cat\\\/es\\\/el-papiol-acull-la-celebracio-dels-esplais-del-baix-llobregat-pel-dia-universal-dels-drets-dels-infants\\\/#primaryimage\"},\"thumbnailUrl\":\"https:\\\/\\\/www.esplac.cat\\\/wp-content\\\/uploads\\\/2016\\\/11\\\/20161117_DUDI-Baixllo.jpg\",\"datePublished\":\"2016-11-17T11:34:30+00:00\",\"breadcrumb\":{\"@id\":\"https:\\\/\\\/www.esplac.cat\\\/es\\\/el-papiol-acull-la-celebracio-dels-esplais-del-baix-llobregat-pel-dia-universal-dels-drets-dels-infants\\\/#breadcrumb\"},\"inLanguage\":\"en-US\",\"potentialAction\":[{\"@type\":\"ReadAction\",\"target\":[\"https:\\\/\\\/www.esplac.cat\\\/es\\\/el-papiol-acull-la-celebracio-dels-esplais-del-baix-llobregat-pel-dia-universal-dels-drets-dels-infants\\\/\"]}]},{\"@type\":\"ImageObject\",\"inLanguage\":\"en-US\",\"@id\":\"https:\\\/\\\/www.esplac.cat\\\/es\\\/el-papiol-acull-la-celebracio-dels-esplais-del-baix-llobregat-pel-dia-universal-dels-drets-dels-infants\\\/#primaryimage\",\"url\":\"https:\\\/\\\/www.esplac.cat\\\/wp-content\\\/uploads\\\/2016\\\/11\\\/20161117_DUDI-Baixllo.jpg\",\"contentUrl\":\"https:\\\/\\\/www.esplac.cat\\\/wp-content\\\/uploads\\\/2016\\\/11\\\/20161117_DUDI-Baixllo.jpg\",\"width\":847,\"height\":350},{\"@type\":\"BreadcrumbList\",\"@id\":\"https:\\\/\\\/www.esplac.cat\\\/es\\\/el-papiol-acull-la-celebracio-dels-esplais-del-baix-llobregat-pel-dia-universal-dels-drets-dels-infants\\\/#breadcrumb\",\"itemListElement\":[{\"@type\":\"ListItem\",\"position\":1,\"name\":\"Inici\",\"item\":\"https:\\\/\\\/www.esplac.cat\\\/en\\\/\"},{\"@type\":\"ListItem\",\"position\":2,\"name\":\"El Papiol acull la celebraci\u00f3 dels esplais del Baix Llobregat pel Dia Universal dels Drets dels Infants\"}]},{\"@type\":\"WebSite\",\"@id\":\"https:\\\/\\\/www.esplac.cat\\\/#website\",\"url\":\"https:\\\/\\\/www.esplac.cat\\\/\",\"name\":\"Esplac\",\"description\":\"Esplais Catalans\",\"publisher\":{\"@id\":\"https:\\\/\\\/www.esplac.cat\\\/#organization\"},\"potentialAction\":[{\"@type\":\"SearchAction\",\"target\":{\"@type\":\"EntryPoint\",\"urlTemplate\":\"https:\\\/\\\/www.esplac.cat\\\/?s={search_term_string}\"},\"query-input\":{\"@type\":\"PropertyValueSpecification\",\"valueRequired\":true,\"valueName\":\"search_term_string\"}}],\"inLanguage\":\"en-US\"},{\"@type\":\"Organization\",\"@id\":\"https:\\\/\\\/www.esplac.cat\\\/#organization\",\"name\":\"Esplac\",\"url\":\"https:\\\/\\\/www.esplac.cat\\\/\",\"logo\":{\"@type\":\"ImageObject\",\"inLanguage\":\"en-US\",\"@id\":\"https:\\\/\\\/www.esplac.cat\\\/#\\\/schema\\\/logo\\\/image\\\/\",\"url\":\"https:\\\/\\\/www.esplac.cat\\\/wp-content\\\/uploads\\\/2019\\\/08\\\/logox2.png\",\"contentUrl\":\"https:\\\/\\\/www.esplac.cat\\\/wp-content\\\/uploads\\\/2019\\\/08\\\/logox2.png\",\"width\":600,\"height\":295,\"caption\":\"Esplac\"},\"image\":{\"@id\":\"https:\\\/\\\/www.esplac.cat\\\/#\\\/schema\\\/logo\\\/image\\\/\"}},{\"@type\":\"Person\",\"@id\":\"https:\\\/\\\/www.esplac.cat\\\/#\\\/schema\\\/person\\\/908383cf240be18b68f8855d0583faca\",\"name\":\"Comunicaci\u00f3 Esplac\",\"image\":{\"@type\":\"ImageObject\",\"inLanguage\":\"en-US\",\"@id\":\"https:\\\/\\\/secure.gravatar.com\\\/avatar\\\/7a4cf8feb412a76ea4a740ca02d95b06b2907b5a6c648c2dd0a1082a093c3141?s=96&d=mm&r=g\",\"url\":\"https:\\\/\\\/secure.gravatar.com\\\/avatar\\\/7a4cf8feb412a76ea4a740ca02d95b06b2907b5a6c648c2dd0a1082a093c3141?s=96&d=mm&r=g\",\"contentUrl\":\"https:\\\/\\\/secure.gravatar.com\\\/avatar\\\/7a4cf8feb412a76ea4a740ca02d95b06b2907b5a6c648c2dd0a1082a093c3141?s=96&d=mm&r=g\",\"caption\":\"Comunicaci\u00f3 Esplac\"}}]}<\/script>\n<!-- \/ Yoast SEO plugin. -->","yoast_head_json":{"title":"El Papiol acull la celebraci\u00f3 dels esplais del Baix Llobregat pel Dia Universal dels Drets dels Infants - Esplac","robots":{"index":"index","follow":"follow","max-snippet":"max-snippet:-1","max-image-preview":"max-image-preview:large","max-video-preview":"max-video-preview:-1"},"canonical":"https:\/\/www.esplac.cat\/es\/el-papiol-acull-la-celebracio-dels-esplais-del-baix-llobregat-pel-dia-universal-dels-drets-dels-infants\/","og_locale":"en_US","og_type":"article","og_title":"El Papiol acull la celebraci\u00f3 dels esplais del Baix Llobregat pel Dia Universal dels Drets dels Infants - Esplac","og_description":"La tradicional trobada del sector, que es celebrar\u00e0 el cap [&hellip;]","og_url":"https:\/\/www.esplac.cat\/es\/el-papiol-acull-la-celebracio-dels-esplais-del-baix-llobregat-pel-dia-universal-dels-drets-dels-infants\/","og_site_name":"Esplac","article_published_time":"2016-11-17T11:34:30+00:00","og_image":[{"width":847,"height":350,"url":"https:\/\/www.esplac.cat\/wp-content\/uploads\/2016\/11\/20161117_DUDI-Baixllo.jpg","type":"image\/jpeg"}],"author":"Comunicaci\u00f3 Esplac","twitter_card":"summary_large_image","twitter_misc":{"Written by":"Comunicaci\u00f3 Esplac","Est. reading time":"2 minutes"},"schema":{"@context":"https:\/\/schema.org","@graph":[{"@type":"Article","@id":"https:\/\/www.esplac.cat\/es\/el-papiol-acull-la-celebracio-dels-esplais-del-baix-llobregat-pel-dia-universal-dels-drets-dels-infants\/#article","isPartOf":{"@id":"https:\/\/www.esplac.cat\/es\/el-papiol-acull-la-celebracio-dels-esplais-del-baix-llobregat-pel-dia-universal-dels-drets-dels-infants\/"},"author":{"name":"Comunicaci\u00f3 Esplac","@id":"https:\/\/www.esplac.cat\/#\/schema\/person\/908383cf240be18b68f8855d0583faca"},"headline":"El Papiol acull la celebraci\u00f3 dels esplais del Baix Llobregat pel Dia Universal dels Drets dels Infants","datePublished":"2016-11-17T11:34:30+00:00","mainEntityOfPage":{"@id":"https:\/\/www.esplac.cat\/es\/el-papiol-acull-la-celebracio-dels-esplais-del-baix-llobregat-pel-dia-universal-dels-drets-dels-infants\/"},"wordCount":489,"publisher":{"@id":"https:\/\/www.esplac.cat\/#organization"},"image":{"@id":"https:\/\/www.esplac.cat\/es\/el-papiol-acull-la-celebracio-dels-esplais-del-baix-llobregat-pel-dia-universal-dels-drets-dels-infants\/#primaryimage"},"thumbnailUrl":"https:\/\/www.esplac.cat\/wp-content\/uploads\/2016\/11\/20161117_DUDI-Baixllo.jpg","keywords":["20-N","baix llobregat","drets dels infants","DUDI","El Papiol","Esplai Pa amb Tom\u00e0quet","participaci\u00f3 infantil","sector Baix Llobregat"],"articleSection":["20-N: Drets dels infants","Activitats sectors","Sector Baix Llobregat"],"inLanguage":"en-US"},{"@type":"WebPage","@id":"https:\/\/www.esplac.cat\/es\/el-papiol-acull-la-celebracio-dels-esplais-del-baix-llobregat-pel-dia-universal-dels-drets-dels-infants\/","url":"https:\/\/www.esplac.cat\/es\/el-papiol-acull-la-celebracio-dels-esplais-del-baix-llobregat-pel-dia-universal-dels-drets-dels-infants\/","name":"El Papiol acull la celebraci\u00f3 dels esplais del Baix Llobregat pel Dia Universal dels Drets dels Infants - Esplac","isPartOf":{"@id":"https:\/\/www.esplac.cat\/#website"},"primaryImageOfPage":{"@id":"https:\/\/www.esplac.cat\/es\/el-papiol-acull-la-celebracio-dels-esplais-del-baix-llobregat-pel-dia-universal-dels-drets-dels-infants\/#primaryimage"},"image":{"@id":"https:\/\/www.esplac.cat\/es\/el-papiol-acull-la-celebracio-dels-esplais-del-baix-llobregat-pel-dia-universal-dels-drets-dels-infants\/#primaryimage"},"thumbnailUrl":"https:\/\/www.esplac.cat\/wp-content\/uploads\/2016\/11\/20161117_DUDI-Baixllo.jpg","datePublished":"2016-11-17T11:34:30+00:00","breadcrumb":{"@id":"https:\/\/www.esplac.cat\/es\/el-papiol-acull-la-celebracio-dels-esplais-del-baix-llobregat-pel-dia-universal-dels-drets-dels-infants\/#breadcrumb"},"inLanguage":"en-US","potentialAction":[{"@type":"ReadAction","target":["https:\/\/www.esplac.cat\/es\/el-papiol-acull-la-celebracio-dels-esplais-del-baix-llobregat-pel-dia-universal-dels-drets-dels-infants\/"]}]},{"@type":"ImageObject","inLanguage":"en-US","@id":"https:\/\/www.esplac.cat\/es\/el-papiol-acull-la-celebracio-dels-esplais-del-baix-llobregat-pel-dia-universal-dels-drets-dels-infants\/#primaryimage","url":"https:\/\/www.esplac.cat\/wp-content\/uploads\/2016\/11\/20161117_DUDI-Baixllo.jpg","contentUrl":"https:\/\/www.esplac.cat\/wp-content\/uploads\/2016\/11\/20161117_DUDI-Baixllo.jpg","width":847,"height":350},{"@type":"BreadcrumbList","@id":"https:\/\/www.esplac.cat\/es\/el-papiol-acull-la-celebracio-dels-esplais-del-baix-llobregat-pel-dia-universal-dels-drets-dels-infants\/#breadcrumb","itemListElement":[{"@type":"ListItem","position":1,"name":"Inici","item":"https:\/\/www.esplac.cat\/en\/"},{"@type":"ListItem","position":2,"name":"El Papiol acull la celebraci\u00f3 dels esplais del Baix Llobregat pel Dia Universal dels Drets dels Infants"}]},{"@type":"WebSite","@id":"https:\/\/www.esplac.cat\/#website","url":"https:\/\/www.esplac.cat\/","name":"Esplac","description":"Esplais Catalans","publisher":{"@id":"https:\/\/www.esplac.cat\/#organization"},"potentialAction":[{"@type":"SearchAction","target":{"@type":"EntryPoint","urlTemplate":"https:\/\/www.esplac.cat\/?s={search_term_string}"},"query-input":{"@type":"PropertyValueSpecification","valueRequired":true,"valueName":"search_term_string"}}],"inLanguage":"en-US"},{"@type":"Organization","@id":"https:\/\/www.esplac.cat\/#organization","name":"Esplac","url":"https:\/\/www.esplac.cat\/","logo":{"@type":"ImageObject","inLanguage":"en-US","@id":"https:\/\/www.esplac.cat\/#\/schema\/logo\/image\/","url":"https:\/\/www.esplac.cat\/wp-content\/uploads\/2019\/08\/logox2.png","contentUrl":"https:\/\/www.esplac.cat\/wp-content\/uploads\/2019\/08\/logox2.png","width":600,"height":295,"caption":"Esplac"},"image":{"@id":"https:\/\/www.esplac.cat\/#\/schema\/logo\/image\/"}},{"@type":"Person","@id":"https:\/\/www.esplac.cat\/#\/schema\/person\/908383cf240be18b68f8855d0583faca","name":"Comunicaci\u00f3 Esplac","image":{"@type":"ImageObject","inLanguage":"en-US","@id":"https:\/\/secure.gravatar.com\/avatar\/7a4cf8feb412a76ea4a740ca02d95b06b2907b5a6c648c2dd0a1082a093c3141?s=96&d=mm&r=g","url":"https:\/\/secure.gravatar.com\/avatar\/7a4cf8feb412a76ea4a740ca02d95b06b2907b5a6c648c2dd0a1082a093c3141?s=96&d=mm&r=g","contentUrl":"https:\/\/secure.gravatar.com\/avatar\/7a4cf8feb412a76ea4a740ca02d95b06b2907b5a6c648c2dd0a1082a093c3141?s=96&d=mm&r=g","caption":"Comunicaci\u00f3 Esplac"}}]}},"_links":{"self":[{"href":"https:\/\/www.esplac.cat\/en\/wp-json\/wp\/v2\/posts\/24974","targetHints":{"allow":["GET"]}}],"collection":[{"href":"https:\/\/www.esplac.cat\/en\/wp-json\/wp\/v2\/posts"}],"about":[{"href":"https:\/\/www.esplac.cat\/en\/wp-json\/wp\/v2\/types\/post"}],"author":[{"embeddable":true,"href":"https:\/\/www.esplac.cat\/en\/wp-json\/wp\/v2\/users\/3"}],"replies":[{"embeddable":true,"href":"https:\/\/www.esplac.cat\/en\/wp-json\/wp\/v2\/comments?post=24974"}],"version-history":[{"count":0,"href":"https:\/\/www.esplac.cat\/en\/wp-json\/wp\/v2\/posts\/24974\/revisions"}],"wp:featuredmedia":[{"embeddable":true,"href":"https:\/\/www.esplac.cat\/en\/wp-json\/wp\/v2\/media\/24975"}],"wp:attachment":[{"href":"https:\/\/www.esplac.cat\/en\/wp-json\/wp\/v2\/media?parent=24974"}],"wp:term":[{"taxonomy":"category","embeddable":true,"href":"https:\/\/www.esplac.cat\/en\/wp-json\/wp\/v2\/categories?post=24974"},{"taxonomy":"post_tag","embeddable":true,"href":"https:\/\/www.esplac.cat\/en\/wp-json\/wp\/v2\/tags?post=24974"}],"curies":[{"name":"wp","href":"https:\/\/api.w.org\/{rel}","templated":true}]}}