{"id":24978,"date":"2016-11-16T12:33:02","date_gmt":"2016-11-16T10:33:02","guid":{"rendered":"http:\/\/www.esplac.cat\/?p=11550"},"modified":"2016-11-16T12:33:02","modified_gmt":"2016-11-16T10:33:02","slug":"ja-som-mes-de-300-persones-inscrites-a-la-35a-ago-desplac","status":"publish","type":"post","link":"https:\/\/www.esplac.cat\/en\/ja-som-mes-de-300-persones-inscrites-a-la-35a-ago-desplac\/","title":{"rendered":"Ja som m\u00e9s de 300 persones inscrites a la 35a AGO d&#8217;Esplac!"},"content":{"rendered":"<h4 style=\"text-align: justify;\">En total, hi ha 74 esplais i 309 persones apuntades per participar a\u00a0la <a href=\"http:\/\/www.esplac.cat\/assemblea-general-ordinaria\/\" target=\"_blank\" rel=\"noopener noreferrer\">35a Assemblea General Ordin\u00e0ria<\/a> de l&#8217;entitat, que es celebrar\u00e0 el proper 26 i 27 de novembre a Granollers<\/h4>\n<p style=\"text-align: justify;\">Queda menys d&#8217;una setmana per celebrar l&#8217;AGO d&#8217;Esplais Catalans al Centre Cultural de Granollers i ja som\u00a074 esplais i un total de 309 monis\u00a0inscrites!<\/p>\n<p style=\"text-align: justify;\">L&#8217;AGO d&#8217;Esplac\u00a0\u00e9s l\u2019espai m\u00e9s important de presa de decisions dels esplais. Els acords de les AGO\u00a0s\u00f3n fruit del treball intens durant tot el curs i especialment els mesos anteriors als esplais, sectors i Gran Comit\u00e8. S\u2019aprova principalment la mem\u00f2ria del curs anterior, el pla de treball del curs 1026-17, el pressupost i es voten les\u00a0persones que volen entrar a formar part de\u00a0l\u2019Equip de Direcci\u00f3. Se celebra anualment amb car\u00e0cter ordinari.<\/p>\n<p style=\"text-align: justify;\">Aquest any, a m\u00e9s de l&#8217;AGO plen\u00e0ria, que es celebr\u00e0 el diumenge 27 de novembre, l&#8217;Assemblea d&#8217;Esplac\u00a0s&#8217;amplia un dia m\u00e9s amb la incorporaci\u00f3 de <strong>14\u00a0grups de treball per treballar els\u00a0principals projectes del nou curs<\/strong> durant la tarda del dissabte 26 de novembre, als quals hi ha m\u00e9s de 170 persones inscrites!<\/p>\n<p style=\"text-align: justify;\">Recordeu que podeu accedir a\u00a0tota la documentaci\u00f3 de l&#8217;Assemblea <strong><a href=\"http:\/\/esplac.cat\/esplacnet\/login\/index.php\" target=\"_blank\" rel=\"noopener noreferrer\">amb el vostre usuari a trav\u00e9s de l&#8217;EsplacNet<\/a>.<\/strong> En els propers dies publicarem amb la resta de documentaci\u00f3\u00a0les esmenes que han presentat\u00a0els esplais o s\u00f2cies, juntament amb les propostes d&#8217;esmenes transaccionades.<\/p>\n<p style=\"text-align: justify;\">Durant la setmana vinent, les participants inscrites a l&#8217;AGO rebreu tota la informaci\u00f3 sobre la programaci\u00f3 i els espais de participaci\u00f3 durant el cap de setmana.<\/p>\n<p style=\"text-align: justify;\"><strong><span class=\"_5afx\"><span class=\"_58cm\">Participem<\/span><\/span> i decidim entre tots i totes!<\/strong><\/p>\n<p>&nbsp;<\/p>\n","protected":false},"excerpt":{"rendered":"<p>En total, hi ha 74 esplais i 309 persones apuntades [&hellip;]<\/p>\n","protected":false},"author":3,"featured_media":24979,"comment_status":"closed","ping_status":"open","sticky":false,"template":"","format":"standard","meta":{"om_disable_all_campaigns":false,"_monsterinsights_skip_tracking":false,"_monsterinsights_sitenote_active":false,"_monsterinsights_sitenote_note":"","_monsterinsights_sitenote_category":0,"_uf_show_specific_survey":0,"_uf_disable_surveys":false,"footnotes":""},"categories":[1111,1],"tags":[335,772,808],"class_list":["post-24978","post","type-post","status-publish","format-standard","has-post-thumbnail","hentry","category-activitats-esplac","category-sense-categoria","tag-ago","tag-assemblea-general-ordinaria","tag-granollers"],"yoast_head":"<!-- This site is optimized with the Yoast SEO plugin v27.5 - https:\/\/yoast.com\/product\/yoast-seo-wordpress\/ -->\n<title>Ja som m\u00e9s de 300 persones inscrites a la 35a AGO d&#039;Esplac! - Esplac<\/title>\n<meta name=\"robots\" content=\"index, follow, max-snippet:-1, max-image-preview:large, max-video-preview:-1\" \/>\n<link rel=\"canonical\" href=\"https:\/\/www.esplac.cat\/ja-som-mes-de-300-persones-inscrites-a-la-35a-ago-desplac\/\" \/>\n<meta property=\"og:locale\" content=\"en_US\" \/>\n<meta property=\"og:type\" content=\"article\" \/>\n<meta property=\"og:title\" content=\"Ja som m\u00e9s de 300 persones inscrites a la 35a AGO d&#039;Esplac! - Esplac\" \/>\n<meta property=\"og:description\" content=\"En total, hi ha 74 esplais i 309 persones apuntades [&hellip;]\" \/>\n<meta property=\"og:url\" content=\"https:\/\/www.esplac.cat\/ja-som-mes-de-300-persones-inscrites-a-la-35a-ago-desplac\/\" \/>\n<meta property=\"og:site_name\" content=\"Esplac\" \/>\n<meta property=\"article:published_time\" content=\"2016-11-16T10:33:02+00:00\" \/>\n<meta property=\"og:image\" content=\"https:\/\/www.esplac.cat\/wp-content\/uploads\/2016\/11\/20161116_inscrits-AGO16.jpg\" \/>\n\t<meta property=\"og:image:width\" content=\"847\" \/>\n\t<meta property=\"og:image:height\" content=\"350\" \/>\n\t<meta property=\"og:image:type\" content=\"image\/jpeg\" \/>\n<meta name=\"author\" content=\"Comunicaci\u00f3 Esplac\" \/>\n<meta name=\"twitter:card\" content=\"summary_large_image\" \/>\n<meta name=\"twitter:label1\" content=\"Written by\" \/>\n\t<meta name=\"twitter:data1\" content=\"Comunicaci\u00f3 Esplac\" \/>\n\t<meta name=\"twitter:label2\" content=\"Est. reading time\" \/>\n\t<meta name=\"twitter:data2\" content=\"1 minute\" \/>\n<script type=\"application\/ld+json\" class=\"yoast-schema-graph\">{\"@context\":\"https:\\\/\\\/schema.org\",\"@graph\":[{\"@type\":\"Article\",\"@id\":\"https:\\\/\\\/www.esplac.cat\\\/ja-som-mes-de-300-persones-inscrites-a-la-35a-ago-desplac\\\/#article\",\"isPartOf\":{\"@id\":\"https:\\\/\\\/www.esplac.cat\\\/ja-som-mes-de-300-persones-inscrites-a-la-35a-ago-desplac\\\/\"},\"author\":{\"name\":\"Comunicaci\u00f3 Esplac\",\"@id\":\"https:\\\/\\\/www.esplac.cat\\\/#\\\/schema\\\/person\\\/908383cf240be18b68f8855d0583faca\"},\"headline\":\"Ja som m\u00e9s de 300 persones inscrites a la 35a AGO d&#8217;Esplac!\",\"datePublished\":\"2016-11-16T10:33:02+00:00\",\"mainEntityOfPage\":{\"@id\":\"https:\\\/\\\/www.esplac.cat\\\/ja-som-mes-de-300-persones-inscrites-a-la-35a-ago-desplac\\\/\"},\"wordCount\":294,\"publisher\":{\"@id\":\"https:\\\/\\\/www.esplac.cat\\\/#organization\"},\"image\":{\"@id\":\"https:\\\/\\\/www.esplac.cat\\\/ja-som-mes-de-300-persones-inscrites-a-la-35a-ago-desplac\\\/#primaryimage\"},\"thumbnailUrl\":\"https:\\\/\\\/www.esplac.cat\\\/wp-content\\\/uploads\\\/2016\\\/11\\\/20161116_inscrits-AGO16.jpg\",\"keywords\":[\"AGO\",\"Assemblea General Ordin\u00e0ria\",\"Granollers\"],\"articleSection\":[\"Activitats esplac\",\"Sense categoria\"],\"inLanguage\":\"en-US\"},{\"@type\":\"WebPage\",\"@id\":\"https:\\\/\\\/www.esplac.cat\\\/ja-som-mes-de-300-persones-inscrites-a-la-35a-ago-desplac\\\/\",\"url\":\"https:\\\/\\\/www.esplac.cat\\\/ja-som-mes-de-300-persones-inscrites-a-la-35a-ago-desplac\\\/\",\"name\":\"Ja som m\u00e9s de 300 persones inscrites a la 35a AGO d'Esplac! - Esplac\",\"isPartOf\":{\"@id\":\"https:\\\/\\\/www.esplac.cat\\\/#website\"},\"primaryImageOfPage\":{\"@id\":\"https:\\\/\\\/www.esplac.cat\\\/ja-som-mes-de-300-persones-inscrites-a-la-35a-ago-desplac\\\/#primaryimage\"},\"image\":{\"@id\":\"https:\\\/\\\/www.esplac.cat\\\/ja-som-mes-de-300-persones-inscrites-a-la-35a-ago-desplac\\\/#primaryimage\"},\"thumbnailUrl\":\"https:\\\/\\\/www.esplac.cat\\\/wp-content\\\/uploads\\\/2016\\\/11\\\/20161116_inscrits-AGO16.jpg\",\"datePublished\":\"2016-11-16T10:33:02+00:00\",\"breadcrumb\":{\"@id\":\"https:\\\/\\\/www.esplac.cat\\\/ja-som-mes-de-300-persones-inscrites-a-la-35a-ago-desplac\\\/#breadcrumb\"},\"inLanguage\":\"en-US\",\"potentialAction\":[{\"@type\":\"ReadAction\",\"target\":[\"https:\\\/\\\/www.esplac.cat\\\/ja-som-mes-de-300-persones-inscrites-a-la-35a-ago-desplac\\\/\"]}]},{\"@type\":\"ImageObject\",\"inLanguage\":\"en-US\",\"@id\":\"https:\\\/\\\/www.esplac.cat\\\/ja-som-mes-de-300-persones-inscrites-a-la-35a-ago-desplac\\\/#primaryimage\",\"url\":\"https:\\\/\\\/www.esplac.cat\\\/wp-content\\\/uploads\\\/2016\\\/11\\\/20161116_inscrits-AGO16.jpg\",\"contentUrl\":\"https:\\\/\\\/www.esplac.cat\\\/wp-content\\\/uploads\\\/2016\\\/11\\\/20161116_inscrits-AGO16.jpg\",\"width\":847,\"height\":350},{\"@type\":\"BreadcrumbList\",\"@id\":\"https:\\\/\\\/www.esplac.cat\\\/ja-som-mes-de-300-persones-inscrites-a-la-35a-ago-desplac\\\/#breadcrumb\",\"itemListElement\":[{\"@type\":\"ListItem\",\"position\":1,\"name\":\"Inici\",\"item\":\"https:\\\/\\\/www.esplac.cat\\\/en\\\/\"},{\"@type\":\"ListItem\",\"position\":2,\"name\":\"Ja som m\u00e9s de 300 persones inscrites a la 35a AGO d&#8217;Esplac!\"}]},{\"@type\":\"WebSite\",\"@id\":\"https:\\\/\\\/www.esplac.cat\\\/#website\",\"url\":\"https:\\\/\\\/www.esplac.cat\\\/\",\"name\":\"Esplac\",\"description\":\"Esplais Catalans\",\"publisher\":{\"@id\":\"https:\\\/\\\/www.esplac.cat\\\/#organization\"},\"potentialAction\":[{\"@type\":\"SearchAction\",\"target\":{\"@type\":\"EntryPoint\",\"urlTemplate\":\"https:\\\/\\\/www.esplac.cat\\\/?s={search_term_string}\"},\"query-input\":{\"@type\":\"PropertyValueSpecification\",\"valueRequired\":true,\"valueName\":\"search_term_string\"}}],\"inLanguage\":\"en-US\"},{\"@type\":\"Organization\",\"@id\":\"https:\\\/\\\/www.esplac.cat\\\/#organization\",\"name\":\"Esplac\",\"url\":\"https:\\\/\\\/www.esplac.cat\\\/\",\"logo\":{\"@type\":\"ImageObject\",\"inLanguage\":\"en-US\",\"@id\":\"https:\\\/\\\/www.esplac.cat\\\/#\\\/schema\\\/logo\\\/image\\\/\",\"url\":\"https:\\\/\\\/www.esplac.cat\\\/wp-content\\\/uploads\\\/2019\\\/08\\\/logox2.png\",\"contentUrl\":\"https:\\\/\\\/www.esplac.cat\\\/wp-content\\\/uploads\\\/2019\\\/08\\\/logox2.png\",\"width\":600,\"height\":295,\"caption\":\"Esplac\"},\"image\":{\"@id\":\"https:\\\/\\\/www.esplac.cat\\\/#\\\/schema\\\/logo\\\/image\\\/\"}},{\"@type\":\"Person\",\"@id\":\"https:\\\/\\\/www.esplac.cat\\\/#\\\/schema\\\/person\\\/908383cf240be18b68f8855d0583faca\",\"name\":\"Comunicaci\u00f3 Esplac\",\"image\":{\"@type\":\"ImageObject\",\"inLanguage\":\"en-US\",\"@id\":\"https:\\\/\\\/secure.gravatar.com\\\/avatar\\\/7a4cf8feb412a76ea4a740ca02d95b06b2907b5a6c648c2dd0a1082a093c3141?s=96&d=mm&r=g\",\"url\":\"https:\\\/\\\/secure.gravatar.com\\\/avatar\\\/7a4cf8feb412a76ea4a740ca02d95b06b2907b5a6c648c2dd0a1082a093c3141?s=96&d=mm&r=g\",\"contentUrl\":\"https:\\\/\\\/secure.gravatar.com\\\/avatar\\\/7a4cf8feb412a76ea4a740ca02d95b06b2907b5a6c648c2dd0a1082a093c3141?s=96&d=mm&r=g\",\"caption\":\"Comunicaci\u00f3 Esplac\"}}]}<\/script>\n<!-- \/ Yoast SEO plugin. -->","yoast_head_json":{"title":"Ja som m\u00e9s de 300 persones inscrites a la 35a AGO d'Esplac! - Esplac","robots":{"index":"index","follow":"follow","max-snippet":"max-snippet:-1","max-image-preview":"max-image-preview:large","max-video-preview":"max-video-preview:-1"},"canonical":"https:\/\/www.esplac.cat\/ja-som-mes-de-300-persones-inscrites-a-la-35a-ago-desplac\/","og_locale":"en_US","og_type":"article","og_title":"Ja som m\u00e9s de 300 persones inscrites a la 35a AGO d'Esplac! - Esplac","og_description":"En total, hi ha 74 esplais i 309 persones apuntades [&hellip;]","og_url":"https:\/\/www.esplac.cat\/ja-som-mes-de-300-persones-inscrites-a-la-35a-ago-desplac\/","og_site_name":"Esplac","article_published_time":"2016-11-16T10:33:02+00:00","og_image":[{"width":847,"height":350,"url":"https:\/\/www.esplac.cat\/wp-content\/uploads\/2016\/11\/20161116_inscrits-AGO16.jpg","type":"image\/jpeg"}],"author":"Comunicaci\u00f3 Esplac","twitter_card":"summary_large_image","twitter_misc":{"Written by":"Comunicaci\u00f3 Esplac","Est. reading time":"1 minute"},"schema":{"@context":"https:\/\/schema.org","@graph":[{"@type":"Article","@id":"https:\/\/www.esplac.cat\/ja-som-mes-de-300-persones-inscrites-a-la-35a-ago-desplac\/#article","isPartOf":{"@id":"https:\/\/www.esplac.cat\/ja-som-mes-de-300-persones-inscrites-a-la-35a-ago-desplac\/"},"author":{"name":"Comunicaci\u00f3 Esplac","@id":"https:\/\/www.esplac.cat\/#\/schema\/person\/908383cf240be18b68f8855d0583faca"},"headline":"Ja som m\u00e9s de 300 persones inscrites a la 35a AGO d&#8217;Esplac!","datePublished":"2016-11-16T10:33:02+00:00","mainEntityOfPage":{"@id":"https:\/\/www.esplac.cat\/ja-som-mes-de-300-persones-inscrites-a-la-35a-ago-desplac\/"},"wordCount":294,"publisher":{"@id":"https:\/\/www.esplac.cat\/#organization"},"image":{"@id":"https:\/\/www.esplac.cat\/ja-som-mes-de-300-persones-inscrites-a-la-35a-ago-desplac\/#primaryimage"},"thumbnailUrl":"https:\/\/www.esplac.cat\/wp-content\/uploads\/2016\/11\/20161116_inscrits-AGO16.jpg","keywords":["AGO","Assemblea General Ordin\u00e0ria","Granollers"],"articleSection":["Activitats esplac","Sense categoria"],"inLanguage":"en-US"},{"@type":"WebPage","@id":"https:\/\/www.esplac.cat\/ja-som-mes-de-300-persones-inscrites-a-la-35a-ago-desplac\/","url":"https:\/\/www.esplac.cat\/ja-som-mes-de-300-persones-inscrites-a-la-35a-ago-desplac\/","name":"Ja som m\u00e9s de 300 persones inscrites a la 35a AGO d'Esplac! - Esplac","isPartOf":{"@id":"https:\/\/www.esplac.cat\/#website"},"primaryImageOfPage":{"@id":"https:\/\/www.esplac.cat\/ja-som-mes-de-300-persones-inscrites-a-la-35a-ago-desplac\/#primaryimage"},"image":{"@id":"https:\/\/www.esplac.cat\/ja-som-mes-de-300-persones-inscrites-a-la-35a-ago-desplac\/#primaryimage"},"thumbnailUrl":"https:\/\/www.esplac.cat\/wp-content\/uploads\/2016\/11\/20161116_inscrits-AGO16.jpg","datePublished":"2016-11-16T10:33:02+00:00","breadcrumb":{"@id":"https:\/\/www.esplac.cat\/ja-som-mes-de-300-persones-inscrites-a-la-35a-ago-desplac\/#breadcrumb"},"inLanguage":"en-US","potentialAction":[{"@type":"ReadAction","target":["https:\/\/www.esplac.cat\/ja-som-mes-de-300-persones-inscrites-a-la-35a-ago-desplac\/"]}]},{"@type":"ImageObject","inLanguage":"en-US","@id":"https:\/\/www.esplac.cat\/ja-som-mes-de-300-persones-inscrites-a-la-35a-ago-desplac\/#primaryimage","url":"https:\/\/www.esplac.cat\/wp-content\/uploads\/2016\/11\/20161116_inscrits-AGO16.jpg","contentUrl":"https:\/\/www.esplac.cat\/wp-content\/uploads\/2016\/11\/20161116_inscrits-AGO16.jpg","width":847,"height":350},{"@type":"BreadcrumbList","@id":"https:\/\/www.esplac.cat\/ja-som-mes-de-300-persones-inscrites-a-la-35a-ago-desplac\/#breadcrumb","itemListElement":[{"@type":"ListItem","position":1,"name":"Inici","item":"https:\/\/www.esplac.cat\/en\/"},{"@type":"ListItem","position":2,"name":"Ja som m\u00e9s de 300 persones inscrites a la 35a AGO d&#8217;Esplac!"}]},{"@type":"WebSite","@id":"https:\/\/www.esplac.cat\/#website","url":"https:\/\/www.esplac.cat\/","name":"Esplac","description":"Esplais Catalans","publisher":{"@id":"https:\/\/www.esplac.cat\/#organization"},"potentialAction":[{"@type":"SearchAction","target":{"@type":"EntryPoint","urlTemplate":"https:\/\/www.esplac.cat\/?s={search_term_string}"},"query-input":{"@type":"PropertyValueSpecification","valueRequired":true,"valueName":"search_term_string"}}],"inLanguage":"en-US"},{"@type":"Organization","@id":"https:\/\/www.esplac.cat\/#organization","name":"Esplac","url":"https:\/\/www.esplac.cat\/","logo":{"@type":"ImageObject","inLanguage":"en-US","@id":"https:\/\/www.esplac.cat\/#\/schema\/logo\/image\/","url":"https:\/\/www.esplac.cat\/wp-content\/uploads\/2019\/08\/logox2.png","contentUrl":"https:\/\/www.esplac.cat\/wp-content\/uploads\/2019\/08\/logox2.png","width":600,"height":295,"caption":"Esplac"},"image":{"@id":"https:\/\/www.esplac.cat\/#\/schema\/logo\/image\/"}},{"@type":"Person","@id":"https:\/\/www.esplac.cat\/#\/schema\/person\/908383cf240be18b68f8855d0583faca","name":"Comunicaci\u00f3 Esplac","image":{"@type":"ImageObject","inLanguage":"en-US","@id":"https:\/\/secure.gravatar.com\/avatar\/7a4cf8feb412a76ea4a740ca02d95b06b2907b5a6c648c2dd0a1082a093c3141?s=96&d=mm&r=g","url":"https:\/\/secure.gravatar.com\/avatar\/7a4cf8feb412a76ea4a740ca02d95b06b2907b5a6c648c2dd0a1082a093c3141?s=96&d=mm&r=g","contentUrl":"https:\/\/secure.gravatar.com\/avatar\/7a4cf8feb412a76ea4a740ca02d95b06b2907b5a6c648c2dd0a1082a093c3141?s=96&d=mm&r=g","caption":"Comunicaci\u00f3 Esplac"}}]}},"_links":{"self":[{"href":"https:\/\/www.esplac.cat\/en\/wp-json\/wp\/v2\/posts\/24978","targetHints":{"allow":["GET"]}}],"collection":[{"href":"https:\/\/www.esplac.cat\/en\/wp-json\/wp\/v2\/posts"}],"about":[{"href":"https:\/\/www.esplac.cat\/en\/wp-json\/wp\/v2\/types\/post"}],"author":[{"embeddable":true,"href":"https:\/\/www.esplac.cat\/en\/wp-json\/wp\/v2\/users\/3"}],"replies":[{"embeddable":true,"href":"https:\/\/www.esplac.cat\/en\/wp-json\/wp\/v2\/comments?post=24978"}],"version-history":[{"count":0,"href":"https:\/\/www.esplac.cat\/en\/wp-json\/wp\/v2\/posts\/24978\/revisions"}],"wp:featuredmedia":[{"embeddable":true,"href":"https:\/\/www.esplac.cat\/en\/wp-json\/wp\/v2\/media\/24979"}],"wp:attachment":[{"href":"https:\/\/www.esplac.cat\/en\/wp-json\/wp\/v2\/media?parent=24978"}],"wp:term":[{"taxonomy":"category","embeddable":true,"href":"https:\/\/www.esplac.cat\/en\/wp-json\/wp\/v2\/categories?post=24978"},{"taxonomy":"post_tag","embeddable":true,"href":"https:\/\/www.esplac.cat\/en\/wp-json\/wp\/v2\/tags?post=24978"}],"curies":[{"name":"wp","href":"https:\/\/api.w.org\/{rel}","templated":true}]}}