{"id":24982,"date":"2016-11-14T16:56:26","date_gmt":"2016-11-14T14:56:26","guid":{"rendered":"http:\/\/www.esplac.cat\/?p=11526"},"modified":"2016-11-14T16:56:26","modified_gmt":"2016-11-14T14:56:26","slug":"activitats-arreu-de-catalunya-per-reivindicar-els-drets-dels-infants","status":"publish","type":"post","link":"https:\/\/www.esplac.cat\/en\/activitats-arreu-de-catalunya-per-reivindicar-els-drets-dels-infants\/","title":{"rendered":"Activitats arreu de Catalunya per reivindicar els drets dels infants"},"content":{"rendered":"<h3 style=\"text-align: justify;\">Sortim al carrer per dir ben alt que infants i joves tenim veu i tenim drets no nom\u00e9s el 20 de novembre, sin\u00f3 cada dia!<\/h3>\n<p style=\"text-align: justify;\">Un any m\u00e9s, els esplais d&#8217;Esplac surten el cap de setmana al carrer en motiu del Dia Universal dels Drets dels Infants (20 de novembre), per reivindicar que des de l&#8217;associacionisme educatiu treballem la participaci\u00f3 infantil\u00a0no nom\u00e9s aquest dia sin\u00f3 durant tot el curs. Infants, monitores i monitors surten al carrer a reivindicar que els infants tenen veu i drets mitjan\u00e7ant activitats, jocs, tallers i animacions en qu\u00e8 els nens i nenes seran les protagonistes!<\/p>\n<p style=\"text-align: justify;\">Aquesta diada es celebra simult\u00e0niament en la majoria de\u00a0sectors geogr\u00e0fics d&#8217;Esplac de forma descentralitzada. Aqu\u00ed us fem un recull dels actes:<\/p>\n<ul style=\"text-align: justify;\">\n<li>\n<h4>Sector Bages\u2013Bergued\u00e0<\/h4>\n<\/li>\n<\/ul>\n<p style=\"text-align: justify;\">Dia: 19 de novembre,\u00a0de 9:30 a 18 hores<\/p>\n<p style=\"text-align: justify;\">Lloc: Santpedor<\/p>\n<p style=\"text-align: justify;\">Els esplais del sector Bages\u2013Bergued\u00e0 es troben dissabte 19-N a les places de Santpedor per fer una gimcana dels drets dels infants, un cercavila, un\u00a0room escape i moltes m\u00e9s activitats! A m\u00e9s, gaudiran del concert del grup d&#8217;animaci\u00f3 infantil Ronkola. al mat\u00ed les din\u00e0miques estaran enfocades als esplais del sector, mentre que a la tarda es faran activitats obertes al p\u00fablic.<\/p>\n<ul style=\"text-align: justify;\">\n<li>\n<h4>Sector Baix Llobregat<\/h4>\n<\/li>\n<\/ul>\n<p style=\"text-align: justify;\">Dia: 19 de novembre a les 9:30 h \u2013 20 de novembre fins les 12:30 h<\/p>\n<p style=\"text-align: justify;\">Lloc: El Papiol<\/p>\n<p style=\"text-align: justify;\">Al Baix Llobregat han optat per fer una trobada tot el cap de setmana per reivindicar els drets dels infants. Els esplais faran jocs, activitats i din\u00e0miques al Papiol.<\/p>\n<ul style=\"text-align: justify;\">\n<li>\n<h4>Sector\u00a0Camp de Tarragona<\/h4>\n<\/li>\n<\/ul>\n<p style=\"text-align: justify;\">Dia: 19 de novembre,\u00a0de 10 a 18 hores<\/p>\n<p style=\"text-align: justify;\">Lloc:\u00a0Vila-seca<\/p>\n<p style=\"text-align: justify;\">Els esplais del sector Camp de Tarragona han optat per fer jocs reivindicatius i activitats diverses reunits a Vila-seca, on aprofitaran per dinar i berenar plegats!<\/p>\n<ul style=\"text-align: justify;\">\n<li>\n<h4>Sector\u00a0Girona<\/h4>\n<\/li>\n<\/ul>\n<p style=\"text-align: justify;\">Dia: 19 de novembre, de 11 a 18 hores<\/p>\n<p style=\"text-align: justify;\">Lloc: Girona (Parc de la Devesa i de la Constituci\u00f3)<\/p>\n<p style=\"text-align: justify;\">A Girona, els esplais del sector han preparat una din\u00e0mica anomenada &#8220;Tria el teu dret&#8221;. A la tarda, faran un acte reivindicatiu a la pla\u00e7a de la Constituci\u00f3. El contingut i el format el decidiran els infants durant el mat\u00ed!<\/p>\n<ul style=\"text-align: justify;\">\n<li>\n<h4>Sector\u00a0Osona\u2013Ripoll\u00e8s<\/h4>\n<\/li>\n<\/ul>\n<p style=\"text-align: justify;\">Dia: 19 de novembre, de\u00a010 a 16 hores<\/p>\n<p style=\"text-align: justify;\">Lloc: Tona<\/p>\n<p style=\"text-align: justify;\">Els esplais del sector Osona\u2013Ripoll\u00e8s es reuniran a Tona per fer diverses activitats conjuntes al voltant dels drets dels infants i amb la participaci\u00f3 infantil com a eix central.<\/p>\n<ul style=\"text-align: justify;\">\n<li>\n<h4>Sector\u00a0Pened\u00e8s\u2013Garraf<\/h4>\n<\/li>\n<\/ul>\n<p style=\"text-align: justify;\">Dia: 19 de novembre de 17 a 20:30 hores\u00a0\u2013 20 de novembre de\u00a017 a 19 hores.<\/p>\n<p style=\"text-align: justify;\">Lloc:\u00a0Vilafranca del Pened\u00e8s \u2013 Barri de l&#8217;Espirall\u00a0(19 de novembre) i Santa Margarida dels Monjos \u2013 Parc davant la Biblioteca\u00a0(20 de novembre).<\/p>\n<p style=\"text-align: justify;\">Els esplais del Pened\u00e8s\u2013Garraf i Anoia divideixen la celebraci\u00f3 del 20-N en dos dies. Dissabte 19 de novembre, faran diverses activitats, din\u00e0miques i jocs a Vilafranca del Pened\u00e8s, mentre que diumenge a la tarda es reuniran per fer una activitat de cloenda oberta a Santa Margarida dels Monjos.<\/p>\n<ul>\n<li style=\"text-align: justify;\">\n<h4>Esplais i Caus de Sants-Montju\u00efc (sector Barcelona)<\/h4>\n<\/li>\n<\/ul>\n<p>Dia: 20 de novembre<\/p>\n<p>Lloc: Barcelona \u2013 Parc de l&#8217;Espanya Industrial (tarda) i Can Batll\u00f3 (nit)<\/p>\n<p style=\"text-align: justify;\">A m\u00e9s, en el marc de la celebraci\u00f3 del 20-N, alguns esplais del sector Barcelona participaran al\u00a0SembraLleure, una trobada d&#8217;esplais i caus del districte de Sants-Montju\u00efc. A la trobada es faran activitats diverses, una gimcana pel barri i, a la nit, gaudiran d&#8217;un concert dels valencians Atupa a Can Batll\u00f3. A l&#8217;activitat participen els esplais\u00a0Espurna, Turons i La Lluna.<\/p>\n<p>&nbsp;<\/p>\n","protected":false},"excerpt":{"rendered":"<p>Sortim al carrer per dir ben alt que infants i [&hellip;]<\/p>\n","protected":false},"author":3,"featured_media":24973,"comment_status":"closed","ping_status":"open","sticky":false,"template":"","format":"standard","meta":{"om_disable_all_campaigns":false,"_monsterinsights_skip_tracking":false,"_monsterinsights_sitenote_active":false,"_monsterinsights_sitenote_note":"","_monsterinsights_sitenote_category":0,"_uf_show_specific_survey":0,"_uf_disable_surveys":false,"footnotes":""},"categories":[1135,1111,1117,1],"tags":[384,45,40],"class_list":["post-24982","post","type-post","status-publish","format-standard","has-post-thumbnail","hentry","category-20-n-drets-dels-infants","category-activitats-esplac","category-activitats-esplais","category-sense-categoria","tag-20-n","tag-drets-dels-infants","tag-participacio"],"yoast_head":"<!-- This site is optimized with the Yoast SEO plugin v27.4 - https:\/\/yoast.com\/product\/yoast-seo-wordpress\/ -->\n<title>Activitats arreu de Catalunya per reivindicar els drets dels infants - Esplac<\/title>\n<meta name=\"robots\" content=\"index, follow, max-snippet:-1, max-image-preview:large, max-video-preview:-1\" \/>\n<link rel=\"canonical\" href=\"https:\/\/www.esplac.cat\/es\/activitats-arreu-de-catalunya-per-reivindicar-els-drets-dels-infants\/\" \/>\n<meta property=\"og:locale\" content=\"en_US\" \/>\n<meta property=\"og:type\" content=\"article\" \/>\n<meta property=\"og:title\" content=\"Activitats arreu de Catalunya per reivindicar els drets dels infants - Esplac\" \/>\n<meta property=\"og:description\" content=\"Sortim al carrer per dir ben alt que infants i [&hellip;]\" \/>\n<meta property=\"og:url\" content=\"https:\/\/www.esplac.cat\/es\/activitats-arreu-de-catalunya-per-reivindicar-els-drets-dels-infants\/\" \/>\n<meta property=\"og:site_name\" content=\"Esplac\" \/>\n<meta property=\"article:published_time\" content=\"2016-11-14T14:56:26+00:00\" \/>\n<meta property=\"og:image\" content=\"https:\/\/www.esplac.cat\/wp-content\/uploads\/2016\/11\/20161114_20N-drets-infants-previa.jpg\" \/>\n\t<meta property=\"og:image:width\" content=\"847\" \/>\n\t<meta property=\"og:image:height\" content=\"350\" \/>\n\t<meta property=\"og:image:type\" content=\"image\/jpeg\" \/>\n<meta name=\"author\" content=\"Comunicaci\u00f3 Esplac\" \/>\n<meta name=\"twitter:card\" content=\"summary_large_image\" \/>\n<meta name=\"twitter:label1\" content=\"Written by\" \/>\n\t<meta name=\"twitter:data1\" content=\"Comunicaci\u00f3 Esplac\" \/>\n\t<meta name=\"twitter:label2\" content=\"Est. reading time\" \/>\n\t<meta name=\"twitter:data2\" content=\"3 minutes\" \/>\n<script type=\"application\/ld+json\" class=\"yoast-schema-graph\">{\"@context\":\"https:\\\/\\\/schema.org\",\"@graph\":[{\"@type\":\"Article\",\"@id\":\"https:\\\/\\\/www.esplac.cat\\\/es\\\/activitats-arreu-de-catalunya-per-reivindicar-els-drets-dels-infants\\\/#article\",\"isPartOf\":{\"@id\":\"https:\\\/\\\/www.esplac.cat\\\/es\\\/activitats-arreu-de-catalunya-per-reivindicar-els-drets-dels-infants\\\/\"},\"author\":{\"name\":\"Comunicaci\u00f3 Esplac\",\"@id\":\"https:\\\/\\\/www.esplac.cat\\\/#\\\/schema\\\/person\\\/908383cf240be18b68f8855d0583faca\"},\"headline\":\"Activitats arreu de Catalunya per reivindicar els drets dels infants\",\"datePublished\":\"2016-11-14T14:56:26+00:00\",\"mainEntityOfPage\":{\"@id\":\"https:\\\/\\\/www.esplac.cat\\\/es\\\/activitats-arreu-de-catalunya-per-reivindicar-els-drets-dels-infants\\\/\"},\"wordCount\":585,\"publisher\":{\"@id\":\"https:\\\/\\\/www.esplac.cat\\\/#organization\"},\"image\":{\"@id\":\"https:\\\/\\\/www.esplac.cat\\\/es\\\/activitats-arreu-de-catalunya-per-reivindicar-els-drets-dels-infants\\\/#primaryimage\"},\"thumbnailUrl\":\"https:\\\/\\\/www.esplac.cat\\\/wp-content\\\/uploads\\\/2016\\\/11\\\/20161114_20N-drets-infants-previa.jpg\",\"keywords\":[\"20-N\",\"drets dels infants\",\"participaci\u00f3\"],\"articleSection\":[\"20-N: Drets dels infants\",\"Activitats esplac\",\"Activitats esplais\",\"Sense categoria\"],\"inLanguage\":\"en-US\"},{\"@type\":\"WebPage\",\"@id\":\"https:\\\/\\\/www.esplac.cat\\\/es\\\/activitats-arreu-de-catalunya-per-reivindicar-els-drets-dels-infants\\\/\",\"url\":\"https:\\\/\\\/www.esplac.cat\\\/es\\\/activitats-arreu-de-catalunya-per-reivindicar-els-drets-dels-infants\\\/\",\"name\":\"Activitats arreu de Catalunya per reivindicar els drets dels infants - Esplac\",\"isPartOf\":{\"@id\":\"https:\\\/\\\/www.esplac.cat\\\/#website\"},\"primaryImageOfPage\":{\"@id\":\"https:\\\/\\\/www.esplac.cat\\\/es\\\/activitats-arreu-de-catalunya-per-reivindicar-els-drets-dels-infants\\\/#primaryimage\"},\"image\":{\"@id\":\"https:\\\/\\\/www.esplac.cat\\\/es\\\/activitats-arreu-de-catalunya-per-reivindicar-els-drets-dels-infants\\\/#primaryimage\"},\"thumbnailUrl\":\"https:\\\/\\\/www.esplac.cat\\\/wp-content\\\/uploads\\\/2016\\\/11\\\/20161114_20N-drets-infants-previa.jpg\",\"datePublished\":\"2016-11-14T14:56:26+00:00\",\"breadcrumb\":{\"@id\":\"https:\\\/\\\/www.esplac.cat\\\/es\\\/activitats-arreu-de-catalunya-per-reivindicar-els-drets-dels-infants\\\/#breadcrumb\"},\"inLanguage\":\"en-US\",\"potentialAction\":[{\"@type\":\"ReadAction\",\"target\":[\"https:\\\/\\\/www.esplac.cat\\\/es\\\/activitats-arreu-de-catalunya-per-reivindicar-els-drets-dels-infants\\\/\"]}]},{\"@type\":\"ImageObject\",\"inLanguage\":\"en-US\",\"@id\":\"https:\\\/\\\/www.esplac.cat\\\/es\\\/activitats-arreu-de-catalunya-per-reivindicar-els-drets-dels-infants\\\/#primaryimage\",\"url\":\"https:\\\/\\\/www.esplac.cat\\\/wp-content\\\/uploads\\\/2016\\\/11\\\/20161114_20N-drets-infants-previa.jpg\",\"contentUrl\":\"https:\\\/\\\/www.esplac.cat\\\/wp-content\\\/uploads\\\/2016\\\/11\\\/20161114_20N-drets-infants-previa.jpg\",\"width\":847,\"height\":350},{\"@type\":\"BreadcrumbList\",\"@id\":\"https:\\\/\\\/www.esplac.cat\\\/es\\\/activitats-arreu-de-catalunya-per-reivindicar-els-drets-dels-infants\\\/#breadcrumb\",\"itemListElement\":[{\"@type\":\"ListItem\",\"position\":1,\"name\":\"Inici\",\"item\":\"https:\\\/\\\/www.esplac.cat\\\/en\\\/\"},{\"@type\":\"ListItem\",\"position\":2,\"name\":\"Activitats arreu de Catalunya per reivindicar els drets dels infants\"}]},{\"@type\":\"WebSite\",\"@id\":\"https:\\\/\\\/www.esplac.cat\\\/#website\",\"url\":\"https:\\\/\\\/www.esplac.cat\\\/\",\"name\":\"Esplac\",\"description\":\"Esplais Catalans\",\"publisher\":{\"@id\":\"https:\\\/\\\/www.esplac.cat\\\/#organization\"},\"potentialAction\":[{\"@type\":\"SearchAction\",\"target\":{\"@type\":\"EntryPoint\",\"urlTemplate\":\"https:\\\/\\\/www.esplac.cat\\\/?s={search_term_string}\"},\"query-input\":{\"@type\":\"PropertyValueSpecification\",\"valueRequired\":true,\"valueName\":\"search_term_string\"}}],\"inLanguage\":\"en-US\"},{\"@type\":\"Organization\",\"@id\":\"https:\\\/\\\/www.esplac.cat\\\/#organization\",\"name\":\"Esplac\",\"url\":\"https:\\\/\\\/www.esplac.cat\\\/\",\"logo\":{\"@type\":\"ImageObject\",\"inLanguage\":\"en-US\",\"@id\":\"https:\\\/\\\/www.esplac.cat\\\/#\\\/schema\\\/logo\\\/image\\\/\",\"url\":\"https:\\\/\\\/www.esplac.cat\\\/wp-content\\\/uploads\\\/2019\\\/08\\\/logox2.png\",\"contentUrl\":\"https:\\\/\\\/www.esplac.cat\\\/wp-content\\\/uploads\\\/2019\\\/08\\\/logox2.png\",\"width\":600,\"height\":295,\"caption\":\"Esplac\"},\"image\":{\"@id\":\"https:\\\/\\\/www.esplac.cat\\\/#\\\/schema\\\/logo\\\/image\\\/\"}},{\"@type\":\"Person\",\"@id\":\"https:\\\/\\\/www.esplac.cat\\\/#\\\/schema\\\/person\\\/908383cf240be18b68f8855d0583faca\",\"name\":\"Comunicaci\u00f3 Esplac\",\"image\":{\"@type\":\"ImageObject\",\"inLanguage\":\"en-US\",\"@id\":\"https:\\\/\\\/secure.gravatar.com\\\/avatar\\\/7a4cf8feb412a76ea4a740ca02d95b06b2907b5a6c648c2dd0a1082a093c3141?s=96&d=mm&r=g\",\"url\":\"https:\\\/\\\/secure.gravatar.com\\\/avatar\\\/7a4cf8feb412a76ea4a740ca02d95b06b2907b5a6c648c2dd0a1082a093c3141?s=96&d=mm&r=g\",\"contentUrl\":\"https:\\\/\\\/secure.gravatar.com\\\/avatar\\\/7a4cf8feb412a76ea4a740ca02d95b06b2907b5a6c648c2dd0a1082a093c3141?s=96&d=mm&r=g\",\"caption\":\"Comunicaci\u00f3 Esplac\"}}]}<\/script>\n<!-- \/ Yoast SEO plugin. -->","yoast_head_json":{"title":"Activitats arreu de Catalunya per reivindicar els drets dels infants - Esplac","robots":{"index":"index","follow":"follow","max-snippet":"max-snippet:-1","max-image-preview":"max-image-preview:large","max-video-preview":"max-video-preview:-1"},"canonical":"https:\/\/www.esplac.cat\/es\/activitats-arreu-de-catalunya-per-reivindicar-els-drets-dels-infants\/","og_locale":"en_US","og_type":"article","og_title":"Activitats arreu de Catalunya per reivindicar els drets dels infants - Esplac","og_description":"Sortim al carrer per dir ben alt que infants i [&hellip;]","og_url":"https:\/\/www.esplac.cat\/es\/activitats-arreu-de-catalunya-per-reivindicar-els-drets-dels-infants\/","og_site_name":"Esplac","article_published_time":"2016-11-14T14:56:26+00:00","og_image":[{"width":847,"height":350,"url":"https:\/\/www.esplac.cat\/wp-content\/uploads\/2016\/11\/20161114_20N-drets-infants-previa.jpg","type":"image\/jpeg"}],"author":"Comunicaci\u00f3 Esplac","twitter_card":"summary_large_image","twitter_misc":{"Written by":"Comunicaci\u00f3 Esplac","Est. reading time":"3 minutes"},"schema":{"@context":"https:\/\/schema.org","@graph":[{"@type":"Article","@id":"https:\/\/www.esplac.cat\/es\/activitats-arreu-de-catalunya-per-reivindicar-els-drets-dels-infants\/#article","isPartOf":{"@id":"https:\/\/www.esplac.cat\/es\/activitats-arreu-de-catalunya-per-reivindicar-els-drets-dels-infants\/"},"author":{"name":"Comunicaci\u00f3 Esplac","@id":"https:\/\/www.esplac.cat\/#\/schema\/person\/908383cf240be18b68f8855d0583faca"},"headline":"Activitats arreu de Catalunya per reivindicar els drets dels infants","datePublished":"2016-11-14T14:56:26+00:00","mainEntityOfPage":{"@id":"https:\/\/www.esplac.cat\/es\/activitats-arreu-de-catalunya-per-reivindicar-els-drets-dels-infants\/"},"wordCount":585,"publisher":{"@id":"https:\/\/www.esplac.cat\/#organization"},"image":{"@id":"https:\/\/www.esplac.cat\/es\/activitats-arreu-de-catalunya-per-reivindicar-els-drets-dels-infants\/#primaryimage"},"thumbnailUrl":"https:\/\/www.esplac.cat\/wp-content\/uploads\/2016\/11\/20161114_20N-drets-infants-previa.jpg","keywords":["20-N","drets dels infants","participaci\u00f3"],"articleSection":["20-N: Drets dels infants","Activitats esplac","Activitats esplais","Sense categoria"],"inLanguage":"en-US"},{"@type":"WebPage","@id":"https:\/\/www.esplac.cat\/es\/activitats-arreu-de-catalunya-per-reivindicar-els-drets-dels-infants\/","url":"https:\/\/www.esplac.cat\/es\/activitats-arreu-de-catalunya-per-reivindicar-els-drets-dels-infants\/","name":"Activitats arreu de Catalunya per reivindicar els drets dels infants - Esplac","isPartOf":{"@id":"https:\/\/www.esplac.cat\/#website"},"primaryImageOfPage":{"@id":"https:\/\/www.esplac.cat\/es\/activitats-arreu-de-catalunya-per-reivindicar-els-drets-dels-infants\/#primaryimage"},"image":{"@id":"https:\/\/www.esplac.cat\/es\/activitats-arreu-de-catalunya-per-reivindicar-els-drets-dels-infants\/#primaryimage"},"thumbnailUrl":"https:\/\/www.esplac.cat\/wp-content\/uploads\/2016\/11\/20161114_20N-drets-infants-previa.jpg","datePublished":"2016-11-14T14:56:26+00:00","breadcrumb":{"@id":"https:\/\/www.esplac.cat\/es\/activitats-arreu-de-catalunya-per-reivindicar-els-drets-dels-infants\/#breadcrumb"},"inLanguage":"en-US","potentialAction":[{"@type":"ReadAction","target":["https:\/\/www.esplac.cat\/es\/activitats-arreu-de-catalunya-per-reivindicar-els-drets-dels-infants\/"]}]},{"@type":"ImageObject","inLanguage":"en-US","@id":"https:\/\/www.esplac.cat\/es\/activitats-arreu-de-catalunya-per-reivindicar-els-drets-dels-infants\/#primaryimage","url":"https:\/\/www.esplac.cat\/wp-content\/uploads\/2016\/11\/20161114_20N-drets-infants-previa.jpg","contentUrl":"https:\/\/www.esplac.cat\/wp-content\/uploads\/2016\/11\/20161114_20N-drets-infants-previa.jpg","width":847,"height":350},{"@type":"BreadcrumbList","@id":"https:\/\/www.esplac.cat\/es\/activitats-arreu-de-catalunya-per-reivindicar-els-drets-dels-infants\/#breadcrumb","itemListElement":[{"@type":"ListItem","position":1,"name":"Inici","item":"https:\/\/www.esplac.cat\/en\/"},{"@type":"ListItem","position":2,"name":"Activitats arreu de Catalunya per reivindicar els drets dels infants"}]},{"@type":"WebSite","@id":"https:\/\/www.esplac.cat\/#website","url":"https:\/\/www.esplac.cat\/","name":"Esplac","description":"Esplais Catalans","publisher":{"@id":"https:\/\/www.esplac.cat\/#organization"},"potentialAction":[{"@type":"SearchAction","target":{"@type":"EntryPoint","urlTemplate":"https:\/\/www.esplac.cat\/?s={search_term_string}"},"query-input":{"@type":"PropertyValueSpecification","valueRequired":true,"valueName":"search_term_string"}}],"inLanguage":"en-US"},{"@type":"Organization","@id":"https:\/\/www.esplac.cat\/#organization","name":"Esplac","url":"https:\/\/www.esplac.cat\/","logo":{"@type":"ImageObject","inLanguage":"en-US","@id":"https:\/\/www.esplac.cat\/#\/schema\/logo\/image\/","url":"https:\/\/www.esplac.cat\/wp-content\/uploads\/2019\/08\/logox2.png","contentUrl":"https:\/\/www.esplac.cat\/wp-content\/uploads\/2019\/08\/logox2.png","width":600,"height":295,"caption":"Esplac"},"image":{"@id":"https:\/\/www.esplac.cat\/#\/schema\/logo\/image\/"}},{"@type":"Person","@id":"https:\/\/www.esplac.cat\/#\/schema\/person\/908383cf240be18b68f8855d0583faca","name":"Comunicaci\u00f3 Esplac","image":{"@type":"ImageObject","inLanguage":"en-US","@id":"https:\/\/secure.gravatar.com\/avatar\/7a4cf8feb412a76ea4a740ca02d95b06b2907b5a6c648c2dd0a1082a093c3141?s=96&d=mm&r=g","url":"https:\/\/secure.gravatar.com\/avatar\/7a4cf8feb412a76ea4a740ca02d95b06b2907b5a6c648c2dd0a1082a093c3141?s=96&d=mm&r=g","contentUrl":"https:\/\/secure.gravatar.com\/avatar\/7a4cf8feb412a76ea4a740ca02d95b06b2907b5a6c648c2dd0a1082a093c3141?s=96&d=mm&r=g","caption":"Comunicaci\u00f3 Esplac"}}]}},"_links":{"self":[{"href":"https:\/\/www.esplac.cat\/en\/wp-json\/wp\/v2\/posts\/24982","targetHints":{"allow":["GET"]}}],"collection":[{"href":"https:\/\/www.esplac.cat\/en\/wp-json\/wp\/v2\/posts"}],"about":[{"href":"https:\/\/www.esplac.cat\/en\/wp-json\/wp\/v2\/types\/post"}],"author":[{"embeddable":true,"href":"https:\/\/www.esplac.cat\/en\/wp-json\/wp\/v2\/users\/3"}],"replies":[{"embeddable":true,"href":"https:\/\/www.esplac.cat\/en\/wp-json\/wp\/v2\/comments?post=24982"}],"version-history":[{"count":0,"href":"https:\/\/www.esplac.cat\/en\/wp-json\/wp\/v2\/posts\/24982\/revisions"}],"wp:featuredmedia":[{"embeddable":true,"href":"https:\/\/www.esplac.cat\/en\/wp-json\/wp\/v2\/media\/24973"}],"wp:attachment":[{"href":"https:\/\/www.esplac.cat\/en\/wp-json\/wp\/v2\/media?parent=24982"}],"wp:term":[{"taxonomy":"category","embeddable":true,"href":"https:\/\/www.esplac.cat\/en\/wp-json\/wp\/v2\/categories?post=24982"},{"taxonomy":"post_tag","embeddable":true,"href":"https:\/\/www.esplac.cat\/en\/wp-json\/wp\/v2\/tags?post=24982"}],"curies":[{"name":"wp","href":"https:\/\/api.w.org\/{rel}","templated":true}]}}