{"id":24990,"date":"2016-11-10T15:30:44","date_gmt":"2016-11-10T13:30:44","guid":{"rendered":"http:\/\/www.esplac.cat\/?p=11472"},"modified":"2019-10-15T18:13:24","modified_gmt":"2019-10-15T16:13:24","slug":"el-sector-valles-es-troba-per-preparar-a-fons-la-documentacio-de-lago","status":"publish","type":"post","link":"https:\/\/www.esplac.cat\/en\/el-sector-valles-es-troba-per-preparar-a-fons-la-documentacio-de-lago\/","title":{"rendered":"El sector Vall\u00e8s es troba per preparar a fons la documentaci\u00f3 de l&#8217;AGO"},"content":{"rendered":"<h4 style=\"text-align: justify;\" align=\"justify\">Els esplais valoren positivament aquest espai, que serveix per millorar la participaci\u00f3 a l&#8217;Assemblea General d&#8217;Esplac del proper 26 i 27 de novembre<\/h4>\n<p style=\"text-align: justify;\" align=\"justify\">El passat diumenge 6 de novembre , els esplais Eixam, La Fera, Farfalla, Bonaire, Egara i El Piolet es van trobar a Terrassa, al nou local de l\u2019esplai La Fera, per compartir dubtes i debats sobre la documentaci\u00f3 de l\u2019AGO d\u2019Esplac, amb el suport de l\u2019EGS i la ED referent del sector.<\/p>\n<p style=\"text-align: justify;\" align=\"justify\">Pr\u00e8viament s\u2019havien repartit la documentaci\u00f3 i els esplais que s\u2019ho havien preparat ho van explicar a la resta. Tot i aix\u00ed, per aprofundir, es van fer petits grups barrejats per esplais i cada un va treballar un dels documents. Finalment ho van posar en com\u00fa. L\u2019\u00faltima estona la vam dedicar a proposar i debatre conjuntament les esmenes que vol\u00edem fer, i finalment les vam redactar i presentar all\u00e0 in situ.<\/p>\n<p style=\"text-align: justify;\" align=\"justify\">Tamb\u00e9 vam poder gaudir d\u2019un fant\u00e0stic esmorzar proporcionat per l\u2019esplai la Fera.<\/p>\n<p style=\"text-align: justify;\" align=\"justify\">Tots els esplais participants valoren molt positivament aquest espai ja que fa molt m\u00e9s enriquidor el debat i la preparaci\u00f3 per a una posterior participaci\u00f3 de qualitat a l\u2019AGO d\u2019Esplac.<\/p>\n","protected":false},"excerpt":{"rendered":"<p>Els esplais valoren positivament aquest espai, que serveix per millorar [&hellip;]<\/p>\n","protected":false},"author":3,"featured_media":24991,"comment_status":"closed","ping_status":"open","sticky":false,"template":"","format":"standard","meta":{"om_disable_all_campaigns":false,"_monsterinsights_skip_tracking":false,"_monsterinsights_sitenote_active":false,"_monsterinsights_sitenote_note":"","_monsterinsights_sitenote_category":0,"_uf_show_specific_survey":0,"_uf_disable_surveys":false,"footnotes":""},"categories":[1110,1137],"tags":[335,772,122],"class_list":["post-24990","post","type-post","status-publish","format-standard","has-post-thumbnail","hentry","category-activitats-sectors","category-sector-valles","tag-ago","tag-assemblea-general-ordinaria","tag-sector-valles"],"yoast_head":"<!-- This site is optimized with the Yoast SEO plugin v27.4 - https:\/\/yoast.com\/product\/yoast-seo-wordpress\/ -->\n<title>El sector Vall\u00e8s es troba per preparar a fons la documentaci\u00f3 de l&#039;AGO - Esplac<\/title>\n<meta name=\"robots\" content=\"index, follow, max-snippet:-1, max-image-preview:large, max-video-preview:-1\" \/>\n<link rel=\"canonical\" href=\"https:\/\/www.esplac.cat\/el-sector-valles-es-troba-per-preparar-a-fons-la-documentacio-de-lago\/\" \/>\n<meta property=\"og:locale\" content=\"en_US\" \/>\n<meta property=\"og:type\" content=\"article\" \/>\n<meta property=\"og:title\" content=\"El sector Vall\u00e8s es troba per preparar a fons la documentaci\u00f3 de l&#039;AGO - Esplac\" \/>\n<meta property=\"og:description\" content=\"Els esplais valoren positivament aquest espai, que serveix per millorar [&hellip;]\" \/>\n<meta property=\"og:url\" content=\"https:\/\/www.esplac.cat\/el-sector-valles-es-troba-per-preparar-a-fons-la-documentacio-de-lago\/\" \/>\n<meta property=\"og:site_name\" content=\"Esplac\" \/>\n<meta property=\"article:published_time\" content=\"2016-11-10T13:30:44+00:00\" \/>\n<meta property=\"article:modified_time\" content=\"2019-10-15T16:13:24+00:00\" \/>\n<meta property=\"og:image\" content=\"https:\/\/www.esplac.cat\/wp-content\/uploads\/2016\/11\/20161110_Reunio_AGOvalles.jpg\" \/>\n\t<meta property=\"og:image:width\" content=\"847\" \/>\n\t<meta property=\"og:image:height\" content=\"350\" \/>\n\t<meta property=\"og:image:type\" content=\"image\/jpeg\" \/>\n<meta name=\"author\" content=\"Comunicaci\u00f3 Esplac\" \/>\n<meta name=\"twitter:card\" content=\"summary_large_image\" \/>\n<meta name=\"twitter:label1\" content=\"Written by\" \/>\n\t<meta name=\"twitter:data1\" content=\"Comunicaci\u00f3 Esplac\" \/>\n\t<meta name=\"twitter:label2\" content=\"Est. reading time\" \/>\n\t<meta name=\"twitter:data2\" content=\"1 minute\" \/>\n<script type=\"application\/ld+json\" class=\"yoast-schema-graph\">{\"@context\":\"https:\\\/\\\/schema.org\",\"@graph\":[{\"@type\":\"Article\",\"@id\":\"https:\\\/\\\/www.esplac.cat\\\/el-sector-valles-es-troba-per-preparar-a-fons-la-documentacio-de-lago\\\/#article\",\"isPartOf\":{\"@id\":\"https:\\\/\\\/www.esplac.cat\\\/el-sector-valles-es-troba-per-preparar-a-fons-la-documentacio-de-lago\\\/\"},\"author\":{\"name\":\"Comunicaci\u00f3 Esplac\",\"@id\":\"https:\\\/\\\/www.esplac.cat\\\/#\\\/schema\\\/person\\\/908383cf240be18b68f8855d0583faca\"},\"headline\":\"El sector Vall\u00e8s es troba per preparar a fons la documentaci\u00f3 de l&#8217;AGO\",\"datePublished\":\"2016-11-10T13:30:44+00:00\",\"dateModified\":\"2019-10-15T16:13:24+00:00\",\"mainEntityOfPage\":{\"@id\":\"https:\\\/\\\/www.esplac.cat\\\/el-sector-valles-es-troba-per-preparar-a-fons-la-documentacio-de-lago\\\/\"},\"wordCount\":215,\"publisher\":{\"@id\":\"https:\\\/\\\/www.esplac.cat\\\/#organization\"},\"image\":{\"@id\":\"https:\\\/\\\/www.esplac.cat\\\/el-sector-valles-es-troba-per-preparar-a-fons-la-documentacio-de-lago\\\/#primaryimage\"},\"thumbnailUrl\":\"https:\\\/\\\/www.esplac.cat\\\/wp-content\\\/uploads\\\/2016\\\/11\\\/20161110_Reunio_AGOvalles.jpg\",\"keywords\":[\"AGO\",\"Assemblea General Ordin\u00e0ria\",\"sector Vall\u00e8s\"],\"articleSection\":[\"Activitats sectors\",\"Sector Vall\u00e8s\"],\"inLanguage\":\"en-US\"},{\"@type\":\"WebPage\",\"@id\":\"https:\\\/\\\/www.esplac.cat\\\/el-sector-valles-es-troba-per-preparar-a-fons-la-documentacio-de-lago\\\/\",\"url\":\"https:\\\/\\\/www.esplac.cat\\\/el-sector-valles-es-troba-per-preparar-a-fons-la-documentacio-de-lago\\\/\",\"name\":\"El sector Vall\u00e8s es troba per preparar a fons la documentaci\u00f3 de l'AGO - Esplac\",\"isPartOf\":{\"@id\":\"https:\\\/\\\/www.esplac.cat\\\/#website\"},\"primaryImageOfPage\":{\"@id\":\"https:\\\/\\\/www.esplac.cat\\\/el-sector-valles-es-troba-per-preparar-a-fons-la-documentacio-de-lago\\\/#primaryimage\"},\"image\":{\"@id\":\"https:\\\/\\\/www.esplac.cat\\\/el-sector-valles-es-troba-per-preparar-a-fons-la-documentacio-de-lago\\\/#primaryimage\"},\"thumbnailUrl\":\"https:\\\/\\\/www.esplac.cat\\\/wp-content\\\/uploads\\\/2016\\\/11\\\/20161110_Reunio_AGOvalles.jpg\",\"datePublished\":\"2016-11-10T13:30:44+00:00\",\"dateModified\":\"2019-10-15T16:13:24+00:00\",\"breadcrumb\":{\"@id\":\"https:\\\/\\\/www.esplac.cat\\\/el-sector-valles-es-troba-per-preparar-a-fons-la-documentacio-de-lago\\\/#breadcrumb\"},\"inLanguage\":\"en-US\",\"potentialAction\":[{\"@type\":\"ReadAction\",\"target\":[\"https:\\\/\\\/www.esplac.cat\\\/el-sector-valles-es-troba-per-preparar-a-fons-la-documentacio-de-lago\\\/\"]}]},{\"@type\":\"ImageObject\",\"inLanguage\":\"en-US\",\"@id\":\"https:\\\/\\\/www.esplac.cat\\\/el-sector-valles-es-troba-per-preparar-a-fons-la-documentacio-de-lago\\\/#primaryimage\",\"url\":\"https:\\\/\\\/www.esplac.cat\\\/wp-content\\\/uploads\\\/2016\\\/11\\\/20161110_Reunio_AGOvalles.jpg\",\"contentUrl\":\"https:\\\/\\\/www.esplac.cat\\\/wp-content\\\/uploads\\\/2016\\\/11\\\/20161110_Reunio_AGOvalles.jpg\",\"width\":847,\"height\":350},{\"@type\":\"BreadcrumbList\",\"@id\":\"https:\\\/\\\/www.esplac.cat\\\/el-sector-valles-es-troba-per-preparar-a-fons-la-documentacio-de-lago\\\/#breadcrumb\",\"itemListElement\":[{\"@type\":\"ListItem\",\"position\":1,\"name\":\"Inici\",\"item\":\"https:\\\/\\\/www.esplac.cat\\\/en\\\/\"},{\"@type\":\"ListItem\",\"position\":2,\"name\":\"El sector Vall\u00e8s es troba per preparar a fons la documentaci\u00f3 de l&#8217;AGO\"}]},{\"@type\":\"WebSite\",\"@id\":\"https:\\\/\\\/www.esplac.cat\\\/#website\",\"url\":\"https:\\\/\\\/www.esplac.cat\\\/\",\"name\":\"Esplac\",\"description\":\"Esplais Catalans\",\"publisher\":{\"@id\":\"https:\\\/\\\/www.esplac.cat\\\/#organization\"},\"potentialAction\":[{\"@type\":\"SearchAction\",\"target\":{\"@type\":\"EntryPoint\",\"urlTemplate\":\"https:\\\/\\\/www.esplac.cat\\\/?s={search_term_string}\"},\"query-input\":{\"@type\":\"PropertyValueSpecification\",\"valueRequired\":true,\"valueName\":\"search_term_string\"}}],\"inLanguage\":\"en-US\"},{\"@type\":\"Organization\",\"@id\":\"https:\\\/\\\/www.esplac.cat\\\/#organization\",\"name\":\"Esplac\",\"url\":\"https:\\\/\\\/www.esplac.cat\\\/\",\"logo\":{\"@type\":\"ImageObject\",\"inLanguage\":\"en-US\",\"@id\":\"https:\\\/\\\/www.esplac.cat\\\/#\\\/schema\\\/logo\\\/image\\\/\",\"url\":\"https:\\\/\\\/www.esplac.cat\\\/wp-content\\\/uploads\\\/2019\\\/08\\\/logox2.png\",\"contentUrl\":\"https:\\\/\\\/www.esplac.cat\\\/wp-content\\\/uploads\\\/2019\\\/08\\\/logox2.png\",\"width\":600,\"height\":295,\"caption\":\"Esplac\"},\"image\":{\"@id\":\"https:\\\/\\\/www.esplac.cat\\\/#\\\/schema\\\/logo\\\/image\\\/\"}},{\"@type\":\"Person\",\"@id\":\"https:\\\/\\\/www.esplac.cat\\\/#\\\/schema\\\/person\\\/908383cf240be18b68f8855d0583faca\",\"name\":\"Comunicaci\u00f3 Esplac\",\"image\":{\"@type\":\"ImageObject\",\"inLanguage\":\"en-US\",\"@id\":\"https:\\\/\\\/secure.gravatar.com\\\/avatar\\\/7a4cf8feb412a76ea4a740ca02d95b06b2907b5a6c648c2dd0a1082a093c3141?s=96&d=mm&r=g\",\"url\":\"https:\\\/\\\/secure.gravatar.com\\\/avatar\\\/7a4cf8feb412a76ea4a740ca02d95b06b2907b5a6c648c2dd0a1082a093c3141?s=96&d=mm&r=g\",\"contentUrl\":\"https:\\\/\\\/secure.gravatar.com\\\/avatar\\\/7a4cf8feb412a76ea4a740ca02d95b06b2907b5a6c648c2dd0a1082a093c3141?s=96&d=mm&r=g\",\"caption\":\"Comunicaci\u00f3 Esplac\"}}]}<\/script>\n<!-- \/ Yoast SEO plugin. -->","yoast_head_json":{"title":"El sector Vall\u00e8s es troba per preparar a fons la documentaci\u00f3 de l'AGO - Esplac","robots":{"index":"index","follow":"follow","max-snippet":"max-snippet:-1","max-image-preview":"max-image-preview:large","max-video-preview":"max-video-preview:-1"},"canonical":"https:\/\/www.esplac.cat\/el-sector-valles-es-troba-per-preparar-a-fons-la-documentacio-de-lago\/","og_locale":"en_US","og_type":"article","og_title":"El sector Vall\u00e8s es troba per preparar a fons la documentaci\u00f3 de l'AGO - Esplac","og_description":"Els esplais valoren positivament aquest espai, que serveix per millorar [&hellip;]","og_url":"https:\/\/www.esplac.cat\/el-sector-valles-es-troba-per-preparar-a-fons-la-documentacio-de-lago\/","og_site_name":"Esplac","article_published_time":"2016-11-10T13:30:44+00:00","article_modified_time":"2019-10-15T16:13:24+00:00","og_image":[{"width":847,"height":350,"url":"https:\/\/www.esplac.cat\/wp-content\/uploads\/2016\/11\/20161110_Reunio_AGOvalles.jpg","type":"image\/jpeg"}],"author":"Comunicaci\u00f3 Esplac","twitter_card":"summary_large_image","twitter_misc":{"Written by":"Comunicaci\u00f3 Esplac","Est. reading time":"1 minute"},"schema":{"@context":"https:\/\/schema.org","@graph":[{"@type":"Article","@id":"https:\/\/www.esplac.cat\/el-sector-valles-es-troba-per-preparar-a-fons-la-documentacio-de-lago\/#article","isPartOf":{"@id":"https:\/\/www.esplac.cat\/el-sector-valles-es-troba-per-preparar-a-fons-la-documentacio-de-lago\/"},"author":{"name":"Comunicaci\u00f3 Esplac","@id":"https:\/\/www.esplac.cat\/#\/schema\/person\/908383cf240be18b68f8855d0583faca"},"headline":"El sector Vall\u00e8s es troba per preparar a fons la documentaci\u00f3 de l&#8217;AGO","datePublished":"2016-11-10T13:30:44+00:00","dateModified":"2019-10-15T16:13:24+00:00","mainEntityOfPage":{"@id":"https:\/\/www.esplac.cat\/el-sector-valles-es-troba-per-preparar-a-fons-la-documentacio-de-lago\/"},"wordCount":215,"publisher":{"@id":"https:\/\/www.esplac.cat\/#organization"},"image":{"@id":"https:\/\/www.esplac.cat\/el-sector-valles-es-troba-per-preparar-a-fons-la-documentacio-de-lago\/#primaryimage"},"thumbnailUrl":"https:\/\/www.esplac.cat\/wp-content\/uploads\/2016\/11\/20161110_Reunio_AGOvalles.jpg","keywords":["AGO","Assemblea General Ordin\u00e0ria","sector Vall\u00e8s"],"articleSection":["Activitats sectors","Sector Vall\u00e8s"],"inLanguage":"en-US"},{"@type":"WebPage","@id":"https:\/\/www.esplac.cat\/el-sector-valles-es-troba-per-preparar-a-fons-la-documentacio-de-lago\/","url":"https:\/\/www.esplac.cat\/el-sector-valles-es-troba-per-preparar-a-fons-la-documentacio-de-lago\/","name":"El sector Vall\u00e8s es troba per preparar a fons la documentaci\u00f3 de l'AGO - Esplac","isPartOf":{"@id":"https:\/\/www.esplac.cat\/#website"},"primaryImageOfPage":{"@id":"https:\/\/www.esplac.cat\/el-sector-valles-es-troba-per-preparar-a-fons-la-documentacio-de-lago\/#primaryimage"},"image":{"@id":"https:\/\/www.esplac.cat\/el-sector-valles-es-troba-per-preparar-a-fons-la-documentacio-de-lago\/#primaryimage"},"thumbnailUrl":"https:\/\/www.esplac.cat\/wp-content\/uploads\/2016\/11\/20161110_Reunio_AGOvalles.jpg","datePublished":"2016-11-10T13:30:44+00:00","dateModified":"2019-10-15T16:13:24+00:00","breadcrumb":{"@id":"https:\/\/www.esplac.cat\/el-sector-valles-es-troba-per-preparar-a-fons-la-documentacio-de-lago\/#breadcrumb"},"inLanguage":"en-US","potentialAction":[{"@type":"ReadAction","target":["https:\/\/www.esplac.cat\/el-sector-valles-es-troba-per-preparar-a-fons-la-documentacio-de-lago\/"]}]},{"@type":"ImageObject","inLanguage":"en-US","@id":"https:\/\/www.esplac.cat\/el-sector-valles-es-troba-per-preparar-a-fons-la-documentacio-de-lago\/#primaryimage","url":"https:\/\/www.esplac.cat\/wp-content\/uploads\/2016\/11\/20161110_Reunio_AGOvalles.jpg","contentUrl":"https:\/\/www.esplac.cat\/wp-content\/uploads\/2016\/11\/20161110_Reunio_AGOvalles.jpg","width":847,"height":350},{"@type":"BreadcrumbList","@id":"https:\/\/www.esplac.cat\/el-sector-valles-es-troba-per-preparar-a-fons-la-documentacio-de-lago\/#breadcrumb","itemListElement":[{"@type":"ListItem","position":1,"name":"Inici","item":"https:\/\/www.esplac.cat\/en\/"},{"@type":"ListItem","position":2,"name":"El sector Vall\u00e8s es troba per preparar a fons la documentaci\u00f3 de l&#8217;AGO"}]},{"@type":"WebSite","@id":"https:\/\/www.esplac.cat\/#website","url":"https:\/\/www.esplac.cat\/","name":"Esplac","description":"Esplais Catalans","publisher":{"@id":"https:\/\/www.esplac.cat\/#organization"},"potentialAction":[{"@type":"SearchAction","target":{"@type":"EntryPoint","urlTemplate":"https:\/\/www.esplac.cat\/?s={search_term_string}"},"query-input":{"@type":"PropertyValueSpecification","valueRequired":true,"valueName":"search_term_string"}}],"inLanguage":"en-US"},{"@type":"Organization","@id":"https:\/\/www.esplac.cat\/#organization","name":"Esplac","url":"https:\/\/www.esplac.cat\/","logo":{"@type":"ImageObject","inLanguage":"en-US","@id":"https:\/\/www.esplac.cat\/#\/schema\/logo\/image\/","url":"https:\/\/www.esplac.cat\/wp-content\/uploads\/2019\/08\/logox2.png","contentUrl":"https:\/\/www.esplac.cat\/wp-content\/uploads\/2019\/08\/logox2.png","width":600,"height":295,"caption":"Esplac"},"image":{"@id":"https:\/\/www.esplac.cat\/#\/schema\/logo\/image\/"}},{"@type":"Person","@id":"https:\/\/www.esplac.cat\/#\/schema\/person\/908383cf240be18b68f8855d0583faca","name":"Comunicaci\u00f3 Esplac","image":{"@type":"ImageObject","inLanguage":"en-US","@id":"https:\/\/secure.gravatar.com\/avatar\/7a4cf8feb412a76ea4a740ca02d95b06b2907b5a6c648c2dd0a1082a093c3141?s=96&d=mm&r=g","url":"https:\/\/secure.gravatar.com\/avatar\/7a4cf8feb412a76ea4a740ca02d95b06b2907b5a6c648c2dd0a1082a093c3141?s=96&d=mm&r=g","contentUrl":"https:\/\/secure.gravatar.com\/avatar\/7a4cf8feb412a76ea4a740ca02d95b06b2907b5a6c648c2dd0a1082a093c3141?s=96&d=mm&r=g","caption":"Comunicaci\u00f3 Esplac"}}]}},"_links":{"self":[{"href":"https:\/\/www.esplac.cat\/en\/wp-json\/wp\/v2\/posts\/24990","targetHints":{"allow":["GET"]}}],"collection":[{"href":"https:\/\/www.esplac.cat\/en\/wp-json\/wp\/v2\/posts"}],"about":[{"href":"https:\/\/www.esplac.cat\/en\/wp-json\/wp\/v2\/types\/post"}],"author":[{"embeddable":true,"href":"https:\/\/www.esplac.cat\/en\/wp-json\/wp\/v2\/users\/3"}],"replies":[{"embeddable":true,"href":"https:\/\/www.esplac.cat\/en\/wp-json\/wp\/v2\/comments?post=24990"}],"version-history":[{"count":0,"href":"https:\/\/www.esplac.cat\/en\/wp-json\/wp\/v2\/posts\/24990\/revisions"}],"wp:featuredmedia":[{"embeddable":true,"href":"https:\/\/www.esplac.cat\/en\/wp-json\/wp\/v2\/media\/24991"}],"wp:attachment":[{"href":"https:\/\/www.esplac.cat\/en\/wp-json\/wp\/v2\/media?parent=24990"}],"wp:term":[{"taxonomy":"category","embeddable":true,"href":"https:\/\/www.esplac.cat\/en\/wp-json\/wp\/v2\/categories?post=24990"},{"taxonomy":"post_tag","embeddable":true,"href":"https:\/\/www.esplac.cat\/en\/wp-json\/wp\/v2\/tags?post=24990"}],"curies":[{"name":"wp","href":"https:\/\/api.w.org\/{rel}","templated":true}]}}