{"id":24992,"date":"2016-11-10T14:22:35","date_gmt":"2016-11-10T12:22:35","guid":{"rendered":"http:\/\/www.esplac.cat\/?p=11469"},"modified":"2019-11-14T12:01:48","modified_gmt":"2019-11-14T10:01:48","slug":"transfeminismes-tema-central-de-les-vi-jornades-de-lleure-i-feminismes","status":"publish","type":"post","link":"https:\/\/www.esplac.cat\/en\/transfeminismes-tema-central-de-les-vi-jornades-de-lleure-i-feminismes\/","title":{"rendered":"Transfeminismes: tema central de les VI Jornades de Lleure i Feminismes"},"content":{"rendered":"<h4 style=\"text-align: justify;\">El\u00a0diumenge 13 de novembre tindr\u00e0 lloc la sisena edici\u00f3 de les <a href=\"https:\/\/lleureisexisme.wordpress.com\/programa-2016\/\">Jornades de Lleure i Feminismes<\/a> al Casal de Joves del Guinard\u00f3 Girapells (Barcelona) de 9.30h a 19h<\/h4>\n<p style=\"text-align: justify;\"><span style=\"font-weight: 400;\">Les Jornades de Lleure i Feminismes, que coorganitzem\u00a0<a href=\"http:\/\/www.casaldejoves.org\/\">Casals de Joves de Catalunya<\/a>,\u00a0<a href=\"http:\/\/www.escolaelsol.org\/\">Escola Lliure El Sol<\/a>\u00a0i\u00a0<a href=\"http:\/\/www.esplac.cat\/\">Esplais Catalans (ESPLAC)<\/a>,\u00a0s\u00f3n un espai de trobada entre l&#8217;associacionisme educatiu i el moviment feminista i LGTBQ. Neixen fruit de la necessitat d\u2019afrontar la q\u00fcesti\u00f3 sexista en els nostres espais de participaci\u00f3, ja que tamb\u00e9 a les associacions educatives es reprodueixen rols, din\u00e0miques i formes de relaci\u00f3 sexistes.<\/span><\/p>\n<p style=\"text-align: justify;\"><span style=\"font-weight: 400;\">Com veureu, aquest curs canvia de nom! En un inici, les jornades es deien de \u201clleure i sexisme\u201d, per\u00f2 aquest any s\u2019ha apostat per canviar-ho per <strong>\u201clleure i feminismes\u201d perqu\u00e8 volem desestigmatitzar el concepte feminisme<\/strong> i volem acostar la perspectiva de g\u00e8nere al m\u00f3n de l\u2019associacionisme educatiu.<\/span><\/p>\n<p style=\"text-align: justify;\"><span style=\"font-weight: 400;\">Les VI Jornades de Lleure i Feminismes giraran al voltant dels <\/span><b>transfeminismes <\/b><span style=\"font-weight: 400;\">i tenen tres objectius fonamentals.<\/span><\/p>\n<ol>\n<li style=\"text-align: justify;\"><span style=\"font-weight: 400;\"><strong>Reflexionar.<\/strong> Crear un espai de reflexi\u00f3 dins el m\u00f3n del lleure educatiu per aprofundir i q\u00fcestionar les identitats de g\u00e8nere normatives. <\/span><\/li>\n<li style=\"text-align: justify;\"><span style=\"font-weight: 400;\"><strong>Formar-nos.<\/strong>\u00a0Volem que les persones que formen part de l\u2019associacionisme educatiu (monitores, educadores, casaleres, activistes,&#8230;) reflexionin i remoguin consci\u00e8ncies per poder transformar la societat en la que vivim.<\/span><\/li>\n<li style=\"text-align: justify;\"><span style=\"font-weight: 400;\"><strong>Intercanviar experi\u00e8ncies<\/strong>. Generar xarxa entre entitats, incorporar la perspectiva transfeminista en els diferents espais d\u2019educaci\u00f3 en el lleure (esplais, casals de joves, agrupaments,&#8230;) de forma transversal.<\/span><\/li>\n<\/ol>\n<p style=\"padding-left: 30px; text-align: center;\"><em><b>PROGRAMA<\/b><\/em><\/p>\n<p style=\"padding-left: 30px; text-align: center;\"><em><span style=\"font-weight: 400;\">09:30h_ Inscripcions<\/span><\/em><\/p>\n<p style=\"padding-left: 30px; text-align: center;\"><em><span style=\"font-weight: 400;\">10:00h_ Benvinguda a les VI Jornades de Lleure i Feminismes i din\u00e0mica de presentaci\u00f3<\/span><\/em><\/p>\n<p style=\"padding-left: 30px; text-align: center;\"><em><span style=\"font-weight: 400;\">10:40h_ Pon\u00e8ncia a c\u00e0rrec de la <\/span><a href=\"https:\/\/lacentrifugadora.org\/qui-som\/lequip\/miriam-sola\/\"><span style=\"font-weight: 400;\">Miriam Sol\u00e1<\/span><\/a><\/em><\/p>\n<p style=\"padding-left: 30px; text-align: center;\"><em><span style=\"font-weight: 400;\">11:30h_ Tallers i experi\u00e8ncies de mat\u00ed<\/span><\/em><\/p>\n<p style=\"padding-left: 30px; text-align: center;\"><em><span style=\"font-weight: 400;\">14:30h_ Pica-pica de tert\u00falia i dinar sota el bra\u00e7 (porta\u2019t el dinar de casa)<\/span><\/em><\/p>\n<p style=\"padding-left: 30px; text-align: center;\"><em><span style=\"font-weight: 400;\">16:00h_ Tallers i experi\u00e8ncies de tarda<\/span><\/em><\/p>\n<p style=\"padding-left: 30px; text-align: center;\"><em><span style=\"font-weight: 400;\">18:00h_ Espectacle-cabaret \u201cLa cultura del odio\u201d i cloenda<\/span><\/em><\/p>\n<p style=\"text-align: justify;\">\n<p style=\"text-align: justify;\"><span style=\"font-weight: 400;\">Al seg\u00fcent enlla\u00e7 hi trobareu el <\/span><a href=\"https:\/\/lleureisexisme.wordpress.com\/programa-2016\/\"><b>programa definitiu<\/b><\/a> <span style=\"font-weight: 400;\">amb la descripci\u00f3 de cadascun dels tallers i experi\u00e8ncies. Comptem amb la col\u00b7laboraci\u00f3 d&#8217;entitats referents en el treball feminista i LGTBQ com C\u00farcuma, Fil a l&#8217;agulla, Joves Trans de Barcelona, Gogara i Luci\u00e9rnagas-Art en Acci\u00f3, Trans Runner, Associaci\u00f3\u00a0Candela, Transfam\u00edlia i Nus Teatre.<\/span><\/p>\n<p style=\"text-align: justify;\"><span style=\"font-weight: 400;\">Ens veiem a les jornades! Podeu utilitzar les etiquetes\u00a0<strong>#JLLiF16 #Transfeminismes\u00a0<\/strong>per seguir el que vagi passant\u00a0per twitter.<\/span><\/p>\n","protected":false},"excerpt":{"rendered":"<p>El\u00a0diumenge 13 de novembre tindr\u00e0 lloc la sisena edici\u00f3 de [&hellip;]<\/p>\n","protected":false},"author":3,"featured_media":24993,"comment_status":"closed","ping_status":"open","sticky":false,"template":"","format":"standard","meta":{"om_disable_all_campaigns":false,"_monsterinsights_skip_tracking":false,"_monsterinsights_sitenote_active":false,"_monsterinsights_sitenote_note":"","_monsterinsights_sitenote_category":0,"_uf_show_specific_survey":0,"_uf_disable_surveys":false,"footnotes":""},"categories":[1119,1131,1158,1],"tags":[800,391,58,801,802],"class_list":["post-24992","post","type-post","status-publish","format-standard","has-post-thumbnail","hentry","category-activitats-comissions-grups-de-treball","category-cursos-formacions","category-jornades-lleure-feminismes","category-sense-categoria","tag-curcuma","tag-feminisme","tag-genere","tag-jornades-de-lleure-i-feminismes","tag-transfeminismes"],"yoast_head":"<!-- This site is optimized with the Yoast SEO plugin v27.5 - https:\/\/yoast.com\/product\/yoast-seo-wordpress\/ -->\n<title>Transfeminismes: tema central de les VI Jornades de Lleure i Feminismes - Esplac<\/title>\n<meta name=\"robots\" content=\"index, follow, max-snippet:-1, max-image-preview:large, max-video-preview:-1\" \/>\n<link rel=\"canonical\" href=\"https:\/\/www.esplac.cat\/en\/transfeminismes-tema-central-de-les-vi-jornades-de-lleure-i-feminismes\/\" \/>\n<meta property=\"og:locale\" content=\"en_US\" \/>\n<meta property=\"og:type\" content=\"article\" \/>\n<meta property=\"og:title\" content=\"Transfeminismes: tema central de les VI Jornades de Lleure i Feminismes - Esplac\" \/>\n<meta property=\"og:description\" content=\"El\u00a0diumenge 13 de novembre tindr\u00e0 lloc la sisena edici\u00f3 de [&hellip;]\" \/>\n<meta property=\"og:url\" content=\"https:\/\/www.esplac.cat\/en\/transfeminismes-tema-central-de-les-vi-jornades-de-lleure-i-feminismes\/\" \/>\n<meta property=\"og:site_name\" content=\"Esplac\" \/>\n<meta property=\"article:published_time\" content=\"2016-11-10T12:22:35+00:00\" \/>\n<meta property=\"article:modified_time\" content=\"2019-11-14T10:01:48+00:00\" \/>\n<meta property=\"og:image\" content=\"https:\/\/www.esplac.cat\/wp-content\/uploads\/2016\/11\/20161110_Jornades_LliF.jpg\" \/>\n\t<meta property=\"og:image:width\" content=\"847\" \/>\n\t<meta property=\"og:image:height\" content=\"350\" \/>\n\t<meta property=\"og:image:type\" content=\"image\/jpeg\" \/>\n<meta name=\"author\" content=\"Comunicaci\u00f3 Esplac\" \/>\n<meta name=\"twitter:card\" content=\"summary_large_image\" \/>\n<meta name=\"twitter:label1\" content=\"Written by\" \/>\n\t<meta name=\"twitter:data1\" content=\"Comunicaci\u00f3 Esplac\" \/>\n\t<meta name=\"twitter:label2\" content=\"Est. reading time\" \/>\n\t<meta name=\"twitter:data2\" content=\"2 minutes\" \/>\n<script type=\"application\/ld+json\" class=\"yoast-schema-graph\">{\"@context\":\"https:\\\/\\\/schema.org\",\"@graph\":[{\"@type\":\"Article\",\"@id\":\"https:\\\/\\\/www.esplac.cat\\\/en\\\/transfeminismes-tema-central-de-les-vi-jornades-de-lleure-i-feminismes\\\/#article\",\"isPartOf\":{\"@id\":\"https:\\\/\\\/www.esplac.cat\\\/en\\\/transfeminismes-tema-central-de-les-vi-jornades-de-lleure-i-feminismes\\\/\"},\"author\":{\"name\":\"Comunicaci\u00f3 Esplac\",\"@id\":\"https:\\\/\\\/www.esplac.cat\\\/#\\\/schema\\\/person\\\/908383cf240be18b68f8855d0583faca\"},\"headline\":\"Transfeminismes: tema central de les VI Jornades de Lleure i Feminismes\",\"datePublished\":\"2016-11-10T12:22:35+00:00\",\"dateModified\":\"2019-11-14T10:01:48+00:00\",\"mainEntityOfPage\":{\"@id\":\"https:\\\/\\\/www.esplac.cat\\\/en\\\/transfeminismes-tema-central-de-les-vi-jornades-de-lleure-i-feminismes\\\/\"},\"wordCount\":404,\"publisher\":{\"@id\":\"https:\\\/\\\/www.esplac.cat\\\/#organization\"},\"image\":{\"@id\":\"https:\\\/\\\/www.esplac.cat\\\/en\\\/transfeminismes-tema-central-de-les-vi-jornades-de-lleure-i-feminismes\\\/#primaryimage\"},\"thumbnailUrl\":\"https:\\\/\\\/www.esplac.cat\\\/wp-content\\\/uploads\\\/2016\\\/11\\\/20161110_Jornades_LliF.jpg\",\"keywords\":[\"C\u00farcuma\",\"feminisme\",\"g\u00e8nere\",\"jornades de lleure i feminismes\",\"transfeminismes\"],\"articleSection\":[\"Activitats comissions i grups de treball\",\"Cursos i formacions\",\"Jornades de Lleure i Feminismes\",\"Sense categoria\"],\"inLanguage\":\"en-US\"},{\"@type\":\"WebPage\",\"@id\":\"https:\\\/\\\/www.esplac.cat\\\/en\\\/transfeminismes-tema-central-de-les-vi-jornades-de-lleure-i-feminismes\\\/\",\"url\":\"https:\\\/\\\/www.esplac.cat\\\/en\\\/transfeminismes-tema-central-de-les-vi-jornades-de-lleure-i-feminismes\\\/\",\"name\":\"Transfeminismes: tema central de les VI Jornades de Lleure i Feminismes - Esplac\",\"isPartOf\":{\"@id\":\"https:\\\/\\\/www.esplac.cat\\\/#website\"},\"primaryImageOfPage\":{\"@id\":\"https:\\\/\\\/www.esplac.cat\\\/en\\\/transfeminismes-tema-central-de-les-vi-jornades-de-lleure-i-feminismes\\\/#primaryimage\"},\"image\":{\"@id\":\"https:\\\/\\\/www.esplac.cat\\\/en\\\/transfeminismes-tema-central-de-les-vi-jornades-de-lleure-i-feminismes\\\/#primaryimage\"},\"thumbnailUrl\":\"https:\\\/\\\/www.esplac.cat\\\/wp-content\\\/uploads\\\/2016\\\/11\\\/20161110_Jornades_LliF.jpg\",\"datePublished\":\"2016-11-10T12:22:35+00:00\",\"dateModified\":\"2019-11-14T10:01:48+00:00\",\"breadcrumb\":{\"@id\":\"https:\\\/\\\/www.esplac.cat\\\/en\\\/transfeminismes-tema-central-de-les-vi-jornades-de-lleure-i-feminismes\\\/#breadcrumb\"},\"inLanguage\":\"en-US\",\"potentialAction\":[{\"@type\":\"ReadAction\",\"target\":[\"https:\\\/\\\/www.esplac.cat\\\/en\\\/transfeminismes-tema-central-de-les-vi-jornades-de-lleure-i-feminismes\\\/\"]}]},{\"@type\":\"ImageObject\",\"inLanguage\":\"en-US\",\"@id\":\"https:\\\/\\\/www.esplac.cat\\\/en\\\/transfeminismes-tema-central-de-les-vi-jornades-de-lleure-i-feminismes\\\/#primaryimage\",\"url\":\"https:\\\/\\\/www.esplac.cat\\\/wp-content\\\/uploads\\\/2016\\\/11\\\/20161110_Jornades_LliF.jpg\",\"contentUrl\":\"https:\\\/\\\/www.esplac.cat\\\/wp-content\\\/uploads\\\/2016\\\/11\\\/20161110_Jornades_LliF.jpg\",\"width\":847,\"height\":350},{\"@type\":\"BreadcrumbList\",\"@id\":\"https:\\\/\\\/www.esplac.cat\\\/en\\\/transfeminismes-tema-central-de-les-vi-jornades-de-lleure-i-feminismes\\\/#breadcrumb\",\"itemListElement\":[{\"@type\":\"ListItem\",\"position\":1,\"name\":\"Inici\",\"item\":\"https:\\\/\\\/www.esplac.cat\\\/en\\\/\"},{\"@type\":\"ListItem\",\"position\":2,\"name\":\"Transfeminismes: tema central de les VI Jornades de Lleure i Feminismes\"}]},{\"@type\":\"WebSite\",\"@id\":\"https:\\\/\\\/www.esplac.cat\\\/#website\",\"url\":\"https:\\\/\\\/www.esplac.cat\\\/\",\"name\":\"Esplac\",\"description\":\"Esplais Catalans\",\"publisher\":{\"@id\":\"https:\\\/\\\/www.esplac.cat\\\/#organization\"},\"potentialAction\":[{\"@type\":\"SearchAction\",\"target\":{\"@type\":\"EntryPoint\",\"urlTemplate\":\"https:\\\/\\\/www.esplac.cat\\\/?s={search_term_string}\"},\"query-input\":{\"@type\":\"PropertyValueSpecification\",\"valueRequired\":true,\"valueName\":\"search_term_string\"}}],\"inLanguage\":\"en-US\"},{\"@type\":\"Organization\",\"@id\":\"https:\\\/\\\/www.esplac.cat\\\/#organization\",\"name\":\"Esplac\",\"url\":\"https:\\\/\\\/www.esplac.cat\\\/\",\"logo\":{\"@type\":\"ImageObject\",\"inLanguage\":\"en-US\",\"@id\":\"https:\\\/\\\/www.esplac.cat\\\/#\\\/schema\\\/logo\\\/image\\\/\",\"url\":\"https:\\\/\\\/www.esplac.cat\\\/wp-content\\\/uploads\\\/2019\\\/08\\\/logox2.png\",\"contentUrl\":\"https:\\\/\\\/www.esplac.cat\\\/wp-content\\\/uploads\\\/2019\\\/08\\\/logox2.png\",\"width\":600,\"height\":295,\"caption\":\"Esplac\"},\"image\":{\"@id\":\"https:\\\/\\\/www.esplac.cat\\\/#\\\/schema\\\/logo\\\/image\\\/\"}},{\"@type\":\"Person\",\"@id\":\"https:\\\/\\\/www.esplac.cat\\\/#\\\/schema\\\/person\\\/908383cf240be18b68f8855d0583faca\",\"name\":\"Comunicaci\u00f3 Esplac\",\"image\":{\"@type\":\"ImageObject\",\"inLanguage\":\"en-US\",\"@id\":\"https:\\\/\\\/secure.gravatar.com\\\/avatar\\\/7a4cf8feb412a76ea4a740ca02d95b06b2907b5a6c648c2dd0a1082a093c3141?s=96&d=mm&r=g\",\"url\":\"https:\\\/\\\/secure.gravatar.com\\\/avatar\\\/7a4cf8feb412a76ea4a740ca02d95b06b2907b5a6c648c2dd0a1082a093c3141?s=96&d=mm&r=g\",\"contentUrl\":\"https:\\\/\\\/secure.gravatar.com\\\/avatar\\\/7a4cf8feb412a76ea4a740ca02d95b06b2907b5a6c648c2dd0a1082a093c3141?s=96&d=mm&r=g\",\"caption\":\"Comunicaci\u00f3 Esplac\"}}]}<\/script>\n<!-- \/ Yoast SEO plugin. -->","yoast_head_json":{"title":"Transfeminismes: tema central de les VI Jornades de Lleure i Feminismes - Esplac","robots":{"index":"index","follow":"follow","max-snippet":"max-snippet:-1","max-image-preview":"max-image-preview:large","max-video-preview":"max-video-preview:-1"},"canonical":"https:\/\/www.esplac.cat\/en\/transfeminismes-tema-central-de-les-vi-jornades-de-lleure-i-feminismes\/","og_locale":"en_US","og_type":"article","og_title":"Transfeminismes: tema central de les VI Jornades de Lleure i Feminismes - Esplac","og_description":"El\u00a0diumenge 13 de novembre tindr\u00e0 lloc la sisena edici\u00f3 de [&hellip;]","og_url":"https:\/\/www.esplac.cat\/en\/transfeminismes-tema-central-de-les-vi-jornades-de-lleure-i-feminismes\/","og_site_name":"Esplac","article_published_time":"2016-11-10T12:22:35+00:00","article_modified_time":"2019-11-14T10:01:48+00:00","og_image":[{"width":847,"height":350,"url":"https:\/\/www.esplac.cat\/wp-content\/uploads\/2016\/11\/20161110_Jornades_LliF.jpg","type":"image\/jpeg"}],"author":"Comunicaci\u00f3 Esplac","twitter_card":"summary_large_image","twitter_misc":{"Written by":"Comunicaci\u00f3 Esplac","Est. reading time":"2 minutes"},"schema":{"@context":"https:\/\/schema.org","@graph":[{"@type":"Article","@id":"https:\/\/www.esplac.cat\/en\/transfeminismes-tema-central-de-les-vi-jornades-de-lleure-i-feminismes\/#article","isPartOf":{"@id":"https:\/\/www.esplac.cat\/en\/transfeminismes-tema-central-de-les-vi-jornades-de-lleure-i-feminismes\/"},"author":{"name":"Comunicaci\u00f3 Esplac","@id":"https:\/\/www.esplac.cat\/#\/schema\/person\/908383cf240be18b68f8855d0583faca"},"headline":"Transfeminismes: tema central de les VI Jornades de Lleure i Feminismes","datePublished":"2016-11-10T12:22:35+00:00","dateModified":"2019-11-14T10:01:48+00:00","mainEntityOfPage":{"@id":"https:\/\/www.esplac.cat\/en\/transfeminismes-tema-central-de-les-vi-jornades-de-lleure-i-feminismes\/"},"wordCount":404,"publisher":{"@id":"https:\/\/www.esplac.cat\/#organization"},"image":{"@id":"https:\/\/www.esplac.cat\/en\/transfeminismes-tema-central-de-les-vi-jornades-de-lleure-i-feminismes\/#primaryimage"},"thumbnailUrl":"https:\/\/www.esplac.cat\/wp-content\/uploads\/2016\/11\/20161110_Jornades_LliF.jpg","keywords":["C\u00farcuma","feminisme","g\u00e8nere","jornades de lleure i feminismes","transfeminismes"],"articleSection":["Activitats comissions i grups de treball","Cursos i formacions","Jornades de Lleure i Feminismes","Sense categoria"],"inLanguage":"en-US"},{"@type":"WebPage","@id":"https:\/\/www.esplac.cat\/en\/transfeminismes-tema-central-de-les-vi-jornades-de-lleure-i-feminismes\/","url":"https:\/\/www.esplac.cat\/en\/transfeminismes-tema-central-de-les-vi-jornades-de-lleure-i-feminismes\/","name":"Transfeminismes: tema central de les VI Jornades de Lleure i Feminismes - Esplac","isPartOf":{"@id":"https:\/\/www.esplac.cat\/#website"},"primaryImageOfPage":{"@id":"https:\/\/www.esplac.cat\/en\/transfeminismes-tema-central-de-les-vi-jornades-de-lleure-i-feminismes\/#primaryimage"},"image":{"@id":"https:\/\/www.esplac.cat\/en\/transfeminismes-tema-central-de-les-vi-jornades-de-lleure-i-feminismes\/#primaryimage"},"thumbnailUrl":"https:\/\/www.esplac.cat\/wp-content\/uploads\/2016\/11\/20161110_Jornades_LliF.jpg","datePublished":"2016-11-10T12:22:35+00:00","dateModified":"2019-11-14T10:01:48+00:00","breadcrumb":{"@id":"https:\/\/www.esplac.cat\/en\/transfeminismes-tema-central-de-les-vi-jornades-de-lleure-i-feminismes\/#breadcrumb"},"inLanguage":"en-US","potentialAction":[{"@type":"ReadAction","target":["https:\/\/www.esplac.cat\/en\/transfeminismes-tema-central-de-les-vi-jornades-de-lleure-i-feminismes\/"]}]},{"@type":"ImageObject","inLanguage":"en-US","@id":"https:\/\/www.esplac.cat\/en\/transfeminismes-tema-central-de-les-vi-jornades-de-lleure-i-feminismes\/#primaryimage","url":"https:\/\/www.esplac.cat\/wp-content\/uploads\/2016\/11\/20161110_Jornades_LliF.jpg","contentUrl":"https:\/\/www.esplac.cat\/wp-content\/uploads\/2016\/11\/20161110_Jornades_LliF.jpg","width":847,"height":350},{"@type":"BreadcrumbList","@id":"https:\/\/www.esplac.cat\/en\/transfeminismes-tema-central-de-les-vi-jornades-de-lleure-i-feminismes\/#breadcrumb","itemListElement":[{"@type":"ListItem","position":1,"name":"Inici","item":"https:\/\/www.esplac.cat\/en\/"},{"@type":"ListItem","position":2,"name":"Transfeminismes: tema central de les VI Jornades de Lleure i Feminismes"}]},{"@type":"WebSite","@id":"https:\/\/www.esplac.cat\/#website","url":"https:\/\/www.esplac.cat\/","name":"Esplac","description":"Esplais Catalans","publisher":{"@id":"https:\/\/www.esplac.cat\/#organization"},"potentialAction":[{"@type":"SearchAction","target":{"@type":"EntryPoint","urlTemplate":"https:\/\/www.esplac.cat\/?s={search_term_string}"},"query-input":{"@type":"PropertyValueSpecification","valueRequired":true,"valueName":"search_term_string"}}],"inLanguage":"en-US"},{"@type":"Organization","@id":"https:\/\/www.esplac.cat\/#organization","name":"Esplac","url":"https:\/\/www.esplac.cat\/","logo":{"@type":"ImageObject","inLanguage":"en-US","@id":"https:\/\/www.esplac.cat\/#\/schema\/logo\/image\/","url":"https:\/\/www.esplac.cat\/wp-content\/uploads\/2019\/08\/logox2.png","contentUrl":"https:\/\/www.esplac.cat\/wp-content\/uploads\/2019\/08\/logox2.png","width":600,"height":295,"caption":"Esplac"},"image":{"@id":"https:\/\/www.esplac.cat\/#\/schema\/logo\/image\/"}},{"@type":"Person","@id":"https:\/\/www.esplac.cat\/#\/schema\/person\/908383cf240be18b68f8855d0583faca","name":"Comunicaci\u00f3 Esplac","image":{"@type":"ImageObject","inLanguage":"en-US","@id":"https:\/\/secure.gravatar.com\/avatar\/7a4cf8feb412a76ea4a740ca02d95b06b2907b5a6c648c2dd0a1082a093c3141?s=96&d=mm&r=g","url":"https:\/\/secure.gravatar.com\/avatar\/7a4cf8feb412a76ea4a740ca02d95b06b2907b5a6c648c2dd0a1082a093c3141?s=96&d=mm&r=g","contentUrl":"https:\/\/secure.gravatar.com\/avatar\/7a4cf8feb412a76ea4a740ca02d95b06b2907b5a6c648c2dd0a1082a093c3141?s=96&d=mm&r=g","caption":"Comunicaci\u00f3 Esplac"}}]}},"_links":{"self":[{"href":"https:\/\/www.esplac.cat\/en\/wp-json\/wp\/v2\/posts\/24992","targetHints":{"allow":["GET"]}}],"collection":[{"href":"https:\/\/www.esplac.cat\/en\/wp-json\/wp\/v2\/posts"}],"about":[{"href":"https:\/\/www.esplac.cat\/en\/wp-json\/wp\/v2\/types\/post"}],"author":[{"embeddable":true,"href":"https:\/\/www.esplac.cat\/en\/wp-json\/wp\/v2\/users\/3"}],"replies":[{"embeddable":true,"href":"https:\/\/www.esplac.cat\/en\/wp-json\/wp\/v2\/comments?post=24992"}],"version-history":[{"count":0,"href":"https:\/\/www.esplac.cat\/en\/wp-json\/wp\/v2\/posts\/24992\/revisions"}],"wp:featuredmedia":[{"embeddable":true,"href":"https:\/\/www.esplac.cat\/en\/wp-json\/wp\/v2\/media\/24993"}],"wp:attachment":[{"href":"https:\/\/www.esplac.cat\/en\/wp-json\/wp\/v2\/media?parent=24992"}],"wp:term":[{"taxonomy":"category","embeddable":true,"href":"https:\/\/www.esplac.cat\/en\/wp-json\/wp\/v2\/categories?post=24992"},{"taxonomy":"post_tag","embeddable":true,"href":"https:\/\/www.esplac.cat\/en\/wp-json\/wp\/v2\/tags?post=24992"}],"curies":[{"name":"wp","href":"https:\/\/api.w.org\/{rel}","templated":true}]}}