{"id":25007,"date":"2016-07-13T16:00:41","date_gmt":"2016-07-13T14:00:41","guid":{"rendered":"http:\/\/esplac.cat\/?p=11047"},"modified":"2019-11-14T13:35:14","modified_gmt":"2019-11-14T11:35:14","slug":"objectiu-aconseguit-el-documental-dels-esplais-tira-endavant","status":"publish","type":"post","link":"https:\/\/www.esplac.cat\/en\/objectiu-aconseguit-el-documental-dels-esplais-tira-endavant\/","title":{"rendered":"Objectiu aconseguit: el documental dels esplais es fa gran gr\u00e0cies a vosaltres!"},"content":{"rendered":"<h4 style=\"text-align: justify;\"><strong>La <a href=\"http:\/\/vkm.is\/esplaiscatalans\" target=\"_blank\" rel=\"noopener noreferrer\">campanya de Verkami<\/a> per acabar de finan\u00e7ar el documental dels esplais catalans,\u00a0<\/strong><strong>&#8220;Transformar Educant&#8221;\u00a0<\/strong><strong>va tancar ahir\u00a0amb 6.730 euros i 146 mecenes, superant ampliament els 5.000 euros de l&#8217;objectiu inicial.<\/strong><\/h4>\n<p style=\"text-align: justify;\">Aquest curs, vam engegar un projecte ambici\u00f3s per con\u00e8ixer\u00a0els or\u00edgens dels esplais i\u00a0el nostre present\u00a0per encarar el futur. Per aix\u00f2, vam encarregar a l&#8217;historiador <strong>Albert Claret<\/strong> un <strong>llibre hist\u00f2ric<\/strong> que vam presentar el passat 3 de juny, juntament amb una campanya de micromecenatge a Verkami per acabar de finan\u00e7ar la segona pota del projecte: un\u00a0<strong>documental<\/strong> que, a trav\u00e9s de la visi\u00f3 de diversos personatges lligats a la realitat passat i present d&#8217;alguns esplais puguessin reflexionar sobre les valors i reptes de l&#8217;esplai. Aquest documental el dirigir\u00e0 <strong>Camille Zonca,<\/strong> una petita\u00a0productora barcelonina especialitzada en tem\u00e0tiques educatives i culturals. <a href=\"http:\/\/esplac.cat\/transformar-educant\/\" target=\"_blank\" rel=\"noopener noreferrer\">Trobareu tota la informaci\u00f3 en la\u00a0p\u00e0gina del projecte al web!<\/a><\/p>\n<p style=\"text-align: justify;\">Quaranta dies despr\u00e9s, <strong>hem acabat la campanya amb un \u00e8xit rotund<\/strong>! Hem aconseguit un total de 6.730 euros, 1.730 m\u00e9s de l&#8217;objectiu inicial previst. Hem aconseguit que 146 mecenes col\u00b7laborin amb el projecte, entre els quals hi ha molts esplais. Nom\u00e9s podem dir: <strong>moltes gr\u00e0cies a tots i a totes!\u00a0<\/strong>Gr\u00e0cies a aquesta ajuda en el finan\u00e7ament, podrem aconseguir millorar tant la producci\u00f3 i postproducci\u00f3 del documental (augmentar algun dia de rodatge, millorar la banda sonora i els retocs de color, perfeccionar la postproducci\u00f3 de so&#8230;) alhora que podrem augmentar-ne la difusi\u00f3 i poder millorar la distribuci\u00f3 del documental. Actualment, estem\u00a0en un proc\u00e9s de selecci\u00f3\u00a0de\u00a0TV3\u00a0per a qu\u00e8 la cadena p\u00fablica catalana entri a coproduir el documental i pugui ser em\u00e8s en antena properament. Us anirem informant dels aven\u00e7os!<\/p>\n<p style=\"text-align: justify;\">En breu ens posarem en contacte amb tots i totes les mecenes per demanar-vos les dades i gestionar l&#8217;entrega de les recompenses.<\/p>\n<p style=\"text-align: justify;\">Seguim doncs, amb aquesta empenta, treballant per extendre aquest projecte i continuar <strong>#TransformarEducant<\/strong>!<\/p>\n","protected":false},"excerpt":{"rendered":"<p>La campanya de Verkami per acabar de finan\u00e7ar el documental [&hellip;]<\/p>\n","protected":false},"author":3,"featured_media":25008,"comment_status":"closed","ping_status":"open","sticky":false,"template":"","format":"standard","meta":{"om_disable_all_campaigns":false,"_monsterinsights_skip_tracking":false,"_monsterinsights_sitenote_active":false,"_monsterinsights_sitenote_note":"","_monsterinsights_sitenote_category":0,"_uf_show_specific_survey":0,"_uf_disable_surveys":false,"footnotes":""},"categories":[1111,1165,1,1142],"tags":[697,576,719,763],"class_list":["post-25007","post","type-post","status-publish","format-standard","has-post-thumbnail","hentry","category-activitats-esplac","category-millora-del-financament","category-sense-categoria","category-transformar-educant-historia-dels-esplais","tag-camille-zonca","tag-documental","tag-transformar-educant","tag-verkami"],"yoast_head":"<!-- This site is optimized with the Yoast SEO plugin v27.4 - https:\/\/yoast.com\/product\/yoast-seo-wordpress\/ -->\n<title>Objectiu aconseguit: el documental dels esplais es fa gran gr\u00e0cies a vosaltres! - Esplac<\/title>\n<meta name=\"robots\" content=\"index, follow, max-snippet:-1, max-image-preview:large, max-video-preview:-1\" \/>\n<link rel=\"canonical\" href=\"https:\/\/www.esplac.cat\/objectiu-aconseguit-el-documental-dels-esplais-tira-endavant\/\" \/>\n<meta property=\"og:locale\" content=\"en_US\" \/>\n<meta property=\"og:type\" content=\"article\" \/>\n<meta property=\"og:title\" content=\"Objectiu aconseguit: el documental dels esplais es fa gran gr\u00e0cies a vosaltres! - Esplac\" \/>\n<meta property=\"og:description\" content=\"La campanya de Verkami per acabar de finan\u00e7ar el documental [&hellip;]\" \/>\n<meta property=\"og:url\" content=\"https:\/\/www.esplac.cat\/objectiu-aconseguit-el-documental-dels-esplais-tira-endavant\/\" \/>\n<meta property=\"og:site_name\" content=\"Esplac\" \/>\n<meta property=\"article:published_time\" content=\"2016-07-13T14:00:41+00:00\" \/>\n<meta property=\"article:modified_time\" content=\"2019-11-14T11:35:14+00:00\" \/>\n<meta property=\"og:image\" content=\"https:\/\/www.esplac.cat\/wp-content\/uploads\/2016\/07\/20160713_Verkami-final.jpg\" \/>\n\t<meta property=\"og:image:width\" content=\"847\" \/>\n\t<meta property=\"og:image:height\" content=\"350\" \/>\n\t<meta property=\"og:image:type\" content=\"image\/jpeg\" \/>\n<meta name=\"author\" content=\"Comunicaci\u00f3 Esplac\" \/>\n<meta name=\"twitter:card\" content=\"summary_large_image\" \/>\n<meta name=\"twitter:label1\" content=\"Written by\" \/>\n\t<meta name=\"twitter:data1\" content=\"Comunicaci\u00f3 Esplac\" \/>\n\t<meta name=\"twitter:label2\" content=\"Est. reading time\" \/>\n\t<meta name=\"twitter:data2\" content=\"2 minutes\" \/>\n<script type=\"application\/ld+json\" class=\"yoast-schema-graph\">{\"@context\":\"https:\\\/\\\/schema.org\",\"@graph\":[{\"@type\":\"Article\",\"@id\":\"https:\\\/\\\/www.esplac.cat\\\/objectiu-aconseguit-el-documental-dels-esplais-tira-endavant\\\/#article\",\"isPartOf\":{\"@id\":\"https:\\\/\\\/www.esplac.cat\\\/objectiu-aconseguit-el-documental-dels-esplais-tira-endavant\\\/\"},\"author\":{\"name\":\"Comunicaci\u00f3 Esplac\",\"@id\":\"https:\\\/\\\/www.esplac.cat\\\/#\\\/schema\\\/person\\\/908383cf240be18b68f8855d0583faca\"},\"headline\":\"Objectiu aconseguit: el documental dels esplais es fa gran gr\u00e0cies a vosaltres!\",\"datePublished\":\"2016-07-13T14:00:41+00:00\",\"dateModified\":\"2019-11-14T11:35:14+00:00\",\"mainEntityOfPage\":{\"@id\":\"https:\\\/\\\/www.esplac.cat\\\/objectiu-aconseguit-el-documental-dels-esplais-tira-endavant\\\/\"},\"wordCount\":344,\"publisher\":{\"@id\":\"https:\\\/\\\/www.esplac.cat\\\/#organization\"},\"image\":{\"@id\":\"https:\\\/\\\/www.esplac.cat\\\/objectiu-aconseguit-el-documental-dels-esplais-tira-endavant\\\/#primaryimage\"},\"thumbnailUrl\":\"https:\\\/\\\/www.esplac.cat\\\/wp-content\\\/uploads\\\/2016\\\/07\\\/20160713_Verkami-final.jpg\",\"keywords\":[\"Camille Zonca\",\"documental\",\"Transformar educant\",\"verkami\"],\"articleSection\":[\"Activitats esplac\",\"Millora del finan\u00e7ament\",\"Sense categoria\",\"Transformar educant: hist\u00f2ria dels esplais\"],\"inLanguage\":\"en-US\"},{\"@type\":\"WebPage\",\"@id\":\"https:\\\/\\\/www.esplac.cat\\\/objectiu-aconseguit-el-documental-dels-esplais-tira-endavant\\\/\",\"url\":\"https:\\\/\\\/www.esplac.cat\\\/objectiu-aconseguit-el-documental-dels-esplais-tira-endavant\\\/\",\"name\":\"Objectiu aconseguit: el documental dels esplais es fa gran gr\u00e0cies a vosaltres! - Esplac\",\"isPartOf\":{\"@id\":\"https:\\\/\\\/www.esplac.cat\\\/#website\"},\"primaryImageOfPage\":{\"@id\":\"https:\\\/\\\/www.esplac.cat\\\/objectiu-aconseguit-el-documental-dels-esplais-tira-endavant\\\/#primaryimage\"},\"image\":{\"@id\":\"https:\\\/\\\/www.esplac.cat\\\/objectiu-aconseguit-el-documental-dels-esplais-tira-endavant\\\/#primaryimage\"},\"thumbnailUrl\":\"https:\\\/\\\/www.esplac.cat\\\/wp-content\\\/uploads\\\/2016\\\/07\\\/20160713_Verkami-final.jpg\",\"datePublished\":\"2016-07-13T14:00:41+00:00\",\"dateModified\":\"2019-11-14T11:35:14+00:00\",\"breadcrumb\":{\"@id\":\"https:\\\/\\\/www.esplac.cat\\\/objectiu-aconseguit-el-documental-dels-esplais-tira-endavant\\\/#breadcrumb\"},\"inLanguage\":\"en-US\",\"potentialAction\":[{\"@type\":\"ReadAction\",\"target\":[\"https:\\\/\\\/www.esplac.cat\\\/objectiu-aconseguit-el-documental-dels-esplais-tira-endavant\\\/\"]}]},{\"@type\":\"ImageObject\",\"inLanguage\":\"en-US\",\"@id\":\"https:\\\/\\\/www.esplac.cat\\\/objectiu-aconseguit-el-documental-dels-esplais-tira-endavant\\\/#primaryimage\",\"url\":\"https:\\\/\\\/www.esplac.cat\\\/wp-content\\\/uploads\\\/2016\\\/07\\\/20160713_Verkami-final.jpg\",\"contentUrl\":\"https:\\\/\\\/www.esplac.cat\\\/wp-content\\\/uploads\\\/2016\\\/07\\\/20160713_Verkami-final.jpg\",\"width\":847,\"height\":350},{\"@type\":\"BreadcrumbList\",\"@id\":\"https:\\\/\\\/www.esplac.cat\\\/objectiu-aconseguit-el-documental-dels-esplais-tira-endavant\\\/#breadcrumb\",\"itemListElement\":[{\"@type\":\"ListItem\",\"position\":1,\"name\":\"Inici\",\"item\":\"https:\\\/\\\/www.esplac.cat\\\/en\\\/\"},{\"@type\":\"ListItem\",\"position\":2,\"name\":\"Objectiu aconseguit: el documental dels esplais es fa gran gr\u00e0cies a vosaltres!\"}]},{\"@type\":\"WebSite\",\"@id\":\"https:\\\/\\\/www.esplac.cat\\\/#website\",\"url\":\"https:\\\/\\\/www.esplac.cat\\\/\",\"name\":\"Esplac\",\"description\":\"Esplais Catalans\",\"publisher\":{\"@id\":\"https:\\\/\\\/www.esplac.cat\\\/#organization\"},\"potentialAction\":[{\"@type\":\"SearchAction\",\"target\":{\"@type\":\"EntryPoint\",\"urlTemplate\":\"https:\\\/\\\/www.esplac.cat\\\/?s={search_term_string}\"},\"query-input\":{\"@type\":\"PropertyValueSpecification\",\"valueRequired\":true,\"valueName\":\"search_term_string\"}}],\"inLanguage\":\"en-US\"},{\"@type\":\"Organization\",\"@id\":\"https:\\\/\\\/www.esplac.cat\\\/#organization\",\"name\":\"Esplac\",\"url\":\"https:\\\/\\\/www.esplac.cat\\\/\",\"logo\":{\"@type\":\"ImageObject\",\"inLanguage\":\"en-US\",\"@id\":\"https:\\\/\\\/www.esplac.cat\\\/#\\\/schema\\\/logo\\\/image\\\/\",\"url\":\"https:\\\/\\\/www.esplac.cat\\\/wp-content\\\/uploads\\\/2019\\\/08\\\/logox2.png\",\"contentUrl\":\"https:\\\/\\\/www.esplac.cat\\\/wp-content\\\/uploads\\\/2019\\\/08\\\/logox2.png\",\"width\":600,\"height\":295,\"caption\":\"Esplac\"},\"image\":{\"@id\":\"https:\\\/\\\/www.esplac.cat\\\/#\\\/schema\\\/logo\\\/image\\\/\"}},{\"@type\":\"Person\",\"@id\":\"https:\\\/\\\/www.esplac.cat\\\/#\\\/schema\\\/person\\\/908383cf240be18b68f8855d0583faca\",\"name\":\"Comunicaci\u00f3 Esplac\",\"image\":{\"@type\":\"ImageObject\",\"inLanguage\":\"en-US\",\"@id\":\"https:\\\/\\\/secure.gravatar.com\\\/avatar\\\/7a4cf8feb412a76ea4a740ca02d95b06b2907b5a6c648c2dd0a1082a093c3141?s=96&d=mm&r=g\",\"url\":\"https:\\\/\\\/secure.gravatar.com\\\/avatar\\\/7a4cf8feb412a76ea4a740ca02d95b06b2907b5a6c648c2dd0a1082a093c3141?s=96&d=mm&r=g\",\"contentUrl\":\"https:\\\/\\\/secure.gravatar.com\\\/avatar\\\/7a4cf8feb412a76ea4a740ca02d95b06b2907b5a6c648c2dd0a1082a093c3141?s=96&d=mm&r=g\",\"caption\":\"Comunicaci\u00f3 Esplac\"}}]}<\/script>\n<!-- \/ Yoast SEO plugin. -->","yoast_head_json":{"title":"Objectiu aconseguit: el documental dels esplais es fa gran gr\u00e0cies a vosaltres! - Esplac","robots":{"index":"index","follow":"follow","max-snippet":"max-snippet:-1","max-image-preview":"max-image-preview:large","max-video-preview":"max-video-preview:-1"},"canonical":"https:\/\/www.esplac.cat\/objectiu-aconseguit-el-documental-dels-esplais-tira-endavant\/","og_locale":"en_US","og_type":"article","og_title":"Objectiu aconseguit: el documental dels esplais es fa gran gr\u00e0cies a vosaltres! - Esplac","og_description":"La campanya de Verkami per acabar de finan\u00e7ar el documental [&hellip;]","og_url":"https:\/\/www.esplac.cat\/objectiu-aconseguit-el-documental-dels-esplais-tira-endavant\/","og_site_name":"Esplac","article_published_time":"2016-07-13T14:00:41+00:00","article_modified_time":"2019-11-14T11:35:14+00:00","og_image":[{"width":847,"height":350,"url":"https:\/\/www.esplac.cat\/wp-content\/uploads\/2016\/07\/20160713_Verkami-final.jpg","type":"image\/jpeg"}],"author":"Comunicaci\u00f3 Esplac","twitter_card":"summary_large_image","twitter_misc":{"Written by":"Comunicaci\u00f3 Esplac","Est. reading time":"2 minutes"},"schema":{"@context":"https:\/\/schema.org","@graph":[{"@type":"Article","@id":"https:\/\/www.esplac.cat\/objectiu-aconseguit-el-documental-dels-esplais-tira-endavant\/#article","isPartOf":{"@id":"https:\/\/www.esplac.cat\/objectiu-aconseguit-el-documental-dels-esplais-tira-endavant\/"},"author":{"name":"Comunicaci\u00f3 Esplac","@id":"https:\/\/www.esplac.cat\/#\/schema\/person\/908383cf240be18b68f8855d0583faca"},"headline":"Objectiu aconseguit: el documental dels esplais es fa gran gr\u00e0cies a vosaltres!","datePublished":"2016-07-13T14:00:41+00:00","dateModified":"2019-11-14T11:35:14+00:00","mainEntityOfPage":{"@id":"https:\/\/www.esplac.cat\/objectiu-aconseguit-el-documental-dels-esplais-tira-endavant\/"},"wordCount":344,"publisher":{"@id":"https:\/\/www.esplac.cat\/#organization"},"image":{"@id":"https:\/\/www.esplac.cat\/objectiu-aconseguit-el-documental-dels-esplais-tira-endavant\/#primaryimage"},"thumbnailUrl":"https:\/\/www.esplac.cat\/wp-content\/uploads\/2016\/07\/20160713_Verkami-final.jpg","keywords":["Camille Zonca","documental","Transformar educant","verkami"],"articleSection":["Activitats esplac","Millora del finan\u00e7ament","Sense categoria","Transformar educant: hist\u00f2ria dels esplais"],"inLanguage":"en-US"},{"@type":"WebPage","@id":"https:\/\/www.esplac.cat\/objectiu-aconseguit-el-documental-dels-esplais-tira-endavant\/","url":"https:\/\/www.esplac.cat\/objectiu-aconseguit-el-documental-dels-esplais-tira-endavant\/","name":"Objectiu aconseguit: el documental dels esplais es fa gran gr\u00e0cies a vosaltres! - Esplac","isPartOf":{"@id":"https:\/\/www.esplac.cat\/#website"},"primaryImageOfPage":{"@id":"https:\/\/www.esplac.cat\/objectiu-aconseguit-el-documental-dels-esplais-tira-endavant\/#primaryimage"},"image":{"@id":"https:\/\/www.esplac.cat\/objectiu-aconseguit-el-documental-dels-esplais-tira-endavant\/#primaryimage"},"thumbnailUrl":"https:\/\/www.esplac.cat\/wp-content\/uploads\/2016\/07\/20160713_Verkami-final.jpg","datePublished":"2016-07-13T14:00:41+00:00","dateModified":"2019-11-14T11:35:14+00:00","breadcrumb":{"@id":"https:\/\/www.esplac.cat\/objectiu-aconseguit-el-documental-dels-esplais-tira-endavant\/#breadcrumb"},"inLanguage":"en-US","potentialAction":[{"@type":"ReadAction","target":["https:\/\/www.esplac.cat\/objectiu-aconseguit-el-documental-dels-esplais-tira-endavant\/"]}]},{"@type":"ImageObject","inLanguage":"en-US","@id":"https:\/\/www.esplac.cat\/objectiu-aconseguit-el-documental-dels-esplais-tira-endavant\/#primaryimage","url":"https:\/\/www.esplac.cat\/wp-content\/uploads\/2016\/07\/20160713_Verkami-final.jpg","contentUrl":"https:\/\/www.esplac.cat\/wp-content\/uploads\/2016\/07\/20160713_Verkami-final.jpg","width":847,"height":350},{"@type":"BreadcrumbList","@id":"https:\/\/www.esplac.cat\/objectiu-aconseguit-el-documental-dels-esplais-tira-endavant\/#breadcrumb","itemListElement":[{"@type":"ListItem","position":1,"name":"Inici","item":"https:\/\/www.esplac.cat\/en\/"},{"@type":"ListItem","position":2,"name":"Objectiu aconseguit: el documental dels esplais es fa gran gr\u00e0cies a vosaltres!"}]},{"@type":"WebSite","@id":"https:\/\/www.esplac.cat\/#website","url":"https:\/\/www.esplac.cat\/","name":"Esplac","description":"Esplais Catalans","publisher":{"@id":"https:\/\/www.esplac.cat\/#organization"},"potentialAction":[{"@type":"SearchAction","target":{"@type":"EntryPoint","urlTemplate":"https:\/\/www.esplac.cat\/?s={search_term_string}"},"query-input":{"@type":"PropertyValueSpecification","valueRequired":true,"valueName":"search_term_string"}}],"inLanguage":"en-US"},{"@type":"Organization","@id":"https:\/\/www.esplac.cat\/#organization","name":"Esplac","url":"https:\/\/www.esplac.cat\/","logo":{"@type":"ImageObject","inLanguage":"en-US","@id":"https:\/\/www.esplac.cat\/#\/schema\/logo\/image\/","url":"https:\/\/www.esplac.cat\/wp-content\/uploads\/2019\/08\/logox2.png","contentUrl":"https:\/\/www.esplac.cat\/wp-content\/uploads\/2019\/08\/logox2.png","width":600,"height":295,"caption":"Esplac"},"image":{"@id":"https:\/\/www.esplac.cat\/#\/schema\/logo\/image\/"}},{"@type":"Person","@id":"https:\/\/www.esplac.cat\/#\/schema\/person\/908383cf240be18b68f8855d0583faca","name":"Comunicaci\u00f3 Esplac","image":{"@type":"ImageObject","inLanguage":"en-US","@id":"https:\/\/secure.gravatar.com\/avatar\/7a4cf8feb412a76ea4a740ca02d95b06b2907b5a6c648c2dd0a1082a093c3141?s=96&d=mm&r=g","url":"https:\/\/secure.gravatar.com\/avatar\/7a4cf8feb412a76ea4a740ca02d95b06b2907b5a6c648c2dd0a1082a093c3141?s=96&d=mm&r=g","contentUrl":"https:\/\/secure.gravatar.com\/avatar\/7a4cf8feb412a76ea4a740ca02d95b06b2907b5a6c648c2dd0a1082a093c3141?s=96&d=mm&r=g","caption":"Comunicaci\u00f3 Esplac"}}]}},"_links":{"self":[{"href":"https:\/\/www.esplac.cat\/en\/wp-json\/wp\/v2\/posts\/25007","targetHints":{"allow":["GET"]}}],"collection":[{"href":"https:\/\/www.esplac.cat\/en\/wp-json\/wp\/v2\/posts"}],"about":[{"href":"https:\/\/www.esplac.cat\/en\/wp-json\/wp\/v2\/types\/post"}],"author":[{"embeddable":true,"href":"https:\/\/www.esplac.cat\/en\/wp-json\/wp\/v2\/users\/3"}],"replies":[{"embeddable":true,"href":"https:\/\/www.esplac.cat\/en\/wp-json\/wp\/v2\/comments?post=25007"}],"version-history":[{"count":0,"href":"https:\/\/www.esplac.cat\/en\/wp-json\/wp\/v2\/posts\/25007\/revisions"}],"wp:featuredmedia":[{"embeddable":true,"href":"https:\/\/www.esplac.cat\/en\/wp-json\/wp\/v2\/media\/25008"}],"wp:attachment":[{"href":"https:\/\/www.esplac.cat\/en\/wp-json\/wp\/v2\/media?parent=25007"}],"wp:term":[{"taxonomy":"category","embeddable":true,"href":"https:\/\/www.esplac.cat\/en\/wp-json\/wp\/v2\/categories?post=25007"},{"taxonomy":"post_tag","embeddable":true,"href":"https:\/\/www.esplac.cat\/en\/wp-json\/wp\/v2\/tags?post=25007"}],"curies":[{"name":"wp","href":"https:\/\/api.w.org\/{rel}","templated":true}]}}