{"id":25019,"date":"2016-06-27T08:48:47","date_gmt":"2016-06-27T06:48:47","guid":{"rendered":"http:\/\/esplac.cat\/?p=10980"},"modified":"2019-11-14T13:36:43","modified_gmt":"2019-11-14T11:36:43","slug":"esplac-referent-internacional-en-la-defensa-dels-drets-dels-infants","status":"publish","type":"post","link":"https:\/\/www.esplac.cat\/en\/esplac-referent-internacional-en-la-defensa-dels-drets-dels-infants\/","title":{"rendered":"Esplac, referent internacional en la defensa dels Drets dels Infants"},"content":{"rendered":"<h4 align=\"JUSTIFY\">Esplais Catalans s&#8217;ha anat convertint en els darrers anys en un referent a nivell internacional pel que fa al treball en defensa dels Drets dels Infants des de l&#8217;associacionsime i l&#8217;educaci\u00f3 en el lleure.<\/h4>\n<p align=\"JUSTIFY\">Tan \u00e9s aix\u00ed, que aquest estiu Esplac s&#8217;encarrega de coordinar la tenda tem\u00e0tica sobre Drets dels infants i participaci\u00f3 de l&#8217;<strong><a href=\"https:\/\/www.ifm-camp-2016.org\/en\" target=\"_blank\" rel=\"noopener noreferrer\">IFM Camp 2016<\/a><\/strong>. Aquest campament internacional, que aplegar\u00e0 a m\u00e9s de 2.500 infants, joves i monis (dels quals 260 s\u00f3n d&#8217;esplais d&#8217;Esplac!), \u00e9s una ocasi\u00f3 \u00fanica per aprofundir en temes com educaci\u00f3 per la Pau, drets de les nenes i dones, lluita pels drets LGTBQ*, economies alternatives, entre d&#8217;altres, mentre es coneixen persones de diferents parts del planeta i es participa d&#8217;activitats culturals i educatives per a tots i totes.<\/p>\n<p align=\"JUSTIFY\">L&#8217;Itziar (EGS-BCN i comi Internacional) ser\u00e0 la coordinadora d&#8217;aquesta tenda i comptar\u00e0 amb la col\u00b7laboracio de monis d&#8217;Esplac i d&#8217;altres entitats per assegurar que hi ha activitats i jocs adaptades a cada situaci\u00f3.<\/p>\n<p align=\"JUSTIFY\">Tamb\u00e9 \u00e9s un exemple del nostre internacionalisme com a entitat pel que fa a aquest \u00e0mbit, el fet de que cada cop m\u00e9s monis d&#8217;Esplac siguin proposats com a formadors i formadores de seminaris internacionals sobre aquesta tem\u00e0tica. Sense anar m\u00e9s lluny, el proper mes de novembre en Marc Cardona (EGS BCN) estar\u00e0 facilitant l&#8217;<strong><a href=\"http:\/\/esplac.cat\/study-session-ifm-sei\/\" target=\"_blank\" rel=\"noopener noreferrer\">Study Session de l&#8217;IFM<\/a><\/strong>\u00a0que aquest any tractar\u00e0 sobre Drets dels infants, diversitat funcional i inclusi\u00f3, al que per cert, encara sou a temps d&#8217;apuntar-vos!<\/p>\n<p align=\"JUSTIFY\">Si volem saber una mica m\u00e9s sobre l\u2019Internacionalisme a l\u2019esplai, podem donar-li un cop d\u2019ull a la <a href=\"http:\/\/esplac.cat\/guia-internacionalisme\/\" target=\"_blank\" rel=\"noopener noreferrer\"><span lang=\"zxx\">Guia de l\u2019Internacionalisme<\/span><\/a>, publicada per Esplac a principi d\u2019aquest curs. I per saber c<strong>om hem estat treballant els Drets dels Infants aquest curs<\/strong>, podem llegir <a href=\"http:\/\/esplac.cat\/reflexionem-sobre-drets-dels-infants-als-sectors\/\" target=\"_blank\" rel=\"noopener noreferrer\">aquesta noticia<\/a><span lang=\"zxx\">.<\/span><\/p>\n","protected":false},"excerpt":{"rendered":"<p>Esplais Catalans s&#8217;ha anat convertint en els darrers anys en [&hellip;]<\/p>\n","protected":false},"author":3,"featured_media":25020,"comment_status":"closed","ping_status":"open","sticky":false,"template":"","format":"standard","meta":{"om_disable_all_campaigns":false,"_monsterinsights_skip_tracking":false,"_monsterinsights_sitenote_active":false,"_monsterinsights_sitenote_note":"","_monsterinsights_sitenote_category":0,"_uf_show_specific_survey":0,"_uf_disable_surveys":false,"footnotes":""},"categories":[1135,1112,1166,1],"tags":[],"class_list":["post-25019","post","type-post","status-publish","format-standard","has-post-thumbnail","hentry","category-20-n-drets-dels-infants","category-esplac-al-mon","category-inclusio-i-diversitat","category-sense-categoria"],"yoast_head":"<!-- This site is optimized with the Yoast SEO plugin v27.4 - https:\/\/yoast.com\/product\/yoast-seo-wordpress\/ -->\n<title>Esplac, referent internacional en la defensa dels Drets dels Infants - Esplac<\/title>\n<meta name=\"robots\" content=\"index, follow, max-snippet:-1, max-image-preview:large, max-video-preview:-1\" \/>\n<link rel=\"canonical\" href=\"https:\/\/www.esplac.cat\/es\/esplac-referent-internacional-en-la-defensa-dels-drets-dels-infants\/\" \/>\n<meta property=\"og:locale\" content=\"en_US\" \/>\n<meta property=\"og:type\" content=\"article\" \/>\n<meta property=\"og:title\" content=\"Esplac, referent internacional en la defensa dels Drets dels Infants - Esplac\" \/>\n<meta property=\"og:description\" content=\"Esplais Catalans s&#8217;ha anat convertint en els darrers anys en [&hellip;]\" \/>\n<meta property=\"og:url\" content=\"https:\/\/www.esplac.cat\/es\/esplac-referent-internacional-en-la-defensa-dels-drets-dels-infants\/\" \/>\n<meta property=\"og:site_name\" content=\"Esplac\" \/>\n<meta property=\"article:published_time\" content=\"2016-06-27T06:48:47+00:00\" \/>\n<meta property=\"article:modified_time\" content=\"2019-11-14T11:36:43+00:00\" \/>\n<meta property=\"og:image\" content=\"https:\/\/www.esplac.cat\/wp-content\/uploads\/2016\/06\/Noticia_DUDI_Juliol.jpg\" \/>\n\t<meta property=\"og:image:width\" content=\"847\" \/>\n\t<meta property=\"og:image:height\" content=\"350\" \/>\n\t<meta property=\"og:image:type\" content=\"image\/jpeg\" \/>\n<meta name=\"author\" content=\"Comunicaci\u00f3 Esplac\" \/>\n<meta name=\"twitter:card\" content=\"summary_large_image\" \/>\n<meta name=\"twitter:label1\" content=\"Written by\" \/>\n\t<meta name=\"twitter:data1\" content=\"Comunicaci\u00f3 Esplac\" \/>\n\t<meta name=\"twitter:label2\" content=\"Est. reading time\" \/>\n\t<meta name=\"twitter:data2\" content=\"1 minute\" \/>\n<script type=\"application\/ld+json\" class=\"yoast-schema-graph\">{\"@context\":\"https:\\\/\\\/schema.org\",\"@graph\":[{\"@type\":\"Article\",\"@id\":\"https:\\\/\\\/www.esplac.cat\\\/es\\\/esplac-referent-internacional-en-la-defensa-dels-drets-dels-infants\\\/#article\",\"isPartOf\":{\"@id\":\"https:\\\/\\\/www.esplac.cat\\\/es\\\/esplac-referent-internacional-en-la-defensa-dels-drets-dels-infants\\\/\"},\"author\":{\"name\":\"Comunicaci\u00f3 Esplac\",\"@id\":\"https:\\\/\\\/www.esplac.cat\\\/#\\\/schema\\\/person\\\/908383cf240be18b68f8855d0583faca\"},\"headline\":\"Esplac, referent internacional en la defensa dels Drets dels Infants\",\"datePublished\":\"2016-06-27T06:48:47+00:00\",\"dateModified\":\"2019-11-14T11:36:43+00:00\",\"mainEntityOfPage\":{\"@id\":\"https:\\\/\\\/www.esplac.cat\\\/es\\\/esplac-referent-internacional-en-la-defensa-dels-drets-dels-infants\\\/\"},\"wordCount\":317,\"publisher\":{\"@id\":\"https:\\\/\\\/www.esplac.cat\\\/#organization\"},\"image\":{\"@id\":\"https:\\\/\\\/www.esplac.cat\\\/es\\\/esplac-referent-internacional-en-la-defensa-dels-drets-dels-infants\\\/#primaryimage\"},\"thumbnailUrl\":\"https:\\\/\\\/www.esplac.cat\\\/wp-content\\\/uploads\\\/2016\\\/06\\\/Noticia_DUDI_Juliol.jpg\",\"articleSection\":[\"20-N: Drets dels infants\",\"Esplac al m\u00f3n\",\"Inclusi\u00f3 i diversitat\",\"Sense categoria\"],\"inLanguage\":\"en-US\"},{\"@type\":\"WebPage\",\"@id\":\"https:\\\/\\\/www.esplac.cat\\\/es\\\/esplac-referent-internacional-en-la-defensa-dels-drets-dels-infants\\\/\",\"url\":\"https:\\\/\\\/www.esplac.cat\\\/es\\\/esplac-referent-internacional-en-la-defensa-dels-drets-dels-infants\\\/\",\"name\":\"Esplac, referent internacional en la defensa dels Drets dels Infants - Esplac\",\"isPartOf\":{\"@id\":\"https:\\\/\\\/www.esplac.cat\\\/#website\"},\"primaryImageOfPage\":{\"@id\":\"https:\\\/\\\/www.esplac.cat\\\/es\\\/esplac-referent-internacional-en-la-defensa-dels-drets-dels-infants\\\/#primaryimage\"},\"image\":{\"@id\":\"https:\\\/\\\/www.esplac.cat\\\/es\\\/esplac-referent-internacional-en-la-defensa-dels-drets-dels-infants\\\/#primaryimage\"},\"thumbnailUrl\":\"https:\\\/\\\/www.esplac.cat\\\/wp-content\\\/uploads\\\/2016\\\/06\\\/Noticia_DUDI_Juliol.jpg\",\"datePublished\":\"2016-06-27T06:48:47+00:00\",\"dateModified\":\"2019-11-14T11:36:43+00:00\",\"breadcrumb\":{\"@id\":\"https:\\\/\\\/www.esplac.cat\\\/es\\\/esplac-referent-internacional-en-la-defensa-dels-drets-dels-infants\\\/#breadcrumb\"},\"inLanguage\":\"en-US\",\"potentialAction\":[{\"@type\":\"ReadAction\",\"target\":[\"https:\\\/\\\/www.esplac.cat\\\/es\\\/esplac-referent-internacional-en-la-defensa-dels-drets-dels-infants\\\/\"]}]},{\"@type\":\"ImageObject\",\"inLanguage\":\"en-US\",\"@id\":\"https:\\\/\\\/www.esplac.cat\\\/es\\\/esplac-referent-internacional-en-la-defensa-dels-drets-dels-infants\\\/#primaryimage\",\"url\":\"https:\\\/\\\/www.esplac.cat\\\/wp-content\\\/uploads\\\/2016\\\/06\\\/Noticia_DUDI_Juliol.jpg\",\"contentUrl\":\"https:\\\/\\\/www.esplac.cat\\\/wp-content\\\/uploads\\\/2016\\\/06\\\/Noticia_DUDI_Juliol.jpg\",\"width\":847,\"height\":350},{\"@type\":\"BreadcrumbList\",\"@id\":\"https:\\\/\\\/www.esplac.cat\\\/es\\\/esplac-referent-internacional-en-la-defensa-dels-drets-dels-infants\\\/#breadcrumb\",\"itemListElement\":[{\"@type\":\"ListItem\",\"position\":1,\"name\":\"Inici\",\"item\":\"https:\\\/\\\/www.esplac.cat\\\/en\\\/\"},{\"@type\":\"ListItem\",\"position\":2,\"name\":\"Esplac, referent internacional en la defensa dels Drets dels Infants\"}]},{\"@type\":\"WebSite\",\"@id\":\"https:\\\/\\\/www.esplac.cat\\\/#website\",\"url\":\"https:\\\/\\\/www.esplac.cat\\\/\",\"name\":\"Esplac\",\"description\":\"Esplais Catalans\",\"publisher\":{\"@id\":\"https:\\\/\\\/www.esplac.cat\\\/#organization\"},\"potentialAction\":[{\"@type\":\"SearchAction\",\"target\":{\"@type\":\"EntryPoint\",\"urlTemplate\":\"https:\\\/\\\/www.esplac.cat\\\/?s={search_term_string}\"},\"query-input\":{\"@type\":\"PropertyValueSpecification\",\"valueRequired\":true,\"valueName\":\"search_term_string\"}}],\"inLanguage\":\"en-US\"},{\"@type\":\"Organization\",\"@id\":\"https:\\\/\\\/www.esplac.cat\\\/#organization\",\"name\":\"Esplac\",\"url\":\"https:\\\/\\\/www.esplac.cat\\\/\",\"logo\":{\"@type\":\"ImageObject\",\"inLanguage\":\"en-US\",\"@id\":\"https:\\\/\\\/www.esplac.cat\\\/#\\\/schema\\\/logo\\\/image\\\/\",\"url\":\"https:\\\/\\\/www.esplac.cat\\\/wp-content\\\/uploads\\\/2019\\\/08\\\/logox2.png\",\"contentUrl\":\"https:\\\/\\\/www.esplac.cat\\\/wp-content\\\/uploads\\\/2019\\\/08\\\/logox2.png\",\"width\":600,\"height\":295,\"caption\":\"Esplac\"},\"image\":{\"@id\":\"https:\\\/\\\/www.esplac.cat\\\/#\\\/schema\\\/logo\\\/image\\\/\"}},{\"@type\":\"Person\",\"@id\":\"https:\\\/\\\/www.esplac.cat\\\/#\\\/schema\\\/person\\\/908383cf240be18b68f8855d0583faca\",\"name\":\"Comunicaci\u00f3 Esplac\",\"image\":{\"@type\":\"ImageObject\",\"inLanguage\":\"en-US\",\"@id\":\"https:\\\/\\\/secure.gravatar.com\\\/avatar\\\/7a4cf8feb412a76ea4a740ca02d95b06b2907b5a6c648c2dd0a1082a093c3141?s=96&d=mm&r=g\",\"url\":\"https:\\\/\\\/secure.gravatar.com\\\/avatar\\\/7a4cf8feb412a76ea4a740ca02d95b06b2907b5a6c648c2dd0a1082a093c3141?s=96&d=mm&r=g\",\"contentUrl\":\"https:\\\/\\\/secure.gravatar.com\\\/avatar\\\/7a4cf8feb412a76ea4a740ca02d95b06b2907b5a6c648c2dd0a1082a093c3141?s=96&d=mm&r=g\",\"caption\":\"Comunicaci\u00f3 Esplac\"}}]}<\/script>\n<!-- \/ Yoast SEO plugin. -->","yoast_head_json":{"title":"Esplac, referent internacional en la defensa dels Drets dels Infants - Esplac","robots":{"index":"index","follow":"follow","max-snippet":"max-snippet:-1","max-image-preview":"max-image-preview:large","max-video-preview":"max-video-preview:-1"},"canonical":"https:\/\/www.esplac.cat\/es\/esplac-referent-internacional-en-la-defensa-dels-drets-dels-infants\/","og_locale":"en_US","og_type":"article","og_title":"Esplac, referent internacional en la defensa dels Drets dels Infants - Esplac","og_description":"Esplais Catalans s&#8217;ha anat convertint en els darrers anys en [&hellip;]","og_url":"https:\/\/www.esplac.cat\/es\/esplac-referent-internacional-en-la-defensa-dels-drets-dels-infants\/","og_site_name":"Esplac","article_published_time":"2016-06-27T06:48:47+00:00","article_modified_time":"2019-11-14T11:36:43+00:00","og_image":[{"width":847,"height":350,"url":"https:\/\/www.esplac.cat\/wp-content\/uploads\/2016\/06\/Noticia_DUDI_Juliol.jpg","type":"image\/jpeg"}],"author":"Comunicaci\u00f3 Esplac","twitter_card":"summary_large_image","twitter_misc":{"Written by":"Comunicaci\u00f3 Esplac","Est. reading time":"1 minute"},"schema":{"@context":"https:\/\/schema.org","@graph":[{"@type":"Article","@id":"https:\/\/www.esplac.cat\/es\/esplac-referent-internacional-en-la-defensa-dels-drets-dels-infants\/#article","isPartOf":{"@id":"https:\/\/www.esplac.cat\/es\/esplac-referent-internacional-en-la-defensa-dels-drets-dels-infants\/"},"author":{"name":"Comunicaci\u00f3 Esplac","@id":"https:\/\/www.esplac.cat\/#\/schema\/person\/908383cf240be18b68f8855d0583faca"},"headline":"Esplac, referent internacional en la defensa dels Drets dels Infants","datePublished":"2016-06-27T06:48:47+00:00","dateModified":"2019-11-14T11:36:43+00:00","mainEntityOfPage":{"@id":"https:\/\/www.esplac.cat\/es\/esplac-referent-internacional-en-la-defensa-dels-drets-dels-infants\/"},"wordCount":317,"publisher":{"@id":"https:\/\/www.esplac.cat\/#organization"},"image":{"@id":"https:\/\/www.esplac.cat\/es\/esplac-referent-internacional-en-la-defensa-dels-drets-dels-infants\/#primaryimage"},"thumbnailUrl":"https:\/\/www.esplac.cat\/wp-content\/uploads\/2016\/06\/Noticia_DUDI_Juliol.jpg","articleSection":["20-N: Drets dels infants","Esplac al m\u00f3n","Inclusi\u00f3 i diversitat","Sense categoria"],"inLanguage":"en-US"},{"@type":"WebPage","@id":"https:\/\/www.esplac.cat\/es\/esplac-referent-internacional-en-la-defensa-dels-drets-dels-infants\/","url":"https:\/\/www.esplac.cat\/es\/esplac-referent-internacional-en-la-defensa-dels-drets-dels-infants\/","name":"Esplac, referent internacional en la defensa dels Drets dels Infants - Esplac","isPartOf":{"@id":"https:\/\/www.esplac.cat\/#website"},"primaryImageOfPage":{"@id":"https:\/\/www.esplac.cat\/es\/esplac-referent-internacional-en-la-defensa-dels-drets-dels-infants\/#primaryimage"},"image":{"@id":"https:\/\/www.esplac.cat\/es\/esplac-referent-internacional-en-la-defensa-dels-drets-dels-infants\/#primaryimage"},"thumbnailUrl":"https:\/\/www.esplac.cat\/wp-content\/uploads\/2016\/06\/Noticia_DUDI_Juliol.jpg","datePublished":"2016-06-27T06:48:47+00:00","dateModified":"2019-11-14T11:36:43+00:00","breadcrumb":{"@id":"https:\/\/www.esplac.cat\/es\/esplac-referent-internacional-en-la-defensa-dels-drets-dels-infants\/#breadcrumb"},"inLanguage":"en-US","potentialAction":[{"@type":"ReadAction","target":["https:\/\/www.esplac.cat\/es\/esplac-referent-internacional-en-la-defensa-dels-drets-dels-infants\/"]}]},{"@type":"ImageObject","inLanguage":"en-US","@id":"https:\/\/www.esplac.cat\/es\/esplac-referent-internacional-en-la-defensa-dels-drets-dels-infants\/#primaryimage","url":"https:\/\/www.esplac.cat\/wp-content\/uploads\/2016\/06\/Noticia_DUDI_Juliol.jpg","contentUrl":"https:\/\/www.esplac.cat\/wp-content\/uploads\/2016\/06\/Noticia_DUDI_Juliol.jpg","width":847,"height":350},{"@type":"BreadcrumbList","@id":"https:\/\/www.esplac.cat\/es\/esplac-referent-internacional-en-la-defensa-dels-drets-dels-infants\/#breadcrumb","itemListElement":[{"@type":"ListItem","position":1,"name":"Inici","item":"https:\/\/www.esplac.cat\/en\/"},{"@type":"ListItem","position":2,"name":"Esplac, referent internacional en la defensa dels Drets dels Infants"}]},{"@type":"WebSite","@id":"https:\/\/www.esplac.cat\/#website","url":"https:\/\/www.esplac.cat\/","name":"Esplac","description":"Esplais Catalans","publisher":{"@id":"https:\/\/www.esplac.cat\/#organization"},"potentialAction":[{"@type":"SearchAction","target":{"@type":"EntryPoint","urlTemplate":"https:\/\/www.esplac.cat\/?s={search_term_string}"},"query-input":{"@type":"PropertyValueSpecification","valueRequired":true,"valueName":"search_term_string"}}],"inLanguage":"en-US"},{"@type":"Organization","@id":"https:\/\/www.esplac.cat\/#organization","name":"Esplac","url":"https:\/\/www.esplac.cat\/","logo":{"@type":"ImageObject","inLanguage":"en-US","@id":"https:\/\/www.esplac.cat\/#\/schema\/logo\/image\/","url":"https:\/\/www.esplac.cat\/wp-content\/uploads\/2019\/08\/logox2.png","contentUrl":"https:\/\/www.esplac.cat\/wp-content\/uploads\/2019\/08\/logox2.png","width":600,"height":295,"caption":"Esplac"},"image":{"@id":"https:\/\/www.esplac.cat\/#\/schema\/logo\/image\/"}},{"@type":"Person","@id":"https:\/\/www.esplac.cat\/#\/schema\/person\/908383cf240be18b68f8855d0583faca","name":"Comunicaci\u00f3 Esplac","image":{"@type":"ImageObject","inLanguage":"en-US","@id":"https:\/\/secure.gravatar.com\/avatar\/7a4cf8feb412a76ea4a740ca02d95b06b2907b5a6c648c2dd0a1082a093c3141?s=96&d=mm&r=g","url":"https:\/\/secure.gravatar.com\/avatar\/7a4cf8feb412a76ea4a740ca02d95b06b2907b5a6c648c2dd0a1082a093c3141?s=96&d=mm&r=g","contentUrl":"https:\/\/secure.gravatar.com\/avatar\/7a4cf8feb412a76ea4a740ca02d95b06b2907b5a6c648c2dd0a1082a093c3141?s=96&d=mm&r=g","caption":"Comunicaci\u00f3 Esplac"}}]}},"_links":{"self":[{"href":"https:\/\/www.esplac.cat\/en\/wp-json\/wp\/v2\/posts\/25019","targetHints":{"allow":["GET"]}}],"collection":[{"href":"https:\/\/www.esplac.cat\/en\/wp-json\/wp\/v2\/posts"}],"about":[{"href":"https:\/\/www.esplac.cat\/en\/wp-json\/wp\/v2\/types\/post"}],"author":[{"embeddable":true,"href":"https:\/\/www.esplac.cat\/en\/wp-json\/wp\/v2\/users\/3"}],"replies":[{"embeddable":true,"href":"https:\/\/www.esplac.cat\/en\/wp-json\/wp\/v2\/comments?post=25019"}],"version-history":[{"count":0,"href":"https:\/\/www.esplac.cat\/en\/wp-json\/wp\/v2\/posts\/25019\/revisions"}],"wp:featuredmedia":[{"embeddable":true,"href":"https:\/\/www.esplac.cat\/en\/wp-json\/wp\/v2\/media\/25020"}],"wp:attachment":[{"href":"https:\/\/www.esplac.cat\/en\/wp-json\/wp\/v2\/media?parent=25019"}],"wp:term":[{"taxonomy":"category","embeddable":true,"href":"https:\/\/www.esplac.cat\/en\/wp-json\/wp\/v2\/categories?post=25019"},{"taxonomy":"post_tag","embeddable":true,"href":"https:\/\/www.esplac.cat\/en\/wp-json\/wp\/v2\/tags?post=25019"}],"curies":[{"name":"wp","href":"https:\/\/api.w.org\/{rel}","templated":true}]}}