{"id":25051,"date":"2016-06-15T08:38:58","date_gmt":"2016-06-15T06:38:58","guid":{"rendered":"http:\/\/esplac.cat\/?p=10862"},"modified":"2019-11-14T13:36:36","modified_gmt":"2019-11-14T11:36:36","slug":"study-session-ifm-sei","status":"publish","type":"post","link":"https:\/\/www.esplac.cat\/en\/study-session-ifm-sei\/","title":{"rendered":"Drets dels infants i diversitat funcional, el tema del proper Study Session de l\u2019IFM-\u00adSEI"},"content":{"rendered":"<h4 style=\"text-align: justify;\">Aquest seminari, que es realitzar\u00e0 del 13 al 20 de novembre a Estrasburg, oferir\u00e0\u00a0l\u2019oportunitat d\u2019aprendre com fer que els esplais siguin m\u00e9s inclusius.<\/h4>\n<p style=\"text-align: justify;\">Fer de l\u2019esplai un espai educatiu per a tots i totes, sense barreres de cap tipus, i que atragui i aculli\u00a0a infants i joves sense distinci\u00f3 \u00e9s un desig que solen expressar tant els esplais com altres entitats\u00a0d\u2019arreu. Per aix\u00f2, l\u2019IFM-\u00adSEI, la plataforma internacional d\u2019organitzacions que treballen pels drets\u00a0dels infants i de la que Esplac forma part, ens proposa aquesta <a href=\"http:\/\/ifm-sei.org\/sonia\/study-session-all-in-creating-inclusive-and-empowering-spaces-for-all-13-20-november-2016-european-youth-centre-strasbourg\/\" target=\"_blank\" rel=\"noopener noreferrer\">oportunitat formativa<\/a> centrada en\u00a0l\u2019<strong>inclusi\u00f3<\/strong> com a eix tem\u00e0tic, posant \u00e8mfasi en la <strong>diversitat funcional i els drets dels infants<\/strong>.<\/p>\n<p style=\"text-align: justify;\">Amb el t\u00edtol <em><strong>\u00abAll in \u2013 creating inclusive and empowering spaces for all\u00bb<\/strong> <\/em>es presenta aquest\u00a0seminari internacional en el que s\u2019espera una participaci\u00f3 de 30 monitors i monitores d\u2019arreu del\u00a0m\u00f3n.<\/p>\n<p style=\"text-align: justify;\">Cada any, monitors i monitores de diferents esplais d\u2019Esplac aprofiten l\u2019oportunitat d\u2019assistir a un\u00a0Study Session de l&#8217;IFM-SEI, activitat que aquesta plataforma co-organitza amb l&#8217;ENIL (European Network on Independent Living), en partenariat amb el departament de Joventut del Consell d&#8217;Europa.<\/p>\n<p style=\"text-align: justify;\" align=\"justify\">Feu un cop d\u2019ull <a href=\"http:\/\/esplac.cat\/wp-content\/uploads\/2016\/06\/Final_Invitation-ENIL_IFM_StudySession.pdf\" target=\"_blank\" rel=\"noopener noreferrer\">aqu\u00ed<\/a> per con\u00e8ixer amb m\u00e9s profunditat el programa de formaci\u00f3 i <a href=\"http:\/\/esplac.cat\/wp-content\/uploads\/2016\/06\/Final_FAQ-All-In-study-session.pdf\" target=\"_blank\" rel=\"noopener noreferrer\">aqu\u00ed<\/a>\u00a0per resoldre dubtes.<\/p>\n<p style=\"text-align: justify;\" align=\"justify\"><strong>Pots inscriure&#8217;t omplint <a href=\"https:\/\/docs.google.com\/a\/esplac.cat\/forms\/d\/10rShvI687HlU33GtF65-wlL2T82zkt0kgbohYrXBHYk\/viewform?c=0&amp;w=1\" target=\"_blank\" rel=\"noopener noreferrer\">aquest formulari<\/a><\/strong>.\u00a0Teniu fins al 10 de juliol a les 23:59<\/p>\n<p style=\"text-align: justify;\"><strong>Informaci\u00f3 pr\u00e0ctica<\/strong><\/p>\n<ul>\n<li style=\"text-align: justify;\"><strong>Dates<\/strong>: del\u00a013 al 20 de novembre de 2016<\/li>\n<li style=\"text-align: justify;\"><strong>Lloc:<\/strong>\u00a0European Youth Center, Estrasburg<\/li>\n<li style=\"text-align: justify;\"><strong>Quota d\u2019inscripci\u00f3:<\/strong> 50 euros (inlou allotjament, transport, \u00e0pats i formaci\u00f3)<\/li>\n<li style=\"text-align: justify;\"><strong>Places:<\/strong>\u00a01 o 2 places per Esplac<\/li>\n<li style=\"text-align: justify;\"><strong>M\u00e9s info i preguntes:<\/strong> internacional@esplac.cat<\/li>\n<\/ul>\n<p>&nbsp;<\/p>\n","protected":false},"excerpt":{"rendered":"<p>Aquest seminari, que es realitzar\u00e0 del 13 al 20 de [&hellip;]<\/p>\n","protected":false},"author":3,"featured_media":25052,"comment_status":"closed","ping_status":"open","sticky":false,"template":"","format":"standard","meta":{"om_disable_all_campaigns":false,"_monsterinsights_skip_tracking":false,"_monsterinsights_sitenote_active":false,"_monsterinsights_sitenote_note":"","_monsterinsights_sitenote_category":0,"_uf_show_specific_survey":0,"_uf_disable_surveys":false,"footnotes":""},"categories":[1131,1112,1166,1],"tags":[54,59,555],"class_list":["post-25051","post","type-post","status-publish","format-standard","has-post-thumbnail","hentry","category-cursos-formacions","category-esplac-al-mon","category-inclusio-i-diversitat","category-sense-categoria","tag-formacio","tag-ifm-sei","tag-internacional"],"yoast_head":"<!-- This site is optimized with the Yoast SEO plugin v27.4 - https:\/\/yoast.com\/product\/yoast-seo-wordpress\/ -->\n<title>Drets dels infants i diversitat funcional, el tema del proper Study Session de l\u2019IFM-\u00adSEI - Esplac<\/title>\n<meta name=\"robots\" content=\"index, follow, max-snippet:-1, max-image-preview:large, max-video-preview:-1\" \/>\n<link rel=\"canonical\" href=\"https:\/\/www.esplac.cat\/study-session-ifm-sei\/\" \/>\n<meta property=\"og:locale\" content=\"en_US\" \/>\n<meta property=\"og:type\" content=\"article\" \/>\n<meta property=\"og:title\" content=\"Drets dels infants i diversitat funcional, el tema del proper Study Session de l\u2019IFM-\u00adSEI - Esplac\" \/>\n<meta property=\"og:description\" content=\"Aquest seminari, que es realitzar\u00e0 del 13 al 20 de [&hellip;]\" \/>\n<meta property=\"og:url\" content=\"https:\/\/www.esplac.cat\/study-session-ifm-sei\/\" \/>\n<meta property=\"og:site_name\" content=\"Esplac\" \/>\n<meta property=\"article:published_time\" content=\"2016-06-15T06:38:58+00:00\" \/>\n<meta property=\"article:modified_time\" content=\"2019-11-14T11:36:36+00:00\" \/>\n<meta property=\"og:image\" content=\"https:\/\/www.esplac.cat\/wp-content\/uploads\/2016\/06\/20160610_IFM.jpg\" \/>\n\t<meta property=\"og:image:width\" content=\"847\" \/>\n\t<meta property=\"og:image:height\" content=\"350\" \/>\n\t<meta property=\"og:image:type\" content=\"image\/jpeg\" \/>\n<meta name=\"author\" content=\"Comunicaci\u00f3 Esplac\" \/>\n<meta name=\"twitter:card\" content=\"summary_large_image\" \/>\n<meta name=\"twitter:label1\" content=\"Written by\" \/>\n\t<meta name=\"twitter:data1\" content=\"Comunicaci\u00f3 Esplac\" \/>\n\t<meta name=\"twitter:label2\" content=\"Est. reading time\" \/>\n\t<meta name=\"twitter:data2\" content=\"1 minute\" \/>\n<script type=\"application\/ld+json\" class=\"yoast-schema-graph\">{\"@context\":\"https:\\\/\\\/schema.org\",\"@graph\":[{\"@type\":\"Article\",\"@id\":\"https:\\\/\\\/www.esplac.cat\\\/study-session-ifm-sei\\\/#article\",\"isPartOf\":{\"@id\":\"https:\\\/\\\/www.esplac.cat\\\/study-session-ifm-sei\\\/\"},\"author\":{\"name\":\"Comunicaci\u00f3 Esplac\",\"@id\":\"https:\\\/\\\/www.esplac.cat\\\/#\\\/schema\\\/person\\\/908383cf240be18b68f8855d0583faca\"},\"headline\":\"Drets dels infants i diversitat funcional, el tema del proper Study Session de l\u2019IFM-\u00adSEI\",\"datePublished\":\"2016-06-15T06:38:58+00:00\",\"dateModified\":\"2019-11-14T11:36:36+00:00\",\"mainEntityOfPage\":{\"@id\":\"https:\\\/\\\/www.esplac.cat\\\/study-session-ifm-sei\\\/\"},\"wordCount\":284,\"publisher\":{\"@id\":\"https:\\\/\\\/www.esplac.cat\\\/#organization\"},\"image\":{\"@id\":\"https:\\\/\\\/www.esplac.cat\\\/study-session-ifm-sei\\\/#primaryimage\"},\"thumbnailUrl\":\"https:\\\/\\\/www.esplac.cat\\\/wp-content\\\/uploads\\\/2016\\\/06\\\/20160610_IFM.jpg\",\"keywords\":[\"formaci\u00f3\",\"IFM-SEI\",\"internacional\"],\"articleSection\":[\"Cursos i formacions\",\"Esplac al m\u00f3n\",\"Inclusi\u00f3 i diversitat\",\"Sense categoria\"],\"inLanguage\":\"en-US\"},{\"@type\":\"WebPage\",\"@id\":\"https:\\\/\\\/www.esplac.cat\\\/study-session-ifm-sei\\\/\",\"url\":\"https:\\\/\\\/www.esplac.cat\\\/study-session-ifm-sei\\\/\",\"name\":\"Drets dels infants i diversitat funcional, el tema del proper Study Session de l\u2019IFM-\u00adSEI - Esplac\",\"isPartOf\":{\"@id\":\"https:\\\/\\\/www.esplac.cat\\\/#website\"},\"primaryImageOfPage\":{\"@id\":\"https:\\\/\\\/www.esplac.cat\\\/study-session-ifm-sei\\\/#primaryimage\"},\"image\":{\"@id\":\"https:\\\/\\\/www.esplac.cat\\\/study-session-ifm-sei\\\/#primaryimage\"},\"thumbnailUrl\":\"https:\\\/\\\/www.esplac.cat\\\/wp-content\\\/uploads\\\/2016\\\/06\\\/20160610_IFM.jpg\",\"datePublished\":\"2016-06-15T06:38:58+00:00\",\"dateModified\":\"2019-11-14T11:36:36+00:00\",\"breadcrumb\":{\"@id\":\"https:\\\/\\\/www.esplac.cat\\\/study-session-ifm-sei\\\/#breadcrumb\"},\"inLanguage\":\"en-US\",\"potentialAction\":[{\"@type\":\"ReadAction\",\"target\":[\"https:\\\/\\\/www.esplac.cat\\\/study-session-ifm-sei\\\/\"]}]},{\"@type\":\"ImageObject\",\"inLanguage\":\"en-US\",\"@id\":\"https:\\\/\\\/www.esplac.cat\\\/study-session-ifm-sei\\\/#primaryimage\",\"url\":\"https:\\\/\\\/www.esplac.cat\\\/wp-content\\\/uploads\\\/2016\\\/06\\\/20160610_IFM.jpg\",\"contentUrl\":\"https:\\\/\\\/www.esplac.cat\\\/wp-content\\\/uploads\\\/2016\\\/06\\\/20160610_IFM.jpg\",\"width\":847,\"height\":350},{\"@type\":\"BreadcrumbList\",\"@id\":\"https:\\\/\\\/www.esplac.cat\\\/study-session-ifm-sei\\\/#breadcrumb\",\"itemListElement\":[{\"@type\":\"ListItem\",\"position\":1,\"name\":\"Inici\",\"item\":\"https:\\\/\\\/www.esplac.cat\\\/en\\\/\"},{\"@type\":\"ListItem\",\"position\":2,\"name\":\"Drets dels infants i diversitat funcional, el tema del proper Study Session de l\u2019IFM-\u00adSEI\"}]},{\"@type\":\"WebSite\",\"@id\":\"https:\\\/\\\/www.esplac.cat\\\/#website\",\"url\":\"https:\\\/\\\/www.esplac.cat\\\/\",\"name\":\"Esplac\",\"description\":\"Esplais Catalans\",\"publisher\":{\"@id\":\"https:\\\/\\\/www.esplac.cat\\\/#organization\"},\"potentialAction\":[{\"@type\":\"SearchAction\",\"target\":{\"@type\":\"EntryPoint\",\"urlTemplate\":\"https:\\\/\\\/www.esplac.cat\\\/?s={search_term_string}\"},\"query-input\":{\"@type\":\"PropertyValueSpecification\",\"valueRequired\":true,\"valueName\":\"search_term_string\"}}],\"inLanguage\":\"en-US\"},{\"@type\":\"Organization\",\"@id\":\"https:\\\/\\\/www.esplac.cat\\\/#organization\",\"name\":\"Esplac\",\"url\":\"https:\\\/\\\/www.esplac.cat\\\/\",\"logo\":{\"@type\":\"ImageObject\",\"inLanguage\":\"en-US\",\"@id\":\"https:\\\/\\\/www.esplac.cat\\\/#\\\/schema\\\/logo\\\/image\\\/\",\"url\":\"https:\\\/\\\/www.esplac.cat\\\/wp-content\\\/uploads\\\/2019\\\/08\\\/logox2.png\",\"contentUrl\":\"https:\\\/\\\/www.esplac.cat\\\/wp-content\\\/uploads\\\/2019\\\/08\\\/logox2.png\",\"width\":600,\"height\":295,\"caption\":\"Esplac\"},\"image\":{\"@id\":\"https:\\\/\\\/www.esplac.cat\\\/#\\\/schema\\\/logo\\\/image\\\/\"}},{\"@type\":\"Person\",\"@id\":\"https:\\\/\\\/www.esplac.cat\\\/#\\\/schema\\\/person\\\/908383cf240be18b68f8855d0583faca\",\"name\":\"Comunicaci\u00f3 Esplac\",\"image\":{\"@type\":\"ImageObject\",\"inLanguage\":\"en-US\",\"@id\":\"https:\\\/\\\/secure.gravatar.com\\\/avatar\\\/7a4cf8feb412a76ea4a740ca02d95b06b2907b5a6c648c2dd0a1082a093c3141?s=96&d=mm&r=g\",\"url\":\"https:\\\/\\\/secure.gravatar.com\\\/avatar\\\/7a4cf8feb412a76ea4a740ca02d95b06b2907b5a6c648c2dd0a1082a093c3141?s=96&d=mm&r=g\",\"contentUrl\":\"https:\\\/\\\/secure.gravatar.com\\\/avatar\\\/7a4cf8feb412a76ea4a740ca02d95b06b2907b5a6c648c2dd0a1082a093c3141?s=96&d=mm&r=g\",\"caption\":\"Comunicaci\u00f3 Esplac\"}}]}<\/script>\n<!-- \/ Yoast SEO plugin. -->","yoast_head_json":{"title":"Drets dels infants i diversitat funcional, el tema del proper Study Session de l\u2019IFM-\u00adSEI - Esplac","robots":{"index":"index","follow":"follow","max-snippet":"max-snippet:-1","max-image-preview":"max-image-preview:large","max-video-preview":"max-video-preview:-1"},"canonical":"https:\/\/www.esplac.cat\/study-session-ifm-sei\/","og_locale":"en_US","og_type":"article","og_title":"Drets dels infants i diversitat funcional, el tema del proper Study Session de l\u2019IFM-\u00adSEI - Esplac","og_description":"Aquest seminari, que es realitzar\u00e0 del 13 al 20 de [&hellip;]","og_url":"https:\/\/www.esplac.cat\/study-session-ifm-sei\/","og_site_name":"Esplac","article_published_time":"2016-06-15T06:38:58+00:00","article_modified_time":"2019-11-14T11:36:36+00:00","og_image":[{"width":847,"height":350,"url":"https:\/\/www.esplac.cat\/wp-content\/uploads\/2016\/06\/20160610_IFM.jpg","type":"image\/jpeg"}],"author":"Comunicaci\u00f3 Esplac","twitter_card":"summary_large_image","twitter_misc":{"Written by":"Comunicaci\u00f3 Esplac","Est. reading time":"1 minute"},"schema":{"@context":"https:\/\/schema.org","@graph":[{"@type":"Article","@id":"https:\/\/www.esplac.cat\/study-session-ifm-sei\/#article","isPartOf":{"@id":"https:\/\/www.esplac.cat\/study-session-ifm-sei\/"},"author":{"name":"Comunicaci\u00f3 Esplac","@id":"https:\/\/www.esplac.cat\/#\/schema\/person\/908383cf240be18b68f8855d0583faca"},"headline":"Drets dels infants i diversitat funcional, el tema del proper Study Session de l\u2019IFM-\u00adSEI","datePublished":"2016-06-15T06:38:58+00:00","dateModified":"2019-11-14T11:36:36+00:00","mainEntityOfPage":{"@id":"https:\/\/www.esplac.cat\/study-session-ifm-sei\/"},"wordCount":284,"publisher":{"@id":"https:\/\/www.esplac.cat\/#organization"},"image":{"@id":"https:\/\/www.esplac.cat\/study-session-ifm-sei\/#primaryimage"},"thumbnailUrl":"https:\/\/www.esplac.cat\/wp-content\/uploads\/2016\/06\/20160610_IFM.jpg","keywords":["formaci\u00f3","IFM-SEI","internacional"],"articleSection":["Cursos i formacions","Esplac al m\u00f3n","Inclusi\u00f3 i diversitat","Sense categoria"],"inLanguage":"en-US"},{"@type":"WebPage","@id":"https:\/\/www.esplac.cat\/study-session-ifm-sei\/","url":"https:\/\/www.esplac.cat\/study-session-ifm-sei\/","name":"Drets dels infants i diversitat funcional, el tema del proper Study Session de l\u2019IFM-\u00adSEI - Esplac","isPartOf":{"@id":"https:\/\/www.esplac.cat\/#website"},"primaryImageOfPage":{"@id":"https:\/\/www.esplac.cat\/study-session-ifm-sei\/#primaryimage"},"image":{"@id":"https:\/\/www.esplac.cat\/study-session-ifm-sei\/#primaryimage"},"thumbnailUrl":"https:\/\/www.esplac.cat\/wp-content\/uploads\/2016\/06\/20160610_IFM.jpg","datePublished":"2016-06-15T06:38:58+00:00","dateModified":"2019-11-14T11:36:36+00:00","breadcrumb":{"@id":"https:\/\/www.esplac.cat\/study-session-ifm-sei\/#breadcrumb"},"inLanguage":"en-US","potentialAction":[{"@type":"ReadAction","target":["https:\/\/www.esplac.cat\/study-session-ifm-sei\/"]}]},{"@type":"ImageObject","inLanguage":"en-US","@id":"https:\/\/www.esplac.cat\/study-session-ifm-sei\/#primaryimage","url":"https:\/\/www.esplac.cat\/wp-content\/uploads\/2016\/06\/20160610_IFM.jpg","contentUrl":"https:\/\/www.esplac.cat\/wp-content\/uploads\/2016\/06\/20160610_IFM.jpg","width":847,"height":350},{"@type":"BreadcrumbList","@id":"https:\/\/www.esplac.cat\/study-session-ifm-sei\/#breadcrumb","itemListElement":[{"@type":"ListItem","position":1,"name":"Inici","item":"https:\/\/www.esplac.cat\/en\/"},{"@type":"ListItem","position":2,"name":"Drets dels infants i diversitat funcional, el tema del proper Study Session de l\u2019IFM-\u00adSEI"}]},{"@type":"WebSite","@id":"https:\/\/www.esplac.cat\/#website","url":"https:\/\/www.esplac.cat\/","name":"Esplac","description":"Esplais Catalans","publisher":{"@id":"https:\/\/www.esplac.cat\/#organization"},"potentialAction":[{"@type":"SearchAction","target":{"@type":"EntryPoint","urlTemplate":"https:\/\/www.esplac.cat\/?s={search_term_string}"},"query-input":{"@type":"PropertyValueSpecification","valueRequired":true,"valueName":"search_term_string"}}],"inLanguage":"en-US"},{"@type":"Organization","@id":"https:\/\/www.esplac.cat\/#organization","name":"Esplac","url":"https:\/\/www.esplac.cat\/","logo":{"@type":"ImageObject","inLanguage":"en-US","@id":"https:\/\/www.esplac.cat\/#\/schema\/logo\/image\/","url":"https:\/\/www.esplac.cat\/wp-content\/uploads\/2019\/08\/logox2.png","contentUrl":"https:\/\/www.esplac.cat\/wp-content\/uploads\/2019\/08\/logox2.png","width":600,"height":295,"caption":"Esplac"},"image":{"@id":"https:\/\/www.esplac.cat\/#\/schema\/logo\/image\/"}},{"@type":"Person","@id":"https:\/\/www.esplac.cat\/#\/schema\/person\/908383cf240be18b68f8855d0583faca","name":"Comunicaci\u00f3 Esplac","image":{"@type":"ImageObject","inLanguage":"en-US","@id":"https:\/\/secure.gravatar.com\/avatar\/7a4cf8feb412a76ea4a740ca02d95b06b2907b5a6c648c2dd0a1082a093c3141?s=96&d=mm&r=g","url":"https:\/\/secure.gravatar.com\/avatar\/7a4cf8feb412a76ea4a740ca02d95b06b2907b5a6c648c2dd0a1082a093c3141?s=96&d=mm&r=g","contentUrl":"https:\/\/secure.gravatar.com\/avatar\/7a4cf8feb412a76ea4a740ca02d95b06b2907b5a6c648c2dd0a1082a093c3141?s=96&d=mm&r=g","caption":"Comunicaci\u00f3 Esplac"}}]}},"_links":{"self":[{"href":"https:\/\/www.esplac.cat\/en\/wp-json\/wp\/v2\/posts\/25051","targetHints":{"allow":["GET"]}}],"collection":[{"href":"https:\/\/www.esplac.cat\/en\/wp-json\/wp\/v2\/posts"}],"about":[{"href":"https:\/\/www.esplac.cat\/en\/wp-json\/wp\/v2\/types\/post"}],"author":[{"embeddable":true,"href":"https:\/\/www.esplac.cat\/en\/wp-json\/wp\/v2\/users\/3"}],"replies":[{"embeddable":true,"href":"https:\/\/www.esplac.cat\/en\/wp-json\/wp\/v2\/comments?post=25051"}],"version-history":[{"count":0,"href":"https:\/\/www.esplac.cat\/en\/wp-json\/wp\/v2\/posts\/25051\/revisions"}],"wp:featuredmedia":[{"embeddable":true,"href":"https:\/\/www.esplac.cat\/en\/wp-json\/wp\/v2\/media\/25052"}],"wp:attachment":[{"href":"https:\/\/www.esplac.cat\/en\/wp-json\/wp\/v2\/media?parent=25051"}],"wp:term":[{"taxonomy":"category","embeddable":true,"href":"https:\/\/www.esplac.cat\/en\/wp-json\/wp\/v2\/categories?post=25051"},{"taxonomy":"post_tag","embeddable":true,"href":"https:\/\/www.esplac.cat\/en\/wp-json\/wp\/v2\/tags?post=25051"}],"curies":[{"name":"wp","href":"https:\/\/api.w.org\/{rel}","templated":true}]}}