{"id":25056,"date":"2016-06-10T11:55:49","date_gmt":"2016-06-10T09:55:49","guid":{"rendered":"http:\/\/esplac.cat\/?p=10880"},"modified":"2019-10-15T18:17:01","modified_gmt":"2019-10-15T16:17:01","slug":"inscripcions-obertes-per-lart-camp-daquest-estiu","status":"publish","type":"post","link":"https:\/\/www.esplac.cat\/en\/inscripcions-obertes-per-lart-camp-daquest-estiu\/","title":{"rendered":"Inscripcions obertes per l\u2019ART CAMP d\u2019aquest estiu!"},"content":{"rendered":"<h4 style=\"text-align: justify;\">Un grup de joves i monis est\u00e0 convidat a participar d\u2019aquest intercanvi internacional en el que es tractar\u00e0 el tema de la comunicaci\u00f3 i els sistemes pol\u00edtics a trav\u00e9s de diferents disciplines art\u00edstiques.<\/h4>\n<p style=\"text-align: justify;\">Es busquen urgentment participants per a un intercanvi que es dur\u00e0 a terme aquest estiu a L\u00e4rz, (nord d\u2019Alemanya) amb participants d\u2019It\u00e0lia, Fran\u00e7a, Pol\u00f2nia i Alemanya.<\/p>\n<p style=\"text-align: justify;\">L\u2019activitat, adre\u00e7ada a joves majors de 14 anys, a pre-monis i monis, \u00e9s ja un dels intercanvis internacionals m\u00e9s consolidats a Esplac. Cada any hi ha algun esplai que s\u2019atreveix amb l\u2019aventura i torna encantat! Soziale Bildung, l\u2019entitat organitzadora, porta ja alguns anys desenvolupant aquest projecte en el que han desenvolupat un m\u00e8tode per treball tem\u00e0tiques socio-pol\u00edtiques mitjan\u00e7ant les arts esc\u00e8niques i visuals.<\/p>\n<p style=\"text-align: justify;\">Si ets moni d\u2019un grup de joves, o sou un grup de pre-monis o monis motivades, amb disponibilitat i ganes d\u2019aprendre i con\u00e8ixer gent, apunteu-vos-hi. Tamb\u00e9 es pot formar un grup amb participants de diferents esplais. El termini conclour\u00e0 un cop s\u2019hagi omplert el grup.<\/p>\n<p style=\"text-align: justify;\">INFO PR\u00c0CTICA:<\/p>\n<p style=\"text-align: justify;\">\u00abTop Down\/Bottom Up\u00bb ART CAMP 2016<\/p>\n<p style=\"text-align: justify;\"><strong>Lloc:<\/strong> L\u00e4rz<\/p>\n<p style=\"text-align: justify;\"><strong>Data<\/strong>: del 14 al 26 d\u2019agost<\/p>\n<p style=\"text-align: justify;\"><strong>Places<\/strong>: aprox. 12 participants + 2 responsables<\/p>\n<p style=\"text-align: justify;\"><strong>Preu<\/strong>: activitat gratu\u00efta i reemborsament per transport de fins a 170 eur per participant.<\/p>\n<p style=\"text-align: justify;\"><a href=\"https:\/\/www.youtube.com\/watch?v=hTDEt2ca908\" target=\"_blank\" rel=\"noopener noreferrer\">Aqui<\/a> podeu veure el v\u00eddeo de l\u2019intercanvi de l\u2019any passat.<\/p>\n<p style=\"text-align: justify;\"><strong>M\u00e9s info i preguntes<\/strong>: internacional@esplac.cat<\/p>\n","protected":false},"excerpt":{"rendered":"<p>Un grup de joves i monis est\u00e0 convidat a participar [&hellip;]<\/p>\n","protected":false},"author":3,"featured_media":25057,"comment_status":"closed","ping_status":"open","sticky":false,"template":"","format":"standard","meta":{"om_disable_all_campaigns":false,"_monsterinsights_skip_tracking":false,"_monsterinsights_sitenote_active":false,"_monsterinsights_sitenote_note":"","_monsterinsights_sitenote_category":0,"_uf_show_specific_survey":0,"_uf_disable_surveys":false,"footnotes":""},"categories":[1111,1112],"tags":[752,59,555,109,753],"class_list":["post-25056","post","type-post","status-publish","format-standard","has-post-thumbnail","hentry","category-activitats-esplac","category-esplac-al-mon","tag-artcamp","tag-ifm-sei","tag-internacional","tag-internacionalisme","tag-soziale-bildung"],"yoast_head":"<!-- This site is optimized with the Yoast SEO plugin v27.5 - https:\/\/yoast.com\/product\/yoast-seo-wordpress\/ -->\n<title>Inscripcions obertes per l\u2019ART CAMP d\u2019aquest estiu! - Esplac<\/title>\n<meta name=\"robots\" content=\"index, follow, max-snippet:-1, max-image-preview:large, max-video-preview:-1\" \/>\n<link rel=\"canonical\" href=\"https:\/\/www.esplac.cat\/es\/inscripcions-obertes-per-lart-camp-daquest-estiu\/\" \/>\n<meta property=\"og:locale\" content=\"en_US\" \/>\n<meta property=\"og:type\" content=\"article\" \/>\n<meta property=\"og:title\" content=\"Inscripcions obertes per l\u2019ART CAMP d\u2019aquest estiu! - Esplac\" \/>\n<meta property=\"og:description\" content=\"Un grup de joves i monis est\u00e0 convidat a participar [&hellip;]\" \/>\n<meta property=\"og:url\" content=\"https:\/\/www.esplac.cat\/es\/inscripcions-obertes-per-lart-camp-daquest-estiu\/\" \/>\n<meta property=\"og:site_name\" content=\"Esplac\" \/>\n<meta property=\"article:published_time\" content=\"2016-06-10T09:55:49+00:00\" \/>\n<meta property=\"article:modified_time\" content=\"2019-10-15T16:17:01+00:00\" \/>\n<meta property=\"og:image\" content=\"https:\/\/www.esplac.cat\/wp-content\/uploads\/2016\/06\/Captura-de-pantalla-2016-06-10-a-les-13.53.28.png\" \/>\n\t<meta property=\"og:image:width\" content=\"1744\" \/>\n\t<meta property=\"og:image:height\" content=\"860\" \/>\n\t<meta property=\"og:image:type\" content=\"image\/png\" \/>\n<meta name=\"author\" content=\"Comunicaci\u00f3 Esplac\" \/>\n<meta name=\"twitter:card\" content=\"summary_large_image\" \/>\n<meta name=\"twitter:label1\" content=\"Written by\" \/>\n\t<meta name=\"twitter:data1\" content=\"Comunicaci\u00f3 Esplac\" \/>\n\t<meta name=\"twitter:label2\" content=\"Est. reading time\" \/>\n\t<meta name=\"twitter:data2\" content=\"1 minute\" \/>\n<script type=\"application\/ld+json\" class=\"yoast-schema-graph\">{\"@context\":\"https:\\\/\\\/schema.org\",\"@graph\":[{\"@type\":\"Article\",\"@id\":\"https:\\\/\\\/www.esplac.cat\\\/es\\\/inscripcions-obertes-per-lart-camp-daquest-estiu\\\/#article\",\"isPartOf\":{\"@id\":\"https:\\\/\\\/www.esplac.cat\\\/es\\\/inscripcions-obertes-per-lart-camp-daquest-estiu\\\/\"},\"author\":{\"name\":\"Comunicaci\u00f3 Esplac\",\"@id\":\"https:\\\/\\\/www.esplac.cat\\\/#\\\/schema\\\/person\\\/908383cf240be18b68f8855d0583faca\"},\"headline\":\"Inscripcions obertes per l\u2019ART CAMP d\u2019aquest estiu!\",\"datePublished\":\"2016-06-10T09:55:49+00:00\",\"dateModified\":\"2019-10-15T16:17:01+00:00\",\"mainEntityOfPage\":{\"@id\":\"https:\\\/\\\/www.esplac.cat\\\/es\\\/inscripcions-obertes-per-lart-camp-daquest-estiu\\\/\"},\"wordCount\":256,\"publisher\":{\"@id\":\"https:\\\/\\\/www.esplac.cat\\\/#organization\"},\"image\":{\"@id\":\"https:\\\/\\\/www.esplac.cat\\\/es\\\/inscripcions-obertes-per-lart-camp-daquest-estiu\\\/#primaryimage\"},\"thumbnailUrl\":\"https:\\\/\\\/www.esplac.cat\\\/wp-content\\\/uploads\\\/2016\\\/06\\\/Captura-de-pantalla-2016-06-10-a-les-13.53.28.png\",\"keywords\":[\"artcamp\",\"IFM-SEI\",\"internacional\",\"internacionalisme\",\"soziale bildung\"],\"articleSection\":[\"Activitats esplac\",\"Esplac al m\u00f3n\"],\"inLanguage\":\"en-US\"},{\"@type\":\"WebPage\",\"@id\":\"https:\\\/\\\/www.esplac.cat\\\/es\\\/inscripcions-obertes-per-lart-camp-daquest-estiu\\\/\",\"url\":\"https:\\\/\\\/www.esplac.cat\\\/es\\\/inscripcions-obertes-per-lart-camp-daquest-estiu\\\/\",\"name\":\"Inscripcions obertes per l\u2019ART CAMP d\u2019aquest estiu! - Esplac\",\"isPartOf\":{\"@id\":\"https:\\\/\\\/www.esplac.cat\\\/#website\"},\"primaryImageOfPage\":{\"@id\":\"https:\\\/\\\/www.esplac.cat\\\/es\\\/inscripcions-obertes-per-lart-camp-daquest-estiu\\\/#primaryimage\"},\"image\":{\"@id\":\"https:\\\/\\\/www.esplac.cat\\\/es\\\/inscripcions-obertes-per-lart-camp-daquest-estiu\\\/#primaryimage\"},\"thumbnailUrl\":\"https:\\\/\\\/www.esplac.cat\\\/wp-content\\\/uploads\\\/2016\\\/06\\\/Captura-de-pantalla-2016-06-10-a-les-13.53.28.png\",\"datePublished\":\"2016-06-10T09:55:49+00:00\",\"dateModified\":\"2019-10-15T16:17:01+00:00\",\"breadcrumb\":{\"@id\":\"https:\\\/\\\/www.esplac.cat\\\/es\\\/inscripcions-obertes-per-lart-camp-daquest-estiu\\\/#breadcrumb\"},\"inLanguage\":\"en-US\",\"potentialAction\":[{\"@type\":\"ReadAction\",\"target\":[\"https:\\\/\\\/www.esplac.cat\\\/es\\\/inscripcions-obertes-per-lart-camp-daquest-estiu\\\/\"]}]},{\"@type\":\"ImageObject\",\"inLanguage\":\"en-US\",\"@id\":\"https:\\\/\\\/www.esplac.cat\\\/es\\\/inscripcions-obertes-per-lart-camp-daquest-estiu\\\/#primaryimage\",\"url\":\"https:\\\/\\\/www.esplac.cat\\\/wp-content\\\/uploads\\\/2016\\\/06\\\/Captura-de-pantalla-2016-06-10-a-les-13.53.28.png\",\"contentUrl\":\"https:\\\/\\\/www.esplac.cat\\\/wp-content\\\/uploads\\\/2016\\\/06\\\/Captura-de-pantalla-2016-06-10-a-les-13.53.28.png\",\"width\":1744,\"height\":860},{\"@type\":\"BreadcrumbList\",\"@id\":\"https:\\\/\\\/www.esplac.cat\\\/es\\\/inscripcions-obertes-per-lart-camp-daquest-estiu\\\/#breadcrumb\",\"itemListElement\":[{\"@type\":\"ListItem\",\"position\":1,\"name\":\"Inici\",\"item\":\"https:\\\/\\\/www.esplac.cat\\\/en\\\/\"},{\"@type\":\"ListItem\",\"position\":2,\"name\":\"Inscripcions obertes per l\u2019ART CAMP d\u2019aquest estiu!\"}]},{\"@type\":\"WebSite\",\"@id\":\"https:\\\/\\\/www.esplac.cat\\\/#website\",\"url\":\"https:\\\/\\\/www.esplac.cat\\\/\",\"name\":\"Esplac\",\"description\":\"Esplais Catalans\",\"publisher\":{\"@id\":\"https:\\\/\\\/www.esplac.cat\\\/#organization\"},\"potentialAction\":[{\"@type\":\"SearchAction\",\"target\":{\"@type\":\"EntryPoint\",\"urlTemplate\":\"https:\\\/\\\/www.esplac.cat\\\/?s={search_term_string}\"},\"query-input\":{\"@type\":\"PropertyValueSpecification\",\"valueRequired\":true,\"valueName\":\"search_term_string\"}}],\"inLanguage\":\"en-US\"},{\"@type\":\"Organization\",\"@id\":\"https:\\\/\\\/www.esplac.cat\\\/#organization\",\"name\":\"Esplac\",\"url\":\"https:\\\/\\\/www.esplac.cat\\\/\",\"logo\":{\"@type\":\"ImageObject\",\"inLanguage\":\"en-US\",\"@id\":\"https:\\\/\\\/www.esplac.cat\\\/#\\\/schema\\\/logo\\\/image\\\/\",\"url\":\"https:\\\/\\\/www.esplac.cat\\\/wp-content\\\/uploads\\\/2019\\\/08\\\/logox2.png\",\"contentUrl\":\"https:\\\/\\\/www.esplac.cat\\\/wp-content\\\/uploads\\\/2019\\\/08\\\/logox2.png\",\"width\":600,\"height\":295,\"caption\":\"Esplac\"},\"image\":{\"@id\":\"https:\\\/\\\/www.esplac.cat\\\/#\\\/schema\\\/logo\\\/image\\\/\"}},{\"@type\":\"Person\",\"@id\":\"https:\\\/\\\/www.esplac.cat\\\/#\\\/schema\\\/person\\\/908383cf240be18b68f8855d0583faca\",\"name\":\"Comunicaci\u00f3 Esplac\",\"image\":{\"@type\":\"ImageObject\",\"inLanguage\":\"en-US\",\"@id\":\"https:\\\/\\\/secure.gravatar.com\\\/avatar\\\/7a4cf8feb412a76ea4a740ca02d95b06b2907b5a6c648c2dd0a1082a093c3141?s=96&d=mm&r=g\",\"url\":\"https:\\\/\\\/secure.gravatar.com\\\/avatar\\\/7a4cf8feb412a76ea4a740ca02d95b06b2907b5a6c648c2dd0a1082a093c3141?s=96&d=mm&r=g\",\"contentUrl\":\"https:\\\/\\\/secure.gravatar.com\\\/avatar\\\/7a4cf8feb412a76ea4a740ca02d95b06b2907b5a6c648c2dd0a1082a093c3141?s=96&d=mm&r=g\",\"caption\":\"Comunicaci\u00f3 Esplac\"}}]}<\/script>\n<!-- \/ Yoast SEO plugin. -->","yoast_head_json":{"title":"Inscripcions obertes per l\u2019ART CAMP d\u2019aquest estiu! - Esplac","robots":{"index":"index","follow":"follow","max-snippet":"max-snippet:-1","max-image-preview":"max-image-preview:large","max-video-preview":"max-video-preview:-1"},"canonical":"https:\/\/www.esplac.cat\/es\/inscripcions-obertes-per-lart-camp-daquest-estiu\/","og_locale":"en_US","og_type":"article","og_title":"Inscripcions obertes per l\u2019ART CAMP d\u2019aquest estiu! - Esplac","og_description":"Un grup de joves i monis est\u00e0 convidat a participar [&hellip;]","og_url":"https:\/\/www.esplac.cat\/es\/inscripcions-obertes-per-lart-camp-daquest-estiu\/","og_site_name":"Esplac","article_published_time":"2016-06-10T09:55:49+00:00","article_modified_time":"2019-10-15T16:17:01+00:00","og_image":[{"width":1744,"height":860,"url":"https:\/\/www.esplac.cat\/wp-content\/uploads\/2016\/06\/Captura-de-pantalla-2016-06-10-a-les-13.53.28.png","type":"image\/png"}],"author":"Comunicaci\u00f3 Esplac","twitter_card":"summary_large_image","twitter_misc":{"Written by":"Comunicaci\u00f3 Esplac","Est. reading time":"1 minute"},"schema":{"@context":"https:\/\/schema.org","@graph":[{"@type":"Article","@id":"https:\/\/www.esplac.cat\/es\/inscripcions-obertes-per-lart-camp-daquest-estiu\/#article","isPartOf":{"@id":"https:\/\/www.esplac.cat\/es\/inscripcions-obertes-per-lart-camp-daquest-estiu\/"},"author":{"name":"Comunicaci\u00f3 Esplac","@id":"https:\/\/www.esplac.cat\/#\/schema\/person\/908383cf240be18b68f8855d0583faca"},"headline":"Inscripcions obertes per l\u2019ART CAMP d\u2019aquest estiu!","datePublished":"2016-06-10T09:55:49+00:00","dateModified":"2019-10-15T16:17:01+00:00","mainEntityOfPage":{"@id":"https:\/\/www.esplac.cat\/es\/inscripcions-obertes-per-lart-camp-daquest-estiu\/"},"wordCount":256,"publisher":{"@id":"https:\/\/www.esplac.cat\/#organization"},"image":{"@id":"https:\/\/www.esplac.cat\/es\/inscripcions-obertes-per-lart-camp-daquest-estiu\/#primaryimage"},"thumbnailUrl":"https:\/\/www.esplac.cat\/wp-content\/uploads\/2016\/06\/Captura-de-pantalla-2016-06-10-a-les-13.53.28.png","keywords":["artcamp","IFM-SEI","internacional","internacionalisme","soziale bildung"],"articleSection":["Activitats esplac","Esplac al m\u00f3n"],"inLanguage":"en-US"},{"@type":"WebPage","@id":"https:\/\/www.esplac.cat\/es\/inscripcions-obertes-per-lart-camp-daquest-estiu\/","url":"https:\/\/www.esplac.cat\/es\/inscripcions-obertes-per-lart-camp-daquest-estiu\/","name":"Inscripcions obertes per l\u2019ART CAMP d\u2019aquest estiu! - Esplac","isPartOf":{"@id":"https:\/\/www.esplac.cat\/#website"},"primaryImageOfPage":{"@id":"https:\/\/www.esplac.cat\/es\/inscripcions-obertes-per-lart-camp-daquest-estiu\/#primaryimage"},"image":{"@id":"https:\/\/www.esplac.cat\/es\/inscripcions-obertes-per-lart-camp-daquest-estiu\/#primaryimage"},"thumbnailUrl":"https:\/\/www.esplac.cat\/wp-content\/uploads\/2016\/06\/Captura-de-pantalla-2016-06-10-a-les-13.53.28.png","datePublished":"2016-06-10T09:55:49+00:00","dateModified":"2019-10-15T16:17:01+00:00","breadcrumb":{"@id":"https:\/\/www.esplac.cat\/es\/inscripcions-obertes-per-lart-camp-daquest-estiu\/#breadcrumb"},"inLanguage":"en-US","potentialAction":[{"@type":"ReadAction","target":["https:\/\/www.esplac.cat\/es\/inscripcions-obertes-per-lart-camp-daquest-estiu\/"]}]},{"@type":"ImageObject","inLanguage":"en-US","@id":"https:\/\/www.esplac.cat\/es\/inscripcions-obertes-per-lart-camp-daquest-estiu\/#primaryimage","url":"https:\/\/www.esplac.cat\/wp-content\/uploads\/2016\/06\/Captura-de-pantalla-2016-06-10-a-les-13.53.28.png","contentUrl":"https:\/\/www.esplac.cat\/wp-content\/uploads\/2016\/06\/Captura-de-pantalla-2016-06-10-a-les-13.53.28.png","width":1744,"height":860},{"@type":"BreadcrumbList","@id":"https:\/\/www.esplac.cat\/es\/inscripcions-obertes-per-lart-camp-daquest-estiu\/#breadcrumb","itemListElement":[{"@type":"ListItem","position":1,"name":"Inici","item":"https:\/\/www.esplac.cat\/en\/"},{"@type":"ListItem","position":2,"name":"Inscripcions obertes per l\u2019ART CAMP d\u2019aquest estiu!"}]},{"@type":"WebSite","@id":"https:\/\/www.esplac.cat\/#website","url":"https:\/\/www.esplac.cat\/","name":"Esplac","description":"Esplais Catalans","publisher":{"@id":"https:\/\/www.esplac.cat\/#organization"},"potentialAction":[{"@type":"SearchAction","target":{"@type":"EntryPoint","urlTemplate":"https:\/\/www.esplac.cat\/?s={search_term_string}"},"query-input":{"@type":"PropertyValueSpecification","valueRequired":true,"valueName":"search_term_string"}}],"inLanguage":"en-US"},{"@type":"Organization","@id":"https:\/\/www.esplac.cat\/#organization","name":"Esplac","url":"https:\/\/www.esplac.cat\/","logo":{"@type":"ImageObject","inLanguage":"en-US","@id":"https:\/\/www.esplac.cat\/#\/schema\/logo\/image\/","url":"https:\/\/www.esplac.cat\/wp-content\/uploads\/2019\/08\/logox2.png","contentUrl":"https:\/\/www.esplac.cat\/wp-content\/uploads\/2019\/08\/logox2.png","width":600,"height":295,"caption":"Esplac"},"image":{"@id":"https:\/\/www.esplac.cat\/#\/schema\/logo\/image\/"}},{"@type":"Person","@id":"https:\/\/www.esplac.cat\/#\/schema\/person\/908383cf240be18b68f8855d0583faca","name":"Comunicaci\u00f3 Esplac","image":{"@type":"ImageObject","inLanguage":"en-US","@id":"https:\/\/secure.gravatar.com\/avatar\/7a4cf8feb412a76ea4a740ca02d95b06b2907b5a6c648c2dd0a1082a093c3141?s=96&d=mm&r=g","url":"https:\/\/secure.gravatar.com\/avatar\/7a4cf8feb412a76ea4a740ca02d95b06b2907b5a6c648c2dd0a1082a093c3141?s=96&d=mm&r=g","contentUrl":"https:\/\/secure.gravatar.com\/avatar\/7a4cf8feb412a76ea4a740ca02d95b06b2907b5a6c648c2dd0a1082a093c3141?s=96&d=mm&r=g","caption":"Comunicaci\u00f3 Esplac"}}]}},"_links":{"self":[{"href":"https:\/\/www.esplac.cat\/en\/wp-json\/wp\/v2\/posts\/25056","targetHints":{"allow":["GET"]}}],"collection":[{"href":"https:\/\/www.esplac.cat\/en\/wp-json\/wp\/v2\/posts"}],"about":[{"href":"https:\/\/www.esplac.cat\/en\/wp-json\/wp\/v2\/types\/post"}],"author":[{"embeddable":true,"href":"https:\/\/www.esplac.cat\/en\/wp-json\/wp\/v2\/users\/3"}],"replies":[{"embeddable":true,"href":"https:\/\/www.esplac.cat\/en\/wp-json\/wp\/v2\/comments?post=25056"}],"version-history":[{"count":0,"href":"https:\/\/www.esplac.cat\/en\/wp-json\/wp\/v2\/posts\/25056\/revisions"}],"wp:featuredmedia":[{"embeddable":true,"href":"https:\/\/www.esplac.cat\/en\/wp-json\/wp\/v2\/media\/25057"}],"wp:attachment":[{"href":"https:\/\/www.esplac.cat\/en\/wp-json\/wp\/v2\/media?parent=25056"}],"wp:term":[{"taxonomy":"category","embeddable":true,"href":"https:\/\/www.esplac.cat\/en\/wp-json\/wp\/v2\/categories?post=25056"},{"taxonomy":"post_tag","embeddable":true,"href":"https:\/\/www.esplac.cat\/en\/wp-json\/wp\/v2\/tags?post=25056"}],"curies":[{"name":"wp","href":"https:\/\/api.w.org\/{rel}","templated":true}]}}