{"id":25094,"date":"2016-06-01T11:55:11","date_gmt":"2016-06-01T09:55:11","guid":{"rendered":"http:\/\/esplac.cat\/?p=10792"},"modified":"2019-10-15T18:19:49","modified_gmt":"2019-10-15T16:19:49","slug":"el-sector-baix-llobregat-sorteja-una-panera-estiuenca-per-a-lautogestio","status":"publish","type":"post","link":"https:\/\/www.esplac.cat\/en\/el-sector-baix-llobregat-sorteja-una-panera-estiuenca-per-a-lautogestio\/","title":{"rendered":"El Sector Baix Llobregat sorteja una Panera estiuenca per a l&#8217;autogesti\u00f3"},"content":{"rendered":"<h4>Els esplais del Baix Llobregat hem impulsat una campanya econ\u00f2mica per a l&#8217;autogesti\u00f3 de les activitats del sector. L&#8217;objectiu \u00e9s aconseguir\u00a02.000 euros.<\/h4>\n<p>Enguany la participaci\u00f3 dels esplais en les activitats del sector, com les Trobades d&#8217;infants i joves i el DUDI, s&#8217;ha multiplicat i ha superat totes les expectatives. <strong>El pressupost de sector se&#8217;ns ha quedat petit<\/strong> i entre altres coses, hem organitzat una super panera del sector.<\/p>\n<p>La Panera est\u00e0 formada per<strong> productes de la terra<\/strong>, gr\u00e0cies als comer\u00e7os col\u00b7laboradors de les diferents poblacions i, evidentment, marxandatge dels esplais aix\u00ed com material fet pels infants i joves d&#8217;aquests. El valor econ\u00f2mic i sentimental de la panera \u00e9s incalculable!<\/p>\n<p><strong>La butlleta t\u00e9 un cost de 2 euros i el sorteig es realitzar\u00e0 el 16 de juny,<\/strong> corresponent amb les 3 darreres xifres del n\u00famero de sorteig del \u00abcup\u00f3n diario\u00bb de l&#8217;ONCE. Els diners d&#8217;aquesta butlleta aniran \u00edntegrament a poder realitzar les activitats on participen els infants, joves, monis i mones dels esplais del sector.<\/p>\n<p>Si encara no tens la teva butlleta, afanya&#8217;t que ja en queden poques! Envieu un correu a baixllobregat@esplac.cat<\/p>\n<p>&nbsp;<\/p>\n","protected":false},"excerpt":{"rendered":"<p>Els esplais del Baix Llobregat hem impulsat una campanya econ\u00f2mica [&hellip;]<\/p>\n","protected":false},"author":3,"featured_media":25095,"comment_status":"closed","ping_status":"open","sticky":false,"template":"","format":"standard","meta":{"om_disable_all_campaigns":false,"_monsterinsights_skip_tracking":false,"_monsterinsights_sitenote_active":false,"_monsterinsights_sitenote_note":"","_monsterinsights_sitenote_category":0,"_uf_show_specific_survey":0,"_uf_disable_surveys":false,"footnotes":""},"categories":[1110,1124],"tags":[616,23],"class_list":["post-25094","post","type-post","status-publish","format-standard","has-post-thumbnail","hentry","category-activitats-sectors","category-sector-baix-llobregat","tag-baix-llobregat","tag-sectors-geografics"],"yoast_head":"<!-- This site is optimized with the Yoast SEO plugin v27.4 - https:\/\/yoast.com\/product\/yoast-seo-wordpress\/ -->\n<title>El Sector Baix Llobregat sorteja una Panera estiuenca per a l&#039;autogesti\u00f3 - Esplac<\/title>\n<meta name=\"robots\" content=\"index, follow, max-snippet:-1, max-image-preview:large, max-video-preview:-1\" \/>\n<link rel=\"canonical\" href=\"https:\/\/www.esplac.cat\/el-sector-baix-llobregat-sorteja-una-panera-estiuenca-per-a-lautogestio\/\" \/>\n<meta property=\"og:locale\" content=\"en_US\" \/>\n<meta property=\"og:type\" content=\"article\" \/>\n<meta property=\"og:title\" content=\"El Sector Baix Llobregat sorteja una Panera estiuenca per a l&#039;autogesti\u00f3 - Esplac\" \/>\n<meta property=\"og:description\" content=\"Els esplais del Baix Llobregat hem impulsat una campanya econ\u00f2mica [&hellip;]\" \/>\n<meta property=\"og:url\" content=\"https:\/\/www.esplac.cat\/el-sector-baix-llobregat-sorteja-una-panera-estiuenca-per-a-lautogestio\/\" \/>\n<meta property=\"og:site_name\" content=\"Esplac\" \/>\n<meta property=\"article:published_time\" content=\"2016-06-01T09:55:11+00:00\" \/>\n<meta property=\"article:modified_time\" content=\"2019-10-15T16:19:49+00:00\" \/>\n<meta property=\"og:image\" content=\"https:\/\/www.esplac.cat\/wp-content\/uploads\/2016\/06\/20160601_Panera.jpg\" \/>\n\t<meta property=\"og:image:width\" content=\"847\" \/>\n\t<meta property=\"og:image:height\" content=\"350\" \/>\n\t<meta property=\"og:image:type\" content=\"image\/jpeg\" \/>\n<meta name=\"author\" content=\"Comunicaci\u00f3 Esplac\" \/>\n<meta name=\"twitter:card\" content=\"summary_large_image\" \/>\n<meta name=\"twitter:label1\" content=\"Written by\" \/>\n\t<meta name=\"twitter:data1\" content=\"Comunicaci\u00f3 Esplac\" \/>\n\t<meta name=\"twitter:label2\" content=\"Est. reading time\" \/>\n\t<meta name=\"twitter:data2\" content=\"1 minute\" \/>\n<script type=\"application\/ld+json\" class=\"yoast-schema-graph\">{\"@context\":\"https:\\\/\\\/schema.org\",\"@graph\":[{\"@type\":\"Article\",\"@id\":\"https:\\\/\\\/www.esplac.cat\\\/el-sector-baix-llobregat-sorteja-una-panera-estiuenca-per-a-lautogestio\\\/#article\",\"isPartOf\":{\"@id\":\"https:\\\/\\\/www.esplac.cat\\\/el-sector-baix-llobregat-sorteja-una-panera-estiuenca-per-a-lautogestio\\\/\"},\"author\":{\"name\":\"Comunicaci\u00f3 Esplac\",\"@id\":\"https:\\\/\\\/www.esplac.cat\\\/#\\\/schema\\\/person\\\/908383cf240be18b68f8855d0583faca\"},\"headline\":\"El Sector Baix Llobregat sorteja una Panera estiuenca per a l&#8217;autogesti\u00f3\",\"datePublished\":\"2016-06-01T09:55:11+00:00\",\"dateModified\":\"2019-10-15T16:19:49+00:00\",\"mainEntityOfPage\":{\"@id\":\"https:\\\/\\\/www.esplac.cat\\\/el-sector-baix-llobregat-sorteja-una-panera-estiuenca-per-a-lautogestio\\\/\"},\"wordCount\":210,\"publisher\":{\"@id\":\"https:\\\/\\\/www.esplac.cat\\\/#organization\"},\"image\":{\"@id\":\"https:\\\/\\\/www.esplac.cat\\\/el-sector-baix-llobregat-sorteja-una-panera-estiuenca-per-a-lautogestio\\\/#primaryimage\"},\"thumbnailUrl\":\"https:\\\/\\\/www.esplac.cat\\\/wp-content\\\/uploads\\\/2016\\\/06\\\/20160601_Panera.jpg\",\"keywords\":[\"baix llobregat\",\"sectors geogr\u00e0fics\"],\"articleSection\":[\"Activitats sectors\",\"Sector Baix Llobregat\"],\"inLanguage\":\"en-US\"},{\"@type\":\"WebPage\",\"@id\":\"https:\\\/\\\/www.esplac.cat\\\/el-sector-baix-llobregat-sorteja-una-panera-estiuenca-per-a-lautogestio\\\/\",\"url\":\"https:\\\/\\\/www.esplac.cat\\\/el-sector-baix-llobregat-sorteja-una-panera-estiuenca-per-a-lautogestio\\\/\",\"name\":\"El Sector Baix Llobregat sorteja una Panera estiuenca per a l'autogesti\u00f3 - Esplac\",\"isPartOf\":{\"@id\":\"https:\\\/\\\/www.esplac.cat\\\/#website\"},\"primaryImageOfPage\":{\"@id\":\"https:\\\/\\\/www.esplac.cat\\\/el-sector-baix-llobregat-sorteja-una-panera-estiuenca-per-a-lautogestio\\\/#primaryimage\"},\"image\":{\"@id\":\"https:\\\/\\\/www.esplac.cat\\\/el-sector-baix-llobregat-sorteja-una-panera-estiuenca-per-a-lautogestio\\\/#primaryimage\"},\"thumbnailUrl\":\"https:\\\/\\\/www.esplac.cat\\\/wp-content\\\/uploads\\\/2016\\\/06\\\/20160601_Panera.jpg\",\"datePublished\":\"2016-06-01T09:55:11+00:00\",\"dateModified\":\"2019-10-15T16:19:49+00:00\",\"breadcrumb\":{\"@id\":\"https:\\\/\\\/www.esplac.cat\\\/el-sector-baix-llobregat-sorteja-una-panera-estiuenca-per-a-lautogestio\\\/#breadcrumb\"},\"inLanguage\":\"en-US\",\"potentialAction\":[{\"@type\":\"ReadAction\",\"target\":[\"https:\\\/\\\/www.esplac.cat\\\/el-sector-baix-llobregat-sorteja-una-panera-estiuenca-per-a-lautogestio\\\/\"]}]},{\"@type\":\"ImageObject\",\"inLanguage\":\"en-US\",\"@id\":\"https:\\\/\\\/www.esplac.cat\\\/el-sector-baix-llobregat-sorteja-una-panera-estiuenca-per-a-lautogestio\\\/#primaryimage\",\"url\":\"https:\\\/\\\/www.esplac.cat\\\/wp-content\\\/uploads\\\/2016\\\/06\\\/20160601_Panera.jpg\",\"contentUrl\":\"https:\\\/\\\/www.esplac.cat\\\/wp-content\\\/uploads\\\/2016\\\/06\\\/20160601_Panera.jpg\",\"width\":847,\"height\":350},{\"@type\":\"BreadcrumbList\",\"@id\":\"https:\\\/\\\/www.esplac.cat\\\/el-sector-baix-llobregat-sorteja-una-panera-estiuenca-per-a-lautogestio\\\/#breadcrumb\",\"itemListElement\":[{\"@type\":\"ListItem\",\"position\":1,\"name\":\"Inici\",\"item\":\"https:\\\/\\\/www.esplac.cat\\\/en\\\/\"},{\"@type\":\"ListItem\",\"position\":2,\"name\":\"El Sector Baix Llobregat sorteja una Panera estiuenca per a l&#8217;autogesti\u00f3\"}]},{\"@type\":\"WebSite\",\"@id\":\"https:\\\/\\\/www.esplac.cat\\\/#website\",\"url\":\"https:\\\/\\\/www.esplac.cat\\\/\",\"name\":\"Esplac\",\"description\":\"Esplais Catalans\",\"publisher\":{\"@id\":\"https:\\\/\\\/www.esplac.cat\\\/#organization\"},\"potentialAction\":[{\"@type\":\"SearchAction\",\"target\":{\"@type\":\"EntryPoint\",\"urlTemplate\":\"https:\\\/\\\/www.esplac.cat\\\/?s={search_term_string}\"},\"query-input\":{\"@type\":\"PropertyValueSpecification\",\"valueRequired\":true,\"valueName\":\"search_term_string\"}}],\"inLanguage\":\"en-US\"},{\"@type\":\"Organization\",\"@id\":\"https:\\\/\\\/www.esplac.cat\\\/#organization\",\"name\":\"Esplac\",\"url\":\"https:\\\/\\\/www.esplac.cat\\\/\",\"logo\":{\"@type\":\"ImageObject\",\"inLanguage\":\"en-US\",\"@id\":\"https:\\\/\\\/www.esplac.cat\\\/#\\\/schema\\\/logo\\\/image\\\/\",\"url\":\"https:\\\/\\\/www.esplac.cat\\\/wp-content\\\/uploads\\\/2019\\\/08\\\/logox2.png\",\"contentUrl\":\"https:\\\/\\\/www.esplac.cat\\\/wp-content\\\/uploads\\\/2019\\\/08\\\/logox2.png\",\"width\":600,\"height\":295,\"caption\":\"Esplac\"},\"image\":{\"@id\":\"https:\\\/\\\/www.esplac.cat\\\/#\\\/schema\\\/logo\\\/image\\\/\"}},{\"@type\":\"Person\",\"@id\":\"https:\\\/\\\/www.esplac.cat\\\/#\\\/schema\\\/person\\\/908383cf240be18b68f8855d0583faca\",\"name\":\"Comunicaci\u00f3 Esplac\",\"image\":{\"@type\":\"ImageObject\",\"inLanguage\":\"en-US\",\"@id\":\"https:\\\/\\\/secure.gravatar.com\\\/avatar\\\/7a4cf8feb412a76ea4a740ca02d95b06b2907b5a6c648c2dd0a1082a093c3141?s=96&d=mm&r=g\",\"url\":\"https:\\\/\\\/secure.gravatar.com\\\/avatar\\\/7a4cf8feb412a76ea4a740ca02d95b06b2907b5a6c648c2dd0a1082a093c3141?s=96&d=mm&r=g\",\"contentUrl\":\"https:\\\/\\\/secure.gravatar.com\\\/avatar\\\/7a4cf8feb412a76ea4a740ca02d95b06b2907b5a6c648c2dd0a1082a093c3141?s=96&d=mm&r=g\",\"caption\":\"Comunicaci\u00f3 Esplac\"}}]}<\/script>\n<!-- \/ Yoast SEO plugin. -->","yoast_head_json":{"title":"El Sector Baix Llobregat sorteja una Panera estiuenca per a l'autogesti\u00f3 - Esplac","robots":{"index":"index","follow":"follow","max-snippet":"max-snippet:-1","max-image-preview":"max-image-preview:large","max-video-preview":"max-video-preview:-1"},"canonical":"https:\/\/www.esplac.cat\/el-sector-baix-llobregat-sorteja-una-panera-estiuenca-per-a-lautogestio\/","og_locale":"en_US","og_type":"article","og_title":"El Sector Baix Llobregat sorteja una Panera estiuenca per a l'autogesti\u00f3 - Esplac","og_description":"Els esplais del Baix Llobregat hem impulsat una campanya econ\u00f2mica [&hellip;]","og_url":"https:\/\/www.esplac.cat\/el-sector-baix-llobregat-sorteja-una-panera-estiuenca-per-a-lautogestio\/","og_site_name":"Esplac","article_published_time":"2016-06-01T09:55:11+00:00","article_modified_time":"2019-10-15T16:19:49+00:00","og_image":[{"width":847,"height":350,"url":"https:\/\/www.esplac.cat\/wp-content\/uploads\/2016\/06\/20160601_Panera.jpg","type":"image\/jpeg"}],"author":"Comunicaci\u00f3 Esplac","twitter_card":"summary_large_image","twitter_misc":{"Written by":"Comunicaci\u00f3 Esplac","Est. reading time":"1 minute"},"schema":{"@context":"https:\/\/schema.org","@graph":[{"@type":"Article","@id":"https:\/\/www.esplac.cat\/el-sector-baix-llobregat-sorteja-una-panera-estiuenca-per-a-lautogestio\/#article","isPartOf":{"@id":"https:\/\/www.esplac.cat\/el-sector-baix-llobregat-sorteja-una-panera-estiuenca-per-a-lautogestio\/"},"author":{"name":"Comunicaci\u00f3 Esplac","@id":"https:\/\/www.esplac.cat\/#\/schema\/person\/908383cf240be18b68f8855d0583faca"},"headline":"El Sector Baix Llobregat sorteja una Panera estiuenca per a l&#8217;autogesti\u00f3","datePublished":"2016-06-01T09:55:11+00:00","dateModified":"2019-10-15T16:19:49+00:00","mainEntityOfPage":{"@id":"https:\/\/www.esplac.cat\/el-sector-baix-llobregat-sorteja-una-panera-estiuenca-per-a-lautogestio\/"},"wordCount":210,"publisher":{"@id":"https:\/\/www.esplac.cat\/#organization"},"image":{"@id":"https:\/\/www.esplac.cat\/el-sector-baix-llobregat-sorteja-una-panera-estiuenca-per-a-lautogestio\/#primaryimage"},"thumbnailUrl":"https:\/\/www.esplac.cat\/wp-content\/uploads\/2016\/06\/20160601_Panera.jpg","keywords":["baix llobregat","sectors geogr\u00e0fics"],"articleSection":["Activitats sectors","Sector Baix Llobregat"],"inLanguage":"en-US"},{"@type":"WebPage","@id":"https:\/\/www.esplac.cat\/el-sector-baix-llobregat-sorteja-una-panera-estiuenca-per-a-lautogestio\/","url":"https:\/\/www.esplac.cat\/el-sector-baix-llobregat-sorteja-una-panera-estiuenca-per-a-lautogestio\/","name":"El Sector Baix Llobregat sorteja una Panera estiuenca per a l'autogesti\u00f3 - Esplac","isPartOf":{"@id":"https:\/\/www.esplac.cat\/#website"},"primaryImageOfPage":{"@id":"https:\/\/www.esplac.cat\/el-sector-baix-llobregat-sorteja-una-panera-estiuenca-per-a-lautogestio\/#primaryimage"},"image":{"@id":"https:\/\/www.esplac.cat\/el-sector-baix-llobregat-sorteja-una-panera-estiuenca-per-a-lautogestio\/#primaryimage"},"thumbnailUrl":"https:\/\/www.esplac.cat\/wp-content\/uploads\/2016\/06\/20160601_Panera.jpg","datePublished":"2016-06-01T09:55:11+00:00","dateModified":"2019-10-15T16:19:49+00:00","breadcrumb":{"@id":"https:\/\/www.esplac.cat\/el-sector-baix-llobregat-sorteja-una-panera-estiuenca-per-a-lautogestio\/#breadcrumb"},"inLanguage":"en-US","potentialAction":[{"@type":"ReadAction","target":["https:\/\/www.esplac.cat\/el-sector-baix-llobregat-sorteja-una-panera-estiuenca-per-a-lautogestio\/"]}]},{"@type":"ImageObject","inLanguage":"en-US","@id":"https:\/\/www.esplac.cat\/el-sector-baix-llobregat-sorteja-una-panera-estiuenca-per-a-lautogestio\/#primaryimage","url":"https:\/\/www.esplac.cat\/wp-content\/uploads\/2016\/06\/20160601_Panera.jpg","contentUrl":"https:\/\/www.esplac.cat\/wp-content\/uploads\/2016\/06\/20160601_Panera.jpg","width":847,"height":350},{"@type":"BreadcrumbList","@id":"https:\/\/www.esplac.cat\/el-sector-baix-llobregat-sorteja-una-panera-estiuenca-per-a-lautogestio\/#breadcrumb","itemListElement":[{"@type":"ListItem","position":1,"name":"Inici","item":"https:\/\/www.esplac.cat\/en\/"},{"@type":"ListItem","position":2,"name":"El Sector Baix Llobregat sorteja una Panera estiuenca per a l&#8217;autogesti\u00f3"}]},{"@type":"WebSite","@id":"https:\/\/www.esplac.cat\/#website","url":"https:\/\/www.esplac.cat\/","name":"Esplac","description":"Esplais Catalans","publisher":{"@id":"https:\/\/www.esplac.cat\/#organization"},"potentialAction":[{"@type":"SearchAction","target":{"@type":"EntryPoint","urlTemplate":"https:\/\/www.esplac.cat\/?s={search_term_string}"},"query-input":{"@type":"PropertyValueSpecification","valueRequired":true,"valueName":"search_term_string"}}],"inLanguage":"en-US"},{"@type":"Organization","@id":"https:\/\/www.esplac.cat\/#organization","name":"Esplac","url":"https:\/\/www.esplac.cat\/","logo":{"@type":"ImageObject","inLanguage":"en-US","@id":"https:\/\/www.esplac.cat\/#\/schema\/logo\/image\/","url":"https:\/\/www.esplac.cat\/wp-content\/uploads\/2019\/08\/logox2.png","contentUrl":"https:\/\/www.esplac.cat\/wp-content\/uploads\/2019\/08\/logox2.png","width":600,"height":295,"caption":"Esplac"},"image":{"@id":"https:\/\/www.esplac.cat\/#\/schema\/logo\/image\/"}},{"@type":"Person","@id":"https:\/\/www.esplac.cat\/#\/schema\/person\/908383cf240be18b68f8855d0583faca","name":"Comunicaci\u00f3 Esplac","image":{"@type":"ImageObject","inLanguage":"en-US","@id":"https:\/\/secure.gravatar.com\/avatar\/7a4cf8feb412a76ea4a740ca02d95b06b2907b5a6c648c2dd0a1082a093c3141?s=96&d=mm&r=g","url":"https:\/\/secure.gravatar.com\/avatar\/7a4cf8feb412a76ea4a740ca02d95b06b2907b5a6c648c2dd0a1082a093c3141?s=96&d=mm&r=g","contentUrl":"https:\/\/secure.gravatar.com\/avatar\/7a4cf8feb412a76ea4a740ca02d95b06b2907b5a6c648c2dd0a1082a093c3141?s=96&d=mm&r=g","caption":"Comunicaci\u00f3 Esplac"}}]}},"_links":{"self":[{"href":"https:\/\/www.esplac.cat\/en\/wp-json\/wp\/v2\/posts\/25094","targetHints":{"allow":["GET"]}}],"collection":[{"href":"https:\/\/www.esplac.cat\/en\/wp-json\/wp\/v2\/posts"}],"about":[{"href":"https:\/\/www.esplac.cat\/en\/wp-json\/wp\/v2\/types\/post"}],"author":[{"embeddable":true,"href":"https:\/\/www.esplac.cat\/en\/wp-json\/wp\/v2\/users\/3"}],"replies":[{"embeddable":true,"href":"https:\/\/www.esplac.cat\/en\/wp-json\/wp\/v2\/comments?post=25094"}],"version-history":[{"count":0,"href":"https:\/\/www.esplac.cat\/en\/wp-json\/wp\/v2\/posts\/25094\/revisions"}],"wp:featuredmedia":[{"embeddable":true,"href":"https:\/\/www.esplac.cat\/en\/wp-json\/wp\/v2\/media\/25095"}],"wp:attachment":[{"href":"https:\/\/www.esplac.cat\/en\/wp-json\/wp\/v2\/media?parent=25094"}],"wp:term":[{"taxonomy":"category","embeddable":true,"href":"https:\/\/www.esplac.cat\/en\/wp-json\/wp\/v2\/categories?post=25094"},{"taxonomy":"post_tag","embeddable":true,"href":"https:\/\/www.esplac.cat\/en\/wp-json\/wp\/v2\/tags?post=25094"}],"curies":[{"name":"wp","href":"https:\/\/api.w.org\/{rel}","templated":true}]}}