{"id":25096,"date":"2016-05-27T10:01:23","date_gmt":"2016-05-27T08:01:23","guid":{"rendered":"http:\/\/esplac.cat\/?p=10769"},"modified":"2020-12-23T11:14:53","modified_gmt":"2020-12-23T10:14:53","slug":"bona-practica-dia-universal-de-la-participacio-infantil-esplai-el-piolet","status":"publish","type":"post","link":"https:\/\/www.esplac.cat\/en\/bona-practica-dia-universal-de-la-participacio-infantil-esplai-el-piolet\/","title":{"rendered":"Bona pr\u00e0ctica: Dia Universal de la Participaci\u00f3 Infantil (Esplai El Piolet)"},"content":{"rendered":"<h4 align=\"JUSTIFY\">Durant l\u2019Escola d\u2019Esplac 2016, vam tenir l\u2019oportunitat d\u2019escoltar i entendre experi\u00e8ncies d\u2019educaci\u00f3 que promouen la participaci\u00f3 en diferents nivells. l\u2019Esplai Piolet ens va explicar els or\u00edgens i objectius del seu DUPI: el Dia Universal de la Participaci\u00f3 infantil que organitzen des de l\u2019esplai.<\/h4>\n<p align=\"JUSTIFY\">La idea del DUPI va sortir arrel d\u2019una activitat organitzada pel casal de joves de Barber\u00e0. Aquest organitzava les JASP (Joves amb Sensibilitat Pol\u00edtica) on les joves feien propostes pel municipi, sempre coincidint amb les eleccions. L&#8217;esplai va decidir fer-ho tamb\u00e9 amb els infants, creant el IASP (Infants amb Sensibilitat Pol\u00edtica).<\/p>\n<p align=\"JUSTIFY\">Les primeres edicions del IASP es basaven en passejar amb els alcaldables per la ciutat amb els infants de l\u2019esplai i anar <strong>analitzant les diferents mancances que hi trobaven<\/strong> i donar a con\u00e8ixer les propostes que feien els infants. M\u00e9s endavant, l\u2019Ajuntament de Barber\u00e0 del Vall\u00e8s ho va fer accessible a m\u00e9s infants de la ciutat i van anar per les escoles recollint les aportacions i propostes d&#8217;infants de prim\u00e0ria del municipi.<\/p>\n<p align=\"JUSTIFY\">L\u2019esplai va valorar que no podia ser una acci\u00f3 de cada 4 anys fundant, com a alternativa, el DUPI (Diada Universal per a la Participaci\u00f3 Infantil). Els objectius principals s\u00f3n <strong> visibilitzar la inf\u00e0ncia i potenciar que els infants coneguin el seu municipi i que hi participin activament<\/strong>. Per aix\u00f2 cada any el DUPI t\u00e9 un format diferent, segons les necessitats del moment, dels infants que hi participen, etc.<\/p>\n<p align=\"JUSTIFY\">En el DUPI 13\/14, van girar al voltant de l\u2019<strong>ordenan\u00e7a de civisme<\/strong> de Barber\u00e0. Els infants i joves de l\u2019esplai van proposar canvis que es van tenir en compte en la modificaci\u00f3 de les lleis municipals. A m\u00e9s, arrel d\u2019aquesta acci\u00f3 es va crear el Consell de la Inf\u00e0ncia de Barber\u00e0.<\/p>\n<p align=\"JUSTIFY\">El curs 14\/15 van voler aprofundir en l&#8217;\u00e0mbit municipal i van organitzar una <strong>Jornada Anticapitalista per Barber\u00e0<\/strong>: una gimcana amb proves que servien per reflexionar sobre el m\u00f3n en el que vivim (desigualtat, capitalisme, medi ambient, etc.).<\/p>\n<p align=\"JUSTIFY\">Aquest any 15\/16 l&#8217;esplai ha celebrat 25 anys i van voler fer coincidir l\u2019aniversari amb la celebraci\u00f3 del DUPI. Van programar una <strong>marat\u00f3 de jocs<\/strong> que va durar 25 hores amb l\u2019objectiu de reivindicar els Drets dels Infants en general i la Participaci\u00f3 Infantil, en particular.<\/p>\n<p align=\"JUSTIFY\">Per a saber-ne m\u00e9s, podeu fer-li una ullada als <strong>Recursos Did\u00e0ctics<\/strong> disponibles al web d\u2019Esplac, amb el <a href=\"http:\/\/esplac.cat\/recursos-didactics\/#1457621940385-f41b3921-121f\">Dec\u00e0leg de Participaci\u00f3<\/a>\u00a0com a destacat i <a href=\"http:\/\/esplac.cat\/tenimdrets-recursos-per-treballar-els-drets-dels-infants\/\">aquesta web<\/a>, on trobarem alguns recursos per treballar expl\u00edcitament els Drets dels Infants a l\u2019esplai.<\/p>\n<p align=\"JUSTIFY\">\n","protected":false},"excerpt":{"rendered":"<p>Durant l\u2019Escola d\u2019Esplac 2016, vam tenir l\u2019oportunitat d\u2019escoltar i entendre [&hellip;]<\/p>\n","protected":false},"author":3,"featured_media":25097,"comment_status":"closed","ping_status":"open","sticky":false,"template":"","format":"standard","meta":{"om_disable_all_campaigns":false,"_monsterinsights_skip_tracking":false,"_monsterinsights_sitenote_active":false,"_monsterinsights_sitenote_note":"","_monsterinsights_sitenote_category":0,"_uf_show_specific_survey":0,"_uf_disable_surveys":false,"footnotes":""},"categories":[1110,1121,1167,1328,1114,1137],"tags":[67,377],"class_list":["post-25096","post","type-post","status-publish","format-standard","has-post-thumbnail","hentry","category-activitats-sectors","category-bones-practiques-2","category-infancia","category-participacio","category-recursos","category-sector-valles","tag-bones-practiques","tag-participacio-infantil"],"yoast_head":"<!-- This site is optimized with the Yoast SEO plugin v27.4 - https:\/\/yoast.com\/product\/yoast-seo-wordpress\/ -->\n<title>Bona pr\u00e0ctica: Dia Universal de la Participaci\u00f3 Infantil (Esplai El Piolet) - Esplac<\/title>\n<meta name=\"robots\" content=\"index, follow, max-snippet:-1, max-image-preview:large, max-video-preview:-1\" \/>\n<link rel=\"canonical\" href=\"https:\/\/www.esplac.cat\/en\/bona-practica-dia-universal-de-la-participacio-infantil-esplai-el-piolet\/\" \/>\n<meta property=\"og:locale\" content=\"en_US\" \/>\n<meta property=\"og:type\" content=\"article\" \/>\n<meta property=\"og:title\" content=\"Bona pr\u00e0ctica: Dia Universal de la Participaci\u00f3 Infantil (Esplai El Piolet) - Esplac\" \/>\n<meta property=\"og:description\" content=\"Durant l\u2019Escola d\u2019Esplac 2016, vam tenir l\u2019oportunitat d\u2019escoltar i entendre [&hellip;]\" \/>\n<meta property=\"og:url\" content=\"https:\/\/www.esplac.cat\/en\/bona-practica-dia-universal-de-la-participacio-infantil-esplai-el-piolet\/\" \/>\n<meta property=\"og:site_name\" content=\"Esplac\" \/>\n<meta property=\"article:published_time\" content=\"2016-05-27T08:01:23+00:00\" \/>\n<meta property=\"article:modified_time\" content=\"2020-12-23T10:14:53+00:00\" \/>\n<meta property=\"og:image\" content=\"https:\/\/www.esplac.cat\/wp-content\/uploads\/2016\/05\/20160526_BP_ElPiolet.png\" \/>\n\t<meta property=\"og:image:width\" content=\"847\" \/>\n\t<meta property=\"og:image:height\" content=\"350\" \/>\n\t<meta property=\"og:image:type\" content=\"image\/png\" \/>\n<meta name=\"author\" content=\"Comunicaci\u00f3 Esplac\" \/>\n<meta name=\"twitter:card\" content=\"summary_large_image\" \/>\n<meta name=\"twitter:label1\" content=\"Written by\" \/>\n\t<meta name=\"twitter:data1\" content=\"Comunicaci\u00f3 Esplac\" \/>\n\t<meta name=\"twitter:label2\" content=\"Est. reading time\" \/>\n\t<meta name=\"twitter:data2\" content=\"2 minutes\" \/>\n<script type=\"application\/ld+json\" class=\"yoast-schema-graph\">{\"@context\":\"https:\\\/\\\/schema.org\",\"@graph\":[{\"@type\":\"Article\",\"@id\":\"https:\\\/\\\/www.esplac.cat\\\/en\\\/bona-practica-dia-universal-de-la-participacio-infantil-esplai-el-piolet\\\/#article\",\"isPartOf\":{\"@id\":\"https:\\\/\\\/www.esplac.cat\\\/en\\\/bona-practica-dia-universal-de-la-participacio-infantil-esplai-el-piolet\\\/\"},\"author\":{\"name\":\"Comunicaci\u00f3 Esplac\",\"@id\":\"https:\\\/\\\/www.esplac.cat\\\/#\\\/schema\\\/person\\\/908383cf240be18b68f8855d0583faca\"},\"headline\":\"Bona pr\u00e0ctica: Dia Universal de la Participaci\u00f3 Infantil (Esplai El Piolet)\",\"datePublished\":\"2016-05-27T08:01:23+00:00\",\"dateModified\":\"2020-12-23T10:14:53+00:00\",\"mainEntityOfPage\":{\"@id\":\"https:\\\/\\\/www.esplac.cat\\\/en\\\/bona-practica-dia-universal-de-la-participacio-infantil-esplai-el-piolet\\\/\"},\"wordCount\":453,\"publisher\":{\"@id\":\"https:\\\/\\\/www.esplac.cat\\\/#organization\"},\"image\":{\"@id\":\"https:\\\/\\\/www.esplac.cat\\\/en\\\/bona-practica-dia-universal-de-la-participacio-infantil-esplai-el-piolet\\\/#primaryimage\"},\"thumbnailUrl\":\"https:\\\/\\\/www.esplac.cat\\\/wp-content\\\/uploads\\\/2016\\\/05\\\/20160526_BP_ElPiolet.png\",\"keywords\":[\"bones pr\u00e0ctiques\",\"participaci\u00f3 infantil\"],\"articleSection\":[\"Activitats sectors\",\"Bones pr\u00e0ctiques\",\"Inf\u00e0ncia i Esplaiada\",\"Participaci\u00f3\",\"Recursos\",\"Sector Vall\u00e8s\"],\"inLanguage\":\"en-US\"},{\"@type\":\"WebPage\",\"@id\":\"https:\\\/\\\/www.esplac.cat\\\/en\\\/bona-practica-dia-universal-de-la-participacio-infantil-esplai-el-piolet\\\/\",\"url\":\"https:\\\/\\\/www.esplac.cat\\\/en\\\/bona-practica-dia-universal-de-la-participacio-infantil-esplai-el-piolet\\\/\",\"name\":\"Bona pr\u00e0ctica: Dia Universal de la Participaci\u00f3 Infantil (Esplai El Piolet) - Esplac\",\"isPartOf\":{\"@id\":\"https:\\\/\\\/www.esplac.cat\\\/#website\"},\"primaryImageOfPage\":{\"@id\":\"https:\\\/\\\/www.esplac.cat\\\/en\\\/bona-practica-dia-universal-de-la-participacio-infantil-esplai-el-piolet\\\/#primaryimage\"},\"image\":{\"@id\":\"https:\\\/\\\/www.esplac.cat\\\/en\\\/bona-practica-dia-universal-de-la-participacio-infantil-esplai-el-piolet\\\/#primaryimage\"},\"thumbnailUrl\":\"https:\\\/\\\/www.esplac.cat\\\/wp-content\\\/uploads\\\/2016\\\/05\\\/20160526_BP_ElPiolet.png\",\"datePublished\":\"2016-05-27T08:01:23+00:00\",\"dateModified\":\"2020-12-23T10:14:53+00:00\",\"breadcrumb\":{\"@id\":\"https:\\\/\\\/www.esplac.cat\\\/en\\\/bona-practica-dia-universal-de-la-participacio-infantil-esplai-el-piolet\\\/#breadcrumb\"},\"inLanguage\":\"en-US\",\"potentialAction\":[{\"@type\":\"ReadAction\",\"target\":[\"https:\\\/\\\/www.esplac.cat\\\/en\\\/bona-practica-dia-universal-de-la-participacio-infantil-esplai-el-piolet\\\/\"]}]},{\"@type\":\"ImageObject\",\"inLanguage\":\"en-US\",\"@id\":\"https:\\\/\\\/www.esplac.cat\\\/en\\\/bona-practica-dia-universal-de-la-participacio-infantil-esplai-el-piolet\\\/#primaryimage\",\"url\":\"https:\\\/\\\/www.esplac.cat\\\/wp-content\\\/uploads\\\/2016\\\/05\\\/20160526_BP_ElPiolet.png\",\"contentUrl\":\"https:\\\/\\\/www.esplac.cat\\\/wp-content\\\/uploads\\\/2016\\\/05\\\/20160526_BP_ElPiolet.png\",\"width\":847,\"height\":350},{\"@type\":\"BreadcrumbList\",\"@id\":\"https:\\\/\\\/www.esplac.cat\\\/en\\\/bona-practica-dia-universal-de-la-participacio-infantil-esplai-el-piolet\\\/#breadcrumb\",\"itemListElement\":[{\"@type\":\"ListItem\",\"position\":1,\"name\":\"Inici\",\"item\":\"https:\\\/\\\/www.esplac.cat\\\/en\\\/\"},{\"@type\":\"ListItem\",\"position\":2,\"name\":\"Bona pr\u00e0ctica: Dia Universal de la Participaci\u00f3 Infantil (Esplai El Piolet)\"}]},{\"@type\":\"WebSite\",\"@id\":\"https:\\\/\\\/www.esplac.cat\\\/#website\",\"url\":\"https:\\\/\\\/www.esplac.cat\\\/\",\"name\":\"Esplac\",\"description\":\"Esplais Catalans\",\"publisher\":{\"@id\":\"https:\\\/\\\/www.esplac.cat\\\/#organization\"},\"potentialAction\":[{\"@type\":\"SearchAction\",\"target\":{\"@type\":\"EntryPoint\",\"urlTemplate\":\"https:\\\/\\\/www.esplac.cat\\\/?s={search_term_string}\"},\"query-input\":{\"@type\":\"PropertyValueSpecification\",\"valueRequired\":true,\"valueName\":\"search_term_string\"}}],\"inLanguage\":\"en-US\"},{\"@type\":\"Organization\",\"@id\":\"https:\\\/\\\/www.esplac.cat\\\/#organization\",\"name\":\"Esplac\",\"url\":\"https:\\\/\\\/www.esplac.cat\\\/\",\"logo\":{\"@type\":\"ImageObject\",\"inLanguage\":\"en-US\",\"@id\":\"https:\\\/\\\/www.esplac.cat\\\/#\\\/schema\\\/logo\\\/image\\\/\",\"url\":\"https:\\\/\\\/www.esplac.cat\\\/wp-content\\\/uploads\\\/2019\\\/08\\\/logox2.png\",\"contentUrl\":\"https:\\\/\\\/www.esplac.cat\\\/wp-content\\\/uploads\\\/2019\\\/08\\\/logox2.png\",\"width\":600,\"height\":295,\"caption\":\"Esplac\"},\"image\":{\"@id\":\"https:\\\/\\\/www.esplac.cat\\\/#\\\/schema\\\/logo\\\/image\\\/\"}},{\"@type\":\"Person\",\"@id\":\"https:\\\/\\\/www.esplac.cat\\\/#\\\/schema\\\/person\\\/908383cf240be18b68f8855d0583faca\",\"name\":\"Comunicaci\u00f3 Esplac\",\"image\":{\"@type\":\"ImageObject\",\"inLanguage\":\"en-US\",\"@id\":\"https:\\\/\\\/secure.gravatar.com\\\/avatar\\\/7a4cf8feb412a76ea4a740ca02d95b06b2907b5a6c648c2dd0a1082a093c3141?s=96&d=mm&r=g\",\"url\":\"https:\\\/\\\/secure.gravatar.com\\\/avatar\\\/7a4cf8feb412a76ea4a740ca02d95b06b2907b5a6c648c2dd0a1082a093c3141?s=96&d=mm&r=g\",\"contentUrl\":\"https:\\\/\\\/secure.gravatar.com\\\/avatar\\\/7a4cf8feb412a76ea4a740ca02d95b06b2907b5a6c648c2dd0a1082a093c3141?s=96&d=mm&r=g\",\"caption\":\"Comunicaci\u00f3 Esplac\"}}]}<\/script>\n<!-- \/ Yoast SEO plugin. -->","yoast_head_json":{"title":"Bona pr\u00e0ctica: Dia Universal de la Participaci\u00f3 Infantil (Esplai El Piolet) - Esplac","robots":{"index":"index","follow":"follow","max-snippet":"max-snippet:-1","max-image-preview":"max-image-preview:large","max-video-preview":"max-video-preview:-1"},"canonical":"https:\/\/www.esplac.cat\/en\/bona-practica-dia-universal-de-la-participacio-infantil-esplai-el-piolet\/","og_locale":"en_US","og_type":"article","og_title":"Bona pr\u00e0ctica: Dia Universal de la Participaci\u00f3 Infantil (Esplai El Piolet) - Esplac","og_description":"Durant l\u2019Escola d\u2019Esplac 2016, vam tenir l\u2019oportunitat d\u2019escoltar i entendre [&hellip;]","og_url":"https:\/\/www.esplac.cat\/en\/bona-practica-dia-universal-de-la-participacio-infantil-esplai-el-piolet\/","og_site_name":"Esplac","article_published_time":"2016-05-27T08:01:23+00:00","article_modified_time":"2020-12-23T10:14:53+00:00","og_image":[{"width":847,"height":350,"url":"https:\/\/www.esplac.cat\/wp-content\/uploads\/2016\/05\/20160526_BP_ElPiolet.png","type":"image\/png"}],"author":"Comunicaci\u00f3 Esplac","twitter_card":"summary_large_image","twitter_misc":{"Written by":"Comunicaci\u00f3 Esplac","Est. reading time":"2 minutes"},"schema":{"@context":"https:\/\/schema.org","@graph":[{"@type":"Article","@id":"https:\/\/www.esplac.cat\/en\/bona-practica-dia-universal-de-la-participacio-infantil-esplai-el-piolet\/#article","isPartOf":{"@id":"https:\/\/www.esplac.cat\/en\/bona-practica-dia-universal-de-la-participacio-infantil-esplai-el-piolet\/"},"author":{"name":"Comunicaci\u00f3 Esplac","@id":"https:\/\/www.esplac.cat\/#\/schema\/person\/908383cf240be18b68f8855d0583faca"},"headline":"Bona pr\u00e0ctica: Dia Universal de la Participaci\u00f3 Infantil (Esplai El Piolet)","datePublished":"2016-05-27T08:01:23+00:00","dateModified":"2020-12-23T10:14:53+00:00","mainEntityOfPage":{"@id":"https:\/\/www.esplac.cat\/en\/bona-practica-dia-universal-de-la-participacio-infantil-esplai-el-piolet\/"},"wordCount":453,"publisher":{"@id":"https:\/\/www.esplac.cat\/#organization"},"image":{"@id":"https:\/\/www.esplac.cat\/en\/bona-practica-dia-universal-de-la-participacio-infantil-esplai-el-piolet\/#primaryimage"},"thumbnailUrl":"https:\/\/www.esplac.cat\/wp-content\/uploads\/2016\/05\/20160526_BP_ElPiolet.png","keywords":["bones pr\u00e0ctiques","participaci\u00f3 infantil"],"articleSection":["Activitats sectors","Bones pr\u00e0ctiques","Inf\u00e0ncia i Esplaiada","Participaci\u00f3","Recursos","Sector Vall\u00e8s"],"inLanguage":"en-US"},{"@type":"WebPage","@id":"https:\/\/www.esplac.cat\/en\/bona-practica-dia-universal-de-la-participacio-infantil-esplai-el-piolet\/","url":"https:\/\/www.esplac.cat\/en\/bona-practica-dia-universal-de-la-participacio-infantil-esplai-el-piolet\/","name":"Bona pr\u00e0ctica: Dia Universal de la Participaci\u00f3 Infantil (Esplai El Piolet) - Esplac","isPartOf":{"@id":"https:\/\/www.esplac.cat\/#website"},"primaryImageOfPage":{"@id":"https:\/\/www.esplac.cat\/en\/bona-practica-dia-universal-de-la-participacio-infantil-esplai-el-piolet\/#primaryimage"},"image":{"@id":"https:\/\/www.esplac.cat\/en\/bona-practica-dia-universal-de-la-participacio-infantil-esplai-el-piolet\/#primaryimage"},"thumbnailUrl":"https:\/\/www.esplac.cat\/wp-content\/uploads\/2016\/05\/20160526_BP_ElPiolet.png","datePublished":"2016-05-27T08:01:23+00:00","dateModified":"2020-12-23T10:14:53+00:00","breadcrumb":{"@id":"https:\/\/www.esplac.cat\/en\/bona-practica-dia-universal-de-la-participacio-infantil-esplai-el-piolet\/#breadcrumb"},"inLanguage":"en-US","potentialAction":[{"@type":"ReadAction","target":["https:\/\/www.esplac.cat\/en\/bona-practica-dia-universal-de-la-participacio-infantil-esplai-el-piolet\/"]}]},{"@type":"ImageObject","inLanguage":"en-US","@id":"https:\/\/www.esplac.cat\/en\/bona-practica-dia-universal-de-la-participacio-infantil-esplai-el-piolet\/#primaryimage","url":"https:\/\/www.esplac.cat\/wp-content\/uploads\/2016\/05\/20160526_BP_ElPiolet.png","contentUrl":"https:\/\/www.esplac.cat\/wp-content\/uploads\/2016\/05\/20160526_BP_ElPiolet.png","width":847,"height":350},{"@type":"BreadcrumbList","@id":"https:\/\/www.esplac.cat\/en\/bona-practica-dia-universal-de-la-participacio-infantil-esplai-el-piolet\/#breadcrumb","itemListElement":[{"@type":"ListItem","position":1,"name":"Inici","item":"https:\/\/www.esplac.cat\/en\/"},{"@type":"ListItem","position":2,"name":"Bona pr\u00e0ctica: Dia Universal de la Participaci\u00f3 Infantil (Esplai El Piolet)"}]},{"@type":"WebSite","@id":"https:\/\/www.esplac.cat\/#website","url":"https:\/\/www.esplac.cat\/","name":"Esplac","description":"Esplais Catalans","publisher":{"@id":"https:\/\/www.esplac.cat\/#organization"},"potentialAction":[{"@type":"SearchAction","target":{"@type":"EntryPoint","urlTemplate":"https:\/\/www.esplac.cat\/?s={search_term_string}"},"query-input":{"@type":"PropertyValueSpecification","valueRequired":true,"valueName":"search_term_string"}}],"inLanguage":"en-US"},{"@type":"Organization","@id":"https:\/\/www.esplac.cat\/#organization","name":"Esplac","url":"https:\/\/www.esplac.cat\/","logo":{"@type":"ImageObject","inLanguage":"en-US","@id":"https:\/\/www.esplac.cat\/#\/schema\/logo\/image\/","url":"https:\/\/www.esplac.cat\/wp-content\/uploads\/2019\/08\/logox2.png","contentUrl":"https:\/\/www.esplac.cat\/wp-content\/uploads\/2019\/08\/logox2.png","width":600,"height":295,"caption":"Esplac"},"image":{"@id":"https:\/\/www.esplac.cat\/#\/schema\/logo\/image\/"}},{"@type":"Person","@id":"https:\/\/www.esplac.cat\/#\/schema\/person\/908383cf240be18b68f8855d0583faca","name":"Comunicaci\u00f3 Esplac","image":{"@type":"ImageObject","inLanguage":"en-US","@id":"https:\/\/secure.gravatar.com\/avatar\/7a4cf8feb412a76ea4a740ca02d95b06b2907b5a6c648c2dd0a1082a093c3141?s=96&d=mm&r=g","url":"https:\/\/secure.gravatar.com\/avatar\/7a4cf8feb412a76ea4a740ca02d95b06b2907b5a6c648c2dd0a1082a093c3141?s=96&d=mm&r=g","contentUrl":"https:\/\/secure.gravatar.com\/avatar\/7a4cf8feb412a76ea4a740ca02d95b06b2907b5a6c648c2dd0a1082a093c3141?s=96&d=mm&r=g","caption":"Comunicaci\u00f3 Esplac"}}]}},"_links":{"self":[{"href":"https:\/\/www.esplac.cat\/en\/wp-json\/wp\/v2\/posts\/25096","targetHints":{"allow":["GET"]}}],"collection":[{"href":"https:\/\/www.esplac.cat\/en\/wp-json\/wp\/v2\/posts"}],"about":[{"href":"https:\/\/www.esplac.cat\/en\/wp-json\/wp\/v2\/types\/post"}],"author":[{"embeddable":true,"href":"https:\/\/www.esplac.cat\/en\/wp-json\/wp\/v2\/users\/3"}],"replies":[{"embeddable":true,"href":"https:\/\/www.esplac.cat\/en\/wp-json\/wp\/v2\/comments?post=25096"}],"version-history":[{"count":0,"href":"https:\/\/www.esplac.cat\/en\/wp-json\/wp\/v2\/posts\/25096\/revisions"}],"wp:featuredmedia":[{"embeddable":true,"href":"https:\/\/www.esplac.cat\/en\/wp-json\/wp\/v2\/media\/25097"}],"wp:attachment":[{"href":"https:\/\/www.esplac.cat\/en\/wp-json\/wp\/v2\/media?parent=25096"}],"wp:term":[{"taxonomy":"category","embeddable":true,"href":"https:\/\/www.esplac.cat\/en\/wp-json\/wp\/v2\/categories?post=25096"},{"taxonomy":"post_tag","embeddable":true,"href":"https:\/\/www.esplac.cat\/en\/wp-json\/wp\/v2\/tags?post=25096"}],"curies":[{"name":"wp","href":"https:\/\/api.w.org\/{rel}","templated":true}]}}