{"id":25120,"date":"2016-05-19T14:31:19","date_gmt":"2016-05-19T12:31:19","guid":{"rendered":"http:\/\/esplac.cat\/?p=10650"},"modified":"2019-10-15T18:20:22","modified_gmt":"2019-10-15T16:20:22","slug":"la-comissio-localitzat-publica-el-manifest-de-la-mobilitzacio-de-dissabte","status":"publish","type":"post","link":"https:\/\/www.esplac.cat\/en\/la-comissio-localitzat-publica-el-manifest-de-la-mobilitzacio-de-dissabte\/","title":{"rendered":"La comissi\u00f3 Localitza&#8217;t publica el manifest de la mobilitzaci\u00f3 de dissabte"},"content":{"rendered":"<p style=\"text-align: justify;\"><strong>Aquest dissabte, infants i monis dels esplais del sector Barcelona es manifesten al carrer \u2013com fan des de fa uns anys- per reivindicar locals dignes per fer les seves activitats.<\/strong><\/p>\n<p style=\"text-align: justify;\">La comissi\u00f3 Localitza&#8217;t, formada per diversos esplais del sector Barcelona, ha fet p\u00fablic a trav\u00e9s de la <a href=\"http:\/\/www.localitzat.org\/\">seva p\u00e0gina web<\/a> el manifest que llegiran aquest dissabte a les 17:30h davant del Parlament de Catalunya. Tot seguit, infants i joves aniran manifestant-se fins a Arc de Triomf, on es far\u00e0 una acci\u00f3 simb\u00f2lica final.<\/p>\n<p style=\"text-align: justify;\">Aquesta \u00e9s la programaci\u00f3:<\/p>\n<ul style=\"text-align: justify;\">\n<li>13:30h: quedem per dinar a la Glorieta de la transsexual S\u00f2nia (parc de la Ciutadella).<\/li>\n<li>15:30h: per grups d&#8217;edat, podrem participar d&#8217;activitiats per treballar el tema de local i \u00fas d&#8217;espai p\u00fablic. Per a joves i fam\u00edlies, hi haur\u00e0 un debat sobre la tem\u00e0tica!<\/li>\n<li>17:30h: lectura del Manifest davant el Parlament i manifestaci\u00f3 fins Arc de Triomf.<\/li>\n<li>18:00h: acci\u00f3 final davant Arc de Triomf.<\/li>\n<\/ul>\n<p style=\"text-align: justify;\">Aqu\u00ed podeu llegir el <strong>manifest<\/strong>:<\/p>\n<p style=\"padding-left: 30px; text-align: justify;\"><em>MANIFEST DIA D:<\/em><\/p>\n<p style=\"padding-left: 30px; text-align: justify;\"><em>Els esplais eduquem amb valors, mitjan\u00e7ant el lleure i des del voluntariat per la transformaci\u00f3 social. Som molts infants i joves que ens trobem amb les nostres monitores dissabte rere dissabte, a les excursions i durant l\u2019estiu. En aquests espais, creixem, ens desenvolupem com a persones i aprenem convivint les unes amb les altres.<\/em><\/p>\n<p style=\"padding-left: 30px; text-align: justify;\"><em>Tot i aix\u00ed, ens trobem amb diferents problem\u00e0tiques que considerem inadmissibles, en un treball voluntari i imprescindible per la societat. Volem m\u00e9s reconeixement i, masses vegades, no trobem les nostres necessitats acomplertes.<\/em><\/p>\n<p style=\"padding-left: 30px; text-align: justify;\"><em>En primer lloc, ens trobem amb:<\/em><\/p>\n<p style=\"padding-left: 30px; text-align: justify;\"><em>Amb reunions a places, bars, cases particulars o a locals amb restriccions hor\u00e0ries,<\/em><br \/>\n<em> amb haver de fer activitats al carrer o a espais poc adequats nevi, plogui o faci massa calor, amb haver de guardar material a espais particulars o molt petits, o fins i tot a pagar lloguers per poder desar-lo.<\/em><\/p>\n<p style=\"padding-left: 30px; text-align: justify;\"><em>MASSES CAUS I ESPLAIS NO TENEN LOCALS DIGNES O NO TENEN LOCAL<\/em><\/p>\n<p style=\"padding-left: 30px; text-align: justify;\"><em>A m\u00e9s a m\u00e9s, tamb\u00e9 ens trobem amb:<\/em><\/p>\n<p style=\"padding-left: 30px; text-align: justify;\"><em>Places plenes de terrasses de bars, fruit de la privatitzaci\u00f3 excessiva, la contradicci\u00f3 d\u2019haver de jugar a pilota amb els infants a places on est\u00e0 prohibit fer-ho, amb qu\u00e8 no podem realitzar segons quines activitats perqu\u00e8 \u201cmolestem\u201d, ja que socialment se\u2019ns ha venut una idea d\u2019espai p\u00fablic, on la paraula \u201cp\u00fablic\u201d est\u00e0 buida de significat, amb haver d\u2019estar sempre alerta dels perills que pot suposar pels infants jugar al carrer o a les places,<\/em><\/p>\n<p style=\"padding-left: 30px; text-align: justify;\"><em>L\u2019ESPAI P\u00daBLIC HA DE SER P\u00daBLIC I LA LLEI DEL CIVISME ENS LIMITA.<\/em><\/p>\n<p style=\"padding-left: 30px; text-align: justify;\"><em>Sabem que des del canvi d\u2019ajuntament s\u2019han posat les piles. Esperem que passin de les paraules als fets i que TOTS aquests problemes es solucionin. Volem m\u00e9s reconeixement per all\u00f2 que fem i no volem que l\u2019ajuntament de la ciutat es torni a oblidar de les entitats de lleure.<\/em><\/p>\n<p style=\"padding-left: 30px; text-align: justify;\"><em>CREIEM EN EL QUE FEM; TRANSFORMEM EDUCANT.<\/em><br \/>\n<em> ESPAIS DIGNES PER A TOTES LES ENTITATS.<\/em><br \/>\n<em> CAP ESPLAI NI CAU SENSE LOCAL.<\/em><\/p>\n<p style=\"text-align: justify;\">Us esperem el dissabte 21 pel #diaD! <strong>Cap esplai ni cau sense local!<\/strong><\/p>\n","protected":false},"excerpt":{"rendered":"<p>Aquest dissabte, infants i monis dels esplais del sector Barcelona [&hellip;]<\/p>\n","protected":false},"author":3,"featured_media":25121,"comment_status":"closed","ping_status":"open","sticky":false,"template":"","format":"standard","meta":{"om_disable_all_campaigns":false,"_monsterinsights_skip_tracking":false,"_monsterinsights_sitenote_active":false,"_monsterinsights_sitenote_note":"","_monsterinsights_sitenote_category":0,"_uf_show_specific_survey":0,"_uf_disable_surveys":false,"footnotes":""},"categories":[1110,1128,1],"tags":[711,208,615,119],"class_list":["post-25120","post","type-post","status-publish","format-standard","has-post-thumbnail","hentry","category-activitats-sectors","category-sector-barcelona","category-sense-categoria","tag-dia-d","tag-localitzat","tag-locals","tag-sector-barcelona"],"yoast_head":"<!-- This site is optimized with the Yoast SEO plugin v27.5 - https:\/\/yoast.com\/product\/yoast-seo-wordpress\/ -->\n<title>La comissi\u00f3 Localitza&#039;t publica el manifest de la mobilitzaci\u00f3 de dissabte - Esplac<\/title>\n<meta name=\"robots\" content=\"index, follow, max-snippet:-1, max-image-preview:large, max-video-preview:-1\" \/>\n<link rel=\"canonical\" href=\"https:\/\/www.esplac.cat\/la-comissio-localitzat-publica-el-manifest-de-la-mobilitzacio-de-dissabte\/\" \/>\n<meta property=\"og:locale\" content=\"en_US\" \/>\n<meta property=\"og:type\" content=\"article\" \/>\n<meta property=\"og:title\" content=\"La comissi\u00f3 Localitza&#039;t publica el manifest de la mobilitzaci\u00f3 de dissabte - Esplac\" \/>\n<meta property=\"og:description\" content=\"Aquest dissabte, infants i monis dels esplais del sector Barcelona [&hellip;]\" \/>\n<meta property=\"og:url\" content=\"https:\/\/www.esplac.cat\/la-comissio-localitzat-publica-el-manifest-de-la-mobilitzacio-de-dissabte\/\" \/>\n<meta property=\"og:site_name\" content=\"Esplac\" \/>\n<meta property=\"article:published_time\" content=\"2016-05-19T12:31:19+00:00\" \/>\n<meta property=\"article:modified_time\" content=\"2019-10-15T16:20:22+00:00\" \/>\n<meta property=\"og:image\" content=\"https:\/\/www.esplac.cat\/wp-content\/uploads\/2016\/05\/20160519_localitzat-manifest.jpg\" \/>\n\t<meta property=\"og:image:width\" content=\"847\" \/>\n\t<meta property=\"og:image:height\" content=\"351\" \/>\n\t<meta property=\"og:image:type\" content=\"image\/jpeg\" \/>\n<meta name=\"author\" content=\"Comunicaci\u00f3 Esplac\" \/>\n<meta name=\"twitter:card\" content=\"summary_large_image\" \/>\n<meta name=\"twitter:label1\" content=\"Written by\" \/>\n\t<meta name=\"twitter:data1\" content=\"Comunicaci\u00f3 Esplac\" \/>\n\t<meta name=\"twitter:label2\" content=\"Est. reading time\" \/>\n\t<meta name=\"twitter:data2\" content=\"3 minutes\" \/>\n<script type=\"application\/ld+json\" class=\"yoast-schema-graph\">{\"@context\":\"https:\\\/\\\/schema.org\",\"@graph\":[{\"@type\":\"Article\",\"@id\":\"https:\\\/\\\/www.esplac.cat\\\/la-comissio-localitzat-publica-el-manifest-de-la-mobilitzacio-de-dissabte\\\/#article\",\"isPartOf\":{\"@id\":\"https:\\\/\\\/www.esplac.cat\\\/la-comissio-localitzat-publica-el-manifest-de-la-mobilitzacio-de-dissabte\\\/\"},\"author\":{\"name\":\"Comunicaci\u00f3 Esplac\",\"@id\":\"https:\\\/\\\/www.esplac.cat\\\/#\\\/schema\\\/person\\\/908383cf240be18b68f8855d0583faca\"},\"headline\":\"La comissi\u00f3 Localitza&#8217;t publica el manifest de la mobilitzaci\u00f3 de dissabte\",\"datePublished\":\"2016-05-19T12:31:19+00:00\",\"dateModified\":\"2019-10-15T16:20:22+00:00\",\"mainEntityOfPage\":{\"@id\":\"https:\\\/\\\/www.esplac.cat\\\/la-comissio-localitzat-publica-el-manifest-de-la-mobilitzacio-de-dissabte\\\/\"},\"wordCount\":535,\"publisher\":{\"@id\":\"https:\\\/\\\/www.esplac.cat\\\/#organization\"},\"image\":{\"@id\":\"https:\\\/\\\/www.esplac.cat\\\/la-comissio-localitzat-publica-el-manifest-de-la-mobilitzacio-de-dissabte\\\/#primaryimage\"},\"thumbnailUrl\":\"https:\\\/\\\/www.esplac.cat\\\/wp-content\\\/uploads\\\/2016\\\/05\\\/20160519_localitzat-manifest.jpg\",\"keywords\":[\"dia D\",\"localitza't\",\"locals\",\"sector Barcelona\"],\"articleSection\":[\"Activitats sectors\",\"Sector Barcelona\",\"Sense categoria\"],\"inLanguage\":\"en-US\"},{\"@type\":\"WebPage\",\"@id\":\"https:\\\/\\\/www.esplac.cat\\\/la-comissio-localitzat-publica-el-manifest-de-la-mobilitzacio-de-dissabte\\\/\",\"url\":\"https:\\\/\\\/www.esplac.cat\\\/la-comissio-localitzat-publica-el-manifest-de-la-mobilitzacio-de-dissabte\\\/\",\"name\":\"La comissi\u00f3 Localitza't publica el manifest de la mobilitzaci\u00f3 de dissabte - Esplac\",\"isPartOf\":{\"@id\":\"https:\\\/\\\/www.esplac.cat\\\/#website\"},\"primaryImageOfPage\":{\"@id\":\"https:\\\/\\\/www.esplac.cat\\\/la-comissio-localitzat-publica-el-manifest-de-la-mobilitzacio-de-dissabte\\\/#primaryimage\"},\"image\":{\"@id\":\"https:\\\/\\\/www.esplac.cat\\\/la-comissio-localitzat-publica-el-manifest-de-la-mobilitzacio-de-dissabte\\\/#primaryimage\"},\"thumbnailUrl\":\"https:\\\/\\\/www.esplac.cat\\\/wp-content\\\/uploads\\\/2016\\\/05\\\/20160519_localitzat-manifest.jpg\",\"datePublished\":\"2016-05-19T12:31:19+00:00\",\"dateModified\":\"2019-10-15T16:20:22+00:00\",\"breadcrumb\":{\"@id\":\"https:\\\/\\\/www.esplac.cat\\\/la-comissio-localitzat-publica-el-manifest-de-la-mobilitzacio-de-dissabte\\\/#breadcrumb\"},\"inLanguage\":\"en-US\",\"potentialAction\":[{\"@type\":\"ReadAction\",\"target\":[\"https:\\\/\\\/www.esplac.cat\\\/la-comissio-localitzat-publica-el-manifest-de-la-mobilitzacio-de-dissabte\\\/\"]}]},{\"@type\":\"ImageObject\",\"inLanguage\":\"en-US\",\"@id\":\"https:\\\/\\\/www.esplac.cat\\\/la-comissio-localitzat-publica-el-manifest-de-la-mobilitzacio-de-dissabte\\\/#primaryimage\",\"url\":\"https:\\\/\\\/www.esplac.cat\\\/wp-content\\\/uploads\\\/2016\\\/05\\\/20160519_localitzat-manifest.jpg\",\"contentUrl\":\"https:\\\/\\\/www.esplac.cat\\\/wp-content\\\/uploads\\\/2016\\\/05\\\/20160519_localitzat-manifest.jpg\",\"width\":847,\"height\":351},{\"@type\":\"BreadcrumbList\",\"@id\":\"https:\\\/\\\/www.esplac.cat\\\/la-comissio-localitzat-publica-el-manifest-de-la-mobilitzacio-de-dissabte\\\/#breadcrumb\",\"itemListElement\":[{\"@type\":\"ListItem\",\"position\":1,\"name\":\"Inici\",\"item\":\"https:\\\/\\\/www.esplac.cat\\\/en\\\/\"},{\"@type\":\"ListItem\",\"position\":2,\"name\":\"La comissi\u00f3 Localitza&#8217;t publica el manifest de la mobilitzaci\u00f3 de dissabte\"}]},{\"@type\":\"WebSite\",\"@id\":\"https:\\\/\\\/www.esplac.cat\\\/#website\",\"url\":\"https:\\\/\\\/www.esplac.cat\\\/\",\"name\":\"Esplac\",\"description\":\"Esplais Catalans\",\"publisher\":{\"@id\":\"https:\\\/\\\/www.esplac.cat\\\/#organization\"},\"potentialAction\":[{\"@type\":\"SearchAction\",\"target\":{\"@type\":\"EntryPoint\",\"urlTemplate\":\"https:\\\/\\\/www.esplac.cat\\\/?s={search_term_string}\"},\"query-input\":{\"@type\":\"PropertyValueSpecification\",\"valueRequired\":true,\"valueName\":\"search_term_string\"}}],\"inLanguage\":\"en-US\"},{\"@type\":\"Organization\",\"@id\":\"https:\\\/\\\/www.esplac.cat\\\/#organization\",\"name\":\"Esplac\",\"url\":\"https:\\\/\\\/www.esplac.cat\\\/\",\"logo\":{\"@type\":\"ImageObject\",\"inLanguage\":\"en-US\",\"@id\":\"https:\\\/\\\/www.esplac.cat\\\/#\\\/schema\\\/logo\\\/image\\\/\",\"url\":\"https:\\\/\\\/www.esplac.cat\\\/wp-content\\\/uploads\\\/2019\\\/08\\\/logox2.png\",\"contentUrl\":\"https:\\\/\\\/www.esplac.cat\\\/wp-content\\\/uploads\\\/2019\\\/08\\\/logox2.png\",\"width\":600,\"height\":295,\"caption\":\"Esplac\"},\"image\":{\"@id\":\"https:\\\/\\\/www.esplac.cat\\\/#\\\/schema\\\/logo\\\/image\\\/\"}},{\"@type\":\"Person\",\"@id\":\"https:\\\/\\\/www.esplac.cat\\\/#\\\/schema\\\/person\\\/908383cf240be18b68f8855d0583faca\",\"name\":\"Comunicaci\u00f3 Esplac\",\"image\":{\"@type\":\"ImageObject\",\"inLanguage\":\"en-US\",\"@id\":\"https:\\\/\\\/secure.gravatar.com\\\/avatar\\\/7a4cf8feb412a76ea4a740ca02d95b06b2907b5a6c648c2dd0a1082a093c3141?s=96&d=mm&r=g\",\"url\":\"https:\\\/\\\/secure.gravatar.com\\\/avatar\\\/7a4cf8feb412a76ea4a740ca02d95b06b2907b5a6c648c2dd0a1082a093c3141?s=96&d=mm&r=g\",\"contentUrl\":\"https:\\\/\\\/secure.gravatar.com\\\/avatar\\\/7a4cf8feb412a76ea4a740ca02d95b06b2907b5a6c648c2dd0a1082a093c3141?s=96&d=mm&r=g\",\"caption\":\"Comunicaci\u00f3 Esplac\"}}]}<\/script>\n<!-- \/ Yoast SEO plugin. -->","yoast_head_json":{"title":"La comissi\u00f3 Localitza't publica el manifest de la mobilitzaci\u00f3 de dissabte - Esplac","robots":{"index":"index","follow":"follow","max-snippet":"max-snippet:-1","max-image-preview":"max-image-preview:large","max-video-preview":"max-video-preview:-1"},"canonical":"https:\/\/www.esplac.cat\/la-comissio-localitzat-publica-el-manifest-de-la-mobilitzacio-de-dissabte\/","og_locale":"en_US","og_type":"article","og_title":"La comissi\u00f3 Localitza't publica el manifest de la mobilitzaci\u00f3 de dissabte - Esplac","og_description":"Aquest dissabte, infants i monis dels esplais del sector Barcelona [&hellip;]","og_url":"https:\/\/www.esplac.cat\/la-comissio-localitzat-publica-el-manifest-de-la-mobilitzacio-de-dissabte\/","og_site_name":"Esplac","article_published_time":"2016-05-19T12:31:19+00:00","article_modified_time":"2019-10-15T16:20:22+00:00","og_image":[{"width":847,"height":351,"url":"https:\/\/www.esplac.cat\/wp-content\/uploads\/2016\/05\/20160519_localitzat-manifest.jpg","type":"image\/jpeg"}],"author":"Comunicaci\u00f3 Esplac","twitter_card":"summary_large_image","twitter_misc":{"Written by":"Comunicaci\u00f3 Esplac","Est. reading time":"3 minutes"},"schema":{"@context":"https:\/\/schema.org","@graph":[{"@type":"Article","@id":"https:\/\/www.esplac.cat\/la-comissio-localitzat-publica-el-manifest-de-la-mobilitzacio-de-dissabte\/#article","isPartOf":{"@id":"https:\/\/www.esplac.cat\/la-comissio-localitzat-publica-el-manifest-de-la-mobilitzacio-de-dissabte\/"},"author":{"name":"Comunicaci\u00f3 Esplac","@id":"https:\/\/www.esplac.cat\/#\/schema\/person\/908383cf240be18b68f8855d0583faca"},"headline":"La comissi\u00f3 Localitza&#8217;t publica el manifest de la mobilitzaci\u00f3 de dissabte","datePublished":"2016-05-19T12:31:19+00:00","dateModified":"2019-10-15T16:20:22+00:00","mainEntityOfPage":{"@id":"https:\/\/www.esplac.cat\/la-comissio-localitzat-publica-el-manifest-de-la-mobilitzacio-de-dissabte\/"},"wordCount":535,"publisher":{"@id":"https:\/\/www.esplac.cat\/#organization"},"image":{"@id":"https:\/\/www.esplac.cat\/la-comissio-localitzat-publica-el-manifest-de-la-mobilitzacio-de-dissabte\/#primaryimage"},"thumbnailUrl":"https:\/\/www.esplac.cat\/wp-content\/uploads\/2016\/05\/20160519_localitzat-manifest.jpg","keywords":["dia D","localitza't","locals","sector Barcelona"],"articleSection":["Activitats sectors","Sector Barcelona","Sense categoria"],"inLanguage":"en-US"},{"@type":"WebPage","@id":"https:\/\/www.esplac.cat\/la-comissio-localitzat-publica-el-manifest-de-la-mobilitzacio-de-dissabte\/","url":"https:\/\/www.esplac.cat\/la-comissio-localitzat-publica-el-manifest-de-la-mobilitzacio-de-dissabte\/","name":"La comissi\u00f3 Localitza't publica el manifest de la mobilitzaci\u00f3 de dissabte - Esplac","isPartOf":{"@id":"https:\/\/www.esplac.cat\/#website"},"primaryImageOfPage":{"@id":"https:\/\/www.esplac.cat\/la-comissio-localitzat-publica-el-manifest-de-la-mobilitzacio-de-dissabte\/#primaryimage"},"image":{"@id":"https:\/\/www.esplac.cat\/la-comissio-localitzat-publica-el-manifest-de-la-mobilitzacio-de-dissabte\/#primaryimage"},"thumbnailUrl":"https:\/\/www.esplac.cat\/wp-content\/uploads\/2016\/05\/20160519_localitzat-manifest.jpg","datePublished":"2016-05-19T12:31:19+00:00","dateModified":"2019-10-15T16:20:22+00:00","breadcrumb":{"@id":"https:\/\/www.esplac.cat\/la-comissio-localitzat-publica-el-manifest-de-la-mobilitzacio-de-dissabte\/#breadcrumb"},"inLanguage":"en-US","potentialAction":[{"@type":"ReadAction","target":["https:\/\/www.esplac.cat\/la-comissio-localitzat-publica-el-manifest-de-la-mobilitzacio-de-dissabte\/"]}]},{"@type":"ImageObject","inLanguage":"en-US","@id":"https:\/\/www.esplac.cat\/la-comissio-localitzat-publica-el-manifest-de-la-mobilitzacio-de-dissabte\/#primaryimage","url":"https:\/\/www.esplac.cat\/wp-content\/uploads\/2016\/05\/20160519_localitzat-manifest.jpg","contentUrl":"https:\/\/www.esplac.cat\/wp-content\/uploads\/2016\/05\/20160519_localitzat-manifest.jpg","width":847,"height":351},{"@type":"BreadcrumbList","@id":"https:\/\/www.esplac.cat\/la-comissio-localitzat-publica-el-manifest-de-la-mobilitzacio-de-dissabte\/#breadcrumb","itemListElement":[{"@type":"ListItem","position":1,"name":"Inici","item":"https:\/\/www.esplac.cat\/en\/"},{"@type":"ListItem","position":2,"name":"La comissi\u00f3 Localitza&#8217;t publica el manifest de la mobilitzaci\u00f3 de dissabte"}]},{"@type":"WebSite","@id":"https:\/\/www.esplac.cat\/#website","url":"https:\/\/www.esplac.cat\/","name":"Esplac","description":"Esplais Catalans","publisher":{"@id":"https:\/\/www.esplac.cat\/#organization"},"potentialAction":[{"@type":"SearchAction","target":{"@type":"EntryPoint","urlTemplate":"https:\/\/www.esplac.cat\/?s={search_term_string}"},"query-input":{"@type":"PropertyValueSpecification","valueRequired":true,"valueName":"search_term_string"}}],"inLanguage":"en-US"},{"@type":"Organization","@id":"https:\/\/www.esplac.cat\/#organization","name":"Esplac","url":"https:\/\/www.esplac.cat\/","logo":{"@type":"ImageObject","inLanguage":"en-US","@id":"https:\/\/www.esplac.cat\/#\/schema\/logo\/image\/","url":"https:\/\/www.esplac.cat\/wp-content\/uploads\/2019\/08\/logox2.png","contentUrl":"https:\/\/www.esplac.cat\/wp-content\/uploads\/2019\/08\/logox2.png","width":600,"height":295,"caption":"Esplac"},"image":{"@id":"https:\/\/www.esplac.cat\/#\/schema\/logo\/image\/"}},{"@type":"Person","@id":"https:\/\/www.esplac.cat\/#\/schema\/person\/908383cf240be18b68f8855d0583faca","name":"Comunicaci\u00f3 Esplac","image":{"@type":"ImageObject","inLanguage":"en-US","@id":"https:\/\/secure.gravatar.com\/avatar\/7a4cf8feb412a76ea4a740ca02d95b06b2907b5a6c648c2dd0a1082a093c3141?s=96&d=mm&r=g","url":"https:\/\/secure.gravatar.com\/avatar\/7a4cf8feb412a76ea4a740ca02d95b06b2907b5a6c648c2dd0a1082a093c3141?s=96&d=mm&r=g","contentUrl":"https:\/\/secure.gravatar.com\/avatar\/7a4cf8feb412a76ea4a740ca02d95b06b2907b5a6c648c2dd0a1082a093c3141?s=96&d=mm&r=g","caption":"Comunicaci\u00f3 Esplac"}}]}},"_links":{"self":[{"href":"https:\/\/www.esplac.cat\/en\/wp-json\/wp\/v2\/posts\/25120","targetHints":{"allow":["GET"]}}],"collection":[{"href":"https:\/\/www.esplac.cat\/en\/wp-json\/wp\/v2\/posts"}],"about":[{"href":"https:\/\/www.esplac.cat\/en\/wp-json\/wp\/v2\/types\/post"}],"author":[{"embeddable":true,"href":"https:\/\/www.esplac.cat\/en\/wp-json\/wp\/v2\/users\/3"}],"replies":[{"embeddable":true,"href":"https:\/\/www.esplac.cat\/en\/wp-json\/wp\/v2\/comments?post=25120"}],"version-history":[{"count":0,"href":"https:\/\/www.esplac.cat\/en\/wp-json\/wp\/v2\/posts\/25120\/revisions"}],"wp:featuredmedia":[{"embeddable":true,"href":"https:\/\/www.esplac.cat\/en\/wp-json\/wp\/v2\/media\/25121"}],"wp:attachment":[{"href":"https:\/\/www.esplac.cat\/en\/wp-json\/wp\/v2\/media?parent=25120"}],"wp:term":[{"taxonomy":"category","embeddable":true,"href":"https:\/\/www.esplac.cat\/en\/wp-json\/wp\/v2\/categories?post=25120"},{"taxonomy":"post_tag","embeddable":true,"href":"https:\/\/www.esplac.cat\/en\/wp-json\/wp\/v2\/tags?post=25120"}],"curies":[{"name":"wp","href":"https:\/\/api.w.org\/{rel}","templated":true}]}}