{"id":25141,"date":"2016-10-14T09:13:06","date_gmt":"2016-10-14T07:13:06","guid":{"rendered":"http:\/\/www.esplac.cat\/?p=11270"},"modified":"2016-10-14T09:13:06","modified_gmt":"2016-10-14T07:13:06","slug":"un-virus-infecta-el-baix-llobregat-i-aconsegueix-un-cap-de-setmana-unic","status":"publish","type":"post","link":"https:\/\/www.esplac.cat\/en\/un-virus-infecta-el-baix-llobregat-i-aconsegueix-un-cap-de-setmana-unic\/","title":{"rendered":"Un virus infecta el Baix Llobregat i aconsegueix un cap de setmana \u00fanic!"},"content":{"rendered":"<p>El cap de setmana passat va tenir lloc a Molins de Rei la Trobada Anual de Monitors i Monitores del Baix Llobregat.\u00a0Va tractar-se d&#8217;una jornada l\u00fadico-festiva\u00a0que\u00a0va reunir 55 monitors i monitores del sector.<\/p>\n<p>En ella, es van poder assolir els dos objectius principals de\u00a0la trobada. En primer lloc, fer caliu com a sector amb el retrobament entre\u00a0les\u00a0persones dels diferents\u00a0esplais, tot coneixent aquelles que han comen\u00e7at a fer cam\u00ed amb els diferents projectes on participen, aix\u00ed com antics infants que ara mateix participen en el relleu del seu esplai.<\/p>\n<p>Es va crear un centre d\u2019inter\u00e8s de la trobada, que consistia en la creaci\u00f3 del virus del Baix Llobregat (V-BLP8916). \u00a0Aix\u00f2 va permetre crear espais de cohesi\u00f3 din\u00e0mics i distesos, aix\u00ed com moments de reflexi\u00f3 informal on es va poder aprofitar per treballar el Pla de Treball del sector, fer propostes pel curs entrant, i con\u00e8ixer una mica m\u00e9s el punt de vista de tots els membres del sector.<\/p>\n<p>Per acabar la jornada, \u00a0alguns monitors i monitores del sector van preparar una\u00a0sessi\u00f3 de DJs que va fer a tothom gaudir de la nit mentre la resta de monis i mones intentaven aconseguir unes missions que prometien un s\u00faper Kit de superviv\u00e8ncia per aquelles persones que les poguessin\u00a0superar.<\/p>\n<p>L\u2019ajuda d\u2019un centre d\u2019inter\u00e8s on el joc i la cooperaci\u00f3 eren els pilars principals, va ser clau per a gaudir d\u2019una estona divertida, distesa i familiar que va fer enfortir el sector.<\/p>\n<p>En definitiva: un cap de setmana \u00fanic on l\u2019ess\u00e8ncia del Baix Llobregat cada cop \u00e9s m\u00e9s forta i mostra m\u00e9s ganes de participar i aportar tot lo possible per a cr\u00e9ixer, millorar i seguir treballant en el canvi.<\/p>\n","protected":false},"excerpt":{"rendered":"<p>El cap de setmana passat va tenir lloc a Molins [&hellip;]<\/p>\n","protected":false},"author":3,"featured_media":25142,"comment_status":"closed","ping_status":"open","sticky":false,"template":"","format":"standard","meta":{"om_disable_all_campaigns":false,"_monsterinsights_skip_tracking":false,"_monsterinsights_sitenote_active":false,"_monsterinsights_sitenote_note":"","_monsterinsights_sitenote_category":0,"_uf_show_specific_survey":0,"_uf_disable_surveys":false,"footnotes":""},"categories":[1124],"tags":[362,338,114,788,789],"class_list":["post-25141","post","type-post","status-publish","format-standard","has-post-thumbnail","hentry","category-sector-baix-llobregat","tag-centre-dinteres","tag-pla-de-treball","tag-sector-baix-llobregat","tag-trobada-anual-de-monitors-i-monitores","tag-v-blp8916"],"yoast_head":"<!-- This site is optimized with the Yoast SEO plugin v27.4 - https:\/\/yoast.com\/product\/yoast-seo-wordpress\/ -->\n<title>Un virus infecta el Baix Llobregat i aconsegueix un cap de setmana \u00fanic! - Esplac<\/title>\n<meta name=\"robots\" content=\"index, follow, max-snippet:-1, max-image-preview:large, max-video-preview:-1\" \/>\n<link rel=\"canonical\" href=\"https:\/\/www.esplac.cat\/un-virus-infecta-el-baix-llobregat-i-aconsegueix-un-cap-de-setmana-unic\/\" \/>\n<meta property=\"og:locale\" content=\"en_US\" \/>\n<meta property=\"og:type\" content=\"article\" \/>\n<meta property=\"og:title\" content=\"Un virus infecta el Baix Llobregat i aconsegueix un cap de setmana \u00fanic! - Esplac\" \/>\n<meta property=\"og:description\" content=\"El cap de setmana passat va tenir lloc a Molins [&hellip;]\" \/>\n<meta property=\"og:url\" content=\"https:\/\/www.esplac.cat\/un-virus-infecta-el-baix-llobregat-i-aconsegueix-un-cap-de-setmana-unic\/\" \/>\n<meta property=\"og:site_name\" content=\"Esplac\" \/>\n<meta property=\"article:published_time\" content=\"2016-10-14T07:13:06+00:00\" \/>\n<meta property=\"og:image\" content=\"https:\/\/www.esplac.cat\/wp-content\/uploads\/2016\/10\/BAIX-LLOBREGAT.jpg\" \/>\n\t<meta property=\"og:image:width\" content=\"847\" \/>\n\t<meta property=\"og:image:height\" content=\"350\" \/>\n\t<meta property=\"og:image:type\" content=\"image\/jpeg\" \/>\n<meta name=\"author\" content=\"Comunicaci\u00f3 Esplac\" \/>\n<meta name=\"twitter:card\" content=\"summary_large_image\" \/>\n<meta name=\"twitter:label1\" content=\"Written by\" \/>\n\t<meta name=\"twitter:data1\" content=\"Comunicaci\u00f3 Esplac\" \/>\n\t<meta name=\"twitter:label2\" content=\"Est. reading time\" \/>\n\t<meta name=\"twitter:data2\" content=\"2 minutes\" \/>\n<script type=\"application\/ld+json\" class=\"yoast-schema-graph\">{\"@context\":\"https:\\\/\\\/schema.org\",\"@graph\":[{\"@type\":\"Article\",\"@id\":\"https:\\\/\\\/www.esplac.cat\\\/un-virus-infecta-el-baix-llobregat-i-aconsegueix-un-cap-de-setmana-unic\\\/#article\",\"isPartOf\":{\"@id\":\"https:\\\/\\\/www.esplac.cat\\\/un-virus-infecta-el-baix-llobregat-i-aconsegueix-un-cap-de-setmana-unic\\\/\"},\"author\":{\"name\":\"Comunicaci\u00f3 Esplac\",\"@id\":\"https:\\\/\\\/www.esplac.cat\\\/#\\\/schema\\\/person\\\/908383cf240be18b68f8855d0583faca\"},\"headline\":\"Un virus infecta el Baix Llobregat i aconsegueix un cap de setmana \u00fanic!\",\"datePublished\":\"2016-10-14T07:13:06+00:00\",\"mainEntityOfPage\":{\"@id\":\"https:\\\/\\\/www.esplac.cat\\\/un-virus-infecta-el-baix-llobregat-i-aconsegueix-un-cap-de-setmana-unic\\\/\"},\"wordCount\":316,\"publisher\":{\"@id\":\"https:\\\/\\\/www.esplac.cat\\\/#organization\"},\"image\":{\"@id\":\"https:\\\/\\\/www.esplac.cat\\\/un-virus-infecta-el-baix-llobregat-i-aconsegueix-un-cap-de-setmana-unic\\\/#primaryimage\"},\"thumbnailUrl\":\"https:\\\/\\\/www.esplac.cat\\\/wp-content\\\/uploads\\\/2016\\\/10\\\/BAIX-LLOBREGAT.jpg\",\"keywords\":[\"centre d'inter\u00e8s\",\"pla de treball\",\"sector Baix Llobregat\",\"Trobada Anual de Monitors i Monitores\",\"V-BLP8916\"],\"articleSection\":[\"Sector Baix Llobregat\"],\"inLanguage\":\"en-US\"},{\"@type\":\"WebPage\",\"@id\":\"https:\\\/\\\/www.esplac.cat\\\/un-virus-infecta-el-baix-llobregat-i-aconsegueix-un-cap-de-setmana-unic\\\/\",\"url\":\"https:\\\/\\\/www.esplac.cat\\\/un-virus-infecta-el-baix-llobregat-i-aconsegueix-un-cap-de-setmana-unic\\\/\",\"name\":\"Un virus infecta el Baix Llobregat i aconsegueix un cap de setmana \u00fanic! - Esplac\",\"isPartOf\":{\"@id\":\"https:\\\/\\\/www.esplac.cat\\\/#website\"},\"primaryImageOfPage\":{\"@id\":\"https:\\\/\\\/www.esplac.cat\\\/un-virus-infecta-el-baix-llobregat-i-aconsegueix-un-cap-de-setmana-unic\\\/#primaryimage\"},\"image\":{\"@id\":\"https:\\\/\\\/www.esplac.cat\\\/un-virus-infecta-el-baix-llobregat-i-aconsegueix-un-cap-de-setmana-unic\\\/#primaryimage\"},\"thumbnailUrl\":\"https:\\\/\\\/www.esplac.cat\\\/wp-content\\\/uploads\\\/2016\\\/10\\\/BAIX-LLOBREGAT.jpg\",\"datePublished\":\"2016-10-14T07:13:06+00:00\",\"breadcrumb\":{\"@id\":\"https:\\\/\\\/www.esplac.cat\\\/un-virus-infecta-el-baix-llobregat-i-aconsegueix-un-cap-de-setmana-unic\\\/#breadcrumb\"},\"inLanguage\":\"en-US\",\"potentialAction\":[{\"@type\":\"ReadAction\",\"target\":[\"https:\\\/\\\/www.esplac.cat\\\/un-virus-infecta-el-baix-llobregat-i-aconsegueix-un-cap-de-setmana-unic\\\/\"]}]},{\"@type\":\"ImageObject\",\"inLanguage\":\"en-US\",\"@id\":\"https:\\\/\\\/www.esplac.cat\\\/un-virus-infecta-el-baix-llobregat-i-aconsegueix-un-cap-de-setmana-unic\\\/#primaryimage\",\"url\":\"https:\\\/\\\/www.esplac.cat\\\/wp-content\\\/uploads\\\/2016\\\/10\\\/BAIX-LLOBREGAT.jpg\",\"contentUrl\":\"https:\\\/\\\/www.esplac.cat\\\/wp-content\\\/uploads\\\/2016\\\/10\\\/BAIX-LLOBREGAT.jpg\",\"width\":847,\"height\":350},{\"@type\":\"BreadcrumbList\",\"@id\":\"https:\\\/\\\/www.esplac.cat\\\/un-virus-infecta-el-baix-llobregat-i-aconsegueix-un-cap-de-setmana-unic\\\/#breadcrumb\",\"itemListElement\":[{\"@type\":\"ListItem\",\"position\":1,\"name\":\"Inici\",\"item\":\"https:\\\/\\\/www.esplac.cat\\\/en\\\/\"},{\"@type\":\"ListItem\",\"position\":2,\"name\":\"Un virus infecta el Baix Llobregat i aconsegueix un cap de setmana \u00fanic!\"}]},{\"@type\":\"WebSite\",\"@id\":\"https:\\\/\\\/www.esplac.cat\\\/#website\",\"url\":\"https:\\\/\\\/www.esplac.cat\\\/\",\"name\":\"Esplac\",\"description\":\"Esplais Catalans\",\"publisher\":{\"@id\":\"https:\\\/\\\/www.esplac.cat\\\/#organization\"},\"potentialAction\":[{\"@type\":\"SearchAction\",\"target\":{\"@type\":\"EntryPoint\",\"urlTemplate\":\"https:\\\/\\\/www.esplac.cat\\\/?s={search_term_string}\"},\"query-input\":{\"@type\":\"PropertyValueSpecification\",\"valueRequired\":true,\"valueName\":\"search_term_string\"}}],\"inLanguage\":\"en-US\"},{\"@type\":\"Organization\",\"@id\":\"https:\\\/\\\/www.esplac.cat\\\/#organization\",\"name\":\"Esplac\",\"url\":\"https:\\\/\\\/www.esplac.cat\\\/\",\"logo\":{\"@type\":\"ImageObject\",\"inLanguage\":\"en-US\",\"@id\":\"https:\\\/\\\/www.esplac.cat\\\/#\\\/schema\\\/logo\\\/image\\\/\",\"url\":\"https:\\\/\\\/www.esplac.cat\\\/wp-content\\\/uploads\\\/2019\\\/08\\\/logox2.png\",\"contentUrl\":\"https:\\\/\\\/www.esplac.cat\\\/wp-content\\\/uploads\\\/2019\\\/08\\\/logox2.png\",\"width\":600,\"height\":295,\"caption\":\"Esplac\"},\"image\":{\"@id\":\"https:\\\/\\\/www.esplac.cat\\\/#\\\/schema\\\/logo\\\/image\\\/\"}},{\"@type\":\"Person\",\"@id\":\"https:\\\/\\\/www.esplac.cat\\\/#\\\/schema\\\/person\\\/908383cf240be18b68f8855d0583faca\",\"name\":\"Comunicaci\u00f3 Esplac\",\"image\":{\"@type\":\"ImageObject\",\"inLanguage\":\"en-US\",\"@id\":\"https:\\\/\\\/secure.gravatar.com\\\/avatar\\\/7a4cf8feb412a76ea4a740ca02d95b06b2907b5a6c648c2dd0a1082a093c3141?s=96&d=mm&r=g\",\"url\":\"https:\\\/\\\/secure.gravatar.com\\\/avatar\\\/7a4cf8feb412a76ea4a740ca02d95b06b2907b5a6c648c2dd0a1082a093c3141?s=96&d=mm&r=g\",\"contentUrl\":\"https:\\\/\\\/secure.gravatar.com\\\/avatar\\\/7a4cf8feb412a76ea4a740ca02d95b06b2907b5a6c648c2dd0a1082a093c3141?s=96&d=mm&r=g\",\"caption\":\"Comunicaci\u00f3 Esplac\"}}]}<\/script>\n<!-- \/ Yoast SEO plugin. -->","yoast_head_json":{"title":"Un virus infecta el Baix Llobregat i aconsegueix un cap de setmana \u00fanic! - Esplac","robots":{"index":"index","follow":"follow","max-snippet":"max-snippet:-1","max-image-preview":"max-image-preview:large","max-video-preview":"max-video-preview:-1"},"canonical":"https:\/\/www.esplac.cat\/un-virus-infecta-el-baix-llobregat-i-aconsegueix-un-cap-de-setmana-unic\/","og_locale":"en_US","og_type":"article","og_title":"Un virus infecta el Baix Llobregat i aconsegueix un cap de setmana \u00fanic! - Esplac","og_description":"El cap de setmana passat va tenir lloc a Molins [&hellip;]","og_url":"https:\/\/www.esplac.cat\/un-virus-infecta-el-baix-llobregat-i-aconsegueix-un-cap-de-setmana-unic\/","og_site_name":"Esplac","article_published_time":"2016-10-14T07:13:06+00:00","og_image":[{"width":847,"height":350,"url":"https:\/\/www.esplac.cat\/wp-content\/uploads\/2016\/10\/BAIX-LLOBREGAT.jpg","type":"image\/jpeg"}],"author":"Comunicaci\u00f3 Esplac","twitter_card":"summary_large_image","twitter_misc":{"Written by":"Comunicaci\u00f3 Esplac","Est. reading time":"2 minutes"},"schema":{"@context":"https:\/\/schema.org","@graph":[{"@type":"Article","@id":"https:\/\/www.esplac.cat\/un-virus-infecta-el-baix-llobregat-i-aconsegueix-un-cap-de-setmana-unic\/#article","isPartOf":{"@id":"https:\/\/www.esplac.cat\/un-virus-infecta-el-baix-llobregat-i-aconsegueix-un-cap-de-setmana-unic\/"},"author":{"name":"Comunicaci\u00f3 Esplac","@id":"https:\/\/www.esplac.cat\/#\/schema\/person\/908383cf240be18b68f8855d0583faca"},"headline":"Un virus infecta el Baix Llobregat i aconsegueix un cap de setmana \u00fanic!","datePublished":"2016-10-14T07:13:06+00:00","mainEntityOfPage":{"@id":"https:\/\/www.esplac.cat\/un-virus-infecta-el-baix-llobregat-i-aconsegueix-un-cap-de-setmana-unic\/"},"wordCount":316,"publisher":{"@id":"https:\/\/www.esplac.cat\/#organization"},"image":{"@id":"https:\/\/www.esplac.cat\/un-virus-infecta-el-baix-llobregat-i-aconsegueix-un-cap-de-setmana-unic\/#primaryimage"},"thumbnailUrl":"https:\/\/www.esplac.cat\/wp-content\/uploads\/2016\/10\/BAIX-LLOBREGAT.jpg","keywords":["centre d'inter\u00e8s","pla de treball","sector Baix Llobregat","Trobada Anual de Monitors i Monitores","V-BLP8916"],"articleSection":["Sector Baix Llobregat"],"inLanguage":"en-US"},{"@type":"WebPage","@id":"https:\/\/www.esplac.cat\/un-virus-infecta-el-baix-llobregat-i-aconsegueix-un-cap-de-setmana-unic\/","url":"https:\/\/www.esplac.cat\/un-virus-infecta-el-baix-llobregat-i-aconsegueix-un-cap-de-setmana-unic\/","name":"Un virus infecta el Baix Llobregat i aconsegueix un cap de setmana \u00fanic! - Esplac","isPartOf":{"@id":"https:\/\/www.esplac.cat\/#website"},"primaryImageOfPage":{"@id":"https:\/\/www.esplac.cat\/un-virus-infecta-el-baix-llobregat-i-aconsegueix-un-cap-de-setmana-unic\/#primaryimage"},"image":{"@id":"https:\/\/www.esplac.cat\/un-virus-infecta-el-baix-llobregat-i-aconsegueix-un-cap-de-setmana-unic\/#primaryimage"},"thumbnailUrl":"https:\/\/www.esplac.cat\/wp-content\/uploads\/2016\/10\/BAIX-LLOBREGAT.jpg","datePublished":"2016-10-14T07:13:06+00:00","breadcrumb":{"@id":"https:\/\/www.esplac.cat\/un-virus-infecta-el-baix-llobregat-i-aconsegueix-un-cap-de-setmana-unic\/#breadcrumb"},"inLanguage":"en-US","potentialAction":[{"@type":"ReadAction","target":["https:\/\/www.esplac.cat\/un-virus-infecta-el-baix-llobregat-i-aconsegueix-un-cap-de-setmana-unic\/"]}]},{"@type":"ImageObject","inLanguage":"en-US","@id":"https:\/\/www.esplac.cat\/un-virus-infecta-el-baix-llobregat-i-aconsegueix-un-cap-de-setmana-unic\/#primaryimage","url":"https:\/\/www.esplac.cat\/wp-content\/uploads\/2016\/10\/BAIX-LLOBREGAT.jpg","contentUrl":"https:\/\/www.esplac.cat\/wp-content\/uploads\/2016\/10\/BAIX-LLOBREGAT.jpg","width":847,"height":350},{"@type":"BreadcrumbList","@id":"https:\/\/www.esplac.cat\/un-virus-infecta-el-baix-llobregat-i-aconsegueix-un-cap-de-setmana-unic\/#breadcrumb","itemListElement":[{"@type":"ListItem","position":1,"name":"Inici","item":"https:\/\/www.esplac.cat\/en\/"},{"@type":"ListItem","position":2,"name":"Un virus infecta el Baix Llobregat i aconsegueix un cap de setmana \u00fanic!"}]},{"@type":"WebSite","@id":"https:\/\/www.esplac.cat\/#website","url":"https:\/\/www.esplac.cat\/","name":"Esplac","description":"Esplais Catalans","publisher":{"@id":"https:\/\/www.esplac.cat\/#organization"},"potentialAction":[{"@type":"SearchAction","target":{"@type":"EntryPoint","urlTemplate":"https:\/\/www.esplac.cat\/?s={search_term_string}"},"query-input":{"@type":"PropertyValueSpecification","valueRequired":true,"valueName":"search_term_string"}}],"inLanguage":"en-US"},{"@type":"Organization","@id":"https:\/\/www.esplac.cat\/#organization","name":"Esplac","url":"https:\/\/www.esplac.cat\/","logo":{"@type":"ImageObject","inLanguage":"en-US","@id":"https:\/\/www.esplac.cat\/#\/schema\/logo\/image\/","url":"https:\/\/www.esplac.cat\/wp-content\/uploads\/2019\/08\/logox2.png","contentUrl":"https:\/\/www.esplac.cat\/wp-content\/uploads\/2019\/08\/logox2.png","width":600,"height":295,"caption":"Esplac"},"image":{"@id":"https:\/\/www.esplac.cat\/#\/schema\/logo\/image\/"}},{"@type":"Person","@id":"https:\/\/www.esplac.cat\/#\/schema\/person\/908383cf240be18b68f8855d0583faca","name":"Comunicaci\u00f3 Esplac","image":{"@type":"ImageObject","inLanguage":"en-US","@id":"https:\/\/secure.gravatar.com\/avatar\/7a4cf8feb412a76ea4a740ca02d95b06b2907b5a6c648c2dd0a1082a093c3141?s=96&d=mm&r=g","url":"https:\/\/secure.gravatar.com\/avatar\/7a4cf8feb412a76ea4a740ca02d95b06b2907b5a6c648c2dd0a1082a093c3141?s=96&d=mm&r=g","contentUrl":"https:\/\/secure.gravatar.com\/avatar\/7a4cf8feb412a76ea4a740ca02d95b06b2907b5a6c648c2dd0a1082a093c3141?s=96&d=mm&r=g","caption":"Comunicaci\u00f3 Esplac"}}]}},"_links":{"self":[{"href":"https:\/\/www.esplac.cat\/en\/wp-json\/wp\/v2\/posts\/25141","targetHints":{"allow":["GET"]}}],"collection":[{"href":"https:\/\/www.esplac.cat\/en\/wp-json\/wp\/v2\/posts"}],"about":[{"href":"https:\/\/www.esplac.cat\/en\/wp-json\/wp\/v2\/types\/post"}],"author":[{"embeddable":true,"href":"https:\/\/www.esplac.cat\/en\/wp-json\/wp\/v2\/users\/3"}],"replies":[{"embeddable":true,"href":"https:\/\/www.esplac.cat\/en\/wp-json\/wp\/v2\/comments?post=25141"}],"version-history":[{"count":0,"href":"https:\/\/www.esplac.cat\/en\/wp-json\/wp\/v2\/posts\/25141\/revisions"}],"wp:featuredmedia":[{"embeddable":true,"href":"https:\/\/www.esplac.cat\/en\/wp-json\/wp\/v2\/media\/25142"}],"wp:attachment":[{"href":"https:\/\/www.esplac.cat\/en\/wp-json\/wp\/v2\/media?parent=25141"}],"wp:term":[{"taxonomy":"category","embeddable":true,"href":"https:\/\/www.esplac.cat\/en\/wp-json\/wp\/v2\/categories?post=25141"},{"taxonomy":"post_tag","embeddable":true,"href":"https:\/\/www.esplac.cat\/en\/wp-json\/wp\/v2\/tags?post=25141"}],"curies":[{"name":"wp","href":"https:\/\/api.w.org\/{rel}","templated":true}]}}