{"id":25158,"date":"2016-10-06T13:47:52","date_gmt":"2016-10-06T11:47:52","guid":{"rendered":"http:\/\/www.esplac.cat\/?p=11207"},"modified":"2016-10-06T13:47:52","modified_gmt":"2016-10-06T11:47:52","slug":"els-esplais-del-camp-de-tarragona-celebren-la-seva-ago-amb-lobjectiu-de-creixer-com-a-sector","status":"publish","type":"post","link":"https:\/\/www.esplac.cat\/en\/els-esplais-del-camp-de-tarragona-celebren-la-seva-ago-amb-lobjectiu-de-creixer-com-a-sector\/","title":{"rendered":"Els esplais del Camp de Tarragona celebren la seva AGO amb l&#8217;objectiu de cr\u00e9ixer com a sector"},"content":{"rendered":"<p style=\"text-align: justify;\"><strong>En l&#8217;Assemblea, que es va celebrar l&#8217;1 d&#8217;octubre a l&#8217;Esplai La Grapadora (Tarragona), els esplais van escollir un nou Equip General de Sector (EGS) i van aprovar el seu Pla de treball, que inclou grans activitats com l&#8217;Avellanada i la Trobada de Joves Intersectorial<\/strong><\/p>\n<p style=\"text-align: justify;\">El passat dissabte 1 d\u2019octubre es va realitzar l\u2019AGO del Camp de Tarragona. Despr\u00e9s de la presentaci\u00f3 de la mem\u00f2ria del curs passat vam continuar amb la votaci\u00f3 de l\u2019equip d\u2019EGS d\u2019enguany.<\/p>\n<p style=\"text-align: justify;\">Aix\u00ed doncs, el sector t\u00e9 dos EGS nous! La Maria de l&#8217;Esplai la Grapadora que continua amb moltes ganes, i les noves incorporacions s\u00f3n l\u2019Elvira i en Joel (de l&#8217;Esplai la Grapadora i el Serrallo respectivament).<\/p>\n<p style=\"text-align: justify;\">Durant l\u2019AGO el sector va treballar de manera molt intensa el Pla de Treball d\u2019aquest nou curs, amb una clara intenci\u00f3 de cr\u00e9ixer com a sector. A m\u00e9s, es van proposar\u00a0accions enfocades a\u00a0motivar als esplais del sector a participar m\u00e9s de les activitats.<\/p>\n<p style=\"text-align: justify;\">Aquest curs, s&#8217;esperen tamb\u00e9 grans projectes al Camp de Tarragona: els esplais celebraran la Trobada de Grans (que han batejat amb el nou nom d\u2019<strong>Avellanada<\/strong>!) i la Trobada de Joves Intersectorial amb el sector Pened\u00e8s\u2013Garraf i el Baix Llobregat.<\/p>\n<p style=\"text-align: justify;\">El sector Camp de Tarragona comen\u00e7a el curs amb les piles carregades i amb ganes de fer molta feina!<\/p>\n","protected":false},"excerpt":{"rendered":"<p>En l&#8217;Assemblea, que es va celebrar l&#8217;1 d&#8217;octubre a l&#8217;Esplai [&hellip;]<\/p>\n","protected":false},"author":3,"featured_media":25159,"comment_status":"closed","ping_status":"open","sticky":false,"template":"","format":"standard","meta":{"om_disable_all_campaigns":false,"_monsterinsights_skip_tracking":false,"_monsterinsights_sitenote_active":false,"_monsterinsights_sitenote_note":"","_monsterinsights_sitenote_category":0,"_uf_show_specific_survey":0,"_uf_disable_surveys":false,"footnotes":""},"categories":[1110,1122],"tags":[335,773,772,774,356,338,120],"class_list":["post-25158","post","type-post","status-publish","format-standard","has-post-thumbnail","hentry","category-activitats-sectors","category-sector-camp-de-tarragona","tag-ago","tag-ago-cdt16","tag-assemblea-general-ordinaria","tag-camp-de-tarragona","tag-c5-egs","tag-pla-de-treball","tag-sector-camp-de-tarragona"],"yoast_head":"<!-- This site is optimized with the Yoast SEO plugin v27.5 - https:\/\/yoast.com\/product\/yoast-seo-wordpress\/ -->\n<title>Els esplais del Camp de Tarragona celebren la seva AGO amb l&#039;objectiu de cr\u00e9ixer com a sector - Esplac<\/title>\n<meta name=\"robots\" content=\"index, follow, max-snippet:-1, max-image-preview:large, max-video-preview:-1\" \/>\n<link rel=\"canonical\" href=\"https:\/\/www.esplac.cat\/els-esplais-del-camp-de-tarragona-celebren-la-seva-ago-amb-lobjectiu-de-creixer-com-a-sector\/\" \/>\n<meta property=\"og:locale\" content=\"en_US\" \/>\n<meta property=\"og:type\" content=\"article\" \/>\n<meta property=\"og:title\" content=\"Els esplais del Camp de Tarragona celebren la seva AGO amb l&#039;objectiu de cr\u00e9ixer com a sector - Esplac\" \/>\n<meta property=\"og:description\" content=\"En l&#8217;Assemblea, que es va celebrar l&#8217;1 d&#8217;octubre a l&#8217;Esplai [&hellip;]\" \/>\n<meta property=\"og:url\" content=\"https:\/\/www.esplac.cat\/els-esplais-del-camp-de-tarragona-celebren-la-seva-ago-amb-lobjectiu-de-creixer-com-a-sector\/\" \/>\n<meta property=\"og:site_name\" content=\"Esplac\" \/>\n<meta property=\"article:published_time\" content=\"2016-10-06T11:47:52+00:00\" \/>\n<meta property=\"og:image\" content=\"https:\/\/www.esplac.cat\/wp-content\/uploads\/2016\/10\/20161006_AGO-cdt.jpg\" \/>\n\t<meta property=\"og:image:width\" content=\"847\" \/>\n\t<meta property=\"og:image:height\" content=\"350\" \/>\n\t<meta property=\"og:image:type\" content=\"image\/jpeg\" \/>\n<meta name=\"author\" content=\"Comunicaci\u00f3 Esplac\" \/>\n<meta name=\"twitter:card\" content=\"summary_large_image\" \/>\n<meta name=\"twitter:label1\" content=\"Written by\" \/>\n\t<meta name=\"twitter:data1\" content=\"Comunicaci\u00f3 Esplac\" \/>\n\t<meta name=\"twitter:label2\" content=\"Est. reading time\" \/>\n\t<meta name=\"twitter:data2\" content=\"1 minute\" \/>\n<script type=\"application\/ld+json\" class=\"yoast-schema-graph\">{\"@context\":\"https:\\\/\\\/schema.org\",\"@graph\":[{\"@type\":\"Article\",\"@id\":\"https:\\\/\\\/www.esplac.cat\\\/els-esplais-del-camp-de-tarragona-celebren-la-seva-ago-amb-lobjectiu-de-creixer-com-a-sector\\\/#article\",\"isPartOf\":{\"@id\":\"https:\\\/\\\/www.esplac.cat\\\/els-esplais-del-camp-de-tarragona-celebren-la-seva-ago-amb-lobjectiu-de-creixer-com-a-sector\\\/\"},\"author\":{\"name\":\"Comunicaci\u00f3 Esplac\",\"@id\":\"https:\\\/\\\/www.esplac.cat\\\/#\\\/schema\\\/person\\\/908383cf240be18b68f8855d0583faca\"},\"headline\":\"Els esplais del Camp de Tarragona celebren la seva AGO amb l&#8217;objectiu de cr\u00e9ixer com a sector\",\"datePublished\":\"2016-10-06T11:47:52+00:00\",\"mainEntityOfPage\":{\"@id\":\"https:\\\/\\\/www.esplac.cat\\\/els-esplais-del-camp-de-tarragona-celebren-la-seva-ago-amb-lobjectiu-de-creixer-com-a-sector\\\/\"},\"wordCount\":258,\"publisher\":{\"@id\":\"https:\\\/\\\/www.esplac.cat\\\/#organization\"},\"image\":{\"@id\":\"https:\\\/\\\/www.esplac.cat\\\/els-esplais-del-camp-de-tarragona-celebren-la-seva-ago-amb-lobjectiu-de-creixer-com-a-sector\\\/#primaryimage\"},\"thumbnailUrl\":\"https:\\\/\\\/www.esplac.cat\\\/wp-content\\\/uploads\\\/2016\\\/10\\\/20161006_AGO-cdt.jpg\",\"keywords\":[\"AGO\",\"AGO Cdt16\",\"Assemblea General Ordin\u00e0ria\",\"Camp de Tarragona\",\"EGS\",\"pla de treball\",\"sector Camp de Tarragona\"],\"articleSection\":[\"Activitats sectors\",\"Sector Camp de Tarragona\"],\"inLanguage\":\"en-US\"},{\"@type\":\"WebPage\",\"@id\":\"https:\\\/\\\/www.esplac.cat\\\/els-esplais-del-camp-de-tarragona-celebren-la-seva-ago-amb-lobjectiu-de-creixer-com-a-sector\\\/\",\"url\":\"https:\\\/\\\/www.esplac.cat\\\/els-esplais-del-camp-de-tarragona-celebren-la-seva-ago-amb-lobjectiu-de-creixer-com-a-sector\\\/\",\"name\":\"Els esplais del Camp de Tarragona celebren la seva AGO amb l'objectiu de cr\u00e9ixer com a sector - Esplac\",\"isPartOf\":{\"@id\":\"https:\\\/\\\/www.esplac.cat\\\/#website\"},\"primaryImageOfPage\":{\"@id\":\"https:\\\/\\\/www.esplac.cat\\\/els-esplais-del-camp-de-tarragona-celebren-la-seva-ago-amb-lobjectiu-de-creixer-com-a-sector\\\/#primaryimage\"},\"image\":{\"@id\":\"https:\\\/\\\/www.esplac.cat\\\/els-esplais-del-camp-de-tarragona-celebren-la-seva-ago-amb-lobjectiu-de-creixer-com-a-sector\\\/#primaryimage\"},\"thumbnailUrl\":\"https:\\\/\\\/www.esplac.cat\\\/wp-content\\\/uploads\\\/2016\\\/10\\\/20161006_AGO-cdt.jpg\",\"datePublished\":\"2016-10-06T11:47:52+00:00\",\"breadcrumb\":{\"@id\":\"https:\\\/\\\/www.esplac.cat\\\/els-esplais-del-camp-de-tarragona-celebren-la-seva-ago-amb-lobjectiu-de-creixer-com-a-sector\\\/#breadcrumb\"},\"inLanguage\":\"en-US\",\"potentialAction\":[{\"@type\":\"ReadAction\",\"target\":[\"https:\\\/\\\/www.esplac.cat\\\/els-esplais-del-camp-de-tarragona-celebren-la-seva-ago-amb-lobjectiu-de-creixer-com-a-sector\\\/\"]}]},{\"@type\":\"ImageObject\",\"inLanguage\":\"en-US\",\"@id\":\"https:\\\/\\\/www.esplac.cat\\\/els-esplais-del-camp-de-tarragona-celebren-la-seva-ago-amb-lobjectiu-de-creixer-com-a-sector\\\/#primaryimage\",\"url\":\"https:\\\/\\\/www.esplac.cat\\\/wp-content\\\/uploads\\\/2016\\\/10\\\/20161006_AGO-cdt.jpg\",\"contentUrl\":\"https:\\\/\\\/www.esplac.cat\\\/wp-content\\\/uploads\\\/2016\\\/10\\\/20161006_AGO-cdt.jpg\",\"width\":847,\"height\":350},{\"@type\":\"BreadcrumbList\",\"@id\":\"https:\\\/\\\/www.esplac.cat\\\/els-esplais-del-camp-de-tarragona-celebren-la-seva-ago-amb-lobjectiu-de-creixer-com-a-sector\\\/#breadcrumb\",\"itemListElement\":[{\"@type\":\"ListItem\",\"position\":1,\"name\":\"Inici\",\"item\":\"https:\\\/\\\/www.esplac.cat\\\/en\\\/\"},{\"@type\":\"ListItem\",\"position\":2,\"name\":\"Els esplais del Camp de Tarragona celebren la seva AGO amb l&#8217;objectiu de cr\u00e9ixer com a sector\"}]},{\"@type\":\"WebSite\",\"@id\":\"https:\\\/\\\/www.esplac.cat\\\/#website\",\"url\":\"https:\\\/\\\/www.esplac.cat\\\/\",\"name\":\"Esplac\",\"description\":\"Esplais Catalans\",\"publisher\":{\"@id\":\"https:\\\/\\\/www.esplac.cat\\\/#organization\"},\"potentialAction\":[{\"@type\":\"SearchAction\",\"target\":{\"@type\":\"EntryPoint\",\"urlTemplate\":\"https:\\\/\\\/www.esplac.cat\\\/?s={search_term_string}\"},\"query-input\":{\"@type\":\"PropertyValueSpecification\",\"valueRequired\":true,\"valueName\":\"search_term_string\"}}],\"inLanguage\":\"en-US\"},{\"@type\":\"Organization\",\"@id\":\"https:\\\/\\\/www.esplac.cat\\\/#organization\",\"name\":\"Esplac\",\"url\":\"https:\\\/\\\/www.esplac.cat\\\/\",\"logo\":{\"@type\":\"ImageObject\",\"inLanguage\":\"en-US\",\"@id\":\"https:\\\/\\\/www.esplac.cat\\\/#\\\/schema\\\/logo\\\/image\\\/\",\"url\":\"https:\\\/\\\/www.esplac.cat\\\/wp-content\\\/uploads\\\/2019\\\/08\\\/logox2.png\",\"contentUrl\":\"https:\\\/\\\/www.esplac.cat\\\/wp-content\\\/uploads\\\/2019\\\/08\\\/logox2.png\",\"width\":600,\"height\":295,\"caption\":\"Esplac\"},\"image\":{\"@id\":\"https:\\\/\\\/www.esplac.cat\\\/#\\\/schema\\\/logo\\\/image\\\/\"}},{\"@type\":\"Person\",\"@id\":\"https:\\\/\\\/www.esplac.cat\\\/#\\\/schema\\\/person\\\/908383cf240be18b68f8855d0583faca\",\"name\":\"Comunicaci\u00f3 Esplac\",\"image\":{\"@type\":\"ImageObject\",\"inLanguage\":\"en-US\",\"@id\":\"https:\\\/\\\/secure.gravatar.com\\\/avatar\\\/7a4cf8feb412a76ea4a740ca02d95b06b2907b5a6c648c2dd0a1082a093c3141?s=96&d=mm&r=g\",\"url\":\"https:\\\/\\\/secure.gravatar.com\\\/avatar\\\/7a4cf8feb412a76ea4a740ca02d95b06b2907b5a6c648c2dd0a1082a093c3141?s=96&d=mm&r=g\",\"contentUrl\":\"https:\\\/\\\/secure.gravatar.com\\\/avatar\\\/7a4cf8feb412a76ea4a740ca02d95b06b2907b5a6c648c2dd0a1082a093c3141?s=96&d=mm&r=g\",\"caption\":\"Comunicaci\u00f3 Esplac\"}}]}<\/script>\n<!-- \/ Yoast SEO plugin. -->","yoast_head_json":{"title":"Els esplais del Camp de Tarragona celebren la seva AGO amb l'objectiu de cr\u00e9ixer com a sector - Esplac","robots":{"index":"index","follow":"follow","max-snippet":"max-snippet:-1","max-image-preview":"max-image-preview:large","max-video-preview":"max-video-preview:-1"},"canonical":"https:\/\/www.esplac.cat\/els-esplais-del-camp-de-tarragona-celebren-la-seva-ago-amb-lobjectiu-de-creixer-com-a-sector\/","og_locale":"en_US","og_type":"article","og_title":"Els esplais del Camp de Tarragona celebren la seva AGO amb l'objectiu de cr\u00e9ixer com a sector - Esplac","og_description":"En l&#8217;Assemblea, que es va celebrar l&#8217;1 d&#8217;octubre a l&#8217;Esplai [&hellip;]","og_url":"https:\/\/www.esplac.cat\/els-esplais-del-camp-de-tarragona-celebren-la-seva-ago-amb-lobjectiu-de-creixer-com-a-sector\/","og_site_name":"Esplac","article_published_time":"2016-10-06T11:47:52+00:00","og_image":[{"width":847,"height":350,"url":"https:\/\/www.esplac.cat\/wp-content\/uploads\/2016\/10\/20161006_AGO-cdt.jpg","type":"image\/jpeg"}],"author":"Comunicaci\u00f3 Esplac","twitter_card":"summary_large_image","twitter_misc":{"Written by":"Comunicaci\u00f3 Esplac","Est. reading time":"1 minute"},"schema":{"@context":"https:\/\/schema.org","@graph":[{"@type":"Article","@id":"https:\/\/www.esplac.cat\/els-esplais-del-camp-de-tarragona-celebren-la-seva-ago-amb-lobjectiu-de-creixer-com-a-sector\/#article","isPartOf":{"@id":"https:\/\/www.esplac.cat\/els-esplais-del-camp-de-tarragona-celebren-la-seva-ago-amb-lobjectiu-de-creixer-com-a-sector\/"},"author":{"name":"Comunicaci\u00f3 Esplac","@id":"https:\/\/www.esplac.cat\/#\/schema\/person\/908383cf240be18b68f8855d0583faca"},"headline":"Els esplais del Camp de Tarragona celebren la seva AGO amb l&#8217;objectiu de cr\u00e9ixer com a sector","datePublished":"2016-10-06T11:47:52+00:00","mainEntityOfPage":{"@id":"https:\/\/www.esplac.cat\/els-esplais-del-camp-de-tarragona-celebren-la-seva-ago-amb-lobjectiu-de-creixer-com-a-sector\/"},"wordCount":258,"publisher":{"@id":"https:\/\/www.esplac.cat\/#organization"},"image":{"@id":"https:\/\/www.esplac.cat\/els-esplais-del-camp-de-tarragona-celebren-la-seva-ago-amb-lobjectiu-de-creixer-com-a-sector\/#primaryimage"},"thumbnailUrl":"https:\/\/www.esplac.cat\/wp-content\/uploads\/2016\/10\/20161006_AGO-cdt.jpg","keywords":["AGO","AGO Cdt16","Assemblea General Ordin\u00e0ria","Camp de Tarragona","EGS","pla de treball","sector Camp de Tarragona"],"articleSection":["Activitats sectors","Sector Camp de Tarragona"],"inLanguage":"en-US"},{"@type":"WebPage","@id":"https:\/\/www.esplac.cat\/els-esplais-del-camp-de-tarragona-celebren-la-seva-ago-amb-lobjectiu-de-creixer-com-a-sector\/","url":"https:\/\/www.esplac.cat\/els-esplais-del-camp-de-tarragona-celebren-la-seva-ago-amb-lobjectiu-de-creixer-com-a-sector\/","name":"Els esplais del Camp de Tarragona celebren la seva AGO amb l'objectiu de cr\u00e9ixer com a sector - Esplac","isPartOf":{"@id":"https:\/\/www.esplac.cat\/#website"},"primaryImageOfPage":{"@id":"https:\/\/www.esplac.cat\/els-esplais-del-camp-de-tarragona-celebren-la-seva-ago-amb-lobjectiu-de-creixer-com-a-sector\/#primaryimage"},"image":{"@id":"https:\/\/www.esplac.cat\/els-esplais-del-camp-de-tarragona-celebren-la-seva-ago-amb-lobjectiu-de-creixer-com-a-sector\/#primaryimage"},"thumbnailUrl":"https:\/\/www.esplac.cat\/wp-content\/uploads\/2016\/10\/20161006_AGO-cdt.jpg","datePublished":"2016-10-06T11:47:52+00:00","breadcrumb":{"@id":"https:\/\/www.esplac.cat\/els-esplais-del-camp-de-tarragona-celebren-la-seva-ago-amb-lobjectiu-de-creixer-com-a-sector\/#breadcrumb"},"inLanguage":"en-US","potentialAction":[{"@type":"ReadAction","target":["https:\/\/www.esplac.cat\/els-esplais-del-camp-de-tarragona-celebren-la-seva-ago-amb-lobjectiu-de-creixer-com-a-sector\/"]}]},{"@type":"ImageObject","inLanguage":"en-US","@id":"https:\/\/www.esplac.cat\/els-esplais-del-camp-de-tarragona-celebren-la-seva-ago-amb-lobjectiu-de-creixer-com-a-sector\/#primaryimage","url":"https:\/\/www.esplac.cat\/wp-content\/uploads\/2016\/10\/20161006_AGO-cdt.jpg","contentUrl":"https:\/\/www.esplac.cat\/wp-content\/uploads\/2016\/10\/20161006_AGO-cdt.jpg","width":847,"height":350},{"@type":"BreadcrumbList","@id":"https:\/\/www.esplac.cat\/els-esplais-del-camp-de-tarragona-celebren-la-seva-ago-amb-lobjectiu-de-creixer-com-a-sector\/#breadcrumb","itemListElement":[{"@type":"ListItem","position":1,"name":"Inici","item":"https:\/\/www.esplac.cat\/en\/"},{"@type":"ListItem","position":2,"name":"Els esplais del Camp de Tarragona celebren la seva AGO amb l&#8217;objectiu de cr\u00e9ixer com a sector"}]},{"@type":"WebSite","@id":"https:\/\/www.esplac.cat\/#website","url":"https:\/\/www.esplac.cat\/","name":"Esplac","description":"Esplais Catalans","publisher":{"@id":"https:\/\/www.esplac.cat\/#organization"},"potentialAction":[{"@type":"SearchAction","target":{"@type":"EntryPoint","urlTemplate":"https:\/\/www.esplac.cat\/?s={search_term_string}"},"query-input":{"@type":"PropertyValueSpecification","valueRequired":true,"valueName":"search_term_string"}}],"inLanguage":"en-US"},{"@type":"Organization","@id":"https:\/\/www.esplac.cat\/#organization","name":"Esplac","url":"https:\/\/www.esplac.cat\/","logo":{"@type":"ImageObject","inLanguage":"en-US","@id":"https:\/\/www.esplac.cat\/#\/schema\/logo\/image\/","url":"https:\/\/www.esplac.cat\/wp-content\/uploads\/2019\/08\/logox2.png","contentUrl":"https:\/\/www.esplac.cat\/wp-content\/uploads\/2019\/08\/logox2.png","width":600,"height":295,"caption":"Esplac"},"image":{"@id":"https:\/\/www.esplac.cat\/#\/schema\/logo\/image\/"}},{"@type":"Person","@id":"https:\/\/www.esplac.cat\/#\/schema\/person\/908383cf240be18b68f8855d0583faca","name":"Comunicaci\u00f3 Esplac","image":{"@type":"ImageObject","inLanguage":"en-US","@id":"https:\/\/secure.gravatar.com\/avatar\/7a4cf8feb412a76ea4a740ca02d95b06b2907b5a6c648c2dd0a1082a093c3141?s=96&d=mm&r=g","url":"https:\/\/secure.gravatar.com\/avatar\/7a4cf8feb412a76ea4a740ca02d95b06b2907b5a6c648c2dd0a1082a093c3141?s=96&d=mm&r=g","contentUrl":"https:\/\/secure.gravatar.com\/avatar\/7a4cf8feb412a76ea4a740ca02d95b06b2907b5a6c648c2dd0a1082a093c3141?s=96&d=mm&r=g","caption":"Comunicaci\u00f3 Esplac"}}]}},"_links":{"self":[{"href":"https:\/\/www.esplac.cat\/en\/wp-json\/wp\/v2\/posts\/25158","targetHints":{"allow":["GET"]}}],"collection":[{"href":"https:\/\/www.esplac.cat\/en\/wp-json\/wp\/v2\/posts"}],"about":[{"href":"https:\/\/www.esplac.cat\/en\/wp-json\/wp\/v2\/types\/post"}],"author":[{"embeddable":true,"href":"https:\/\/www.esplac.cat\/en\/wp-json\/wp\/v2\/users\/3"}],"replies":[{"embeddable":true,"href":"https:\/\/www.esplac.cat\/en\/wp-json\/wp\/v2\/comments?post=25158"}],"version-history":[{"count":0,"href":"https:\/\/www.esplac.cat\/en\/wp-json\/wp\/v2\/posts\/25158\/revisions"}],"wp:featuredmedia":[{"embeddable":true,"href":"https:\/\/www.esplac.cat\/en\/wp-json\/wp\/v2\/media\/25159"}],"wp:attachment":[{"href":"https:\/\/www.esplac.cat\/en\/wp-json\/wp\/v2\/media?parent=25158"}],"wp:term":[{"taxonomy":"category","embeddable":true,"href":"https:\/\/www.esplac.cat\/en\/wp-json\/wp\/v2\/categories?post=25158"},{"taxonomy":"post_tag","embeddable":true,"href":"https:\/\/www.esplac.cat\/en\/wp-json\/wp\/v2\/tags?post=25158"}],"curies":[{"name":"wp","href":"https:\/\/api.w.org\/{rel}","templated":true}]}}