{"id":25162,"date":"2016-10-04T10:48:32","date_gmt":"2016-10-04T08:48:32","guid":{"rendered":"http:\/\/www.esplac.cat\/?p=11183"},"modified":"2019-11-14T13:38:36","modified_gmt":"2019-11-14T11:38:36","slug":"formacio-deteccio-i-prevencio-de-labus-sexual-infantil-de-la-fundacio-vicki-bernadet","status":"publish","type":"post","link":"https:\/\/www.esplac.cat\/en\/formacio-deteccio-i-prevencio-de-labus-sexual-infantil-de-la-fundacio-vicki-bernadet\/","title":{"rendered":"Formaci\u00f3 &#8216;Detecci\u00f3 i prevenci\u00f3 de l\u2019ab\u00fas sexual infantil&#8217; de la Fundaci\u00f3 Vicki Bernadet"},"content":{"rendered":"<h4 style=\"text-align: justify;\">Oferim una formaci\u00f3 espec\u00edfica per a monitores i monitors dels esplais amb la finalitat d\u2019oferir eines i reflexions al voltant de la protecci\u00f3 de la inf\u00e0ncia.\u00a0Ser\u00e0 el 28 d\u2019octubre de 16 a 20h a la seu d\u2019Esplac, amb un cost de 10\u20ac per participant.<\/h4>\n<p style=\"text-align: justify;\">Una de les accions del projecte d\u2019Inclusi\u00f3 i Diversitat d\u2019Esplac consisteix en oferir formacions especialitzades en la protecci\u00f3 de la inf\u00e0ncia i donar resposta a dubtes, necessitats i oferir coneixements entorn la viol\u00e8ncia i l\u2019ab\u00fas sexual infantil. Proposem aquesta formaci\u00f3 ja que considerem que la protecci\u00f3 a la inf\u00e0ncia \u00e9s un dret indiscutible a defensar des de l\u2019esplai i que, en moltes ocasions, els i les monitores no tenim les eines ni el coneixement per afrontar una revelaci\u00f3 o una sospita d\u2019ab\u00fas sexual.<\/p>\n<p style=\"text-align: justify;\" align=\"justify\">Tal i com la Fundaci\u00f3 Vicki Bernadet afirma, \u00abl\u2019ab\u00fas sexual \u00e9s un problema social. Els estudis realitzats a Espanya i en altres pa\u00efsos de la Uni\u00f3 Europea, EEUU i Canad\u00e0, estimen que un <strong><b>23-25% <\/b><\/strong><b>de les nenes<\/b> i un <strong><b>10-15% <\/b><\/strong><b>dels nens<\/b> sofreixen abusos sexuals abans dels 17 anys. L\u2019ab\u00fas i la viol\u00e8ncia sexual infantil \u00e9s <b>una forma activa de maltractament<\/b>, afectant no nom\u00e9s en el moment de l\u2019ab\u00fas sexual, sin\u00f3 que els <strong>efectes <\/strong>poden continuar tenint un profund impacte en l\u2019edat adulta\u00bb.<\/p>\n<p style=\"text-align: justify;\" align=\"justify\">Com a monitores i monitors ens hem d\u2019implicar activament en la protecci\u00f3, el benestar i les necessitats dels infants. Per aix\u00f2 organitzem aquesta formaci\u00f3 espec\u00edfica per a monitores i monitors dels esplais amb la finalitat d\u2019oferir eines i reflexions al voltant de la tem\u00e0tica. <b>Ser\u00e0 el 28 d\u2019octubre de 16 a 20h a la seu d\u2019Esplac <\/b>(c\/aviny\u00f3 n\u00fam. 44), amb <b>un cost de 10\u20ac per participant<\/b>. Les inscripcions es fan a trav\u00e9s de l\u2019<a href=\"http:\/\/esplac.cat\/esplacnet\/login\/index.php\" target=\"_blank\" rel=\"noopener noreferrer\">EsplacNet<\/a>, des d\u2019avui fins el 14 d\u2019octubre. Si necessitem m\u00e9s informaci\u00f3, podem escriure a <a href=\"mailto:barcelona@esplac.cat\">barcelona@esplac.cat<\/a><\/p>\n<p style=\"text-align: justify;\" align=\"justify\">La Fundaci\u00f3 Vicki Bernadet t\u00e9 com a fins d\u2019inter\u00e8s general la prevenci\u00f3 de la viol\u00e8ncia sexual i l&#8217;ab\u00fas sexual infantil, l&#8217;ajuda de tot tipus i la defensa dels interessos de les persones afectades per aquest problema i les seves fam\u00edlies, aix\u00ed com el foment de la igualtat d&#8217;oportunitats entre homes i dones. Podem donar-li un cop d\u2019ull a la seva <a href=\"http:\/\/www.fbernadet.org\/\">p\u00e0gina web<\/a>,on a m\u00e9s de trobar-hi diversos tipus de formacions hi veurem les activitats de sensibilitzaci\u00f3 i prevenci\u00f3 que ofereixen per a infants i adolescents (i que des de l\u2019esplai, podem demanar!).<\/p>\n<p style=\"text-align: justify;\" align=\"justify\">Al <a href=\"http:\/\/www.esplac.cat\/banc-de-recursos\/\" target=\"_blank\" rel=\"noopener noreferrer\">Banc de Recursos d\u2019Esplac<\/a> trobarem alguns recursos en pr\u00e9stec per promoure la prevenci\u00f3 i detecci\u00f3 de la viol\u00e8ncia i l\u2019ab\u00fas sexual, com el conte de la mateixa Fundaci\u00f3 Vicki Bernadet, <em>Les cortines d\u2019aire<\/em>. Tamb\u00e9, des d\u2019Esplac, hem editat alguns recursos d\u2019entre els quals hi podem trobar un protocol d\u2019actuaci\u00f3 davant el maltractament infantil.<\/p>\n<p style=\"text-align: justify;\" align=\"justify\"><strong><a href=\"http:\/\/www.esplac.cat\/alguns-recursos-sobre-inclusio-a-lesplai\/\" target=\"_blank\" rel=\"noopener noreferrer\">Els podem consultar clicant en aquest enlla\u00e7<\/a>.<\/strong><\/p>\n<p style=\"text-align: justify;\" align=\"justify\">Aqu\u00ed podeu veure\u00a0el cartell de la formaci\u00f3:<\/p>\n<p style=\"text-align: justify;\" align=\"justify\"><img decoding=\"async\" class=\"size-full\" src=\"http:\/\/www.esplac.cat\/wp-content\/uploads\/2016\/10\/160922_Formacio_Prevencio.jpg\" alt=\"\" width=\"2480\" height=\"3508\" \/><\/p>\n","protected":false},"excerpt":{"rendered":"<p>Oferim una formaci\u00f3 espec\u00edfica per a monitores i monitors dels [&hellip;]<\/p>\n","protected":false},"author":3,"featured_media":25163,"comment_status":"closed","ping_status":"open","sticky":false,"template":"","format":"standard","meta":{"om_disable_all_campaigns":false,"_monsterinsights_skip_tracking":false,"_monsterinsights_sitenote_active":false,"_monsterinsights_sitenote_note":"","_monsterinsights_sitenote_category":0,"_uf_show_specific_survey":0,"_uf_disable_surveys":false,"footnotes":""},"categories":[1131,1166,1167,1163,1],"tags":[54,769],"class_list":["post-25162","post","type-post","status-publish","format-standard","has-post-thumbnail","hentry","category-cursos-formacions","category-inclusio-i-diversitat","category-infancia","category-protocol","category-sense-categoria","tag-formacio","tag-vicki-bernadet"],"yoast_head":"<!-- This site is optimized with the Yoast SEO plugin v27.4 - https:\/\/yoast.com\/product\/yoast-seo-wordpress\/ -->\n<title>Formaci\u00f3 &#039;Detecci\u00f3 i prevenci\u00f3 de l\u2019ab\u00fas sexual infantil&#039; de la Fundaci\u00f3 Vicki Bernadet - Esplac<\/title>\n<meta name=\"robots\" content=\"index, follow, max-snippet:-1, max-image-preview:large, max-video-preview:-1\" \/>\n<link rel=\"canonical\" href=\"https:\/\/www.esplac.cat\/es\/formacio-deteccio-i-prevencio-de-labus-sexual-infantil-de-la-fundacio-vicki-bernadet\/\" \/>\n<meta property=\"og:locale\" content=\"en_US\" \/>\n<meta property=\"og:type\" content=\"article\" \/>\n<meta property=\"og:title\" content=\"Formaci\u00f3 &#039;Detecci\u00f3 i prevenci\u00f3 de l\u2019ab\u00fas sexual infantil&#039; de la Fundaci\u00f3 Vicki Bernadet - Esplac\" \/>\n<meta property=\"og:description\" content=\"Oferim una formaci\u00f3 espec\u00edfica per a monitores i monitors dels [&hellip;]\" \/>\n<meta property=\"og:url\" content=\"https:\/\/www.esplac.cat\/es\/formacio-deteccio-i-prevencio-de-labus-sexual-infantil-de-la-fundacio-vicki-bernadet\/\" \/>\n<meta property=\"og:site_name\" content=\"Esplac\" \/>\n<meta property=\"article:published_time\" content=\"2016-10-04T08:48:32+00:00\" \/>\n<meta property=\"article:modified_time\" content=\"2019-11-14T11:38:36+00:00\" \/>\n<meta property=\"og:image\" content=\"https:\/\/www.esplac.cat\/wp-content\/uploads\/2016\/10\/20161004_Formacio_Vicki_Bernadet.jpg\" \/>\n\t<meta property=\"og:image:width\" content=\"847\" \/>\n\t<meta property=\"og:image:height\" content=\"350\" \/>\n\t<meta property=\"og:image:type\" content=\"image\/jpeg\" \/>\n<meta name=\"author\" content=\"Comunicaci\u00f3 Esplac\" \/>\n<meta name=\"twitter:card\" content=\"summary_large_image\" \/>\n<meta name=\"twitter:label1\" content=\"Written by\" \/>\n\t<meta name=\"twitter:data1\" content=\"Comunicaci\u00f3 Esplac\" \/>\n\t<meta name=\"twitter:label2\" content=\"Est. reading time\" \/>\n\t<meta name=\"twitter:data2\" content=\"3 minutes\" \/>\n<script type=\"application\/ld+json\" class=\"yoast-schema-graph\">{\"@context\":\"https:\\\/\\\/schema.org\",\"@graph\":[{\"@type\":\"Article\",\"@id\":\"https:\\\/\\\/www.esplac.cat\\\/es\\\/formacio-deteccio-i-prevencio-de-labus-sexual-infantil-de-la-fundacio-vicki-bernadet\\\/#article\",\"isPartOf\":{\"@id\":\"https:\\\/\\\/www.esplac.cat\\\/es\\\/formacio-deteccio-i-prevencio-de-labus-sexual-infantil-de-la-fundacio-vicki-bernadet\\\/\"},\"author\":{\"name\":\"Comunicaci\u00f3 Esplac\",\"@id\":\"https:\\\/\\\/www.esplac.cat\\\/#\\\/schema\\\/person\\\/908383cf240be18b68f8855d0583faca\"},\"headline\":\"Formaci\u00f3 &#8216;Detecci\u00f3 i prevenci\u00f3 de l\u2019ab\u00fas sexual infantil&#8217; de la Fundaci\u00f3 Vicki Bernadet\",\"datePublished\":\"2016-10-04T08:48:32+00:00\",\"dateModified\":\"2019-11-14T11:38:36+00:00\",\"mainEntityOfPage\":{\"@id\":\"https:\\\/\\\/www.esplac.cat\\\/es\\\/formacio-deteccio-i-prevencio-de-labus-sexual-infantil-de-la-fundacio-vicki-bernadet\\\/\"},\"wordCount\":528,\"publisher\":{\"@id\":\"https:\\\/\\\/www.esplac.cat\\\/#organization\"},\"image\":{\"@id\":\"https:\\\/\\\/www.esplac.cat\\\/es\\\/formacio-deteccio-i-prevencio-de-labus-sexual-infantil-de-la-fundacio-vicki-bernadet\\\/#primaryimage\"},\"thumbnailUrl\":\"https:\\\/\\\/www.esplac.cat\\\/wp-content\\\/uploads\\\/2016\\\/10\\\/20161004_Formacio_Vicki_Bernadet.jpg\",\"keywords\":[\"formaci\u00f3\",\"Vicki Bernadet\"],\"articleSection\":[\"Cursos i formacions\",\"Inclusi\u00f3 i diversitat\",\"Inf\u00e0ncia i Esplaiada\",\"Protocol\",\"Sense categoria\"],\"inLanguage\":\"en-US\"},{\"@type\":\"WebPage\",\"@id\":\"https:\\\/\\\/www.esplac.cat\\\/es\\\/formacio-deteccio-i-prevencio-de-labus-sexual-infantil-de-la-fundacio-vicki-bernadet\\\/\",\"url\":\"https:\\\/\\\/www.esplac.cat\\\/es\\\/formacio-deteccio-i-prevencio-de-labus-sexual-infantil-de-la-fundacio-vicki-bernadet\\\/\",\"name\":\"Formaci\u00f3 'Detecci\u00f3 i prevenci\u00f3 de l\u2019ab\u00fas sexual infantil' de la Fundaci\u00f3 Vicki Bernadet - Esplac\",\"isPartOf\":{\"@id\":\"https:\\\/\\\/www.esplac.cat\\\/#website\"},\"primaryImageOfPage\":{\"@id\":\"https:\\\/\\\/www.esplac.cat\\\/es\\\/formacio-deteccio-i-prevencio-de-labus-sexual-infantil-de-la-fundacio-vicki-bernadet\\\/#primaryimage\"},\"image\":{\"@id\":\"https:\\\/\\\/www.esplac.cat\\\/es\\\/formacio-deteccio-i-prevencio-de-labus-sexual-infantil-de-la-fundacio-vicki-bernadet\\\/#primaryimage\"},\"thumbnailUrl\":\"https:\\\/\\\/www.esplac.cat\\\/wp-content\\\/uploads\\\/2016\\\/10\\\/20161004_Formacio_Vicki_Bernadet.jpg\",\"datePublished\":\"2016-10-04T08:48:32+00:00\",\"dateModified\":\"2019-11-14T11:38:36+00:00\",\"breadcrumb\":{\"@id\":\"https:\\\/\\\/www.esplac.cat\\\/es\\\/formacio-deteccio-i-prevencio-de-labus-sexual-infantil-de-la-fundacio-vicki-bernadet\\\/#breadcrumb\"},\"inLanguage\":\"en-US\",\"potentialAction\":[{\"@type\":\"ReadAction\",\"target\":[\"https:\\\/\\\/www.esplac.cat\\\/es\\\/formacio-deteccio-i-prevencio-de-labus-sexual-infantil-de-la-fundacio-vicki-bernadet\\\/\"]}]},{\"@type\":\"ImageObject\",\"inLanguage\":\"en-US\",\"@id\":\"https:\\\/\\\/www.esplac.cat\\\/es\\\/formacio-deteccio-i-prevencio-de-labus-sexual-infantil-de-la-fundacio-vicki-bernadet\\\/#primaryimage\",\"url\":\"https:\\\/\\\/www.esplac.cat\\\/wp-content\\\/uploads\\\/2016\\\/10\\\/20161004_Formacio_Vicki_Bernadet.jpg\",\"contentUrl\":\"https:\\\/\\\/www.esplac.cat\\\/wp-content\\\/uploads\\\/2016\\\/10\\\/20161004_Formacio_Vicki_Bernadet.jpg\",\"width\":847,\"height\":350},{\"@type\":\"BreadcrumbList\",\"@id\":\"https:\\\/\\\/www.esplac.cat\\\/es\\\/formacio-deteccio-i-prevencio-de-labus-sexual-infantil-de-la-fundacio-vicki-bernadet\\\/#breadcrumb\",\"itemListElement\":[{\"@type\":\"ListItem\",\"position\":1,\"name\":\"Inici\",\"item\":\"https:\\\/\\\/www.esplac.cat\\\/en\\\/\"},{\"@type\":\"ListItem\",\"position\":2,\"name\":\"Formaci\u00f3 &#8216;Detecci\u00f3 i prevenci\u00f3 de l\u2019ab\u00fas sexual infantil&#8217; de la Fundaci\u00f3 Vicki Bernadet\"}]},{\"@type\":\"WebSite\",\"@id\":\"https:\\\/\\\/www.esplac.cat\\\/#website\",\"url\":\"https:\\\/\\\/www.esplac.cat\\\/\",\"name\":\"Esplac\",\"description\":\"Esplais Catalans\",\"publisher\":{\"@id\":\"https:\\\/\\\/www.esplac.cat\\\/#organization\"},\"potentialAction\":[{\"@type\":\"SearchAction\",\"target\":{\"@type\":\"EntryPoint\",\"urlTemplate\":\"https:\\\/\\\/www.esplac.cat\\\/?s={search_term_string}\"},\"query-input\":{\"@type\":\"PropertyValueSpecification\",\"valueRequired\":true,\"valueName\":\"search_term_string\"}}],\"inLanguage\":\"en-US\"},{\"@type\":\"Organization\",\"@id\":\"https:\\\/\\\/www.esplac.cat\\\/#organization\",\"name\":\"Esplac\",\"url\":\"https:\\\/\\\/www.esplac.cat\\\/\",\"logo\":{\"@type\":\"ImageObject\",\"inLanguage\":\"en-US\",\"@id\":\"https:\\\/\\\/www.esplac.cat\\\/#\\\/schema\\\/logo\\\/image\\\/\",\"url\":\"https:\\\/\\\/www.esplac.cat\\\/wp-content\\\/uploads\\\/2019\\\/08\\\/logox2.png\",\"contentUrl\":\"https:\\\/\\\/www.esplac.cat\\\/wp-content\\\/uploads\\\/2019\\\/08\\\/logox2.png\",\"width\":600,\"height\":295,\"caption\":\"Esplac\"},\"image\":{\"@id\":\"https:\\\/\\\/www.esplac.cat\\\/#\\\/schema\\\/logo\\\/image\\\/\"}},{\"@type\":\"Person\",\"@id\":\"https:\\\/\\\/www.esplac.cat\\\/#\\\/schema\\\/person\\\/908383cf240be18b68f8855d0583faca\",\"name\":\"Comunicaci\u00f3 Esplac\",\"image\":{\"@type\":\"ImageObject\",\"inLanguage\":\"en-US\",\"@id\":\"https:\\\/\\\/secure.gravatar.com\\\/avatar\\\/7a4cf8feb412a76ea4a740ca02d95b06b2907b5a6c648c2dd0a1082a093c3141?s=96&d=mm&r=g\",\"url\":\"https:\\\/\\\/secure.gravatar.com\\\/avatar\\\/7a4cf8feb412a76ea4a740ca02d95b06b2907b5a6c648c2dd0a1082a093c3141?s=96&d=mm&r=g\",\"contentUrl\":\"https:\\\/\\\/secure.gravatar.com\\\/avatar\\\/7a4cf8feb412a76ea4a740ca02d95b06b2907b5a6c648c2dd0a1082a093c3141?s=96&d=mm&r=g\",\"caption\":\"Comunicaci\u00f3 Esplac\"}}]}<\/script>\n<!-- \/ Yoast SEO plugin. -->","yoast_head_json":{"title":"Formaci\u00f3 'Detecci\u00f3 i prevenci\u00f3 de l\u2019ab\u00fas sexual infantil' de la Fundaci\u00f3 Vicki Bernadet - Esplac","robots":{"index":"index","follow":"follow","max-snippet":"max-snippet:-1","max-image-preview":"max-image-preview:large","max-video-preview":"max-video-preview:-1"},"canonical":"https:\/\/www.esplac.cat\/es\/formacio-deteccio-i-prevencio-de-labus-sexual-infantil-de-la-fundacio-vicki-bernadet\/","og_locale":"en_US","og_type":"article","og_title":"Formaci\u00f3 'Detecci\u00f3 i prevenci\u00f3 de l\u2019ab\u00fas sexual infantil' de la Fundaci\u00f3 Vicki Bernadet - Esplac","og_description":"Oferim una formaci\u00f3 espec\u00edfica per a monitores i monitors dels [&hellip;]","og_url":"https:\/\/www.esplac.cat\/es\/formacio-deteccio-i-prevencio-de-labus-sexual-infantil-de-la-fundacio-vicki-bernadet\/","og_site_name":"Esplac","article_published_time":"2016-10-04T08:48:32+00:00","article_modified_time":"2019-11-14T11:38:36+00:00","og_image":[{"width":847,"height":350,"url":"https:\/\/www.esplac.cat\/wp-content\/uploads\/2016\/10\/20161004_Formacio_Vicki_Bernadet.jpg","type":"image\/jpeg"}],"author":"Comunicaci\u00f3 Esplac","twitter_card":"summary_large_image","twitter_misc":{"Written by":"Comunicaci\u00f3 Esplac","Est. reading time":"3 minutes"},"schema":{"@context":"https:\/\/schema.org","@graph":[{"@type":"Article","@id":"https:\/\/www.esplac.cat\/es\/formacio-deteccio-i-prevencio-de-labus-sexual-infantil-de-la-fundacio-vicki-bernadet\/#article","isPartOf":{"@id":"https:\/\/www.esplac.cat\/es\/formacio-deteccio-i-prevencio-de-labus-sexual-infantil-de-la-fundacio-vicki-bernadet\/"},"author":{"name":"Comunicaci\u00f3 Esplac","@id":"https:\/\/www.esplac.cat\/#\/schema\/person\/908383cf240be18b68f8855d0583faca"},"headline":"Formaci\u00f3 &#8216;Detecci\u00f3 i prevenci\u00f3 de l\u2019ab\u00fas sexual infantil&#8217; de la Fundaci\u00f3 Vicki Bernadet","datePublished":"2016-10-04T08:48:32+00:00","dateModified":"2019-11-14T11:38:36+00:00","mainEntityOfPage":{"@id":"https:\/\/www.esplac.cat\/es\/formacio-deteccio-i-prevencio-de-labus-sexual-infantil-de-la-fundacio-vicki-bernadet\/"},"wordCount":528,"publisher":{"@id":"https:\/\/www.esplac.cat\/#organization"},"image":{"@id":"https:\/\/www.esplac.cat\/es\/formacio-deteccio-i-prevencio-de-labus-sexual-infantil-de-la-fundacio-vicki-bernadet\/#primaryimage"},"thumbnailUrl":"https:\/\/www.esplac.cat\/wp-content\/uploads\/2016\/10\/20161004_Formacio_Vicki_Bernadet.jpg","keywords":["formaci\u00f3","Vicki Bernadet"],"articleSection":["Cursos i formacions","Inclusi\u00f3 i diversitat","Inf\u00e0ncia i Esplaiada","Protocol","Sense categoria"],"inLanguage":"en-US"},{"@type":"WebPage","@id":"https:\/\/www.esplac.cat\/es\/formacio-deteccio-i-prevencio-de-labus-sexual-infantil-de-la-fundacio-vicki-bernadet\/","url":"https:\/\/www.esplac.cat\/es\/formacio-deteccio-i-prevencio-de-labus-sexual-infantil-de-la-fundacio-vicki-bernadet\/","name":"Formaci\u00f3 'Detecci\u00f3 i prevenci\u00f3 de l\u2019ab\u00fas sexual infantil' de la Fundaci\u00f3 Vicki Bernadet - Esplac","isPartOf":{"@id":"https:\/\/www.esplac.cat\/#website"},"primaryImageOfPage":{"@id":"https:\/\/www.esplac.cat\/es\/formacio-deteccio-i-prevencio-de-labus-sexual-infantil-de-la-fundacio-vicki-bernadet\/#primaryimage"},"image":{"@id":"https:\/\/www.esplac.cat\/es\/formacio-deteccio-i-prevencio-de-labus-sexual-infantil-de-la-fundacio-vicki-bernadet\/#primaryimage"},"thumbnailUrl":"https:\/\/www.esplac.cat\/wp-content\/uploads\/2016\/10\/20161004_Formacio_Vicki_Bernadet.jpg","datePublished":"2016-10-04T08:48:32+00:00","dateModified":"2019-11-14T11:38:36+00:00","breadcrumb":{"@id":"https:\/\/www.esplac.cat\/es\/formacio-deteccio-i-prevencio-de-labus-sexual-infantil-de-la-fundacio-vicki-bernadet\/#breadcrumb"},"inLanguage":"en-US","potentialAction":[{"@type":"ReadAction","target":["https:\/\/www.esplac.cat\/es\/formacio-deteccio-i-prevencio-de-labus-sexual-infantil-de-la-fundacio-vicki-bernadet\/"]}]},{"@type":"ImageObject","inLanguage":"en-US","@id":"https:\/\/www.esplac.cat\/es\/formacio-deteccio-i-prevencio-de-labus-sexual-infantil-de-la-fundacio-vicki-bernadet\/#primaryimage","url":"https:\/\/www.esplac.cat\/wp-content\/uploads\/2016\/10\/20161004_Formacio_Vicki_Bernadet.jpg","contentUrl":"https:\/\/www.esplac.cat\/wp-content\/uploads\/2016\/10\/20161004_Formacio_Vicki_Bernadet.jpg","width":847,"height":350},{"@type":"BreadcrumbList","@id":"https:\/\/www.esplac.cat\/es\/formacio-deteccio-i-prevencio-de-labus-sexual-infantil-de-la-fundacio-vicki-bernadet\/#breadcrumb","itemListElement":[{"@type":"ListItem","position":1,"name":"Inici","item":"https:\/\/www.esplac.cat\/en\/"},{"@type":"ListItem","position":2,"name":"Formaci\u00f3 &#8216;Detecci\u00f3 i prevenci\u00f3 de l\u2019ab\u00fas sexual infantil&#8217; de la Fundaci\u00f3 Vicki Bernadet"}]},{"@type":"WebSite","@id":"https:\/\/www.esplac.cat\/#website","url":"https:\/\/www.esplac.cat\/","name":"Esplac","description":"Esplais Catalans","publisher":{"@id":"https:\/\/www.esplac.cat\/#organization"},"potentialAction":[{"@type":"SearchAction","target":{"@type":"EntryPoint","urlTemplate":"https:\/\/www.esplac.cat\/?s={search_term_string}"},"query-input":{"@type":"PropertyValueSpecification","valueRequired":true,"valueName":"search_term_string"}}],"inLanguage":"en-US"},{"@type":"Organization","@id":"https:\/\/www.esplac.cat\/#organization","name":"Esplac","url":"https:\/\/www.esplac.cat\/","logo":{"@type":"ImageObject","inLanguage":"en-US","@id":"https:\/\/www.esplac.cat\/#\/schema\/logo\/image\/","url":"https:\/\/www.esplac.cat\/wp-content\/uploads\/2019\/08\/logox2.png","contentUrl":"https:\/\/www.esplac.cat\/wp-content\/uploads\/2019\/08\/logox2.png","width":600,"height":295,"caption":"Esplac"},"image":{"@id":"https:\/\/www.esplac.cat\/#\/schema\/logo\/image\/"}},{"@type":"Person","@id":"https:\/\/www.esplac.cat\/#\/schema\/person\/908383cf240be18b68f8855d0583faca","name":"Comunicaci\u00f3 Esplac","image":{"@type":"ImageObject","inLanguage":"en-US","@id":"https:\/\/secure.gravatar.com\/avatar\/7a4cf8feb412a76ea4a740ca02d95b06b2907b5a6c648c2dd0a1082a093c3141?s=96&d=mm&r=g","url":"https:\/\/secure.gravatar.com\/avatar\/7a4cf8feb412a76ea4a740ca02d95b06b2907b5a6c648c2dd0a1082a093c3141?s=96&d=mm&r=g","contentUrl":"https:\/\/secure.gravatar.com\/avatar\/7a4cf8feb412a76ea4a740ca02d95b06b2907b5a6c648c2dd0a1082a093c3141?s=96&d=mm&r=g","caption":"Comunicaci\u00f3 Esplac"}}]}},"_links":{"self":[{"href":"https:\/\/www.esplac.cat\/en\/wp-json\/wp\/v2\/posts\/25162","targetHints":{"allow":["GET"]}}],"collection":[{"href":"https:\/\/www.esplac.cat\/en\/wp-json\/wp\/v2\/posts"}],"about":[{"href":"https:\/\/www.esplac.cat\/en\/wp-json\/wp\/v2\/types\/post"}],"author":[{"embeddable":true,"href":"https:\/\/www.esplac.cat\/en\/wp-json\/wp\/v2\/users\/3"}],"replies":[{"embeddable":true,"href":"https:\/\/www.esplac.cat\/en\/wp-json\/wp\/v2\/comments?post=25162"}],"version-history":[{"count":0,"href":"https:\/\/www.esplac.cat\/en\/wp-json\/wp\/v2\/posts\/25162\/revisions"}],"wp:featuredmedia":[{"embeddable":true,"href":"https:\/\/www.esplac.cat\/en\/wp-json\/wp\/v2\/media\/25163"}],"wp:attachment":[{"href":"https:\/\/www.esplac.cat\/en\/wp-json\/wp\/v2\/media?parent=25162"}],"wp:term":[{"taxonomy":"category","embeddable":true,"href":"https:\/\/www.esplac.cat\/en\/wp-json\/wp\/v2\/categories?post=25162"},{"taxonomy":"post_tag","embeddable":true,"href":"https:\/\/www.esplac.cat\/en\/wp-json\/wp\/v2\/tags?post=25162"}],"curies":[{"name":"wp","href":"https:\/\/api.w.org\/{rel}","templated":true}]}}