{"id":25165,"date":"2016-09-30T11:06:29","date_gmt":"2016-09-30T09:06:29","guid":{"rendered":"http:\/\/www.esplac.cat\/?p=11167"},"modified":"2019-11-14T13:17:43","modified_gmt":"2019-11-14T11:17:43","slug":"parlem-de-sobirania-alimentaria-a-les-jornades-ambientals-2016","status":"publish","type":"post","link":"https:\/\/www.esplac.cat\/en\/parlem-de-sobirania-alimentaria-a-les-jornades-ambientals-2016\/","title":{"rendered":"Parlem de sobirania aliment\u00e0ria a les Jornades Ambientals 2016!"},"content":{"rendered":"<h3 style=\"text-align: justify;\">Les Jornades Ambientals que organitza la comissi\u00f3 Reduint Petjada d\u2019Esplac es realitzaran el proper 16 d\u2019octubre al Casal de Joves el Guinard\u00f3<\/h3>\n<p style=\"text-align: justify;\">Parlar d\u2019alimentaci\u00f3 \u00e9s parlar de medi ambient, de desigualtats, de cultures i identitats, de salut, de transport, de poder. Avui i aqu\u00ed, implica debatre sobre capitalisme, globalitzaci\u00f3, migracions, tecnificaci\u00f3 i industrialitzaci\u00f3. <strong>L\u2019alimentaci\u00f3, per la seva essencialitat i centralitat en les nostres vides, esdev\u00e9 omnipresent en tot all\u00f2 que fem i deixem de fer.<\/strong><\/p>\n<p style=\"text-align: justify;\">Parlar de sobirania \u00e9s parlar d\u2019apoderament, de responsabilitat i de debat. De col\u00b7lectivitat. De proximitat, de tracte hum\u00e0, d\u2019aprofitament. \u00c9s parlar d\u2019internacionalisme, de solidaritat i cooperaci\u00f3. Sobirania \u00e9s una paraula que, al dir-la, t\u2019omple la boca.<\/p>\n<p style=\"text-align: justify;\">\u00c9s la conjunci\u00f3 dels dos mots, la sobirania aliment\u00e0ria, del que parlarem a les <strong>Jornades Ambientals<\/strong> que organitza la comissi\u00f3 <strong>Reduint Petjada<\/strong> d\u2019Esplac el proper 16 d\u2019octubre al Casal de Joves el Guinard\u00f3. Comptarem amb:<\/p>\n<ul style=\"text-align: justify;\">\n<li><strong>Quim Muntan\u00e9,\u00a0<\/strong>gestor de projectes de la revista Sobirania Aliment\u00e0ria<\/li>\n<li>Un <strong>membre de la Xarxa d\u2019Aliments de Gr\u00e0cia<\/strong> que \u00e9s un projecte que t\u00e9 per objectiu satisfer una necessita b\u00e0sica com \u00e9s l\u2019alimentaci\u00f3 mitjan\u00e7ant el suport mutu i la solidaritat<\/li>\n<li>Un membre de la <strong>Cooperativa Germinal<\/strong> que s\u00f3n un col\u00b7lectiu de persones amb uns objectius comuns basats en la cooperaci\u00f3 i la voluntarietat lliurement establertes, que volem resoldre, mitjan\u00e7ant el consum de productes eco-biol\u00f2gics, q\u00fcestions d\u2019ordre social, laboral, econ\u00f2mic, ecol\u00f2gic i de salut.<\/li>\n<\/ul>\n<p><a href=\"http:\/\/www.esplac.cat\/wp-content\/uploads\/2016\/09\/20160923_JornadesAmbientals.jpg\" target=\"_blank\" rel=\"noopener noreferrer\"><strong>Cliqueu aqu\u00ed per veure\u00a0el cartell de les Jornades Ambientals 2016!<\/strong><\/a><\/p>\n<p>Al mat\u00ed els escoltarem, i aprendrem de les seves experi\u00e8ncies.<\/p>\n<p style=\"text-align: justify;\">Esmorzarem totes juntes i despr\u00e9s del descans\u00a0farem\u00a0un debat amb els ponents per tal d&#8217;aprofundir en els temes que creiem importants per els nostres infants.<\/p>\n<p style=\"text-align: justify;\">Despr\u00e9s de dinar plegades (dueu-vos el plat i els coberts de casa, que la comissi\u00f3 posar\u00e0 el menjar!), encararem una tarda m\u00e9s esplaiera amb una din\u00e0mica on posarem en com\u00fa pr\u00e0ctiques i recursos que podem implementar en el quotidi\u00e0 de l\u2019esplai.<\/p>\n<h4 style=\"text-align: justify;\"><strong>Informaci\u00f3 de les jornades<\/strong><\/h4>\n<p style=\"padding-left: 30px; text-align: justify;\">10 h Inici de les pon\u00e8ncies.<br \/>\n11:30 h Esmorzarem totes juntes.<br \/>\n12 h Debat.<br \/>\n14 h Dinem. Paella o fideua vegana!<br \/>\n16 h Din\u00e0mica esplaiera.<br \/>\n18 h Cloenda de les jornades.<\/p>\n<p style=\"text-align: justify;\">El preu de les jornades \u00e9s de <strong>4 euros<\/strong> que inclouen les pon\u00e8ncies i el dinar que farem.<\/p>\n<h3 style=\"text-align: center;\"><a href=\"https:\/\/docs.google.com\/a\/esplac.cat\/forms\/d\/1U-FfHU_YIODQnx2lEWti8M_9jAMmavqu6tZAN1xrD1k\/edit\" target=\"_blank\" rel=\"noopener noreferrer\"><strong>Cliqueu aqu\u00ed per apuntar-vos a les jornades!<\/strong><\/a><\/h3>\n<p style=\"text-align: justify;\">Us hi esperem amb els bra\u00e7os oberts!<\/p>\n","protected":false},"excerpt":{"rendered":"<p>Les Jornades Ambientals que organitza la comissi\u00f3 Reduint Petjada d\u2019Esplac [&hellip;]<\/p>\n","protected":false},"author":3,"featured_media":25167,"comment_status":"closed","ping_status":"open","sticky":false,"template":"","format":"standard","meta":{"om_disable_all_campaigns":false,"_monsterinsights_skip_tracking":false,"_monsterinsights_sitenote_active":false,"_monsterinsights_sitenote_note":"","_monsterinsights_sitenote_category":0,"_uf_show_specific_survey":0,"_uf_disable_surveys":false,"footnotes":""},"categories":[1119,1161,1159,1],"tags":[544,585,31,83,768],"class_list":["post-25165","post","type-post","status-publish","format-standard","has-post-thumbnail","hentry","category-activitats-comissions-grups-de-treball","category-comissio-reduint-petjada","category-jornades-ambientals","category-sense-categoria","tag-ecologisme","tag-jornades","tag-jornades-ambientals","tag-reduint-petjada","tag-xarxa-daliments"],"yoast_head":"<!-- This site is optimized with the Yoast SEO plugin v27.4 - https:\/\/yoast.com\/product\/yoast-seo-wordpress\/ -->\n<title>Parlem de sobirania aliment\u00e0ria a les Jornades Ambientals 2016! - Esplac<\/title>\n<meta name=\"robots\" content=\"index, follow, max-snippet:-1, max-image-preview:large, max-video-preview:-1\" \/>\n<link rel=\"canonical\" href=\"https:\/\/www.esplac.cat\/en\/parlem-de-sobirania-alimentaria-a-les-jornades-ambientals-2016\/\" \/>\n<meta property=\"og:locale\" content=\"en_US\" \/>\n<meta property=\"og:type\" content=\"article\" \/>\n<meta property=\"og:title\" content=\"Parlem de sobirania aliment\u00e0ria a les Jornades Ambientals 2016! - Esplac\" \/>\n<meta property=\"og:description\" content=\"Les Jornades Ambientals que organitza la comissi\u00f3 Reduint Petjada d\u2019Esplac [&hellip;]\" \/>\n<meta property=\"og:url\" content=\"https:\/\/www.esplac.cat\/en\/parlem-de-sobirania-alimentaria-a-les-jornades-ambientals-2016\/\" \/>\n<meta property=\"og:site_name\" content=\"Esplac\" \/>\n<meta property=\"article:published_time\" content=\"2016-09-30T09:06:29+00:00\" \/>\n<meta property=\"article:modified_time\" content=\"2019-11-14T11:17:43+00:00\" \/>\n<meta property=\"og:image\" content=\"https:\/\/www.esplac.cat\/wp-content\/uploads\/2016\/09\/20160928_Jornades-ambientals-2.jpg\" \/>\n\t<meta property=\"og:image:width\" content=\"847\" \/>\n\t<meta property=\"og:image:height\" content=\"351\" \/>\n\t<meta property=\"og:image:type\" content=\"image\/jpeg\" \/>\n<meta name=\"author\" content=\"Comunicaci\u00f3 Esplac\" \/>\n<meta name=\"twitter:card\" content=\"summary_large_image\" \/>\n<meta name=\"twitter:label1\" content=\"Written by\" \/>\n\t<meta name=\"twitter:data1\" content=\"Comunicaci\u00f3 Esplac\" \/>\n\t<meta name=\"twitter:label2\" content=\"Est. reading time\" \/>\n\t<meta name=\"twitter:data2\" content=\"2 minutes\" \/>\n<script type=\"application\/ld+json\" class=\"yoast-schema-graph\">{\"@context\":\"https:\\\/\\\/schema.org\",\"@graph\":[{\"@type\":\"Article\",\"@id\":\"https:\\\/\\\/www.esplac.cat\\\/en\\\/parlem-de-sobirania-alimentaria-a-les-jornades-ambientals-2016\\\/#article\",\"isPartOf\":{\"@id\":\"https:\\\/\\\/www.esplac.cat\\\/en\\\/parlem-de-sobirania-alimentaria-a-les-jornades-ambientals-2016\\\/\"},\"author\":{\"name\":\"Comunicaci\u00f3 Esplac\",\"@id\":\"https:\\\/\\\/www.esplac.cat\\\/#\\\/schema\\\/person\\\/908383cf240be18b68f8855d0583faca\"},\"headline\":\"Parlem de sobirania aliment\u00e0ria a les Jornades Ambientals 2016!\",\"datePublished\":\"2016-09-30T09:06:29+00:00\",\"dateModified\":\"2019-11-14T11:17:43+00:00\",\"mainEntityOfPage\":{\"@id\":\"https:\\\/\\\/www.esplac.cat\\\/en\\\/parlem-de-sobirania-alimentaria-a-les-jornades-ambientals-2016\\\/\"},\"wordCount\":421,\"publisher\":{\"@id\":\"https:\\\/\\\/www.esplac.cat\\\/#organization\"},\"image\":{\"@id\":\"https:\\\/\\\/www.esplac.cat\\\/en\\\/parlem-de-sobirania-alimentaria-a-les-jornades-ambientals-2016\\\/#primaryimage\"},\"thumbnailUrl\":\"https:\\\/\\\/www.esplac.cat\\\/wp-content\\\/uploads\\\/2016\\\/09\\\/20160928_Jornades-ambientals-2.jpg\",\"keywords\":[\"ecologisme\",\"jornades\",\"jornades ambientals\",\"reduint petjada\",\"xarxa d'aliments\"],\"articleSection\":[\"Activitats comissions i grups de treball\",\"Comissi\u00f3 Reduint Petjada\",\"Jornades ambientals\",\"Sense categoria\"],\"inLanguage\":\"en-US\"},{\"@type\":\"WebPage\",\"@id\":\"https:\\\/\\\/www.esplac.cat\\\/en\\\/parlem-de-sobirania-alimentaria-a-les-jornades-ambientals-2016\\\/\",\"url\":\"https:\\\/\\\/www.esplac.cat\\\/en\\\/parlem-de-sobirania-alimentaria-a-les-jornades-ambientals-2016\\\/\",\"name\":\"Parlem de sobirania aliment\u00e0ria a les Jornades Ambientals 2016! - Esplac\",\"isPartOf\":{\"@id\":\"https:\\\/\\\/www.esplac.cat\\\/#website\"},\"primaryImageOfPage\":{\"@id\":\"https:\\\/\\\/www.esplac.cat\\\/en\\\/parlem-de-sobirania-alimentaria-a-les-jornades-ambientals-2016\\\/#primaryimage\"},\"image\":{\"@id\":\"https:\\\/\\\/www.esplac.cat\\\/en\\\/parlem-de-sobirania-alimentaria-a-les-jornades-ambientals-2016\\\/#primaryimage\"},\"thumbnailUrl\":\"https:\\\/\\\/www.esplac.cat\\\/wp-content\\\/uploads\\\/2016\\\/09\\\/20160928_Jornades-ambientals-2.jpg\",\"datePublished\":\"2016-09-30T09:06:29+00:00\",\"dateModified\":\"2019-11-14T11:17:43+00:00\",\"breadcrumb\":{\"@id\":\"https:\\\/\\\/www.esplac.cat\\\/en\\\/parlem-de-sobirania-alimentaria-a-les-jornades-ambientals-2016\\\/#breadcrumb\"},\"inLanguage\":\"en-US\",\"potentialAction\":[{\"@type\":\"ReadAction\",\"target\":[\"https:\\\/\\\/www.esplac.cat\\\/en\\\/parlem-de-sobirania-alimentaria-a-les-jornades-ambientals-2016\\\/\"]}]},{\"@type\":\"ImageObject\",\"inLanguage\":\"en-US\",\"@id\":\"https:\\\/\\\/www.esplac.cat\\\/en\\\/parlem-de-sobirania-alimentaria-a-les-jornades-ambientals-2016\\\/#primaryimage\",\"url\":\"https:\\\/\\\/www.esplac.cat\\\/wp-content\\\/uploads\\\/2016\\\/09\\\/20160928_Jornades-ambientals-2.jpg\",\"contentUrl\":\"https:\\\/\\\/www.esplac.cat\\\/wp-content\\\/uploads\\\/2016\\\/09\\\/20160928_Jornades-ambientals-2.jpg\",\"width\":847,\"height\":351},{\"@type\":\"BreadcrumbList\",\"@id\":\"https:\\\/\\\/www.esplac.cat\\\/en\\\/parlem-de-sobirania-alimentaria-a-les-jornades-ambientals-2016\\\/#breadcrumb\",\"itemListElement\":[{\"@type\":\"ListItem\",\"position\":1,\"name\":\"Inici\",\"item\":\"https:\\\/\\\/www.esplac.cat\\\/en\\\/\"},{\"@type\":\"ListItem\",\"position\":2,\"name\":\"Parlem de sobirania aliment\u00e0ria a les Jornades Ambientals 2016!\"}]},{\"@type\":\"WebSite\",\"@id\":\"https:\\\/\\\/www.esplac.cat\\\/#website\",\"url\":\"https:\\\/\\\/www.esplac.cat\\\/\",\"name\":\"Esplac\",\"description\":\"Esplais Catalans\",\"publisher\":{\"@id\":\"https:\\\/\\\/www.esplac.cat\\\/#organization\"},\"potentialAction\":[{\"@type\":\"SearchAction\",\"target\":{\"@type\":\"EntryPoint\",\"urlTemplate\":\"https:\\\/\\\/www.esplac.cat\\\/?s={search_term_string}\"},\"query-input\":{\"@type\":\"PropertyValueSpecification\",\"valueRequired\":true,\"valueName\":\"search_term_string\"}}],\"inLanguage\":\"en-US\"},{\"@type\":\"Organization\",\"@id\":\"https:\\\/\\\/www.esplac.cat\\\/#organization\",\"name\":\"Esplac\",\"url\":\"https:\\\/\\\/www.esplac.cat\\\/\",\"logo\":{\"@type\":\"ImageObject\",\"inLanguage\":\"en-US\",\"@id\":\"https:\\\/\\\/www.esplac.cat\\\/#\\\/schema\\\/logo\\\/image\\\/\",\"url\":\"https:\\\/\\\/www.esplac.cat\\\/wp-content\\\/uploads\\\/2019\\\/08\\\/logox2.png\",\"contentUrl\":\"https:\\\/\\\/www.esplac.cat\\\/wp-content\\\/uploads\\\/2019\\\/08\\\/logox2.png\",\"width\":600,\"height\":295,\"caption\":\"Esplac\"},\"image\":{\"@id\":\"https:\\\/\\\/www.esplac.cat\\\/#\\\/schema\\\/logo\\\/image\\\/\"}},{\"@type\":\"Person\",\"@id\":\"https:\\\/\\\/www.esplac.cat\\\/#\\\/schema\\\/person\\\/908383cf240be18b68f8855d0583faca\",\"name\":\"Comunicaci\u00f3 Esplac\",\"image\":{\"@type\":\"ImageObject\",\"inLanguage\":\"en-US\",\"@id\":\"https:\\\/\\\/secure.gravatar.com\\\/avatar\\\/7a4cf8feb412a76ea4a740ca02d95b06b2907b5a6c648c2dd0a1082a093c3141?s=96&d=mm&r=g\",\"url\":\"https:\\\/\\\/secure.gravatar.com\\\/avatar\\\/7a4cf8feb412a76ea4a740ca02d95b06b2907b5a6c648c2dd0a1082a093c3141?s=96&d=mm&r=g\",\"contentUrl\":\"https:\\\/\\\/secure.gravatar.com\\\/avatar\\\/7a4cf8feb412a76ea4a740ca02d95b06b2907b5a6c648c2dd0a1082a093c3141?s=96&d=mm&r=g\",\"caption\":\"Comunicaci\u00f3 Esplac\"}}]}<\/script>\n<!-- \/ Yoast SEO plugin. -->","yoast_head_json":{"title":"Parlem de sobirania aliment\u00e0ria a les Jornades Ambientals 2016! - Esplac","robots":{"index":"index","follow":"follow","max-snippet":"max-snippet:-1","max-image-preview":"max-image-preview:large","max-video-preview":"max-video-preview:-1"},"canonical":"https:\/\/www.esplac.cat\/en\/parlem-de-sobirania-alimentaria-a-les-jornades-ambientals-2016\/","og_locale":"en_US","og_type":"article","og_title":"Parlem de sobirania aliment\u00e0ria a les Jornades Ambientals 2016! - Esplac","og_description":"Les Jornades Ambientals que organitza la comissi\u00f3 Reduint Petjada d\u2019Esplac [&hellip;]","og_url":"https:\/\/www.esplac.cat\/en\/parlem-de-sobirania-alimentaria-a-les-jornades-ambientals-2016\/","og_site_name":"Esplac","article_published_time":"2016-09-30T09:06:29+00:00","article_modified_time":"2019-11-14T11:17:43+00:00","og_image":[{"width":847,"height":351,"url":"https:\/\/www.esplac.cat\/wp-content\/uploads\/2016\/09\/20160928_Jornades-ambientals-2.jpg","type":"image\/jpeg"}],"author":"Comunicaci\u00f3 Esplac","twitter_card":"summary_large_image","twitter_misc":{"Written by":"Comunicaci\u00f3 Esplac","Est. reading time":"2 minutes"},"schema":{"@context":"https:\/\/schema.org","@graph":[{"@type":"Article","@id":"https:\/\/www.esplac.cat\/en\/parlem-de-sobirania-alimentaria-a-les-jornades-ambientals-2016\/#article","isPartOf":{"@id":"https:\/\/www.esplac.cat\/en\/parlem-de-sobirania-alimentaria-a-les-jornades-ambientals-2016\/"},"author":{"name":"Comunicaci\u00f3 Esplac","@id":"https:\/\/www.esplac.cat\/#\/schema\/person\/908383cf240be18b68f8855d0583faca"},"headline":"Parlem de sobirania aliment\u00e0ria a les Jornades Ambientals 2016!","datePublished":"2016-09-30T09:06:29+00:00","dateModified":"2019-11-14T11:17:43+00:00","mainEntityOfPage":{"@id":"https:\/\/www.esplac.cat\/en\/parlem-de-sobirania-alimentaria-a-les-jornades-ambientals-2016\/"},"wordCount":421,"publisher":{"@id":"https:\/\/www.esplac.cat\/#organization"},"image":{"@id":"https:\/\/www.esplac.cat\/en\/parlem-de-sobirania-alimentaria-a-les-jornades-ambientals-2016\/#primaryimage"},"thumbnailUrl":"https:\/\/www.esplac.cat\/wp-content\/uploads\/2016\/09\/20160928_Jornades-ambientals-2.jpg","keywords":["ecologisme","jornades","jornades ambientals","reduint petjada","xarxa d'aliments"],"articleSection":["Activitats comissions i grups de treball","Comissi\u00f3 Reduint Petjada","Jornades ambientals","Sense categoria"],"inLanguage":"en-US"},{"@type":"WebPage","@id":"https:\/\/www.esplac.cat\/en\/parlem-de-sobirania-alimentaria-a-les-jornades-ambientals-2016\/","url":"https:\/\/www.esplac.cat\/en\/parlem-de-sobirania-alimentaria-a-les-jornades-ambientals-2016\/","name":"Parlem de sobirania aliment\u00e0ria a les Jornades Ambientals 2016! - Esplac","isPartOf":{"@id":"https:\/\/www.esplac.cat\/#website"},"primaryImageOfPage":{"@id":"https:\/\/www.esplac.cat\/en\/parlem-de-sobirania-alimentaria-a-les-jornades-ambientals-2016\/#primaryimage"},"image":{"@id":"https:\/\/www.esplac.cat\/en\/parlem-de-sobirania-alimentaria-a-les-jornades-ambientals-2016\/#primaryimage"},"thumbnailUrl":"https:\/\/www.esplac.cat\/wp-content\/uploads\/2016\/09\/20160928_Jornades-ambientals-2.jpg","datePublished":"2016-09-30T09:06:29+00:00","dateModified":"2019-11-14T11:17:43+00:00","breadcrumb":{"@id":"https:\/\/www.esplac.cat\/en\/parlem-de-sobirania-alimentaria-a-les-jornades-ambientals-2016\/#breadcrumb"},"inLanguage":"en-US","potentialAction":[{"@type":"ReadAction","target":["https:\/\/www.esplac.cat\/en\/parlem-de-sobirania-alimentaria-a-les-jornades-ambientals-2016\/"]}]},{"@type":"ImageObject","inLanguage":"en-US","@id":"https:\/\/www.esplac.cat\/en\/parlem-de-sobirania-alimentaria-a-les-jornades-ambientals-2016\/#primaryimage","url":"https:\/\/www.esplac.cat\/wp-content\/uploads\/2016\/09\/20160928_Jornades-ambientals-2.jpg","contentUrl":"https:\/\/www.esplac.cat\/wp-content\/uploads\/2016\/09\/20160928_Jornades-ambientals-2.jpg","width":847,"height":351},{"@type":"BreadcrumbList","@id":"https:\/\/www.esplac.cat\/en\/parlem-de-sobirania-alimentaria-a-les-jornades-ambientals-2016\/#breadcrumb","itemListElement":[{"@type":"ListItem","position":1,"name":"Inici","item":"https:\/\/www.esplac.cat\/en\/"},{"@type":"ListItem","position":2,"name":"Parlem de sobirania aliment\u00e0ria a les Jornades Ambientals 2016!"}]},{"@type":"WebSite","@id":"https:\/\/www.esplac.cat\/#website","url":"https:\/\/www.esplac.cat\/","name":"Esplac","description":"Esplais Catalans","publisher":{"@id":"https:\/\/www.esplac.cat\/#organization"},"potentialAction":[{"@type":"SearchAction","target":{"@type":"EntryPoint","urlTemplate":"https:\/\/www.esplac.cat\/?s={search_term_string}"},"query-input":{"@type":"PropertyValueSpecification","valueRequired":true,"valueName":"search_term_string"}}],"inLanguage":"en-US"},{"@type":"Organization","@id":"https:\/\/www.esplac.cat\/#organization","name":"Esplac","url":"https:\/\/www.esplac.cat\/","logo":{"@type":"ImageObject","inLanguage":"en-US","@id":"https:\/\/www.esplac.cat\/#\/schema\/logo\/image\/","url":"https:\/\/www.esplac.cat\/wp-content\/uploads\/2019\/08\/logox2.png","contentUrl":"https:\/\/www.esplac.cat\/wp-content\/uploads\/2019\/08\/logox2.png","width":600,"height":295,"caption":"Esplac"},"image":{"@id":"https:\/\/www.esplac.cat\/#\/schema\/logo\/image\/"}},{"@type":"Person","@id":"https:\/\/www.esplac.cat\/#\/schema\/person\/908383cf240be18b68f8855d0583faca","name":"Comunicaci\u00f3 Esplac","image":{"@type":"ImageObject","inLanguage":"en-US","@id":"https:\/\/secure.gravatar.com\/avatar\/7a4cf8feb412a76ea4a740ca02d95b06b2907b5a6c648c2dd0a1082a093c3141?s=96&d=mm&r=g","url":"https:\/\/secure.gravatar.com\/avatar\/7a4cf8feb412a76ea4a740ca02d95b06b2907b5a6c648c2dd0a1082a093c3141?s=96&d=mm&r=g","contentUrl":"https:\/\/secure.gravatar.com\/avatar\/7a4cf8feb412a76ea4a740ca02d95b06b2907b5a6c648c2dd0a1082a093c3141?s=96&d=mm&r=g","caption":"Comunicaci\u00f3 Esplac"}}]}},"_links":{"self":[{"href":"https:\/\/www.esplac.cat\/en\/wp-json\/wp\/v2\/posts\/25165","targetHints":{"allow":["GET"]}}],"collection":[{"href":"https:\/\/www.esplac.cat\/en\/wp-json\/wp\/v2\/posts"}],"about":[{"href":"https:\/\/www.esplac.cat\/en\/wp-json\/wp\/v2\/types\/post"}],"author":[{"embeddable":true,"href":"https:\/\/www.esplac.cat\/en\/wp-json\/wp\/v2\/users\/3"}],"replies":[{"embeddable":true,"href":"https:\/\/www.esplac.cat\/en\/wp-json\/wp\/v2\/comments?post=25165"}],"version-history":[{"count":0,"href":"https:\/\/www.esplac.cat\/en\/wp-json\/wp\/v2\/posts\/25165\/revisions"}],"wp:featuredmedia":[{"embeddable":true,"href":"https:\/\/www.esplac.cat\/en\/wp-json\/wp\/v2\/media\/25167"}],"wp:attachment":[{"href":"https:\/\/www.esplac.cat\/en\/wp-json\/wp\/v2\/media?parent=25165"}],"wp:term":[{"taxonomy":"category","embeddable":true,"href":"https:\/\/www.esplac.cat\/en\/wp-json\/wp\/v2\/categories?post=25165"},{"taxonomy":"post_tag","embeddable":true,"href":"https:\/\/www.esplac.cat\/en\/wp-json\/wp\/v2\/tags?post=25165"}],"curies":[{"name":"wp","href":"https:\/\/api.w.org\/{rel}","templated":true}]}}