{"id":25181,"date":"2016-09-21T09:05:44","date_gmt":"2016-09-21T07:05:44","guid":{"rendered":"http:\/\/www.esplac.cat\/?p=12360"},"modified":"2016-09-21T09:05:44","modified_gmt":"2016-09-21T07:05:44","slug":"arriba-el-projecte-connecta-2016","status":"publish","type":"post","link":"https:\/\/www.esplac.cat\/en\/arriba-el-projecte-connecta-2016\/","title":{"rendered":"Arriba el projecte Connecta 2016!"},"content":{"rendered":"<p align=\"JUSTIFY\">L\u2019esplai \u00e9s una escola de ciutadania per a infants, joves, fam\u00edlies, monitors i monitores; a l\u2019esplai fem promoci\u00f3 de la igualtat i la lluita per les desigualtats, la llibertat, la participaci\u00f3 associativa i l&#8217;educaci\u00f3 en els drets dels infants. \u00c9s per aix\u00f2 que volem que l\u2019esplai sigui conegut i reconegut com a referent educatiu, ja que des d\u2019Esplais Catalans defensem el valor de la tasca dels esplais laics, voluntaris i associatius en la construcci\u00f3 d\u2019una societat m\u00e9s justa i igualit\u00e0ria.<\/p>\n<p align=\"JUSTIFY\">Una de les formes d\u2019aquest reconeixement passa pel suport de les institucions al projecte dels esplais. N\u2019\u00e9s una mostra el\u00a0<strong>projecte Connecta,\u00a0<\/strong>que realitzem des de l\u2019any 2010 conjuntament amb\u00a0<a href=\"http:\/\/www.accioescolta.org\/\" target=\"_blank\" rel=\"noopener noreferrer\">Acci\u00f3 Escolta de Catalunya<\/a>. <strong>Aquest projecte t\u00e9 per objectiu recon\u00e8ixer la tasca social i educativa que realitzen els esplais i agrupaments de Barcelona per als infants i joves de la ciutat i incentivar l&#8217;associacionisme infantil i juvenil.<\/strong> Aquest objectiu es tradueix facilitant la participaci\u00f3 d\u2019infants a l\u2019esplai a partir un recolzament econ\u00f2mic de l\u2019<a href=\"http:\/\/www.bcn.cat\/\" target=\"_blank\" rel=\"noopener noreferrer\">Ajuntament de Barcelona<\/a>\u00a0vers els\u00a0esplais.<\/p>\n<p align=\"JUSTIFY\">El resultat \u00e9s poder garantir que tots els infants i joves de Barcelona puguin accedir a l\u2019activitat ordin\u00e0ria i d\u2019estiu dels esplais i agrupaments; a m\u00e9s de potenciar activitats en favor de la conviv\u00e8ncia i del civisme treballant, de manera conjunta, diferents agents educatius de la ciutat.<\/p>\n<p align=\"JUSTIFY\">El criteri per assignar aquestes dotacions econ\u00f2miques, que gestionen els esplais directament, es basa en donar suport a infants i joves en risc d\u2019exclusi\u00f3 social, ja sigui per necessitats educatives especials o que pertanyen a\u00a0 fam\u00edlies amb una situaci\u00f3 econ\u00f2mica feble, monoparentals o fam\u00edlies nombroses.<\/p>\n","protected":false},"excerpt":{"rendered":"<p>L\u2019esplai \u00e9s una escola de ciutadania per a infants, joves, [&hellip;]<\/p>\n","protected":false},"author":3,"featured_media":0,"comment_status":"closed","ping_status":"open","sticky":false,"template":"","format":"standard","meta":{"om_disable_all_campaigns":false,"_monsterinsights_skip_tracking":false,"_monsterinsights_sitenote_active":false,"_monsterinsights_sitenote_note":"","_monsterinsights_sitenote_category":0,"_uf_show_specific_survey":0,"_uf_disable_surveys":false,"footnotes":""},"categories":[1,1138],"tags":[],"class_list":["post-25181","post","type-post","status-publish","format-standard","hentry","category-sense-categoria","category-subvencions-concursos"],"yoast_head":"<!-- This site is optimized with the Yoast SEO plugin v27.4 - https:\/\/yoast.com\/product\/yoast-seo-wordpress\/ -->\n<title>Arriba el projecte Connecta 2016! - Esplac<\/title>\n<meta name=\"robots\" content=\"index, follow, max-snippet:-1, max-image-preview:large, max-video-preview:-1\" \/>\n<link rel=\"canonical\" href=\"https:\/\/www.esplac.cat\/arriba-el-projecte-connecta-2016\/\" \/>\n<meta property=\"og:locale\" content=\"en_US\" \/>\n<meta property=\"og:type\" content=\"article\" \/>\n<meta property=\"og:title\" content=\"Arriba el projecte Connecta 2016! - Esplac\" \/>\n<meta property=\"og:description\" content=\"L\u2019esplai \u00e9s una escola de ciutadania per a infants, joves, [&hellip;]\" \/>\n<meta property=\"og:url\" content=\"https:\/\/www.esplac.cat\/arriba-el-projecte-connecta-2016\/\" \/>\n<meta property=\"og:site_name\" content=\"Esplac\" \/>\n<meta property=\"article:published_time\" content=\"2016-09-21T07:05:44+00:00\" \/>\n<meta property=\"og:image\" content=\"https:\/\/www.esplac.cat\/wp-content\/uploads\/2019\/11\/logo-open.jpg\" \/>\n\t<meta property=\"og:image:width\" content=\"1200\" \/>\n\t<meta property=\"og:image:height\" content=\"630\" \/>\n\t<meta property=\"og:image:type\" content=\"image\/jpeg\" \/>\n<meta name=\"author\" content=\"Comunicaci\u00f3 Esplac\" \/>\n<meta name=\"twitter:card\" content=\"summary_large_image\" \/>\n<meta name=\"twitter:label1\" content=\"Written by\" \/>\n\t<meta name=\"twitter:data1\" content=\"Comunicaci\u00f3 Esplac\" \/>\n\t<meta name=\"twitter:label2\" content=\"Est. reading time\" \/>\n\t<meta name=\"twitter:data2\" content=\"1 minute\" \/>\n<script type=\"application\/ld+json\" class=\"yoast-schema-graph\">{\"@context\":\"https:\\\/\\\/schema.org\",\"@graph\":[{\"@type\":\"Article\",\"@id\":\"https:\\\/\\\/www.esplac.cat\\\/arriba-el-projecte-connecta-2016\\\/#article\",\"isPartOf\":{\"@id\":\"https:\\\/\\\/www.esplac.cat\\\/arriba-el-projecte-connecta-2016\\\/\"},\"author\":{\"name\":\"Comunicaci\u00f3 Esplac\",\"@id\":\"https:\\\/\\\/www.esplac.cat\\\/#\\\/schema\\\/person\\\/908383cf240be18b68f8855d0583faca\"},\"headline\":\"Arriba el projecte Connecta 2016!\",\"datePublished\":\"2016-09-21T07:05:44+00:00\",\"mainEntityOfPage\":{\"@id\":\"https:\\\/\\\/www.esplac.cat\\\/arriba-el-projecte-connecta-2016\\\/\"},\"wordCount\":292,\"publisher\":{\"@id\":\"https:\\\/\\\/www.esplac.cat\\\/#organization\"},\"articleSection\":[\"Sense categoria\",\"Subvencions i concursos\"],\"inLanguage\":\"en-US\"},{\"@type\":\"WebPage\",\"@id\":\"https:\\\/\\\/www.esplac.cat\\\/arriba-el-projecte-connecta-2016\\\/\",\"url\":\"https:\\\/\\\/www.esplac.cat\\\/arriba-el-projecte-connecta-2016\\\/\",\"name\":\"Arriba el projecte Connecta 2016! - Esplac\",\"isPartOf\":{\"@id\":\"https:\\\/\\\/www.esplac.cat\\\/#website\"},\"datePublished\":\"2016-09-21T07:05:44+00:00\",\"breadcrumb\":{\"@id\":\"https:\\\/\\\/www.esplac.cat\\\/arriba-el-projecte-connecta-2016\\\/#breadcrumb\"},\"inLanguage\":\"en-US\",\"potentialAction\":[{\"@type\":\"ReadAction\",\"target\":[\"https:\\\/\\\/www.esplac.cat\\\/arriba-el-projecte-connecta-2016\\\/\"]}]},{\"@type\":\"BreadcrumbList\",\"@id\":\"https:\\\/\\\/www.esplac.cat\\\/arriba-el-projecte-connecta-2016\\\/#breadcrumb\",\"itemListElement\":[{\"@type\":\"ListItem\",\"position\":1,\"name\":\"Inici\",\"item\":\"https:\\\/\\\/www.esplac.cat\\\/en\\\/\"},{\"@type\":\"ListItem\",\"position\":2,\"name\":\"Arriba el projecte Connecta 2016!\"}]},{\"@type\":\"WebSite\",\"@id\":\"https:\\\/\\\/www.esplac.cat\\\/#website\",\"url\":\"https:\\\/\\\/www.esplac.cat\\\/\",\"name\":\"Esplac\",\"description\":\"Esplais Catalans\",\"publisher\":{\"@id\":\"https:\\\/\\\/www.esplac.cat\\\/#organization\"},\"potentialAction\":[{\"@type\":\"SearchAction\",\"target\":{\"@type\":\"EntryPoint\",\"urlTemplate\":\"https:\\\/\\\/www.esplac.cat\\\/?s={search_term_string}\"},\"query-input\":{\"@type\":\"PropertyValueSpecification\",\"valueRequired\":true,\"valueName\":\"search_term_string\"}}],\"inLanguage\":\"en-US\"},{\"@type\":\"Organization\",\"@id\":\"https:\\\/\\\/www.esplac.cat\\\/#organization\",\"name\":\"Esplac\",\"url\":\"https:\\\/\\\/www.esplac.cat\\\/\",\"logo\":{\"@type\":\"ImageObject\",\"inLanguage\":\"en-US\",\"@id\":\"https:\\\/\\\/www.esplac.cat\\\/#\\\/schema\\\/logo\\\/image\\\/\",\"url\":\"https:\\\/\\\/www.esplac.cat\\\/wp-content\\\/uploads\\\/2019\\\/08\\\/logox2.png\",\"contentUrl\":\"https:\\\/\\\/www.esplac.cat\\\/wp-content\\\/uploads\\\/2019\\\/08\\\/logox2.png\",\"width\":600,\"height\":295,\"caption\":\"Esplac\"},\"image\":{\"@id\":\"https:\\\/\\\/www.esplac.cat\\\/#\\\/schema\\\/logo\\\/image\\\/\"}},{\"@type\":\"Person\",\"@id\":\"https:\\\/\\\/www.esplac.cat\\\/#\\\/schema\\\/person\\\/908383cf240be18b68f8855d0583faca\",\"name\":\"Comunicaci\u00f3 Esplac\",\"image\":{\"@type\":\"ImageObject\",\"inLanguage\":\"en-US\",\"@id\":\"https:\\\/\\\/secure.gravatar.com\\\/avatar\\\/7a4cf8feb412a76ea4a740ca02d95b06b2907b5a6c648c2dd0a1082a093c3141?s=96&d=mm&r=g\",\"url\":\"https:\\\/\\\/secure.gravatar.com\\\/avatar\\\/7a4cf8feb412a76ea4a740ca02d95b06b2907b5a6c648c2dd0a1082a093c3141?s=96&d=mm&r=g\",\"contentUrl\":\"https:\\\/\\\/secure.gravatar.com\\\/avatar\\\/7a4cf8feb412a76ea4a740ca02d95b06b2907b5a6c648c2dd0a1082a093c3141?s=96&d=mm&r=g\",\"caption\":\"Comunicaci\u00f3 Esplac\"}}]}<\/script>\n<!-- \/ Yoast SEO plugin. -->","yoast_head_json":{"title":"Arriba el projecte Connecta 2016! - Esplac","robots":{"index":"index","follow":"follow","max-snippet":"max-snippet:-1","max-image-preview":"max-image-preview:large","max-video-preview":"max-video-preview:-1"},"canonical":"https:\/\/www.esplac.cat\/arriba-el-projecte-connecta-2016\/","og_locale":"en_US","og_type":"article","og_title":"Arriba el projecte Connecta 2016! - Esplac","og_description":"L\u2019esplai \u00e9s una escola de ciutadania per a infants, joves, [&hellip;]","og_url":"https:\/\/www.esplac.cat\/arriba-el-projecte-connecta-2016\/","og_site_name":"Esplac","article_published_time":"2016-09-21T07:05:44+00:00","og_image":[{"width":1200,"height":630,"url":"https:\/\/www.esplac.cat\/wp-content\/uploads\/2019\/11\/logo-open.jpg","type":"image\/jpeg"}],"author":"Comunicaci\u00f3 Esplac","twitter_card":"summary_large_image","twitter_misc":{"Written by":"Comunicaci\u00f3 Esplac","Est. reading time":"1 minute"},"schema":{"@context":"https:\/\/schema.org","@graph":[{"@type":"Article","@id":"https:\/\/www.esplac.cat\/arriba-el-projecte-connecta-2016\/#article","isPartOf":{"@id":"https:\/\/www.esplac.cat\/arriba-el-projecte-connecta-2016\/"},"author":{"name":"Comunicaci\u00f3 Esplac","@id":"https:\/\/www.esplac.cat\/#\/schema\/person\/908383cf240be18b68f8855d0583faca"},"headline":"Arriba el projecte Connecta 2016!","datePublished":"2016-09-21T07:05:44+00:00","mainEntityOfPage":{"@id":"https:\/\/www.esplac.cat\/arriba-el-projecte-connecta-2016\/"},"wordCount":292,"publisher":{"@id":"https:\/\/www.esplac.cat\/#organization"},"articleSection":["Sense categoria","Subvencions i concursos"],"inLanguage":"en-US"},{"@type":"WebPage","@id":"https:\/\/www.esplac.cat\/arriba-el-projecte-connecta-2016\/","url":"https:\/\/www.esplac.cat\/arriba-el-projecte-connecta-2016\/","name":"Arriba el projecte Connecta 2016! - Esplac","isPartOf":{"@id":"https:\/\/www.esplac.cat\/#website"},"datePublished":"2016-09-21T07:05:44+00:00","breadcrumb":{"@id":"https:\/\/www.esplac.cat\/arriba-el-projecte-connecta-2016\/#breadcrumb"},"inLanguage":"en-US","potentialAction":[{"@type":"ReadAction","target":["https:\/\/www.esplac.cat\/arriba-el-projecte-connecta-2016\/"]}]},{"@type":"BreadcrumbList","@id":"https:\/\/www.esplac.cat\/arriba-el-projecte-connecta-2016\/#breadcrumb","itemListElement":[{"@type":"ListItem","position":1,"name":"Inici","item":"https:\/\/www.esplac.cat\/en\/"},{"@type":"ListItem","position":2,"name":"Arriba el projecte Connecta 2016!"}]},{"@type":"WebSite","@id":"https:\/\/www.esplac.cat\/#website","url":"https:\/\/www.esplac.cat\/","name":"Esplac","description":"Esplais Catalans","publisher":{"@id":"https:\/\/www.esplac.cat\/#organization"},"potentialAction":[{"@type":"SearchAction","target":{"@type":"EntryPoint","urlTemplate":"https:\/\/www.esplac.cat\/?s={search_term_string}"},"query-input":{"@type":"PropertyValueSpecification","valueRequired":true,"valueName":"search_term_string"}}],"inLanguage":"en-US"},{"@type":"Organization","@id":"https:\/\/www.esplac.cat\/#organization","name":"Esplac","url":"https:\/\/www.esplac.cat\/","logo":{"@type":"ImageObject","inLanguage":"en-US","@id":"https:\/\/www.esplac.cat\/#\/schema\/logo\/image\/","url":"https:\/\/www.esplac.cat\/wp-content\/uploads\/2019\/08\/logox2.png","contentUrl":"https:\/\/www.esplac.cat\/wp-content\/uploads\/2019\/08\/logox2.png","width":600,"height":295,"caption":"Esplac"},"image":{"@id":"https:\/\/www.esplac.cat\/#\/schema\/logo\/image\/"}},{"@type":"Person","@id":"https:\/\/www.esplac.cat\/#\/schema\/person\/908383cf240be18b68f8855d0583faca","name":"Comunicaci\u00f3 Esplac","image":{"@type":"ImageObject","inLanguage":"en-US","@id":"https:\/\/secure.gravatar.com\/avatar\/7a4cf8feb412a76ea4a740ca02d95b06b2907b5a6c648c2dd0a1082a093c3141?s=96&d=mm&r=g","url":"https:\/\/secure.gravatar.com\/avatar\/7a4cf8feb412a76ea4a740ca02d95b06b2907b5a6c648c2dd0a1082a093c3141?s=96&d=mm&r=g","contentUrl":"https:\/\/secure.gravatar.com\/avatar\/7a4cf8feb412a76ea4a740ca02d95b06b2907b5a6c648c2dd0a1082a093c3141?s=96&d=mm&r=g","caption":"Comunicaci\u00f3 Esplac"}}]}},"_links":{"self":[{"href":"https:\/\/www.esplac.cat\/en\/wp-json\/wp\/v2\/posts\/25181","targetHints":{"allow":["GET"]}}],"collection":[{"href":"https:\/\/www.esplac.cat\/en\/wp-json\/wp\/v2\/posts"}],"about":[{"href":"https:\/\/www.esplac.cat\/en\/wp-json\/wp\/v2\/types\/post"}],"author":[{"embeddable":true,"href":"https:\/\/www.esplac.cat\/en\/wp-json\/wp\/v2\/users\/3"}],"replies":[{"embeddable":true,"href":"https:\/\/www.esplac.cat\/en\/wp-json\/wp\/v2\/comments?post=25181"}],"version-history":[{"count":0,"href":"https:\/\/www.esplac.cat\/en\/wp-json\/wp\/v2\/posts\/25181\/revisions"}],"wp:attachment":[{"href":"https:\/\/www.esplac.cat\/en\/wp-json\/wp\/v2\/media?parent=25181"}],"wp:term":[{"taxonomy":"category","embeddable":true,"href":"https:\/\/www.esplac.cat\/en\/wp-json\/wp\/v2\/categories?post=25181"},{"taxonomy":"post_tag","embeddable":true,"href":"https:\/\/www.esplac.cat\/en\/wp-json\/wp\/v2\/tags?post=25181"}],"curies":[{"name":"wp","href":"https:\/\/api.w.org\/{rel}","templated":true}]}}