{"id":25223,"date":"2016-05-18T16:13:00","date_gmt":"2016-05-18T14:13:00","guid":{"rendered":"http:\/\/esplac.cat\/?p=10636"},"modified":"2016-05-18T16:13:00","modified_gmt":"2016-05-18T14:13:00","slug":"arriben-les-vesprades-formatives-2016-del-sector-barcelona","status":"publish","type":"post","link":"https:\/\/www.esplac.cat\/en\/arriben-les-vesprades-formatives-2016-del-sector-barcelona\/","title":{"rendered":"Arriben les Vesprades formatives 2016 del sector Barcelona!"},"content":{"rendered":"<h4 style=\"text-align: justify;\"><strong>Les Vesprades\u00a0s\u00f3n activitats en\u00a0qu\u00e8 el sector vol donar\u00a0resposta als interessos i necessitats dels esplais i les seves monis mitjan\u00e7ant diverses formacions<\/strong><\/h4>\n<p style=\"text-align: justify;\"><span style=\"font-weight: 400;\">Aquest any, les Vesprades canvien el format i realitzarem formacions de 4 hores i espais formatius de 2 hores, per aix\u00ed donar resposta a les necessitats del m\u00e0xim d\u2019esplais. I ho organitzem al Casal de Joves del Guinard\u00f3.<\/span><\/p>\n<p style=\"text-align: justify;\"><span style=\"font-weight: 400;\">A les 17:30<\/span><span style=\"font-weight: 400;\">h comen\u00e7arem amb una<\/span> formaci\u00f3<span style=\"font-weight: 400;\">\u00a0sobre <strong>Atenci\u00f3 a la diversitat a l\u2019esplai<\/strong>. Dues hores m\u00e9s tard, a les 19:30 h, encetarem els &#8220;espais formatius&#8221;. Aquests espais s\u00f3n la novetat de les Vesprades 2016, on volem respondre als interessos i inquietuds de les monitores alhora que adaptem l\u2019horari en qu\u00e8 les oferim. Seran<\/span><b> espais de formaci\u00f3 autogestionats<\/b><span style=\"font-weight: 400;\"> on persones volunt\u00e0ries dinamitzaran durant dues hores debats relacionats amb les seg\u00fcents tem\u00e0tiques:<\/span><\/p>\n<ul style=\"text-align: justify;\">\n<li><span style=\"font-weight: 400;\">Micromasclismes a l\u2019esplai<\/span><\/li>\n<li><span style=\"font-weight: 400;\">G\u00e8nere i sexualitat<\/span><\/li>\n<li><span style=\"font-weight: 400;\">L\u00edmits d\u2019alcohol i drogues a l\u2019esplai<\/span><\/li>\n<li><span style=\"font-weight: 400;\">Necessitats educatives espec\u00edfiques<\/span><\/li>\n<li><span style=\"font-weight: 400;\">Ecologia als campaments.<\/span><\/li>\n<\/ul>\n<p style=\"text-align: justify;\"><span style=\"font-weight: 400;\">En acabar, hi haur\u00e0 un sopar per a totes les participants organitzat pels esplais SCV-El Clot i Guineueta. A les 22h comen\u00e7aran els concerts amb Mika the dog, Tupica i DJ Caspa!<\/span><\/p>\n","protected":false},"excerpt":{"rendered":"<p>Les Vesprades\u00a0s\u00f3n activitats en\u00a0qu\u00e8 el sector vol donar\u00a0resposta als interessos [&hellip;]<\/p>\n","protected":false},"author":3,"featured_media":25224,"comment_status":"closed","ping_status":"open","sticky":false,"template":"","format":"standard","meta":{"om_disable_all_campaigns":false,"_monsterinsights_skip_tracking":false,"_monsterinsights_sitenote_active":false,"_monsterinsights_sitenote_note":"","_monsterinsights_sitenote_category":0,"_uf_show_specific_survey":0,"_uf_disable_surveys":false,"footnotes":""},"categories":[1110,1131,1128],"tags":[724,54,725,119,726,469],"class_list":["post-25223","post","type-post","status-publish","format-standard","has-post-thumbnail","hentry","category-activitats-sectors","category-cursos-formacions","category-sector-barcelona","tag-activitats-formatives","tag-formacio","tag-micromasclismes","tag-sector-barcelona","tag-vesprades","tag-vesprades-de-formacio"],"yoast_head":"<!-- This site is optimized with the Yoast SEO plugin v27.5 - https:\/\/yoast.com\/product\/yoast-seo-wordpress\/ -->\n<title>Arriben les Vesprades formatives 2016 del sector Barcelona! - Esplac<\/title>\n<meta name=\"robots\" content=\"index, follow, max-snippet:-1, max-image-preview:large, max-video-preview:-1\" \/>\n<link rel=\"canonical\" href=\"https:\/\/www.esplac.cat\/arriben-les-vesprades-formatives-2016-del-sector-barcelona\/\" \/>\n<meta property=\"og:locale\" content=\"en_US\" \/>\n<meta property=\"og:type\" content=\"article\" \/>\n<meta property=\"og:title\" content=\"Arriben les Vesprades formatives 2016 del sector Barcelona! - Esplac\" \/>\n<meta property=\"og:description\" content=\"Les Vesprades\u00a0s\u00f3n activitats en\u00a0qu\u00e8 el sector vol donar\u00a0resposta als interessos [&hellip;]\" \/>\n<meta property=\"og:url\" content=\"https:\/\/www.esplac.cat\/arriben-les-vesprades-formatives-2016-del-sector-barcelona\/\" \/>\n<meta property=\"og:site_name\" content=\"Esplac\" \/>\n<meta property=\"article:published_time\" content=\"2016-05-18T14:13:00+00:00\" \/>\n<meta property=\"og:image\" content=\"https:\/\/www.esplac.cat\/wp-content\/uploads\/2016\/05\/20160518_Vesprades-Bcn.jpg\" \/>\n\t<meta property=\"og:image:width\" content=\"847\" \/>\n\t<meta property=\"og:image:height\" content=\"351\" \/>\n\t<meta property=\"og:image:type\" content=\"image\/jpeg\" \/>\n<meta name=\"author\" content=\"Comunicaci\u00f3 Esplac\" \/>\n<meta name=\"twitter:card\" content=\"summary_large_image\" \/>\n<meta name=\"twitter:label1\" content=\"Written by\" \/>\n\t<meta name=\"twitter:data1\" content=\"Comunicaci\u00f3 Esplac\" \/>\n\t<meta name=\"twitter:label2\" content=\"Est. reading time\" \/>\n\t<meta name=\"twitter:data2\" content=\"1 minute\" \/>\n<script type=\"application\/ld+json\" class=\"yoast-schema-graph\">{\"@context\":\"https:\\\/\\\/schema.org\",\"@graph\":[{\"@type\":\"Article\",\"@id\":\"https:\\\/\\\/www.esplac.cat\\\/arriben-les-vesprades-formatives-2016-del-sector-barcelona\\\/#article\",\"isPartOf\":{\"@id\":\"https:\\\/\\\/www.esplac.cat\\\/arriben-les-vesprades-formatives-2016-del-sector-barcelona\\\/\"},\"author\":{\"name\":\"Comunicaci\u00f3 Esplac\",\"@id\":\"https:\\\/\\\/www.esplac.cat\\\/#\\\/schema\\\/person\\\/908383cf240be18b68f8855d0583faca\"},\"headline\":\"Arriben les Vesprades formatives 2016 del sector Barcelona!\",\"datePublished\":\"2016-05-18T14:13:00+00:00\",\"mainEntityOfPage\":{\"@id\":\"https:\\\/\\\/www.esplac.cat\\\/arriben-les-vesprades-formatives-2016-del-sector-barcelona\\\/\"},\"wordCount\":205,\"publisher\":{\"@id\":\"https:\\\/\\\/www.esplac.cat\\\/#organization\"},\"image\":{\"@id\":\"https:\\\/\\\/www.esplac.cat\\\/arriben-les-vesprades-formatives-2016-del-sector-barcelona\\\/#primaryimage\"},\"thumbnailUrl\":\"https:\\\/\\\/www.esplac.cat\\\/wp-content\\\/uploads\\\/2016\\\/05\\\/20160518_Vesprades-Bcn.jpg\",\"keywords\":[\"activitats formatives\",\"formaci\u00f3\",\"Micromasclismes\",\"sector Barcelona\",\"Vesprades\",\"vesprades de formaci\u00f3\"],\"articleSection\":[\"Activitats sectors\",\"Cursos i formacions\",\"Sector Barcelona\"],\"inLanguage\":\"en-US\"},{\"@type\":\"WebPage\",\"@id\":\"https:\\\/\\\/www.esplac.cat\\\/arriben-les-vesprades-formatives-2016-del-sector-barcelona\\\/\",\"url\":\"https:\\\/\\\/www.esplac.cat\\\/arriben-les-vesprades-formatives-2016-del-sector-barcelona\\\/\",\"name\":\"Arriben les Vesprades formatives 2016 del sector Barcelona! - Esplac\",\"isPartOf\":{\"@id\":\"https:\\\/\\\/www.esplac.cat\\\/#website\"},\"primaryImageOfPage\":{\"@id\":\"https:\\\/\\\/www.esplac.cat\\\/arriben-les-vesprades-formatives-2016-del-sector-barcelona\\\/#primaryimage\"},\"image\":{\"@id\":\"https:\\\/\\\/www.esplac.cat\\\/arriben-les-vesprades-formatives-2016-del-sector-barcelona\\\/#primaryimage\"},\"thumbnailUrl\":\"https:\\\/\\\/www.esplac.cat\\\/wp-content\\\/uploads\\\/2016\\\/05\\\/20160518_Vesprades-Bcn.jpg\",\"datePublished\":\"2016-05-18T14:13:00+00:00\",\"breadcrumb\":{\"@id\":\"https:\\\/\\\/www.esplac.cat\\\/arriben-les-vesprades-formatives-2016-del-sector-barcelona\\\/#breadcrumb\"},\"inLanguage\":\"en-US\",\"potentialAction\":[{\"@type\":\"ReadAction\",\"target\":[\"https:\\\/\\\/www.esplac.cat\\\/arriben-les-vesprades-formatives-2016-del-sector-barcelona\\\/\"]}]},{\"@type\":\"ImageObject\",\"inLanguage\":\"en-US\",\"@id\":\"https:\\\/\\\/www.esplac.cat\\\/arriben-les-vesprades-formatives-2016-del-sector-barcelona\\\/#primaryimage\",\"url\":\"https:\\\/\\\/www.esplac.cat\\\/wp-content\\\/uploads\\\/2016\\\/05\\\/20160518_Vesprades-Bcn.jpg\",\"contentUrl\":\"https:\\\/\\\/www.esplac.cat\\\/wp-content\\\/uploads\\\/2016\\\/05\\\/20160518_Vesprades-Bcn.jpg\",\"width\":847,\"height\":351},{\"@type\":\"BreadcrumbList\",\"@id\":\"https:\\\/\\\/www.esplac.cat\\\/arriben-les-vesprades-formatives-2016-del-sector-barcelona\\\/#breadcrumb\",\"itemListElement\":[{\"@type\":\"ListItem\",\"position\":1,\"name\":\"Inici\",\"item\":\"https:\\\/\\\/www.esplac.cat\\\/en\\\/\"},{\"@type\":\"ListItem\",\"position\":2,\"name\":\"Arriben les Vesprades formatives 2016 del sector Barcelona!\"}]},{\"@type\":\"WebSite\",\"@id\":\"https:\\\/\\\/www.esplac.cat\\\/#website\",\"url\":\"https:\\\/\\\/www.esplac.cat\\\/\",\"name\":\"Esplac\",\"description\":\"Esplais Catalans\",\"publisher\":{\"@id\":\"https:\\\/\\\/www.esplac.cat\\\/#organization\"},\"potentialAction\":[{\"@type\":\"SearchAction\",\"target\":{\"@type\":\"EntryPoint\",\"urlTemplate\":\"https:\\\/\\\/www.esplac.cat\\\/?s={search_term_string}\"},\"query-input\":{\"@type\":\"PropertyValueSpecification\",\"valueRequired\":true,\"valueName\":\"search_term_string\"}}],\"inLanguage\":\"en-US\"},{\"@type\":\"Organization\",\"@id\":\"https:\\\/\\\/www.esplac.cat\\\/#organization\",\"name\":\"Esplac\",\"url\":\"https:\\\/\\\/www.esplac.cat\\\/\",\"logo\":{\"@type\":\"ImageObject\",\"inLanguage\":\"en-US\",\"@id\":\"https:\\\/\\\/www.esplac.cat\\\/#\\\/schema\\\/logo\\\/image\\\/\",\"url\":\"https:\\\/\\\/www.esplac.cat\\\/wp-content\\\/uploads\\\/2019\\\/08\\\/logox2.png\",\"contentUrl\":\"https:\\\/\\\/www.esplac.cat\\\/wp-content\\\/uploads\\\/2019\\\/08\\\/logox2.png\",\"width\":600,\"height\":295,\"caption\":\"Esplac\"},\"image\":{\"@id\":\"https:\\\/\\\/www.esplac.cat\\\/#\\\/schema\\\/logo\\\/image\\\/\"}},{\"@type\":\"Person\",\"@id\":\"https:\\\/\\\/www.esplac.cat\\\/#\\\/schema\\\/person\\\/908383cf240be18b68f8855d0583faca\",\"name\":\"Comunicaci\u00f3 Esplac\",\"image\":{\"@type\":\"ImageObject\",\"inLanguage\":\"en-US\",\"@id\":\"https:\\\/\\\/secure.gravatar.com\\\/avatar\\\/7a4cf8feb412a76ea4a740ca02d95b06b2907b5a6c648c2dd0a1082a093c3141?s=96&d=mm&r=g\",\"url\":\"https:\\\/\\\/secure.gravatar.com\\\/avatar\\\/7a4cf8feb412a76ea4a740ca02d95b06b2907b5a6c648c2dd0a1082a093c3141?s=96&d=mm&r=g\",\"contentUrl\":\"https:\\\/\\\/secure.gravatar.com\\\/avatar\\\/7a4cf8feb412a76ea4a740ca02d95b06b2907b5a6c648c2dd0a1082a093c3141?s=96&d=mm&r=g\",\"caption\":\"Comunicaci\u00f3 Esplac\"}}]}<\/script>\n<!-- \/ Yoast SEO plugin. -->","yoast_head_json":{"title":"Arriben les Vesprades formatives 2016 del sector Barcelona! - Esplac","robots":{"index":"index","follow":"follow","max-snippet":"max-snippet:-1","max-image-preview":"max-image-preview:large","max-video-preview":"max-video-preview:-1"},"canonical":"https:\/\/www.esplac.cat\/arriben-les-vesprades-formatives-2016-del-sector-barcelona\/","og_locale":"en_US","og_type":"article","og_title":"Arriben les Vesprades formatives 2016 del sector Barcelona! - Esplac","og_description":"Les Vesprades\u00a0s\u00f3n activitats en\u00a0qu\u00e8 el sector vol donar\u00a0resposta als interessos [&hellip;]","og_url":"https:\/\/www.esplac.cat\/arriben-les-vesprades-formatives-2016-del-sector-barcelona\/","og_site_name":"Esplac","article_published_time":"2016-05-18T14:13:00+00:00","og_image":[{"width":847,"height":351,"url":"https:\/\/www.esplac.cat\/wp-content\/uploads\/2016\/05\/20160518_Vesprades-Bcn.jpg","type":"image\/jpeg"}],"author":"Comunicaci\u00f3 Esplac","twitter_card":"summary_large_image","twitter_misc":{"Written by":"Comunicaci\u00f3 Esplac","Est. reading time":"1 minute"},"schema":{"@context":"https:\/\/schema.org","@graph":[{"@type":"Article","@id":"https:\/\/www.esplac.cat\/arriben-les-vesprades-formatives-2016-del-sector-barcelona\/#article","isPartOf":{"@id":"https:\/\/www.esplac.cat\/arriben-les-vesprades-formatives-2016-del-sector-barcelona\/"},"author":{"name":"Comunicaci\u00f3 Esplac","@id":"https:\/\/www.esplac.cat\/#\/schema\/person\/908383cf240be18b68f8855d0583faca"},"headline":"Arriben les Vesprades formatives 2016 del sector Barcelona!","datePublished":"2016-05-18T14:13:00+00:00","mainEntityOfPage":{"@id":"https:\/\/www.esplac.cat\/arriben-les-vesprades-formatives-2016-del-sector-barcelona\/"},"wordCount":205,"publisher":{"@id":"https:\/\/www.esplac.cat\/#organization"},"image":{"@id":"https:\/\/www.esplac.cat\/arriben-les-vesprades-formatives-2016-del-sector-barcelona\/#primaryimage"},"thumbnailUrl":"https:\/\/www.esplac.cat\/wp-content\/uploads\/2016\/05\/20160518_Vesprades-Bcn.jpg","keywords":["activitats formatives","formaci\u00f3","Micromasclismes","sector Barcelona","Vesprades","vesprades de formaci\u00f3"],"articleSection":["Activitats sectors","Cursos i formacions","Sector Barcelona"],"inLanguage":"en-US"},{"@type":"WebPage","@id":"https:\/\/www.esplac.cat\/arriben-les-vesprades-formatives-2016-del-sector-barcelona\/","url":"https:\/\/www.esplac.cat\/arriben-les-vesprades-formatives-2016-del-sector-barcelona\/","name":"Arriben les Vesprades formatives 2016 del sector Barcelona! - Esplac","isPartOf":{"@id":"https:\/\/www.esplac.cat\/#website"},"primaryImageOfPage":{"@id":"https:\/\/www.esplac.cat\/arriben-les-vesprades-formatives-2016-del-sector-barcelona\/#primaryimage"},"image":{"@id":"https:\/\/www.esplac.cat\/arriben-les-vesprades-formatives-2016-del-sector-barcelona\/#primaryimage"},"thumbnailUrl":"https:\/\/www.esplac.cat\/wp-content\/uploads\/2016\/05\/20160518_Vesprades-Bcn.jpg","datePublished":"2016-05-18T14:13:00+00:00","breadcrumb":{"@id":"https:\/\/www.esplac.cat\/arriben-les-vesprades-formatives-2016-del-sector-barcelona\/#breadcrumb"},"inLanguage":"en-US","potentialAction":[{"@type":"ReadAction","target":["https:\/\/www.esplac.cat\/arriben-les-vesprades-formatives-2016-del-sector-barcelona\/"]}]},{"@type":"ImageObject","inLanguage":"en-US","@id":"https:\/\/www.esplac.cat\/arriben-les-vesprades-formatives-2016-del-sector-barcelona\/#primaryimage","url":"https:\/\/www.esplac.cat\/wp-content\/uploads\/2016\/05\/20160518_Vesprades-Bcn.jpg","contentUrl":"https:\/\/www.esplac.cat\/wp-content\/uploads\/2016\/05\/20160518_Vesprades-Bcn.jpg","width":847,"height":351},{"@type":"BreadcrumbList","@id":"https:\/\/www.esplac.cat\/arriben-les-vesprades-formatives-2016-del-sector-barcelona\/#breadcrumb","itemListElement":[{"@type":"ListItem","position":1,"name":"Inici","item":"https:\/\/www.esplac.cat\/en\/"},{"@type":"ListItem","position":2,"name":"Arriben les Vesprades formatives 2016 del sector Barcelona!"}]},{"@type":"WebSite","@id":"https:\/\/www.esplac.cat\/#website","url":"https:\/\/www.esplac.cat\/","name":"Esplac","description":"Esplais Catalans","publisher":{"@id":"https:\/\/www.esplac.cat\/#organization"},"potentialAction":[{"@type":"SearchAction","target":{"@type":"EntryPoint","urlTemplate":"https:\/\/www.esplac.cat\/?s={search_term_string}"},"query-input":{"@type":"PropertyValueSpecification","valueRequired":true,"valueName":"search_term_string"}}],"inLanguage":"en-US"},{"@type":"Organization","@id":"https:\/\/www.esplac.cat\/#organization","name":"Esplac","url":"https:\/\/www.esplac.cat\/","logo":{"@type":"ImageObject","inLanguage":"en-US","@id":"https:\/\/www.esplac.cat\/#\/schema\/logo\/image\/","url":"https:\/\/www.esplac.cat\/wp-content\/uploads\/2019\/08\/logox2.png","contentUrl":"https:\/\/www.esplac.cat\/wp-content\/uploads\/2019\/08\/logox2.png","width":600,"height":295,"caption":"Esplac"},"image":{"@id":"https:\/\/www.esplac.cat\/#\/schema\/logo\/image\/"}},{"@type":"Person","@id":"https:\/\/www.esplac.cat\/#\/schema\/person\/908383cf240be18b68f8855d0583faca","name":"Comunicaci\u00f3 Esplac","image":{"@type":"ImageObject","inLanguage":"en-US","@id":"https:\/\/secure.gravatar.com\/avatar\/7a4cf8feb412a76ea4a740ca02d95b06b2907b5a6c648c2dd0a1082a093c3141?s=96&d=mm&r=g","url":"https:\/\/secure.gravatar.com\/avatar\/7a4cf8feb412a76ea4a740ca02d95b06b2907b5a6c648c2dd0a1082a093c3141?s=96&d=mm&r=g","contentUrl":"https:\/\/secure.gravatar.com\/avatar\/7a4cf8feb412a76ea4a740ca02d95b06b2907b5a6c648c2dd0a1082a093c3141?s=96&d=mm&r=g","caption":"Comunicaci\u00f3 Esplac"}}]}},"_links":{"self":[{"href":"https:\/\/www.esplac.cat\/en\/wp-json\/wp\/v2\/posts\/25223","targetHints":{"allow":["GET"]}}],"collection":[{"href":"https:\/\/www.esplac.cat\/en\/wp-json\/wp\/v2\/posts"}],"about":[{"href":"https:\/\/www.esplac.cat\/en\/wp-json\/wp\/v2\/types\/post"}],"author":[{"embeddable":true,"href":"https:\/\/www.esplac.cat\/en\/wp-json\/wp\/v2\/users\/3"}],"replies":[{"embeddable":true,"href":"https:\/\/www.esplac.cat\/en\/wp-json\/wp\/v2\/comments?post=25223"}],"version-history":[{"count":0,"href":"https:\/\/www.esplac.cat\/en\/wp-json\/wp\/v2\/posts\/25223\/revisions"}],"wp:featuredmedia":[{"embeddable":true,"href":"https:\/\/www.esplac.cat\/en\/wp-json\/wp\/v2\/media\/25224"}],"wp:attachment":[{"href":"https:\/\/www.esplac.cat\/en\/wp-json\/wp\/v2\/media?parent=25223"}],"wp:term":[{"taxonomy":"category","embeddable":true,"href":"https:\/\/www.esplac.cat\/en\/wp-json\/wp\/v2\/categories?post=25223"},{"taxonomy":"post_tag","embeddable":true,"href":"https:\/\/www.esplac.cat\/en\/wp-json\/wp\/v2\/tags?post=25223"}],"curies":[{"name":"wp","href":"https:\/\/api.w.org\/{rel}","templated":true}]}}