{"id":25225,"date":"2016-05-18T09:16:00","date_gmt":"2016-05-18T07:16:00","guid":{"rendered":"http:\/\/esplac.cat\/?p=10633"},"modified":"2019-11-14T13:38:37","modified_gmt":"2019-11-14T11:38:37","slug":"alguns-recursos-sobre-inclusio-a-lesplai","status":"publish","type":"post","link":"https:\/\/www.esplac.cat\/en\/alguns-recursos-sobre-inclusio-a-lesplai\/","title":{"rendered":"Alguns recursos sobre inclusi\u00f3 a l&#8217;esplai&#8230;"},"content":{"rendered":"<h4 align=\"justify\">La finalitat del projecte d\u2019Inclusi\u00f3 i Diversitat \u00e9s oferir el m\u00e0xim de recursos, reflexions i possibilitats als esplais per tal que prenguem consci\u00e8ncia sobre aquesta tem\u00e0tica, la puguem relacionar amb l\u2019entorn i promoguem la inclusi\u00f3 social real com a part del nostre ideari i la nostra pr\u00e0ctica.<\/h4>\n<p align=\"justify\">Per tant, l&#8217;objectiu del projecte \u00e9s que <strong>l&#8217;esplai pugui arribar a ser una entitat representativa del teixit social que l&#8217;envolta i s&#8217;apropi a totes les realitats i expressions socioculturals que li s\u00f3n properes<\/strong>. Per aix\u00f2, des d\u2019Esplac hem elaborat una s\u00e8rie de recursos que ens poden ser \u00fatils per la pr\u00e0ctica i per tenir reflexions amb tot l\u2019equip de monis!<\/p>\n<ul>\n<li><strong><a href=\"http:\/\/esplac.cat\/wp-content\/uploads\/2016\/05\/llenguatge_inclusiu.pdf\" target=\"_blank\" rel=\"noopener noreferrer\">Llenguatge inclusiu<\/a><\/strong><\/li>\n<\/ul>\n<p style=\"padding-left: 30px;\" align=\"justify\">Procurar que les paraules que utilitzem tinguin en compte la manera com les persones volen ser anomenades, fugir de determinades paraules i expressions que estan connotades negativament i evitar associacions s\u00f3n un pas fonamental per recollir i recon\u00e8ixer la diversitat cultural. Aquest document \u00e9s un resum de la <a href=\"http:\/\/esplac.cat\/wp-content\/uploads\/2016\/05\/guia_breu_llenguatge_inclusiu1.pdf\">Guia de llenguatge inclusiu. Immigraci\u00f3, racisme i xenof\u00f2bia<\/a> publicada pel Consell de l\u2019Audiovisual de Catalunya, realitzar la <a href=\"http:\/\/esplac.cat\/esplacnet\/compartir\/banc_recursos_fitxes_activitat\/genera_pdf_act.php?id_activitat=481\">t\u00e8cnica<\/a><a href=\"http:\/\/esplac.cat\/esplacnet\/compartir\/banc_recursos_fitxes_activitat\/genera_pdf_act.php?id_activitat=481\"> D.I.A<\/a> o fer-li un cop d\u2019ull al <a href=\"http:\/\/esplac.cat\/assac\/documents\/document_i_web332.pdf\">Manual Antirumors<\/a>.<\/p>\n<ul>\n<li><strong><a href=\"http:\/\/esplac.cat\/assac\/documents\/document_i_web381.pdf\" target=\"_blank\" rel=\"noopener noreferrer\"><span lang=\"zxx\">Protocol d&#8217;actuaci\u00f3 i coordinaci\u00f3 amb Serveis Socials<\/span><\/a><\/strong><\/li>\n<\/ul>\n<p style=\"padding-left: 30px;\" align=\"justify\">Aquest document d\u00f3na eines per treballar o millorar les relacions que a l&#8217;esplai podem tenir amb els nostres Serveis Socials de refer\u00e8ncia. Ofereix un quadre de detecci\u00f3 de situacions relacionades amb inf\u00e0ncia en risc i el circuit que haur\u00edem de seguir depenent del cas. Ens adre\u00e7arem als Serveis Socials davant situacions relacionades amb el treball amb inf\u00e0ncia o adolesc\u00e8ncia en situaci\u00f3 de vulnerabilitat. Es pot completar la informaci\u00f3 amb el <span lang=\"zxx\"><a href=\"http:\/\/esplac.cat\/wp-content\/uploads\/2016\/05\/901_inclusio_social.pdf\">Butllet\u00ed 901 n\u00fam.104 del <\/a><a href=\"http:\/\/esplac.cat\/wp-content\/uploads\/2016\/05\/901_inclusio_social.pdf\">CJB<\/a><\/span>.<\/p>\n<ul>\n<li><strong><a href=\"http:\/\/esplac.cat\/assac\/documents\/document_i_web380.pdf\" target=\"_blank\" rel=\"noopener noreferrer\"><span lang=\"zxx\">Protocol d&#8217;actuaci\u00f3 davant maltractament infantil<\/span><\/a><\/strong><\/li>\n<\/ul>\n<p style=\"padding-left: 30px;\" align=\"justify\">\u00c9s la nostra obligaci\u00f3 vetllar per la protecci\u00f3 de la inf\u00e0ncia i de l\u2019adolesc\u00e8ncia davant les diverses situacions de risc. Aquest document d\u00f3na eines per identificar i detectar possibles situacions de maltractament i explica els passos a seguir des de l&#8217;esplai. Es podem saber-ne m\u00e9s amb el <a href=\"http:\/\/esplac.cat\/wp-content\/uploads\/2016\/05\/Protocl_d_abusos_sexuals.pdf\">Protocol Marc d\u2019actuacions en casos d\u2019abusos sexuals i altres maltractaments greus a menors <\/a>impulsat pel S\u00edndic de Greuges de Catalunya.<\/p>\n<ul>\n<li><strong><a href=\"http:\/\/esplac.cat\/wp-content\/uploads\/2016\/05\/IMG-20160502-WA0002-e1462270028343.jpg\" target=\"_blank\" rel=\"noopener noreferrer\"><span lang=\"zxx\">Les cortines d\u2019aire<\/span><\/a><\/strong><\/li>\n<\/ul>\n<p style=\"padding-left: 30px;\" align=\"justify\">El conte editat per la Fundaci\u00f3 Vicki Bernadet \u00e9s un relat per a infants de 5 a 10 anys, que tracta qu\u00e8 les m\u00e9s petites de l\u2019esplai expressin sentiments sense por, aprendre a demanar ajuda en moments en qu\u00e8 no sabem resoldre sols algun conflicte, etc i treballar els abusos sexuals a menors. El llibre incorpora una petita guia que ajudar\u00e0 a les monitores a analitzar el conte i a prevenir jugant! El podem demanar en pr\u00e9stec al <a href=\"http:\/\/esplac.cat\/banc-de-recursos\/\">Banc de Recursos d\u2019Esplac<\/a>.<\/p>\n<ul>\n<li><strong><a href=\"http:\/\/esplac.cat\/assac\/documents\/document_i_web379.pdf\" target=\"_blank\" rel=\"noopener noreferrer\"><span lang=\"zxx\">Mapa de relaci\u00f3 de l&#8217;esplai amb l&#8217;entorn<\/span><\/a><\/strong><\/li>\n<\/ul>\n<p style=\"padding-left: 30px;\">\u00c9s una din\u00e0mica que ens ha de servir, des de l&#8217;esplai, visualitzar d&#8217;una manera clara i senzilla quines s\u00f3n les accions i\/o activitats que, a trav\u00e9s del treball en xarxa, gestionem des de l&#8217;esplai. \u00c9s un recurs que ens permetr\u00e0 adonar-nos de com poder gestionar la diversitat, promoure la inclusi\u00f3 i la diversitat personal i col\u00b7lectiva des de l&#8217;esplai. Si volem seguir treballant, podem donar un cop d\u2019ull als recursos d\u2019Esplac <a href=\"http:\/\/esplac.cat\/esplacnet\/compartir\/banc_recursos_fitxes_activitat\/genera_pdf_act.php?id_activitat=458\">EsplaiPolis<\/a> o <a href=\"http:\/\/esplac.cat\/esplacnet\/compartir\/banc_recursos_fitxes_activitat\/genera_pdf_act.php?id_activitat=463\">Encerta-l<\/a>.<\/p>\n<ul>\n<li><a href=\"http:\/\/esplac.cat\/esplacnet\/compartir\/recursos_adjunts\/373_24953.pdf\" target=\"_blank\" rel=\"noopener noreferrer\"><strong><span lang=\"zxx\">Protocol d&#8217;acollida de menors en situaci\u00f3 irregular<\/span><\/strong><\/a><\/li>\n<\/ul>\n<p style=\"padding-left: 30px;\" align=\"justify\">Hi trobarem algunes indicacions i informaci\u00f3 sobre com actuar, con\u00e8ixer i atendre menors en situaci\u00f3 irregular vinculats a l\u2019esplai. L\u2019hem de demanar a la nostra coordinadora de projectes del sector.<\/p>\n<p style=\"padding-left: 30px;\" align=\"justify\">\n","protected":false},"excerpt":{"rendered":"<p>La finalitat del projecte d\u2019Inclusi\u00f3 i Diversitat \u00e9s oferir el [&hellip;]<\/p>\n","protected":false},"author":3,"featured_media":25226,"comment_status":"closed","ping_status":"open","sticky":false,"template":"","format":"standard","meta":{"om_disable_all_campaigns":false,"_monsterinsights_skip_tracking":false,"_monsterinsights_sitenote_active":false,"_monsterinsights_sitenote_note":"","_monsterinsights_sitenote_category":0,"_uf_show_specific_survey":0,"_uf_disable_surveys":false,"footnotes":""},"categories":[1119,1111,1166,1167,1114,1],"tags":[583,723,284,472],"class_list":["post-25225","post","type-post","status-publish","format-standard","has-post-thumbnail","hentry","category-activitats-comissions-grups-de-treball","category-activitats-esplac","category-inclusio-i-diversitat","category-infancia","category-recursos","category-sense-categoria","tag-inclusio-i-diversitat","tag-protocols-dactuacio","tag-recursos","tag-serveis-socials"],"yoast_head":"<!-- This site is optimized with the Yoast SEO plugin v27.4 - https:\/\/yoast.com\/product\/yoast-seo-wordpress\/ -->\n<title>Alguns recursos sobre inclusi\u00f3 a l&#039;esplai... - Esplac<\/title>\n<meta name=\"robots\" content=\"index, follow, max-snippet:-1, max-image-preview:large, max-video-preview:-1\" \/>\n<link rel=\"canonical\" href=\"https:\/\/www.esplac.cat\/alguns-recursos-sobre-inclusio-a-lesplai\/\" \/>\n<meta property=\"og:locale\" content=\"en_US\" \/>\n<meta property=\"og:type\" content=\"article\" \/>\n<meta property=\"og:title\" content=\"Alguns recursos sobre inclusi\u00f3 a l&#039;esplai... - Esplac\" \/>\n<meta property=\"og:description\" content=\"La finalitat del projecte d\u2019Inclusi\u00f3 i Diversitat \u00e9s oferir el [&hellip;]\" \/>\n<meta property=\"og:url\" content=\"https:\/\/www.esplac.cat\/alguns-recursos-sobre-inclusio-a-lesplai\/\" \/>\n<meta property=\"og:site_name\" content=\"Esplac\" \/>\n<meta property=\"article:published_time\" content=\"2016-05-18T07:16:00+00:00\" \/>\n<meta property=\"article:modified_time\" content=\"2019-11-14T11:38:37+00:00\" \/>\n<meta property=\"og:image\" content=\"https:\/\/www.esplac.cat\/wp-content\/uploads\/2016\/05\/20160518_InclusioDiversitat.jpg\" \/>\n\t<meta property=\"og:image:width\" content=\"847\" \/>\n\t<meta property=\"og:image:height\" content=\"350\" \/>\n\t<meta property=\"og:image:type\" content=\"image\/jpeg\" \/>\n<meta name=\"author\" content=\"Comunicaci\u00f3 Esplac\" \/>\n<meta name=\"twitter:card\" content=\"summary_large_image\" \/>\n<meta name=\"twitter:label1\" content=\"Written by\" \/>\n\t<meta name=\"twitter:data1\" content=\"Comunicaci\u00f3 Esplac\" \/>\n\t<meta name=\"twitter:label2\" content=\"Est. reading time\" \/>\n\t<meta name=\"twitter:data2\" content=\"3 minutes\" \/>\n<script type=\"application\/ld+json\" class=\"yoast-schema-graph\">{\"@context\":\"https:\\\/\\\/schema.org\",\"@graph\":[{\"@type\":\"Article\",\"@id\":\"https:\\\/\\\/www.esplac.cat\\\/alguns-recursos-sobre-inclusio-a-lesplai\\\/#article\",\"isPartOf\":{\"@id\":\"https:\\\/\\\/www.esplac.cat\\\/alguns-recursos-sobre-inclusio-a-lesplai\\\/\"},\"author\":{\"name\":\"Comunicaci\u00f3 Esplac\",\"@id\":\"https:\\\/\\\/www.esplac.cat\\\/#\\\/schema\\\/person\\\/908383cf240be18b68f8855d0583faca\"},\"headline\":\"Alguns recursos sobre inclusi\u00f3 a l&#8217;esplai&#8230;\",\"datePublished\":\"2016-05-18T07:16:00+00:00\",\"dateModified\":\"2019-11-14T11:38:37+00:00\",\"mainEntityOfPage\":{\"@id\":\"https:\\\/\\\/www.esplac.cat\\\/alguns-recursos-sobre-inclusio-a-lesplai\\\/\"},\"wordCount\":610,\"publisher\":{\"@id\":\"https:\\\/\\\/www.esplac.cat\\\/#organization\"},\"image\":{\"@id\":\"https:\\\/\\\/www.esplac.cat\\\/alguns-recursos-sobre-inclusio-a-lesplai\\\/#primaryimage\"},\"thumbnailUrl\":\"https:\\\/\\\/www.esplac.cat\\\/wp-content\\\/uploads\\\/2016\\\/05\\\/20160518_InclusioDiversitat.jpg\",\"keywords\":[\"inclusi\u00f3 i diversitat\",\"protocols d'actuaci\u00f3\",\"recursos\",\"serveis socials\"],\"articleSection\":[\"Activitats comissions i grups de treball\",\"Activitats esplac\",\"Inclusi\u00f3 i diversitat\",\"Inf\u00e0ncia i Esplaiada\",\"Recursos\",\"Sense categoria\"],\"inLanguage\":\"en-US\"},{\"@type\":\"WebPage\",\"@id\":\"https:\\\/\\\/www.esplac.cat\\\/alguns-recursos-sobre-inclusio-a-lesplai\\\/\",\"url\":\"https:\\\/\\\/www.esplac.cat\\\/alguns-recursos-sobre-inclusio-a-lesplai\\\/\",\"name\":\"Alguns recursos sobre inclusi\u00f3 a l'esplai... - Esplac\",\"isPartOf\":{\"@id\":\"https:\\\/\\\/www.esplac.cat\\\/#website\"},\"primaryImageOfPage\":{\"@id\":\"https:\\\/\\\/www.esplac.cat\\\/alguns-recursos-sobre-inclusio-a-lesplai\\\/#primaryimage\"},\"image\":{\"@id\":\"https:\\\/\\\/www.esplac.cat\\\/alguns-recursos-sobre-inclusio-a-lesplai\\\/#primaryimage\"},\"thumbnailUrl\":\"https:\\\/\\\/www.esplac.cat\\\/wp-content\\\/uploads\\\/2016\\\/05\\\/20160518_InclusioDiversitat.jpg\",\"datePublished\":\"2016-05-18T07:16:00+00:00\",\"dateModified\":\"2019-11-14T11:38:37+00:00\",\"breadcrumb\":{\"@id\":\"https:\\\/\\\/www.esplac.cat\\\/alguns-recursos-sobre-inclusio-a-lesplai\\\/#breadcrumb\"},\"inLanguage\":\"en-US\",\"potentialAction\":[{\"@type\":\"ReadAction\",\"target\":[\"https:\\\/\\\/www.esplac.cat\\\/alguns-recursos-sobre-inclusio-a-lesplai\\\/\"]}]},{\"@type\":\"ImageObject\",\"inLanguage\":\"en-US\",\"@id\":\"https:\\\/\\\/www.esplac.cat\\\/alguns-recursos-sobre-inclusio-a-lesplai\\\/#primaryimage\",\"url\":\"https:\\\/\\\/www.esplac.cat\\\/wp-content\\\/uploads\\\/2016\\\/05\\\/20160518_InclusioDiversitat.jpg\",\"contentUrl\":\"https:\\\/\\\/www.esplac.cat\\\/wp-content\\\/uploads\\\/2016\\\/05\\\/20160518_InclusioDiversitat.jpg\",\"width\":847,\"height\":350},{\"@type\":\"BreadcrumbList\",\"@id\":\"https:\\\/\\\/www.esplac.cat\\\/alguns-recursos-sobre-inclusio-a-lesplai\\\/#breadcrumb\",\"itemListElement\":[{\"@type\":\"ListItem\",\"position\":1,\"name\":\"Inici\",\"item\":\"https:\\\/\\\/www.esplac.cat\\\/en\\\/\"},{\"@type\":\"ListItem\",\"position\":2,\"name\":\"Alguns recursos sobre inclusi\u00f3 a l&#8217;esplai&#8230;\"}]},{\"@type\":\"WebSite\",\"@id\":\"https:\\\/\\\/www.esplac.cat\\\/#website\",\"url\":\"https:\\\/\\\/www.esplac.cat\\\/\",\"name\":\"Esplac\",\"description\":\"Esplais Catalans\",\"publisher\":{\"@id\":\"https:\\\/\\\/www.esplac.cat\\\/#organization\"},\"potentialAction\":[{\"@type\":\"SearchAction\",\"target\":{\"@type\":\"EntryPoint\",\"urlTemplate\":\"https:\\\/\\\/www.esplac.cat\\\/?s={search_term_string}\"},\"query-input\":{\"@type\":\"PropertyValueSpecification\",\"valueRequired\":true,\"valueName\":\"search_term_string\"}}],\"inLanguage\":\"en-US\"},{\"@type\":\"Organization\",\"@id\":\"https:\\\/\\\/www.esplac.cat\\\/#organization\",\"name\":\"Esplac\",\"url\":\"https:\\\/\\\/www.esplac.cat\\\/\",\"logo\":{\"@type\":\"ImageObject\",\"inLanguage\":\"en-US\",\"@id\":\"https:\\\/\\\/www.esplac.cat\\\/#\\\/schema\\\/logo\\\/image\\\/\",\"url\":\"https:\\\/\\\/www.esplac.cat\\\/wp-content\\\/uploads\\\/2019\\\/08\\\/logox2.png\",\"contentUrl\":\"https:\\\/\\\/www.esplac.cat\\\/wp-content\\\/uploads\\\/2019\\\/08\\\/logox2.png\",\"width\":600,\"height\":295,\"caption\":\"Esplac\"},\"image\":{\"@id\":\"https:\\\/\\\/www.esplac.cat\\\/#\\\/schema\\\/logo\\\/image\\\/\"}},{\"@type\":\"Person\",\"@id\":\"https:\\\/\\\/www.esplac.cat\\\/#\\\/schema\\\/person\\\/908383cf240be18b68f8855d0583faca\",\"name\":\"Comunicaci\u00f3 Esplac\",\"image\":{\"@type\":\"ImageObject\",\"inLanguage\":\"en-US\",\"@id\":\"https:\\\/\\\/secure.gravatar.com\\\/avatar\\\/7a4cf8feb412a76ea4a740ca02d95b06b2907b5a6c648c2dd0a1082a093c3141?s=96&d=mm&r=g\",\"url\":\"https:\\\/\\\/secure.gravatar.com\\\/avatar\\\/7a4cf8feb412a76ea4a740ca02d95b06b2907b5a6c648c2dd0a1082a093c3141?s=96&d=mm&r=g\",\"contentUrl\":\"https:\\\/\\\/secure.gravatar.com\\\/avatar\\\/7a4cf8feb412a76ea4a740ca02d95b06b2907b5a6c648c2dd0a1082a093c3141?s=96&d=mm&r=g\",\"caption\":\"Comunicaci\u00f3 Esplac\"}}]}<\/script>\n<!-- \/ Yoast SEO plugin. -->","yoast_head_json":{"title":"Alguns recursos sobre inclusi\u00f3 a l'esplai... - Esplac","robots":{"index":"index","follow":"follow","max-snippet":"max-snippet:-1","max-image-preview":"max-image-preview:large","max-video-preview":"max-video-preview:-1"},"canonical":"https:\/\/www.esplac.cat\/alguns-recursos-sobre-inclusio-a-lesplai\/","og_locale":"en_US","og_type":"article","og_title":"Alguns recursos sobre inclusi\u00f3 a l'esplai... - Esplac","og_description":"La finalitat del projecte d\u2019Inclusi\u00f3 i Diversitat \u00e9s oferir el [&hellip;]","og_url":"https:\/\/www.esplac.cat\/alguns-recursos-sobre-inclusio-a-lesplai\/","og_site_name":"Esplac","article_published_time":"2016-05-18T07:16:00+00:00","article_modified_time":"2019-11-14T11:38:37+00:00","og_image":[{"width":847,"height":350,"url":"https:\/\/www.esplac.cat\/wp-content\/uploads\/2016\/05\/20160518_InclusioDiversitat.jpg","type":"image\/jpeg"}],"author":"Comunicaci\u00f3 Esplac","twitter_card":"summary_large_image","twitter_misc":{"Written by":"Comunicaci\u00f3 Esplac","Est. reading time":"3 minutes"},"schema":{"@context":"https:\/\/schema.org","@graph":[{"@type":"Article","@id":"https:\/\/www.esplac.cat\/alguns-recursos-sobre-inclusio-a-lesplai\/#article","isPartOf":{"@id":"https:\/\/www.esplac.cat\/alguns-recursos-sobre-inclusio-a-lesplai\/"},"author":{"name":"Comunicaci\u00f3 Esplac","@id":"https:\/\/www.esplac.cat\/#\/schema\/person\/908383cf240be18b68f8855d0583faca"},"headline":"Alguns recursos sobre inclusi\u00f3 a l&#8217;esplai&#8230;","datePublished":"2016-05-18T07:16:00+00:00","dateModified":"2019-11-14T11:38:37+00:00","mainEntityOfPage":{"@id":"https:\/\/www.esplac.cat\/alguns-recursos-sobre-inclusio-a-lesplai\/"},"wordCount":610,"publisher":{"@id":"https:\/\/www.esplac.cat\/#organization"},"image":{"@id":"https:\/\/www.esplac.cat\/alguns-recursos-sobre-inclusio-a-lesplai\/#primaryimage"},"thumbnailUrl":"https:\/\/www.esplac.cat\/wp-content\/uploads\/2016\/05\/20160518_InclusioDiversitat.jpg","keywords":["inclusi\u00f3 i diversitat","protocols d'actuaci\u00f3","recursos","serveis socials"],"articleSection":["Activitats comissions i grups de treball","Activitats esplac","Inclusi\u00f3 i diversitat","Inf\u00e0ncia i Esplaiada","Recursos","Sense categoria"],"inLanguage":"en-US"},{"@type":"WebPage","@id":"https:\/\/www.esplac.cat\/alguns-recursos-sobre-inclusio-a-lesplai\/","url":"https:\/\/www.esplac.cat\/alguns-recursos-sobre-inclusio-a-lesplai\/","name":"Alguns recursos sobre inclusi\u00f3 a l'esplai... - Esplac","isPartOf":{"@id":"https:\/\/www.esplac.cat\/#website"},"primaryImageOfPage":{"@id":"https:\/\/www.esplac.cat\/alguns-recursos-sobre-inclusio-a-lesplai\/#primaryimage"},"image":{"@id":"https:\/\/www.esplac.cat\/alguns-recursos-sobre-inclusio-a-lesplai\/#primaryimage"},"thumbnailUrl":"https:\/\/www.esplac.cat\/wp-content\/uploads\/2016\/05\/20160518_InclusioDiversitat.jpg","datePublished":"2016-05-18T07:16:00+00:00","dateModified":"2019-11-14T11:38:37+00:00","breadcrumb":{"@id":"https:\/\/www.esplac.cat\/alguns-recursos-sobre-inclusio-a-lesplai\/#breadcrumb"},"inLanguage":"en-US","potentialAction":[{"@type":"ReadAction","target":["https:\/\/www.esplac.cat\/alguns-recursos-sobre-inclusio-a-lesplai\/"]}]},{"@type":"ImageObject","inLanguage":"en-US","@id":"https:\/\/www.esplac.cat\/alguns-recursos-sobre-inclusio-a-lesplai\/#primaryimage","url":"https:\/\/www.esplac.cat\/wp-content\/uploads\/2016\/05\/20160518_InclusioDiversitat.jpg","contentUrl":"https:\/\/www.esplac.cat\/wp-content\/uploads\/2016\/05\/20160518_InclusioDiversitat.jpg","width":847,"height":350},{"@type":"BreadcrumbList","@id":"https:\/\/www.esplac.cat\/alguns-recursos-sobre-inclusio-a-lesplai\/#breadcrumb","itemListElement":[{"@type":"ListItem","position":1,"name":"Inici","item":"https:\/\/www.esplac.cat\/en\/"},{"@type":"ListItem","position":2,"name":"Alguns recursos sobre inclusi\u00f3 a l&#8217;esplai&#8230;"}]},{"@type":"WebSite","@id":"https:\/\/www.esplac.cat\/#website","url":"https:\/\/www.esplac.cat\/","name":"Esplac","description":"Esplais Catalans","publisher":{"@id":"https:\/\/www.esplac.cat\/#organization"},"potentialAction":[{"@type":"SearchAction","target":{"@type":"EntryPoint","urlTemplate":"https:\/\/www.esplac.cat\/?s={search_term_string}"},"query-input":{"@type":"PropertyValueSpecification","valueRequired":true,"valueName":"search_term_string"}}],"inLanguage":"en-US"},{"@type":"Organization","@id":"https:\/\/www.esplac.cat\/#organization","name":"Esplac","url":"https:\/\/www.esplac.cat\/","logo":{"@type":"ImageObject","inLanguage":"en-US","@id":"https:\/\/www.esplac.cat\/#\/schema\/logo\/image\/","url":"https:\/\/www.esplac.cat\/wp-content\/uploads\/2019\/08\/logox2.png","contentUrl":"https:\/\/www.esplac.cat\/wp-content\/uploads\/2019\/08\/logox2.png","width":600,"height":295,"caption":"Esplac"},"image":{"@id":"https:\/\/www.esplac.cat\/#\/schema\/logo\/image\/"}},{"@type":"Person","@id":"https:\/\/www.esplac.cat\/#\/schema\/person\/908383cf240be18b68f8855d0583faca","name":"Comunicaci\u00f3 Esplac","image":{"@type":"ImageObject","inLanguage":"en-US","@id":"https:\/\/secure.gravatar.com\/avatar\/7a4cf8feb412a76ea4a740ca02d95b06b2907b5a6c648c2dd0a1082a093c3141?s=96&d=mm&r=g","url":"https:\/\/secure.gravatar.com\/avatar\/7a4cf8feb412a76ea4a740ca02d95b06b2907b5a6c648c2dd0a1082a093c3141?s=96&d=mm&r=g","contentUrl":"https:\/\/secure.gravatar.com\/avatar\/7a4cf8feb412a76ea4a740ca02d95b06b2907b5a6c648c2dd0a1082a093c3141?s=96&d=mm&r=g","caption":"Comunicaci\u00f3 Esplac"}}]}},"_links":{"self":[{"href":"https:\/\/www.esplac.cat\/en\/wp-json\/wp\/v2\/posts\/25225","targetHints":{"allow":["GET"]}}],"collection":[{"href":"https:\/\/www.esplac.cat\/en\/wp-json\/wp\/v2\/posts"}],"about":[{"href":"https:\/\/www.esplac.cat\/en\/wp-json\/wp\/v2\/types\/post"}],"author":[{"embeddable":true,"href":"https:\/\/www.esplac.cat\/en\/wp-json\/wp\/v2\/users\/3"}],"replies":[{"embeddable":true,"href":"https:\/\/www.esplac.cat\/en\/wp-json\/wp\/v2\/comments?post=25225"}],"version-history":[{"count":0,"href":"https:\/\/www.esplac.cat\/en\/wp-json\/wp\/v2\/posts\/25225\/revisions"}],"wp:featuredmedia":[{"embeddable":true,"href":"https:\/\/www.esplac.cat\/en\/wp-json\/wp\/v2\/media\/25226"}],"wp:attachment":[{"href":"https:\/\/www.esplac.cat\/en\/wp-json\/wp\/v2\/media?parent=25225"}],"wp:term":[{"taxonomy":"category","embeddable":true,"href":"https:\/\/www.esplac.cat\/en\/wp-json\/wp\/v2\/categories?post=25225"},{"taxonomy":"post_tag","embeddable":true,"href":"https:\/\/www.esplac.cat\/en\/wp-json\/wp\/v2\/tags?post=25225"}],"curies":[{"name":"wp","href":"https:\/\/api.w.org\/{rel}","templated":true}]}}