{"id":25232,"date":"2016-05-13T11:50:35","date_gmt":"2016-05-13T09:50:35","guid":{"rendered":"http:\/\/esplac.cat\/?p=10607"},"modified":"2016-05-13T11:50:35","modified_gmt":"2016-05-13T09:50:35","slug":"transformar-educant-presentem-lestudi-historic-dels-esplais-i-el-verkami-del-documental","status":"publish","type":"post","link":"https:\/\/www.esplac.cat\/en\/transformar-educant-presentem-lestudi-historic-dels-esplais-i-el-verkami-del-documental\/","title":{"rendered":"Transformar educant: presentem l&#8217;estudi hist\u00f2ric dels esplais i el verkami del documental!"},"content":{"rendered":"<h4>El 2 de juny presentem l&#8217;estudi\u00a0&#8216;<strong>Transformar\u00a0educant: una hist\u00f2ria dels esplais catalans&#8217;\u00a0<\/strong>i la campanya de micromecenatge per fer el documental dels esplais<\/h4>\n<p>Volem con\u00e8ixer\u00a0d&#8217;on venim per poder comprendre\u00a0millor qui som i cap a on\u00a0volem anar. Amb aquest objectiu, hem estat treballant en una investigaci\u00f3 hist\u00f2rica durant el darrer any amb la col\u00b7laboraci\u00f3 dels esplais i de\u00a0persones que han passat en diverses \u00e8poques per l&#8217;associaci\u00f3. El resultat el<strong>\u00a0presentarem en format de llibre hist\u00f2ric el proper 2 de juny a les 19 hores al local dels Llu\u00efsos de Gr\u00e0cia (pla\u00e7a del Nord, Barcelona)<\/strong>, entitat a la qual pertany l&#8217;esplai GMM, fundat al 1939 i el m\u00e9s antic dels 105 esplais d&#8217;Esplac.<\/p>\n<p>L&#8217;estudi,\u00a0coordinat per Esplac i realitzat per l&#8217;historiador vinculat a l&#8217;associacionisme educatiu Albert Claret, porta per t\u00edtol <strong>&#8220;Transformar educant: una hist\u00f2ria dels esplais catalans&#8221;\u00a0<\/strong>i pret\u00e9n posar\u00a0llum sobre la traject\u00f2ria de tot un segle dels esplais a Catalunya.<\/p>\n<h3>Verkami pel documental<\/h3>\n<p>Paral\u00b7lelament a aquest projecte, estem tamb\u00e9 realitzant un documental que, bevent de la font hist\u00f2rica que proporciona l&#8217;estudi, pugui reflectir les realitats actuals dels esplais a trav\u00e9s de la visi\u00f3 d&#8217;algunes monitores, infants i fam\u00edlies. L&#8217;equip de<strong> Camille Zonca\u00a0<\/strong>estan dissenyant el gui\u00f3 en col\u00b7laboraci\u00f3 amb Esplac i ja han comen\u00e7at a gravar, per exemple a la Monifesta&#8217;t, la trobada de monitors i monitores que vam realitzar a Berga el passat 16 i 17 d&#8217;abril.<\/p>\n<p>Per tal de cobrir una part de les despeses d&#8217;aquest projecte, aprofitarem l&#8217;acte de presentaci\u00f3 de l&#8217;estudi per <strong>llan\u00e7ar una campanya de Verkami<\/strong> per a qu\u00e8 esplais i persones interessades posin el seu granet de sorra per finan\u00e7ar una part del documental! La setmana vinent us donarem\u00a0m\u00e9s informaci\u00f3 per a qu\u00e8 pugueu col\u00b7laborar.<\/p>\n<p>Tamb\u00e9 la setmana\u00a0vinent estrenarem una<strong> p\u00e0gina dins del web dedicada al projecte<\/strong> per a qu\u00e8 seguiu\u00a0tota la informaci\u00f3 i les novetats que anirem explicant.<\/p>\n<p style=\"text-align: center;\">De moment,<strong>\u00a0us animen a venir\u00a0el dia 2 de juny a les 19h i a <span style=\"text-decoration: underline;\">confirmar\u00a0assist\u00e8ncia a l&#8217;acte de presentaci\u00f3 enviant un mail a esplac@esplac.cat amb l&#8217;assumpte &#8220;Presentaci\u00f3 Estudi&#8221;!<\/span><\/strong><\/p>\n<p><a href=\"http:\/\/esplac.cat\/wp-content\/uploads\/2016\/05\/20160513Banner_2juny_HistoriaEsplais.jpg\"><img decoding=\"async\" class=\"aligncenter size-full wp-image-10612\" src=\"http:\/\/esplac.cat\/wp-content\/uploads\/2016\/05\/20160513Banner_2juny_HistoriaEsplais.jpg\" alt=\"20160513Banner_2juny_HistoriaEsplais\" width=\"940\" height=\"530\" \/><\/a><\/p>\n<p>&nbsp;<\/p>\n","protected":false},"excerpt":{"rendered":"<p>El 2 de juny presentem l&#8217;estudi\u00a0&#8216;Transformar\u00a0educant: una hist\u00f2ria dels esplais [&hellip;]<\/p>\n","protected":false},"author":3,"featured_media":25234,"comment_status":"closed","ping_status":"open","sticky":false,"template":"","format":"standard","meta":{"om_disable_all_campaigns":false,"_monsterinsights_skip_tracking":false,"_monsterinsights_sitenote_active":false,"_monsterinsights_sitenote_note":"","_monsterinsights_sitenote_category":0,"_uf_show_specific_survey":0,"_uf_disable_surveys":false,"footnotes":""},"categories":[1111,1,1142],"tags":[576,578,719],"class_list":["post-25232","post","type-post","status-publish","format-standard","has-post-thumbnail","hentry","category-activitats-esplac","category-sense-categoria","category-transformar-educant-historia-dels-esplais","tag-documental","tag-historia-esplais","tag-transformar-educant"],"yoast_head":"<!-- This site is optimized with the Yoast SEO plugin v27.5 - https:\/\/yoast.com\/product\/yoast-seo-wordpress\/ -->\n<title>Transformar educant: presentem l&#039;estudi hist\u00f2ric dels esplais i el verkami del documental! - Esplac<\/title>\n<meta name=\"robots\" content=\"index, follow, max-snippet:-1, max-image-preview:large, max-video-preview:-1\" \/>\n<link rel=\"canonical\" href=\"https:\/\/www.esplac.cat\/transformar-educant-presentem-lestudi-historic-dels-esplais-i-el-verkami-del-documental\/\" \/>\n<meta property=\"og:locale\" content=\"en_US\" \/>\n<meta property=\"og:type\" content=\"article\" \/>\n<meta property=\"og:title\" content=\"Transformar educant: presentem l&#039;estudi hist\u00f2ric dels esplais i el verkami del documental! - Esplac\" \/>\n<meta property=\"og:description\" content=\"El 2 de juny presentem l&#8217;estudi\u00a0&#8216;Transformar\u00a0educant: una hist\u00f2ria dels esplais [&hellip;]\" \/>\n<meta property=\"og:url\" content=\"https:\/\/www.esplac.cat\/transformar-educant-presentem-lestudi-historic-dels-esplais-i-el-verkami-del-documental\/\" \/>\n<meta property=\"og:site_name\" content=\"Esplac\" \/>\n<meta property=\"article:published_time\" content=\"2016-05-13T09:50:35+00:00\" \/>\n<meta property=\"og:image\" content=\"https:\/\/www.esplac.cat\/wp-content\/uploads\/2016\/05\/20160513_Transformar-educant.jpg\" \/>\n\t<meta property=\"og:image:width\" content=\"847\" \/>\n\t<meta property=\"og:image:height\" content=\"351\" \/>\n\t<meta property=\"og:image:type\" content=\"image\/jpeg\" \/>\n<meta name=\"author\" content=\"Comunicaci\u00f3 Esplac\" \/>\n<meta name=\"twitter:card\" content=\"summary_large_image\" \/>\n<meta name=\"twitter:label1\" content=\"Written by\" \/>\n\t<meta name=\"twitter:data1\" content=\"Comunicaci\u00f3 Esplac\" \/>\n\t<meta name=\"twitter:label2\" content=\"Est. reading time\" \/>\n\t<meta name=\"twitter:data2\" content=\"2 minutes\" \/>\n<script type=\"application\/ld+json\" class=\"yoast-schema-graph\">{\"@context\":\"https:\\\/\\\/schema.org\",\"@graph\":[{\"@type\":\"Article\",\"@id\":\"https:\\\/\\\/www.esplac.cat\\\/transformar-educant-presentem-lestudi-historic-dels-esplais-i-el-verkami-del-documental\\\/#article\",\"isPartOf\":{\"@id\":\"https:\\\/\\\/www.esplac.cat\\\/transformar-educant-presentem-lestudi-historic-dels-esplais-i-el-verkami-del-documental\\\/\"},\"author\":{\"name\":\"Comunicaci\u00f3 Esplac\",\"@id\":\"https:\\\/\\\/www.esplac.cat\\\/#\\\/schema\\\/person\\\/908383cf240be18b68f8855d0583faca\"},\"headline\":\"Transformar educant: presentem l&#8217;estudi hist\u00f2ric dels esplais i el verkami del documental!\",\"datePublished\":\"2016-05-13T09:50:35+00:00\",\"mainEntityOfPage\":{\"@id\":\"https:\\\/\\\/www.esplac.cat\\\/transformar-educant-presentem-lestudi-historic-dels-esplais-i-el-verkami-del-documental\\\/\"},\"wordCount\":396,\"publisher\":{\"@id\":\"https:\\\/\\\/www.esplac.cat\\\/#organization\"},\"image\":{\"@id\":\"https:\\\/\\\/www.esplac.cat\\\/transformar-educant-presentem-lestudi-historic-dels-esplais-i-el-verkami-del-documental\\\/#primaryimage\"},\"thumbnailUrl\":\"https:\\\/\\\/www.esplac.cat\\\/wp-content\\\/uploads\\\/2016\\\/05\\\/20160513_Transformar-educant.jpg\",\"keywords\":[\"documental\",\"hist\u00f2ria esplais\",\"Transformar educant\"],\"articleSection\":[\"Activitats esplac\",\"Sense categoria\",\"Transformar educant: hist\u00f2ria dels esplais\"],\"inLanguage\":\"en-US\"},{\"@type\":\"WebPage\",\"@id\":\"https:\\\/\\\/www.esplac.cat\\\/transformar-educant-presentem-lestudi-historic-dels-esplais-i-el-verkami-del-documental\\\/\",\"url\":\"https:\\\/\\\/www.esplac.cat\\\/transformar-educant-presentem-lestudi-historic-dels-esplais-i-el-verkami-del-documental\\\/\",\"name\":\"Transformar educant: presentem l'estudi hist\u00f2ric dels esplais i el verkami del documental! - Esplac\",\"isPartOf\":{\"@id\":\"https:\\\/\\\/www.esplac.cat\\\/#website\"},\"primaryImageOfPage\":{\"@id\":\"https:\\\/\\\/www.esplac.cat\\\/transformar-educant-presentem-lestudi-historic-dels-esplais-i-el-verkami-del-documental\\\/#primaryimage\"},\"image\":{\"@id\":\"https:\\\/\\\/www.esplac.cat\\\/transformar-educant-presentem-lestudi-historic-dels-esplais-i-el-verkami-del-documental\\\/#primaryimage\"},\"thumbnailUrl\":\"https:\\\/\\\/www.esplac.cat\\\/wp-content\\\/uploads\\\/2016\\\/05\\\/20160513_Transformar-educant.jpg\",\"datePublished\":\"2016-05-13T09:50:35+00:00\",\"breadcrumb\":{\"@id\":\"https:\\\/\\\/www.esplac.cat\\\/transformar-educant-presentem-lestudi-historic-dels-esplais-i-el-verkami-del-documental\\\/#breadcrumb\"},\"inLanguage\":\"en-US\",\"potentialAction\":[{\"@type\":\"ReadAction\",\"target\":[\"https:\\\/\\\/www.esplac.cat\\\/transformar-educant-presentem-lestudi-historic-dels-esplais-i-el-verkami-del-documental\\\/\"]}]},{\"@type\":\"ImageObject\",\"inLanguage\":\"en-US\",\"@id\":\"https:\\\/\\\/www.esplac.cat\\\/transformar-educant-presentem-lestudi-historic-dels-esplais-i-el-verkami-del-documental\\\/#primaryimage\",\"url\":\"https:\\\/\\\/www.esplac.cat\\\/wp-content\\\/uploads\\\/2016\\\/05\\\/20160513_Transformar-educant.jpg\",\"contentUrl\":\"https:\\\/\\\/www.esplac.cat\\\/wp-content\\\/uploads\\\/2016\\\/05\\\/20160513_Transformar-educant.jpg\",\"width\":847,\"height\":351},{\"@type\":\"BreadcrumbList\",\"@id\":\"https:\\\/\\\/www.esplac.cat\\\/transformar-educant-presentem-lestudi-historic-dels-esplais-i-el-verkami-del-documental\\\/#breadcrumb\",\"itemListElement\":[{\"@type\":\"ListItem\",\"position\":1,\"name\":\"Inici\",\"item\":\"https:\\\/\\\/www.esplac.cat\\\/en\\\/\"},{\"@type\":\"ListItem\",\"position\":2,\"name\":\"Transformar educant: presentem l&#8217;estudi hist\u00f2ric dels esplais i el verkami del documental!\"}]},{\"@type\":\"WebSite\",\"@id\":\"https:\\\/\\\/www.esplac.cat\\\/#website\",\"url\":\"https:\\\/\\\/www.esplac.cat\\\/\",\"name\":\"Esplac\",\"description\":\"Esplais Catalans\",\"publisher\":{\"@id\":\"https:\\\/\\\/www.esplac.cat\\\/#organization\"},\"potentialAction\":[{\"@type\":\"SearchAction\",\"target\":{\"@type\":\"EntryPoint\",\"urlTemplate\":\"https:\\\/\\\/www.esplac.cat\\\/?s={search_term_string}\"},\"query-input\":{\"@type\":\"PropertyValueSpecification\",\"valueRequired\":true,\"valueName\":\"search_term_string\"}}],\"inLanguage\":\"en-US\"},{\"@type\":\"Organization\",\"@id\":\"https:\\\/\\\/www.esplac.cat\\\/#organization\",\"name\":\"Esplac\",\"url\":\"https:\\\/\\\/www.esplac.cat\\\/\",\"logo\":{\"@type\":\"ImageObject\",\"inLanguage\":\"en-US\",\"@id\":\"https:\\\/\\\/www.esplac.cat\\\/#\\\/schema\\\/logo\\\/image\\\/\",\"url\":\"https:\\\/\\\/www.esplac.cat\\\/wp-content\\\/uploads\\\/2019\\\/08\\\/logox2.png\",\"contentUrl\":\"https:\\\/\\\/www.esplac.cat\\\/wp-content\\\/uploads\\\/2019\\\/08\\\/logox2.png\",\"width\":600,\"height\":295,\"caption\":\"Esplac\"},\"image\":{\"@id\":\"https:\\\/\\\/www.esplac.cat\\\/#\\\/schema\\\/logo\\\/image\\\/\"}},{\"@type\":\"Person\",\"@id\":\"https:\\\/\\\/www.esplac.cat\\\/#\\\/schema\\\/person\\\/908383cf240be18b68f8855d0583faca\",\"name\":\"Comunicaci\u00f3 Esplac\",\"image\":{\"@type\":\"ImageObject\",\"inLanguage\":\"en-US\",\"@id\":\"https:\\\/\\\/secure.gravatar.com\\\/avatar\\\/7a4cf8feb412a76ea4a740ca02d95b06b2907b5a6c648c2dd0a1082a093c3141?s=96&d=mm&r=g\",\"url\":\"https:\\\/\\\/secure.gravatar.com\\\/avatar\\\/7a4cf8feb412a76ea4a740ca02d95b06b2907b5a6c648c2dd0a1082a093c3141?s=96&d=mm&r=g\",\"contentUrl\":\"https:\\\/\\\/secure.gravatar.com\\\/avatar\\\/7a4cf8feb412a76ea4a740ca02d95b06b2907b5a6c648c2dd0a1082a093c3141?s=96&d=mm&r=g\",\"caption\":\"Comunicaci\u00f3 Esplac\"}}]}<\/script>\n<!-- \/ Yoast SEO plugin. -->","yoast_head_json":{"title":"Transformar educant: presentem l'estudi hist\u00f2ric dels esplais i el verkami del documental! - Esplac","robots":{"index":"index","follow":"follow","max-snippet":"max-snippet:-1","max-image-preview":"max-image-preview:large","max-video-preview":"max-video-preview:-1"},"canonical":"https:\/\/www.esplac.cat\/transformar-educant-presentem-lestudi-historic-dels-esplais-i-el-verkami-del-documental\/","og_locale":"en_US","og_type":"article","og_title":"Transformar educant: presentem l'estudi hist\u00f2ric dels esplais i el verkami del documental! - Esplac","og_description":"El 2 de juny presentem l&#8217;estudi\u00a0&#8216;Transformar\u00a0educant: una hist\u00f2ria dels esplais [&hellip;]","og_url":"https:\/\/www.esplac.cat\/transformar-educant-presentem-lestudi-historic-dels-esplais-i-el-verkami-del-documental\/","og_site_name":"Esplac","article_published_time":"2016-05-13T09:50:35+00:00","og_image":[{"width":847,"height":351,"url":"https:\/\/www.esplac.cat\/wp-content\/uploads\/2016\/05\/20160513_Transformar-educant.jpg","type":"image\/jpeg"}],"author":"Comunicaci\u00f3 Esplac","twitter_card":"summary_large_image","twitter_misc":{"Written by":"Comunicaci\u00f3 Esplac","Est. reading time":"2 minutes"},"schema":{"@context":"https:\/\/schema.org","@graph":[{"@type":"Article","@id":"https:\/\/www.esplac.cat\/transformar-educant-presentem-lestudi-historic-dels-esplais-i-el-verkami-del-documental\/#article","isPartOf":{"@id":"https:\/\/www.esplac.cat\/transformar-educant-presentem-lestudi-historic-dels-esplais-i-el-verkami-del-documental\/"},"author":{"name":"Comunicaci\u00f3 Esplac","@id":"https:\/\/www.esplac.cat\/#\/schema\/person\/908383cf240be18b68f8855d0583faca"},"headline":"Transformar educant: presentem l&#8217;estudi hist\u00f2ric dels esplais i el verkami del documental!","datePublished":"2016-05-13T09:50:35+00:00","mainEntityOfPage":{"@id":"https:\/\/www.esplac.cat\/transformar-educant-presentem-lestudi-historic-dels-esplais-i-el-verkami-del-documental\/"},"wordCount":396,"publisher":{"@id":"https:\/\/www.esplac.cat\/#organization"},"image":{"@id":"https:\/\/www.esplac.cat\/transformar-educant-presentem-lestudi-historic-dels-esplais-i-el-verkami-del-documental\/#primaryimage"},"thumbnailUrl":"https:\/\/www.esplac.cat\/wp-content\/uploads\/2016\/05\/20160513_Transformar-educant.jpg","keywords":["documental","hist\u00f2ria esplais","Transformar educant"],"articleSection":["Activitats esplac","Sense categoria","Transformar educant: hist\u00f2ria dels esplais"],"inLanguage":"en-US"},{"@type":"WebPage","@id":"https:\/\/www.esplac.cat\/transformar-educant-presentem-lestudi-historic-dels-esplais-i-el-verkami-del-documental\/","url":"https:\/\/www.esplac.cat\/transformar-educant-presentem-lestudi-historic-dels-esplais-i-el-verkami-del-documental\/","name":"Transformar educant: presentem l'estudi hist\u00f2ric dels esplais i el verkami del documental! - Esplac","isPartOf":{"@id":"https:\/\/www.esplac.cat\/#website"},"primaryImageOfPage":{"@id":"https:\/\/www.esplac.cat\/transformar-educant-presentem-lestudi-historic-dels-esplais-i-el-verkami-del-documental\/#primaryimage"},"image":{"@id":"https:\/\/www.esplac.cat\/transformar-educant-presentem-lestudi-historic-dels-esplais-i-el-verkami-del-documental\/#primaryimage"},"thumbnailUrl":"https:\/\/www.esplac.cat\/wp-content\/uploads\/2016\/05\/20160513_Transformar-educant.jpg","datePublished":"2016-05-13T09:50:35+00:00","breadcrumb":{"@id":"https:\/\/www.esplac.cat\/transformar-educant-presentem-lestudi-historic-dels-esplais-i-el-verkami-del-documental\/#breadcrumb"},"inLanguage":"en-US","potentialAction":[{"@type":"ReadAction","target":["https:\/\/www.esplac.cat\/transformar-educant-presentem-lestudi-historic-dels-esplais-i-el-verkami-del-documental\/"]}]},{"@type":"ImageObject","inLanguage":"en-US","@id":"https:\/\/www.esplac.cat\/transformar-educant-presentem-lestudi-historic-dels-esplais-i-el-verkami-del-documental\/#primaryimage","url":"https:\/\/www.esplac.cat\/wp-content\/uploads\/2016\/05\/20160513_Transformar-educant.jpg","contentUrl":"https:\/\/www.esplac.cat\/wp-content\/uploads\/2016\/05\/20160513_Transformar-educant.jpg","width":847,"height":351},{"@type":"BreadcrumbList","@id":"https:\/\/www.esplac.cat\/transformar-educant-presentem-lestudi-historic-dels-esplais-i-el-verkami-del-documental\/#breadcrumb","itemListElement":[{"@type":"ListItem","position":1,"name":"Inici","item":"https:\/\/www.esplac.cat\/en\/"},{"@type":"ListItem","position":2,"name":"Transformar educant: presentem l&#8217;estudi hist\u00f2ric dels esplais i el verkami del documental!"}]},{"@type":"WebSite","@id":"https:\/\/www.esplac.cat\/#website","url":"https:\/\/www.esplac.cat\/","name":"Esplac","description":"Esplais Catalans","publisher":{"@id":"https:\/\/www.esplac.cat\/#organization"},"potentialAction":[{"@type":"SearchAction","target":{"@type":"EntryPoint","urlTemplate":"https:\/\/www.esplac.cat\/?s={search_term_string}"},"query-input":{"@type":"PropertyValueSpecification","valueRequired":true,"valueName":"search_term_string"}}],"inLanguage":"en-US"},{"@type":"Organization","@id":"https:\/\/www.esplac.cat\/#organization","name":"Esplac","url":"https:\/\/www.esplac.cat\/","logo":{"@type":"ImageObject","inLanguage":"en-US","@id":"https:\/\/www.esplac.cat\/#\/schema\/logo\/image\/","url":"https:\/\/www.esplac.cat\/wp-content\/uploads\/2019\/08\/logox2.png","contentUrl":"https:\/\/www.esplac.cat\/wp-content\/uploads\/2019\/08\/logox2.png","width":600,"height":295,"caption":"Esplac"},"image":{"@id":"https:\/\/www.esplac.cat\/#\/schema\/logo\/image\/"}},{"@type":"Person","@id":"https:\/\/www.esplac.cat\/#\/schema\/person\/908383cf240be18b68f8855d0583faca","name":"Comunicaci\u00f3 Esplac","image":{"@type":"ImageObject","inLanguage":"en-US","@id":"https:\/\/secure.gravatar.com\/avatar\/7a4cf8feb412a76ea4a740ca02d95b06b2907b5a6c648c2dd0a1082a093c3141?s=96&d=mm&r=g","url":"https:\/\/secure.gravatar.com\/avatar\/7a4cf8feb412a76ea4a740ca02d95b06b2907b5a6c648c2dd0a1082a093c3141?s=96&d=mm&r=g","contentUrl":"https:\/\/secure.gravatar.com\/avatar\/7a4cf8feb412a76ea4a740ca02d95b06b2907b5a6c648c2dd0a1082a093c3141?s=96&d=mm&r=g","caption":"Comunicaci\u00f3 Esplac"}}]}},"_links":{"self":[{"href":"https:\/\/www.esplac.cat\/en\/wp-json\/wp\/v2\/posts\/25232","targetHints":{"allow":["GET"]}}],"collection":[{"href":"https:\/\/www.esplac.cat\/en\/wp-json\/wp\/v2\/posts"}],"about":[{"href":"https:\/\/www.esplac.cat\/en\/wp-json\/wp\/v2\/types\/post"}],"author":[{"embeddable":true,"href":"https:\/\/www.esplac.cat\/en\/wp-json\/wp\/v2\/users\/3"}],"replies":[{"embeddable":true,"href":"https:\/\/www.esplac.cat\/en\/wp-json\/wp\/v2\/comments?post=25232"}],"version-history":[{"count":0,"href":"https:\/\/www.esplac.cat\/en\/wp-json\/wp\/v2\/posts\/25232\/revisions"}],"wp:featuredmedia":[{"embeddable":true,"href":"https:\/\/www.esplac.cat\/en\/wp-json\/wp\/v2\/media\/25234"}],"wp:attachment":[{"href":"https:\/\/www.esplac.cat\/en\/wp-json\/wp\/v2\/media?parent=25232"}],"wp:term":[{"taxonomy":"category","embeddable":true,"href":"https:\/\/www.esplac.cat\/en\/wp-json\/wp\/v2\/categories?post=25232"},{"taxonomy":"post_tag","embeddable":true,"href":"https:\/\/www.esplac.cat\/en\/wp-json\/wp\/v2\/tags?post=25232"}],"curies":[{"name":"wp","href":"https:\/\/api.w.org\/{rel}","templated":true}]}}