{"id":25235,"date":"2016-05-13T09:29:08","date_gmt":"2016-05-13T07:29:08","guid":{"rendered":"http:\/\/esplac.cat\/?p=10600"},"modified":"2016-05-13T09:29:08","modified_gmt":"2016-05-13T07:29:08","slug":"bones-practiques-setmana-del-cigro-a-lesplai-gmm","status":"publish","type":"post","link":"https:\/\/www.esplac.cat\/en\/bones-practiques-setmana-del-cigro-a-lesplai-gmm\/","title":{"rendered":"Bona pr\u00e0ctica: Setmana del cigr\u00f3 a l&#8217;esplai GMM"},"content":{"rendered":"<p class=\"p2\" style=\"text-align: justify;\"><span class=\"s1\">La setmana del cigr\u00f3 \u00e9s un projecte que per primera vegada l\u2019assemblea de monitors i monitores de l\u2019esplai GMM hem decidit dur a terme. Aquesta setmana ha consistit en conviure totes juntes als Llu\u00efsos de Gr\u00e0cia, ja que \u00e9s l\u2019entitat de la qual formem part. Els objectius principals del projecte s\u00f3n la <b>cohesi\u00f3 de l\u2019equip<\/b>, treballar el <b>projecte de l\u2019esplai,<\/b> preparar els <b>campaments de primavera<\/b><span class=\"Apple-converted-space\">\u00a0 <\/span>i aprofitar per <b>formar-nos<\/b>.<\/span><\/p>\n<p class=\"p2\" style=\"text-align: justify;\"><span class=\"s1\">Aquest projecte va sortir a la tancada de principi de curs ja que som un equip molt nombr\u00f3s i en tot el curs no contem amb cap espai en el que convisquem tot l\u2019equip junt m\u00e9s enll\u00e0 de les dues tancades que es realitzen i els dissabtes.<\/span><\/p>\n<p class=\"p2\" style=\"text-align: justify;\"><span class=\"s1\">A partir d\u2019aqu\u00ed va sorgir una comissi\u00f3 encarregada de planificar la setmana del cigr\u00f3. Ens hem organitzat segons l\u2019horari de cadascuna per poder compaginar la nostra rutina (seguir anar a la feina o a classes) mentre compartiem els \u00e0pats, les estones de reunions i dormiem juntes a una sala de l\u2019esplai. <\/span><\/p>\n<p class=\"p2\" style=\"text-align: justify;\"><span class=\"s1\">Un cop finalitzada la setmana del cigr\u00f3 hem valorat molt positivament aquesta setmana, ja que ha estat un projecte enriquidor que ha potenciat la relaci\u00f3 entre tota l\u2019assemblea. Tot i aix\u00f2, sempre existeixen mancances i, per tant, aspectes a millorar. <b>La nostra intenci\u00f3 \u00e9s asegurar la continu\u00eftat d\u2019aquest projecte de cara als pr\u00f2xims anys.<\/b><\/span><\/p>\n<p class=\"p2\" style=\"text-align: justify;\"><span class=\"s1\">Si us animeu a fer la setmana del Cigr\u00f3, com ha fet el GMM i dedicar molts espais a la setmana a treballar la cohesi\u00f3 de grup i el projecte de curs, de l\u2019esplai o de campaments, podem fer-li un cop d\u2019ull als recursos <b>Esplaipolis<\/b> i <b>Encerta-la<\/b>, que trobarem al <a href=\"http:\/\/esplac.cat\/banc-de-recursos\/\" target=\"_blank\" rel=\"noopener noreferrer\"><span class=\"s2\">Banc de Recursos d\u2019Esplac<\/span><\/a>. El primer s\u00f3n un conjunt de din\u00e0miques per tractar i reflexionar el contingut del nostre projecte educatiu. El segon, l\u2019Encerta-la! S\u00f3n preguntes que pretenen fomentar el debat a l\u2019equip de monis sobre qu\u00e8 pensem del que fem habitualment de l\u2019esplai i q\u00fcestionar-nos noves maneres de fer, respecte el projecte educatiu i el dia a dia de l\u2019entitat!<\/span><\/p>\n<p class=\"p2\" style=\"text-align: justify;\"><a href=\"http:\/\/esplac.cat\/wp-content\/uploads\/2016\/05\/12801109_951220784933300_1965250533144569919_n.jpg\"><img decoding=\"async\" class=\"aligncenter size-full wp-image-10601\" src=\"http:\/\/esplac.cat\/wp-content\/uploads\/2016\/05\/12801109_951220784933300_1965250533144569919_n.jpg\" alt=\"12801109_951220784933300_1965250533144569919_n\" width=\"960\" height=\"717\" \/><\/a><\/p>\n","protected":false},"excerpt":{"rendered":"<p>La setmana del cigr\u00f3 \u00e9s un projecte que per primera [&hellip;]<\/p>\n","protected":false},"author":3,"featured_media":25236,"comment_status":"closed","ping_status":"open","sticky":false,"template":"","format":"standard","meta":{"om_disable_all_campaigns":false,"_monsterinsights_skip_tracking":false,"_monsterinsights_sitenote_active":false,"_monsterinsights_sitenote_note":"","_monsterinsights_sitenote_category":0,"_uf_show_specific_survey":0,"_uf_disable_surveys":false,"footnotes":""},"categories":[1110,1121,1128],"tags":[],"class_list":["post-25235","post","type-post","status-publish","format-standard","has-post-thumbnail","hentry","category-activitats-sectors","category-bones-practiques-2","category-sector-barcelona"],"yoast_head":"<!-- This site is optimized with the Yoast SEO plugin v27.4 - https:\/\/yoast.com\/product\/yoast-seo-wordpress\/ -->\n<title>Bona pr\u00e0ctica: Setmana del cigr\u00f3 a l&#039;esplai GMM - Esplac<\/title>\n<meta name=\"robots\" content=\"index, follow, max-snippet:-1, max-image-preview:large, max-video-preview:-1\" \/>\n<link rel=\"canonical\" href=\"https:\/\/www.esplac.cat\/bones-practiques-setmana-del-cigro-a-lesplai-gmm\/\" \/>\n<meta property=\"og:locale\" content=\"en_US\" \/>\n<meta property=\"og:type\" content=\"article\" \/>\n<meta property=\"og:title\" content=\"Bona pr\u00e0ctica: Setmana del cigr\u00f3 a l&#039;esplai GMM - Esplac\" \/>\n<meta property=\"og:description\" content=\"La setmana del cigr\u00f3 \u00e9s un projecte que per primera [&hellip;]\" \/>\n<meta property=\"og:url\" content=\"https:\/\/www.esplac.cat\/bones-practiques-setmana-del-cigro-a-lesplai-gmm\/\" \/>\n<meta property=\"og:site_name\" content=\"Esplac\" \/>\n<meta property=\"article:published_time\" content=\"2016-05-13T07:29:08+00:00\" \/>\n<meta property=\"og:image\" content=\"https:\/\/www.esplac.cat\/wp-content\/uploads\/2016\/05\/20160513_BPGmm.jpg\" \/>\n\t<meta property=\"og:image:width\" content=\"847\" \/>\n\t<meta property=\"og:image:height\" content=\"350\" \/>\n\t<meta property=\"og:image:type\" content=\"image\/jpeg\" \/>\n<meta name=\"author\" content=\"Comunicaci\u00f3 Esplac\" \/>\n<meta name=\"twitter:card\" content=\"summary_large_image\" \/>\n<meta name=\"twitter:label1\" content=\"Written by\" \/>\n\t<meta name=\"twitter:data1\" content=\"Comunicaci\u00f3 Esplac\" \/>\n\t<meta name=\"twitter:label2\" content=\"Est. reading time\" \/>\n\t<meta name=\"twitter:data2\" content=\"2 minutes\" \/>\n<script type=\"application\/ld+json\" class=\"yoast-schema-graph\">{\"@context\":\"https:\\\/\\\/schema.org\",\"@graph\":[{\"@type\":\"Article\",\"@id\":\"https:\\\/\\\/www.esplac.cat\\\/bones-practiques-setmana-del-cigro-a-lesplai-gmm\\\/#article\",\"isPartOf\":{\"@id\":\"https:\\\/\\\/www.esplac.cat\\\/bones-practiques-setmana-del-cigro-a-lesplai-gmm\\\/\"},\"author\":{\"name\":\"Comunicaci\u00f3 Esplac\",\"@id\":\"https:\\\/\\\/www.esplac.cat\\\/#\\\/schema\\\/person\\\/908383cf240be18b68f8855d0583faca\"},\"headline\":\"Bona pr\u00e0ctica: Setmana del cigr\u00f3 a l&#8217;esplai GMM\",\"datePublished\":\"2016-05-13T07:29:08+00:00\",\"mainEntityOfPage\":{\"@id\":\"https:\\\/\\\/www.esplac.cat\\\/bones-practiques-setmana-del-cigro-a-lesplai-gmm\\\/\"},\"wordCount\":371,\"publisher\":{\"@id\":\"https:\\\/\\\/www.esplac.cat\\\/#organization\"},\"image\":{\"@id\":\"https:\\\/\\\/www.esplac.cat\\\/bones-practiques-setmana-del-cigro-a-lesplai-gmm\\\/#primaryimage\"},\"thumbnailUrl\":\"https:\\\/\\\/www.esplac.cat\\\/wp-content\\\/uploads\\\/2016\\\/05\\\/20160513_BPGmm.jpg\",\"articleSection\":[\"Activitats sectors\",\"Bones pr\u00e0ctiques\",\"Sector Barcelona\"],\"inLanguage\":\"en-US\"},{\"@type\":\"WebPage\",\"@id\":\"https:\\\/\\\/www.esplac.cat\\\/bones-practiques-setmana-del-cigro-a-lesplai-gmm\\\/\",\"url\":\"https:\\\/\\\/www.esplac.cat\\\/bones-practiques-setmana-del-cigro-a-lesplai-gmm\\\/\",\"name\":\"Bona pr\u00e0ctica: Setmana del cigr\u00f3 a l'esplai GMM - Esplac\",\"isPartOf\":{\"@id\":\"https:\\\/\\\/www.esplac.cat\\\/#website\"},\"primaryImageOfPage\":{\"@id\":\"https:\\\/\\\/www.esplac.cat\\\/bones-practiques-setmana-del-cigro-a-lesplai-gmm\\\/#primaryimage\"},\"image\":{\"@id\":\"https:\\\/\\\/www.esplac.cat\\\/bones-practiques-setmana-del-cigro-a-lesplai-gmm\\\/#primaryimage\"},\"thumbnailUrl\":\"https:\\\/\\\/www.esplac.cat\\\/wp-content\\\/uploads\\\/2016\\\/05\\\/20160513_BPGmm.jpg\",\"datePublished\":\"2016-05-13T07:29:08+00:00\",\"breadcrumb\":{\"@id\":\"https:\\\/\\\/www.esplac.cat\\\/bones-practiques-setmana-del-cigro-a-lesplai-gmm\\\/#breadcrumb\"},\"inLanguage\":\"en-US\",\"potentialAction\":[{\"@type\":\"ReadAction\",\"target\":[\"https:\\\/\\\/www.esplac.cat\\\/bones-practiques-setmana-del-cigro-a-lesplai-gmm\\\/\"]}]},{\"@type\":\"ImageObject\",\"inLanguage\":\"en-US\",\"@id\":\"https:\\\/\\\/www.esplac.cat\\\/bones-practiques-setmana-del-cigro-a-lesplai-gmm\\\/#primaryimage\",\"url\":\"https:\\\/\\\/www.esplac.cat\\\/wp-content\\\/uploads\\\/2016\\\/05\\\/20160513_BPGmm.jpg\",\"contentUrl\":\"https:\\\/\\\/www.esplac.cat\\\/wp-content\\\/uploads\\\/2016\\\/05\\\/20160513_BPGmm.jpg\",\"width\":847,\"height\":350},{\"@type\":\"BreadcrumbList\",\"@id\":\"https:\\\/\\\/www.esplac.cat\\\/bones-practiques-setmana-del-cigro-a-lesplai-gmm\\\/#breadcrumb\",\"itemListElement\":[{\"@type\":\"ListItem\",\"position\":1,\"name\":\"Inici\",\"item\":\"https:\\\/\\\/www.esplac.cat\\\/en\\\/\"},{\"@type\":\"ListItem\",\"position\":2,\"name\":\"Bona pr\u00e0ctica: Setmana del cigr\u00f3 a l&#8217;esplai GMM\"}]},{\"@type\":\"WebSite\",\"@id\":\"https:\\\/\\\/www.esplac.cat\\\/#website\",\"url\":\"https:\\\/\\\/www.esplac.cat\\\/\",\"name\":\"Esplac\",\"description\":\"Esplais Catalans\",\"publisher\":{\"@id\":\"https:\\\/\\\/www.esplac.cat\\\/#organization\"},\"potentialAction\":[{\"@type\":\"SearchAction\",\"target\":{\"@type\":\"EntryPoint\",\"urlTemplate\":\"https:\\\/\\\/www.esplac.cat\\\/?s={search_term_string}\"},\"query-input\":{\"@type\":\"PropertyValueSpecification\",\"valueRequired\":true,\"valueName\":\"search_term_string\"}}],\"inLanguage\":\"en-US\"},{\"@type\":\"Organization\",\"@id\":\"https:\\\/\\\/www.esplac.cat\\\/#organization\",\"name\":\"Esplac\",\"url\":\"https:\\\/\\\/www.esplac.cat\\\/\",\"logo\":{\"@type\":\"ImageObject\",\"inLanguage\":\"en-US\",\"@id\":\"https:\\\/\\\/www.esplac.cat\\\/#\\\/schema\\\/logo\\\/image\\\/\",\"url\":\"https:\\\/\\\/www.esplac.cat\\\/wp-content\\\/uploads\\\/2019\\\/08\\\/logox2.png\",\"contentUrl\":\"https:\\\/\\\/www.esplac.cat\\\/wp-content\\\/uploads\\\/2019\\\/08\\\/logox2.png\",\"width\":600,\"height\":295,\"caption\":\"Esplac\"},\"image\":{\"@id\":\"https:\\\/\\\/www.esplac.cat\\\/#\\\/schema\\\/logo\\\/image\\\/\"}},{\"@type\":\"Person\",\"@id\":\"https:\\\/\\\/www.esplac.cat\\\/#\\\/schema\\\/person\\\/908383cf240be18b68f8855d0583faca\",\"name\":\"Comunicaci\u00f3 Esplac\",\"image\":{\"@type\":\"ImageObject\",\"inLanguage\":\"en-US\",\"@id\":\"https:\\\/\\\/secure.gravatar.com\\\/avatar\\\/7a4cf8feb412a76ea4a740ca02d95b06b2907b5a6c648c2dd0a1082a093c3141?s=96&d=mm&r=g\",\"url\":\"https:\\\/\\\/secure.gravatar.com\\\/avatar\\\/7a4cf8feb412a76ea4a740ca02d95b06b2907b5a6c648c2dd0a1082a093c3141?s=96&d=mm&r=g\",\"contentUrl\":\"https:\\\/\\\/secure.gravatar.com\\\/avatar\\\/7a4cf8feb412a76ea4a740ca02d95b06b2907b5a6c648c2dd0a1082a093c3141?s=96&d=mm&r=g\",\"caption\":\"Comunicaci\u00f3 Esplac\"}}]}<\/script>\n<!-- \/ Yoast SEO plugin. -->","yoast_head_json":{"title":"Bona pr\u00e0ctica: Setmana del cigr\u00f3 a l'esplai GMM - Esplac","robots":{"index":"index","follow":"follow","max-snippet":"max-snippet:-1","max-image-preview":"max-image-preview:large","max-video-preview":"max-video-preview:-1"},"canonical":"https:\/\/www.esplac.cat\/bones-practiques-setmana-del-cigro-a-lesplai-gmm\/","og_locale":"en_US","og_type":"article","og_title":"Bona pr\u00e0ctica: Setmana del cigr\u00f3 a l'esplai GMM - Esplac","og_description":"La setmana del cigr\u00f3 \u00e9s un projecte que per primera [&hellip;]","og_url":"https:\/\/www.esplac.cat\/bones-practiques-setmana-del-cigro-a-lesplai-gmm\/","og_site_name":"Esplac","article_published_time":"2016-05-13T07:29:08+00:00","og_image":[{"width":847,"height":350,"url":"https:\/\/www.esplac.cat\/wp-content\/uploads\/2016\/05\/20160513_BPGmm.jpg","type":"image\/jpeg"}],"author":"Comunicaci\u00f3 Esplac","twitter_card":"summary_large_image","twitter_misc":{"Written by":"Comunicaci\u00f3 Esplac","Est. reading time":"2 minutes"},"schema":{"@context":"https:\/\/schema.org","@graph":[{"@type":"Article","@id":"https:\/\/www.esplac.cat\/bones-practiques-setmana-del-cigro-a-lesplai-gmm\/#article","isPartOf":{"@id":"https:\/\/www.esplac.cat\/bones-practiques-setmana-del-cigro-a-lesplai-gmm\/"},"author":{"name":"Comunicaci\u00f3 Esplac","@id":"https:\/\/www.esplac.cat\/#\/schema\/person\/908383cf240be18b68f8855d0583faca"},"headline":"Bona pr\u00e0ctica: Setmana del cigr\u00f3 a l&#8217;esplai GMM","datePublished":"2016-05-13T07:29:08+00:00","mainEntityOfPage":{"@id":"https:\/\/www.esplac.cat\/bones-practiques-setmana-del-cigro-a-lesplai-gmm\/"},"wordCount":371,"publisher":{"@id":"https:\/\/www.esplac.cat\/#organization"},"image":{"@id":"https:\/\/www.esplac.cat\/bones-practiques-setmana-del-cigro-a-lesplai-gmm\/#primaryimage"},"thumbnailUrl":"https:\/\/www.esplac.cat\/wp-content\/uploads\/2016\/05\/20160513_BPGmm.jpg","articleSection":["Activitats sectors","Bones pr\u00e0ctiques","Sector Barcelona"],"inLanguage":"en-US"},{"@type":"WebPage","@id":"https:\/\/www.esplac.cat\/bones-practiques-setmana-del-cigro-a-lesplai-gmm\/","url":"https:\/\/www.esplac.cat\/bones-practiques-setmana-del-cigro-a-lesplai-gmm\/","name":"Bona pr\u00e0ctica: Setmana del cigr\u00f3 a l'esplai GMM - Esplac","isPartOf":{"@id":"https:\/\/www.esplac.cat\/#website"},"primaryImageOfPage":{"@id":"https:\/\/www.esplac.cat\/bones-practiques-setmana-del-cigro-a-lesplai-gmm\/#primaryimage"},"image":{"@id":"https:\/\/www.esplac.cat\/bones-practiques-setmana-del-cigro-a-lesplai-gmm\/#primaryimage"},"thumbnailUrl":"https:\/\/www.esplac.cat\/wp-content\/uploads\/2016\/05\/20160513_BPGmm.jpg","datePublished":"2016-05-13T07:29:08+00:00","breadcrumb":{"@id":"https:\/\/www.esplac.cat\/bones-practiques-setmana-del-cigro-a-lesplai-gmm\/#breadcrumb"},"inLanguage":"en-US","potentialAction":[{"@type":"ReadAction","target":["https:\/\/www.esplac.cat\/bones-practiques-setmana-del-cigro-a-lesplai-gmm\/"]}]},{"@type":"ImageObject","inLanguage":"en-US","@id":"https:\/\/www.esplac.cat\/bones-practiques-setmana-del-cigro-a-lesplai-gmm\/#primaryimage","url":"https:\/\/www.esplac.cat\/wp-content\/uploads\/2016\/05\/20160513_BPGmm.jpg","contentUrl":"https:\/\/www.esplac.cat\/wp-content\/uploads\/2016\/05\/20160513_BPGmm.jpg","width":847,"height":350},{"@type":"BreadcrumbList","@id":"https:\/\/www.esplac.cat\/bones-practiques-setmana-del-cigro-a-lesplai-gmm\/#breadcrumb","itemListElement":[{"@type":"ListItem","position":1,"name":"Inici","item":"https:\/\/www.esplac.cat\/en\/"},{"@type":"ListItem","position":2,"name":"Bona pr\u00e0ctica: Setmana del cigr\u00f3 a l&#8217;esplai GMM"}]},{"@type":"WebSite","@id":"https:\/\/www.esplac.cat\/#website","url":"https:\/\/www.esplac.cat\/","name":"Esplac","description":"Esplais Catalans","publisher":{"@id":"https:\/\/www.esplac.cat\/#organization"},"potentialAction":[{"@type":"SearchAction","target":{"@type":"EntryPoint","urlTemplate":"https:\/\/www.esplac.cat\/?s={search_term_string}"},"query-input":{"@type":"PropertyValueSpecification","valueRequired":true,"valueName":"search_term_string"}}],"inLanguage":"en-US"},{"@type":"Organization","@id":"https:\/\/www.esplac.cat\/#organization","name":"Esplac","url":"https:\/\/www.esplac.cat\/","logo":{"@type":"ImageObject","inLanguage":"en-US","@id":"https:\/\/www.esplac.cat\/#\/schema\/logo\/image\/","url":"https:\/\/www.esplac.cat\/wp-content\/uploads\/2019\/08\/logox2.png","contentUrl":"https:\/\/www.esplac.cat\/wp-content\/uploads\/2019\/08\/logox2.png","width":600,"height":295,"caption":"Esplac"},"image":{"@id":"https:\/\/www.esplac.cat\/#\/schema\/logo\/image\/"}},{"@type":"Person","@id":"https:\/\/www.esplac.cat\/#\/schema\/person\/908383cf240be18b68f8855d0583faca","name":"Comunicaci\u00f3 Esplac","image":{"@type":"ImageObject","inLanguage":"en-US","@id":"https:\/\/secure.gravatar.com\/avatar\/7a4cf8feb412a76ea4a740ca02d95b06b2907b5a6c648c2dd0a1082a093c3141?s=96&d=mm&r=g","url":"https:\/\/secure.gravatar.com\/avatar\/7a4cf8feb412a76ea4a740ca02d95b06b2907b5a6c648c2dd0a1082a093c3141?s=96&d=mm&r=g","contentUrl":"https:\/\/secure.gravatar.com\/avatar\/7a4cf8feb412a76ea4a740ca02d95b06b2907b5a6c648c2dd0a1082a093c3141?s=96&d=mm&r=g","caption":"Comunicaci\u00f3 Esplac"}}]}},"_links":{"self":[{"href":"https:\/\/www.esplac.cat\/en\/wp-json\/wp\/v2\/posts\/25235","targetHints":{"allow":["GET"]}}],"collection":[{"href":"https:\/\/www.esplac.cat\/en\/wp-json\/wp\/v2\/posts"}],"about":[{"href":"https:\/\/www.esplac.cat\/en\/wp-json\/wp\/v2\/types\/post"}],"author":[{"embeddable":true,"href":"https:\/\/www.esplac.cat\/en\/wp-json\/wp\/v2\/users\/3"}],"replies":[{"embeddable":true,"href":"https:\/\/www.esplac.cat\/en\/wp-json\/wp\/v2\/comments?post=25235"}],"version-history":[{"count":0,"href":"https:\/\/www.esplac.cat\/en\/wp-json\/wp\/v2\/posts\/25235\/revisions"}],"wp:featuredmedia":[{"embeddable":true,"href":"https:\/\/www.esplac.cat\/en\/wp-json\/wp\/v2\/media\/25236"}],"wp:attachment":[{"href":"https:\/\/www.esplac.cat\/en\/wp-json\/wp\/v2\/media?parent=25235"}],"wp:term":[{"taxonomy":"category","embeddable":true,"href":"https:\/\/www.esplac.cat\/en\/wp-json\/wp\/v2\/categories?post=25235"},{"taxonomy":"post_tag","embeddable":true,"href":"https:\/\/www.esplac.cat\/en\/wp-json\/wp\/v2\/tags?post=25235"}],"curies":[{"name":"wp","href":"https:\/\/api.w.org\/{rel}","templated":true}]}}