{"id":25240,"date":"2016-05-10T11:28:42","date_gmt":"2016-05-10T09:28:42","guid":{"rendered":"http:\/\/esplac.cat\/?p=10582"},"modified":"2016-05-10T11:28:42","modified_gmt":"2016-05-10T09:28:42","slug":"dissenyem-el-proces-assembleari-cap-a-lago-al-gran-comite","status":"publish","type":"post","link":"https:\/\/www.esplac.cat\/en\/dissenyem-el-proces-assembleari-cap-a-lago-al-gran-comite\/","title":{"rendered":"Dissenyem el proc\u00e9s assembleari cap a l\u2019AGO al Gran Comit\u00e8"},"content":{"rendered":"<p class=\"p1\" style=\"text-align: justify;\"><span class=\"s1\"><b>Els i les\u00a0dirigents d\u2019Esplais Catalans s&#8217;han reunit aquest cap de setmana a Mas Baget per desenvolupar i adaptar els processos de debat i decisi\u00f3 dels sectors i d&#8217;Esplac pels pr\u00f2xims mesos<\/b><\/span><\/p>\n<p class=\"p1\" style=\"text-align: justify;\"><span class=\"s1\">M\u00e9s de 30 dirigents de l\u2019Equip de Direcci\u00f3 i dels Equips Generals dels 10 sectors d\u2019Esplac van debatre aquest cap de setmana una proposta de calendari pels propers mesos per poder treballar els projectes del proper Pla de Treball del curs i les principals activitats del sector. A trav\u00e9s de diverses din\u00e0miques i traslladant la visi\u00f3 dels esplais de cada sector, el Gran Comit\u00e8 va poder treballar i definir un\u00a0proc\u00e9s assembleari que culminar\u00e0 a la 35<\/span><span class=\"s2\"><sup>a <\/sup><\/span><span class=\"s1\">Assemblea General Ordin\u00e0ria d\u2019Esplais Catalans a finals de novembre.<\/span><\/p>\n<p class=\"p1\" style=\"text-align: justify;\"><span class=\"s1\">Dins d\u2019aquest proc\u00e9s, es debatr\u00e0 tamb\u00e9 la reforma del Reglament de R\u00e8gim Intern i els Estatuts d\u2019Esplais Catalans, una demanda dels\u00a0esplais que es va acordar en la darrera Assemblea General de l\u2019entitat.<\/span><\/p>\n<p class=\"p1\" style=\"text-align: justify;\"><span class=\"s1\">Durant el Gran Comit\u00e8, tamb\u00e9 es van tractar altres temes. Com fem les visites d\u2019estiu als esplais? Qu\u00e8 volem fer per la Diada Universal pels Drets dels Infants del 20 de novembre als sectors? Com valorem els grups de treball que s\u2019han engegat aquest curs?\u00a0Com posem en marxa el nou circuit de posicionaments? Aquests han estat alguns dels debats que han tingut els i les dirigents.<\/span><\/p>\n<p class=\"p1\" style=\"text-align: justify;\">A m\u00e9s, es va celebrar l&#8217;Assemblea Extraordin\u00e0ria d&#8217;Esplais Catalans, en qu\u00e8 els esplais van aprovar el compte de resultats i tota la documentaci\u00f3 econ\u00f2mica de 2015.<\/p>\n<p class=\"p1\" style=\"text-align: justify;\"><span class=\"s1\">Un cap de setmana intents, de debat i cohesi\u00f3, per agafar embranzida pels propers mesos i traslladar els debats i la feina als sectors i esplais. <strong>Som #monisimparables!<\/strong><\/span><\/p>\n","protected":false},"excerpt":{"rendered":"<p>Els i les\u00a0dirigents d\u2019Esplais Catalans s&#8217;han reunit aquest cap de [&hellip;]<\/p>\n","protected":false},"author":3,"featured_media":25241,"comment_status":"closed","ping_status":"open","sticky":false,"template":"","format":"standard","meta":{"om_disable_all_campaigns":false,"_monsterinsights_skip_tracking":false,"_monsterinsights_sitenote_active":false,"_monsterinsights_sitenote_note":"","_monsterinsights_sitenote_category":0,"_uf_show_specific_survey":0,"_uf_disable_surveys":false,"footnotes":""},"categories":[1111,1],"tags":[671,335,712,148,713,40],"class_list":["post-25240","post","type-post","status-publish","format-standard","has-post-thumbnail","hentry","category-activitats-esplac","category-sense-categoria","tag-monisimparables","tag-ago","tag-assemblearisme","tag-gran-comite","tag-mas-baget","tag-participacio"],"yoast_head":"<!-- This site is optimized with the Yoast SEO plugin v27.5 - https:\/\/yoast.com\/product\/yoast-seo-wordpress\/ -->\n<title>Dissenyem el proc\u00e9s assembleari cap a l\u2019AGO al Gran Comit\u00e8 - Esplac<\/title>\n<meta name=\"robots\" content=\"index, follow, max-snippet:-1, max-image-preview:large, max-video-preview:-1\" \/>\n<link rel=\"canonical\" href=\"https:\/\/www.esplac.cat\/dissenyem-el-proces-assembleari-cap-a-lago-al-gran-comite\/\" \/>\n<meta property=\"og:locale\" content=\"en_US\" \/>\n<meta property=\"og:type\" content=\"article\" \/>\n<meta property=\"og:title\" content=\"Dissenyem el proc\u00e9s assembleari cap a l\u2019AGO al Gran Comit\u00e8 - Esplac\" \/>\n<meta property=\"og:description\" content=\"Els i les\u00a0dirigents d\u2019Esplais Catalans s&#8217;han reunit aquest cap de [&hellip;]\" \/>\n<meta property=\"og:url\" content=\"https:\/\/www.esplac.cat\/dissenyem-el-proces-assembleari-cap-a-lago-al-gran-comite\/\" \/>\n<meta property=\"og:site_name\" content=\"Esplac\" \/>\n<meta property=\"article:published_time\" content=\"2016-05-10T09:28:42+00:00\" \/>\n<meta property=\"og:image\" content=\"https:\/\/www.esplac.cat\/wp-content\/uploads\/2016\/05\/20160510_cronica-GC-maig16.jpg\" \/>\n\t<meta property=\"og:image:width\" content=\"847\" \/>\n\t<meta property=\"og:image:height\" content=\"351\" \/>\n\t<meta property=\"og:image:type\" content=\"image\/jpeg\" \/>\n<meta name=\"author\" content=\"Comunicaci\u00f3 Esplac\" \/>\n<meta name=\"twitter:card\" content=\"summary_large_image\" \/>\n<meta name=\"twitter:label1\" content=\"Written by\" \/>\n\t<meta name=\"twitter:data1\" content=\"Comunicaci\u00f3 Esplac\" \/>\n\t<meta name=\"twitter:label2\" content=\"Est. reading time\" \/>\n\t<meta name=\"twitter:data2\" content=\"1 minute\" \/>\n<script type=\"application\/ld+json\" class=\"yoast-schema-graph\">{\"@context\":\"https:\\\/\\\/schema.org\",\"@graph\":[{\"@type\":\"Article\",\"@id\":\"https:\\\/\\\/www.esplac.cat\\\/dissenyem-el-proces-assembleari-cap-a-lago-al-gran-comite\\\/#article\",\"isPartOf\":{\"@id\":\"https:\\\/\\\/www.esplac.cat\\\/dissenyem-el-proces-assembleari-cap-a-lago-al-gran-comite\\\/\"},\"author\":{\"name\":\"Comunicaci\u00f3 Esplac\",\"@id\":\"https:\\\/\\\/www.esplac.cat\\\/#\\\/schema\\\/person\\\/908383cf240be18b68f8855d0583faca\"},\"headline\":\"Dissenyem el proc\u00e9s assembleari cap a l\u2019AGO al Gran Comit\u00e8\",\"datePublished\":\"2016-05-10T09:28:42+00:00\",\"mainEntityOfPage\":{\"@id\":\"https:\\\/\\\/www.esplac.cat\\\/dissenyem-el-proces-assembleari-cap-a-lago-al-gran-comite\\\/\"},\"wordCount\":304,\"publisher\":{\"@id\":\"https:\\\/\\\/www.esplac.cat\\\/#organization\"},\"image\":{\"@id\":\"https:\\\/\\\/www.esplac.cat\\\/dissenyem-el-proces-assembleari-cap-a-lago-al-gran-comite\\\/#primaryimage\"},\"thumbnailUrl\":\"https:\\\/\\\/www.esplac.cat\\\/wp-content\\\/uploads\\\/2016\\\/05\\\/20160510_cronica-GC-maig16.jpg\",\"keywords\":[\"#MonisImparables\",\"AGO\",\"assemblearisme\",\"gran comite\",\"Mas Baget\",\"participaci\u00f3\"],\"articleSection\":[\"Activitats esplac\",\"Sense categoria\"],\"inLanguage\":\"en-US\"},{\"@type\":\"WebPage\",\"@id\":\"https:\\\/\\\/www.esplac.cat\\\/dissenyem-el-proces-assembleari-cap-a-lago-al-gran-comite\\\/\",\"url\":\"https:\\\/\\\/www.esplac.cat\\\/dissenyem-el-proces-assembleari-cap-a-lago-al-gran-comite\\\/\",\"name\":\"Dissenyem el proc\u00e9s assembleari cap a l\u2019AGO al Gran Comit\u00e8 - Esplac\",\"isPartOf\":{\"@id\":\"https:\\\/\\\/www.esplac.cat\\\/#website\"},\"primaryImageOfPage\":{\"@id\":\"https:\\\/\\\/www.esplac.cat\\\/dissenyem-el-proces-assembleari-cap-a-lago-al-gran-comite\\\/#primaryimage\"},\"image\":{\"@id\":\"https:\\\/\\\/www.esplac.cat\\\/dissenyem-el-proces-assembleari-cap-a-lago-al-gran-comite\\\/#primaryimage\"},\"thumbnailUrl\":\"https:\\\/\\\/www.esplac.cat\\\/wp-content\\\/uploads\\\/2016\\\/05\\\/20160510_cronica-GC-maig16.jpg\",\"datePublished\":\"2016-05-10T09:28:42+00:00\",\"breadcrumb\":{\"@id\":\"https:\\\/\\\/www.esplac.cat\\\/dissenyem-el-proces-assembleari-cap-a-lago-al-gran-comite\\\/#breadcrumb\"},\"inLanguage\":\"en-US\",\"potentialAction\":[{\"@type\":\"ReadAction\",\"target\":[\"https:\\\/\\\/www.esplac.cat\\\/dissenyem-el-proces-assembleari-cap-a-lago-al-gran-comite\\\/\"]}]},{\"@type\":\"ImageObject\",\"inLanguage\":\"en-US\",\"@id\":\"https:\\\/\\\/www.esplac.cat\\\/dissenyem-el-proces-assembleari-cap-a-lago-al-gran-comite\\\/#primaryimage\",\"url\":\"https:\\\/\\\/www.esplac.cat\\\/wp-content\\\/uploads\\\/2016\\\/05\\\/20160510_cronica-GC-maig16.jpg\",\"contentUrl\":\"https:\\\/\\\/www.esplac.cat\\\/wp-content\\\/uploads\\\/2016\\\/05\\\/20160510_cronica-GC-maig16.jpg\",\"width\":847,\"height\":351},{\"@type\":\"BreadcrumbList\",\"@id\":\"https:\\\/\\\/www.esplac.cat\\\/dissenyem-el-proces-assembleari-cap-a-lago-al-gran-comite\\\/#breadcrumb\",\"itemListElement\":[{\"@type\":\"ListItem\",\"position\":1,\"name\":\"Inici\",\"item\":\"https:\\\/\\\/www.esplac.cat\\\/en\\\/\"},{\"@type\":\"ListItem\",\"position\":2,\"name\":\"Dissenyem el proc\u00e9s assembleari cap a l\u2019AGO al Gran Comit\u00e8\"}]},{\"@type\":\"WebSite\",\"@id\":\"https:\\\/\\\/www.esplac.cat\\\/#website\",\"url\":\"https:\\\/\\\/www.esplac.cat\\\/\",\"name\":\"Esplac\",\"description\":\"Esplais Catalans\",\"publisher\":{\"@id\":\"https:\\\/\\\/www.esplac.cat\\\/#organization\"},\"potentialAction\":[{\"@type\":\"SearchAction\",\"target\":{\"@type\":\"EntryPoint\",\"urlTemplate\":\"https:\\\/\\\/www.esplac.cat\\\/?s={search_term_string}\"},\"query-input\":{\"@type\":\"PropertyValueSpecification\",\"valueRequired\":true,\"valueName\":\"search_term_string\"}}],\"inLanguage\":\"en-US\"},{\"@type\":\"Organization\",\"@id\":\"https:\\\/\\\/www.esplac.cat\\\/#organization\",\"name\":\"Esplac\",\"url\":\"https:\\\/\\\/www.esplac.cat\\\/\",\"logo\":{\"@type\":\"ImageObject\",\"inLanguage\":\"en-US\",\"@id\":\"https:\\\/\\\/www.esplac.cat\\\/#\\\/schema\\\/logo\\\/image\\\/\",\"url\":\"https:\\\/\\\/www.esplac.cat\\\/wp-content\\\/uploads\\\/2019\\\/08\\\/logox2.png\",\"contentUrl\":\"https:\\\/\\\/www.esplac.cat\\\/wp-content\\\/uploads\\\/2019\\\/08\\\/logox2.png\",\"width\":600,\"height\":295,\"caption\":\"Esplac\"},\"image\":{\"@id\":\"https:\\\/\\\/www.esplac.cat\\\/#\\\/schema\\\/logo\\\/image\\\/\"}},{\"@type\":\"Person\",\"@id\":\"https:\\\/\\\/www.esplac.cat\\\/#\\\/schema\\\/person\\\/908383cf240be18b68f8855d0583faca\",\"name\":\"Comunicaci\u00f3 Esplac\",\"image\":{\"@type\":\"ImageObject\",\"inLanguage\":\"en-US\",\"@id\":\"https:\\\/\\\/secure.gravatar.com\\\/avatar\\\/7a4cf8feb412a76ea4a740ca02d95b06b2907b5a6c648c2dd0a1082a093c3141?s=96&d=mm&r=g\",\"url\":\"https:\\\/\\\/secure.gravatar.com\\\/avatar\\\/7a4cf8feb412a76ea4a740ca02d95b06b2907b5a6c648c2dd0a1082a093c3141?s=96&d=mm&r=g\",\"contentUrl\":\"https:\\\/\\\/secure.gravatar.com\\\/avatar\\\/7a4cf8feb412a76ea4a740ca02d95b06b2907b5a6c648c2dd0a1082a093c3141?s=96&d=mm&r=g\",\"caption\":\"Comunicaci\u00f3 Esplac\"}}]}<\/script>\n<!-- \/ Yoast SEO plugin. -->","yoast_head_json":{"title":"Dissenyem el proc\u00e9s assembleari cap a l\u2019AGO al Gran Comit\u00e8 - Esplac","robots":{"index":"index","follow":"follow","max-snippet":"max-snippet:-1","max-image-preview":"max-image-preview:large","max-video-preview":"max-video-preview:-1"},"canonical":"https:\/\/www.esplac.cat\/dissenyem-el-proces-assembleari-cap-a-lago-al-gran-comite\/","og_locale":"en_US","og_type":"article","og_title":"Dissenyem el proc\u00e9s assembleari cap a l\u2019AGO al Gran Comit\u00e8 - Esplac","og_description":"Els i les\u00a0dirigents d\u2019Esplais Catalans s&#8217;han reunit aquest cap de [&hellip;]","og_url":"https:\/\/www.esplac.cat\/dissenyem-el-proces-assembleari-cap-a-lago-al-gran-comite\/","og_site_name":"Esplac","article_published_time":"2016-05-10T09:28:42+00:00","og_image":[{"width":847,"height":351,"url":"https:\/\/www.esplac.cat\/wp-content\/uploads\/2016\/05\/20160510_cronica-GC-maig16.jpg","type":"image\/jpeg"}],"author":"Comunicaci\u00f3 Esplac","twitter_card":"summary_large_image","twitter_misc":{"Written by":"Comunicaci\u00f3 Esplac","Est. reading time":"1 minute"},"schema":{"@context":"https:\/\/schema.org","@graph":[{"@type":"Article","@id":"https:\/\/www.esplac.cat\/dissenyem-el-proces-assembleari-cap-a-lago-al-gran-comite\/#article","isPartOf":{"@id":"https:\/\/www.esplac.cat\/dissenyem-el-proces-assembleari-cap-a-lago-al-gran-comite\/"},"author":{"name":"Comunicaci\u00f3 Esplac","@id":"https:\/\/www.esplac.cat\/#\/schema\/person\/908383cf240be18b68f8855d0583faca"},"headline":"Dissenyem el proc\u00e9s assembleari cap a l\u2019AGO al Gran Comit\u00e8","datePublished":"2016-05-10T09:28:42+00:00","mainEntityOfPage":{"@id":"https:\/\/www.esplac.cat\/dissenyem-el-proces-assembleari-cap-a-lago-al-gran-comite\/"},"wordCount":304,"publisher":{"@id":"https:\/\/www.esplac.cat\/#organization"},"image":{"@id":"https:\/\/www.esplac.cat\/dissenyem-el-proces-assembleari-cap-a-lago-al-gran-comite\/#primaryimage"},"thumbnailUrl":"https:\/\/www.esplac.cat\/wp-content\/uploads\/2016\/05\/20160510_cronica-GC-maig16.jpg","keywords":["#MonisImparables","AGO","assemblearisme","gran comite","Mas Baget","participaci\u00f3"],"articleSection":["Activitats esplac","Sense categoria"],"inLanguage":"en-US"},{"@type":"WebPage","@id":"https:\/\/www.esplac.cat\/dissenyem-el-proces-assembleari-cap-a-lago-al-gran-comite\/","url":"https:\/\/www.esplac.cat\/dissenyem-el-proces-assembleari-cap-a-lago-al-gran-comite\/","name":"Dissenyem el proc\u00e9s assembleari cap a l\u2019AGO al Gran Comit\u00e8 - Esplac","isPartOf":{"@id":"https:\/\/www.esplac.cat\/#website"},"primaryImageOfPage":{"@id":"https:\/\/www.esplac.cat\/dissenyem-el-proces-assembleari-cap-a-lago-al-gran-comite\/#primaryimage"},"image":{"@id":"https:\/\/www.esplac.cat\/dissenyem-el-proces-assembleari-cap-a-lago-al-gran-comite\/#primaryimage"},"thumbnailUrl":"https:\/\/www.esplac.cat\/wp-content\/uploads\/2016\/05\/20160510_cronica-GC-maig16.jpg","datePublished":"2016-05-10T09:28:42+00:00","breadcrumb":{"@id":"https:\/\/www.esplac.cat\/dissenyem-el-proces-assembleari-cap-a-lago-al-gran-comite\/#breadcrumb"},"inLanguage":"en-US","potentialAction":[{"@type":"ReadAction","target":["https:\/\/www.esplac.cat\/dissenyem-el-proces-assembleari-cap-a-lago-al-gran-comite\/"]}]},{"@type":"ImageObject","inLanguage":"en-US","@id":"https:\/\/www.esplac.cat\/dissenyem-el-proces-assembleari-cap-a-lago-al-gran-comite\/#primaryimage","url":"https:\/\/www.esplac.cat\/wp-content\/uploads\/2016\/05\/20160510_cronica-GC-maig16.jpg","contentUrl":"https:\/\/www.esplac.cat\/wp-content\/uploads\/2016\/05\/20160510_cronica-GC-maig16.jpg","width":847,"height":351},{"@type":"BreadcrumbList","@id":"https:\/\/www.esplac.cat\/dissenyem-el-proces-assembleari-cap-a-lago-al-gran-comite\/#breadcrumb","itemListElement":[{"@type":"ListItem","position":1,"name":"Inici","item":"https:\/\/www.esplac.cat\/en\/"},{"@type":"ListItem","position":2,"name":"Dissenyem el proc\u00e9s assembleari cap a l\u2019AGO al Gran Comit\u00e8"}]},{"@type":"WebSite","@id":"https:\/\/www.esplac.cat\/#website","url":"https:\/\/www.esplac.cat\/","name":"Esplac","description":"Esplais Catalans","publisher":{"@id":"https:\/\/www.esplac.cat\/#organization"},"potentialAction":[{"@type":"SearchAction","target":{"@type":"EntryPoint","urlTemplate":"https:\/\/www.esplac.cat\/?s={search_term_string}"},"query-input":{"@type":"PropertyValueSpecification","valueRequired":true,"valueName":"search_term_string"}}],"inLanguage":"en-US"},{"@type":"Organization","@id":"https:\/\/www.esplac.cat\/#organization","name":"Esplac","url":"https:\/\/www.esplac.cat\/","logo":{"@type":"ImageObject","inLanguage":"en-US","@id":"https:\/\/www.esplac.cat\/#\/schema\/logo\/image\/","url":"https:\/\/www.esplac.cat\/wp-content\/uploads\/2019\/08\/logox2.png","contentUrl":"https:\/\/www.esplac.cat\/wp-content\/uploads\/2019\/08\/logox2.png","width":600,"height":295,"caption":"Esplac"},"image":{"@id":"https:\/\/www.esplac.cat\/#\/schema\/logo\/image\/"}},{"@type":"Person","@id":"https:\/\/www.esplac.cat\/#\/schema\/person\/908383cf240be18b68f8855d0583faca","name":"Comunicaci\u00f3 Esplac","image":{"@type":"ImageObject","inLanguage":"en-US","@id":"https:\/\/secure.gravatar.com\/avatar\/7a4cf8feb412a76ea4a740ca02d95b06b2907b5a6c648c2dd0a1082a093c3141?s=96&d=mm&r=g","url":"https:\/\/secure.gravatar.com\/avatar\/7a4cf8feb412a76ea4a740ca02d95b06b2907b5a6c648c2dd0a1082a093c3141?s=96&d=mm&r=g","contentUrl":"https:\/\/secure.gravatar.com\/avatar\/7a4cf8feb412a76ea4a740ca02d95b06b2907b5a6c648c2dd0a1082a093c3141?s=96&d=mm&r=g","caption":"Comunicaci\u00f3 Esplac"}}]}},"_links":{"self":[{"href":"https:\/\/www.esplac.cat\/en\/wp-json\/wp\/v2\/posts\/25240","targetHints":{"allow":["GET"]}}],"collection":[{"href":"https:\/\/www.esplac.cat\/en\/wp-json\/wp\/v2\/posts"}],"about":[{"href":"https:\/\/www.esplac.cat\/en\/wp-json\/wp\/v2\/types\/post"}],"author":[{"embeddable":true,"href":"https:\/\/www.esplac.cat\/en\/wp-json\/wp\/v2\/users\/3"}],"replies":[{"embeddable":true,"href":"https:\/\/www.esplac.cat\/en\/wp-json\/wp\/v2\/comments?post=25240"}],"version-history":[{"count":0,"href":"https:\/\/www.esplac.cat\/en\/wp-json\/wp\/v2\/posts\/25240\/revisions"}],"wp:featuredmedia":[{"embeddable":true,"href":"https:\/\/www.esplac.cat\/en\/wp-json\/wp\/v2\/media\/25241"}],"wp:attachment":[{"href":"https:\/\/www.esplac.cat\/en\/wp-json\/wp\/v2\/media?parent=25240"}],"wp:term":[{"taxonomy":"category","embeddable":true,"href":"https:\/\/www.esplac.cat\/en\/wp-json\/wp\/v2\/categories?post=25240"},{"taxonomy":"post_tag","embeddable":true,"href":"https:\/\/www.esplac.cat\/en\/wp-json\/wp\/v2\/tags?post=25240"}],"curies":[{"name":"wp","href":"https:\/\/api.w.org\/{rel}","templated":true}]}}