{"id":25242,"date":"2016-05-05T11:23:55","date_gmt":"2016-05-05T09:23:55","guid":{"rendered":"http:\/\/esplac.cat\/?p=10565"},"modified":"2016-05-05T11:23:55","modified_gmt":"2016-05-05T09:23:55","slug":"el-localitzat-2016-sapropa","status":"publish","type":"post","link":"https:\/\/www.esplac.cat\/en\/el-localitzat-2016-sapropa\/","title":{"rendered":"El Localitza\u2019t 2016 s\u2019apropa!"},"content":{"rendered":"<h4 style=\"text-align: justify;\">El 21 de maig el sector Barcelona celebra el dia D, el dia del Localitza\u2019t, per reivindicar locals dignes per esplais i caus a la ciutat<\/h4>\n<p style=\"text-align: justify;\">L\u2019objectiu del projecte Localitza\u2019t \u00e9s donar suport als esplais que no tenen un local digne, entenent aix\u00f2 com entitats sense local o obligades a pagar lloguers elevats. Tamb\u00e9 t\u00e9 el prop\u00f2sit de donar visibilitat a la tasca dels esplais, aconseguint el reconeixement social d\u2019aquestes entitats d\u2019educaci\u00f3 no formal.<\/p>\n<p style=\"text-align: justify;\">Actualment, el projecte treballa a partir d\u2019una comissi\u00f3 formada per membres de diversos esplais de Barcelona.<\/p>\n<p style=\"text-align: justify;\">Enguany,a programaci\u00f3 del dia del Localitza\u2019t ser\u00e0 la seg\u00fcent:<\/p>\n<p style=\"padding-left: 30px; text-align: justify;\"><strong>13:30h:<\/strong> quedem per dinar a la Glorieta de la transsexual S\u00f2nia (parc de la Cuitadella).<br \/>\n<strong>15:30h:<\/strong> per grups d&#8217;edat, podrem participar d&#8217;activitats per treballar el tema de local i \u00fas d&#8217;espai p\u00fablic. Per a joves i fam\u00edlies, hi haur\u00e0 un debat sobre la tem\u00e0tica!<br \/>\n<strong>17:30h:<\/strong> lectura del Manifest davant el Parlament i manifestaci\u00f3 fins Arc de Triomf<br \/>\n<strong>18:00h:<\/strong> acci\u00f3 final davant Arc de triomf<\/p>\n<p style=\"text-align: justify;\">Aquells esplais de Barcelona que vinguin, ja podeu indicar els infants, joves, monis i fam\u00edlies que participaran aquest dia de les activitats<a href=\"http:\/\/esplac.cat\/esplacnet\/login\/index.php\" target=\"_blank\" rel=\"noopener noreferrer\"><strong> a trav\u00e9s de l&#8217;EsplacNet<\/strong><\/a>.<\/p>\n<p style=\"text-align: justify;\">A partir d\u2019avui, us convidem a fer servir els hastags <strong>#localitzat<\/strong> i<strong> #diaD<\/strong> a trav\u00e9s de les xarxes socials per donar suport, que ensenyeu els vostres locals indignes, compartim el cartell de la jornada i promovem la participaci\u00f3 de l\u2019esplai f\u00edsicament o virtualment al Localitza\u2019t!<\/p>\n<p style=\"text-align: justify;\"><a href=\"http:\/\/esplac.cat\/wp-content\/uploads\/2016\/05\/20160505_localitzat1.jpg\"><img decoding=\"async\" class=\"size-large wp-image-10644 aligncenter\" src=\"http:\/\/esplac.cat\/wp-content\/uploads\/2016\/05\/20160505_localitzat1-718x1024.jpg\" alt=\"20160505_localitzat1\" width=\"718\" height=\"1024\" \/><\/a><\/p>\n","protected":false},"excerpt":{"rendered":"<p>El 21 de maig el sector Barcelona celebra el dia [&hellip;]<\/p>\n","protected":false},"author":3,"featured_media":25244,"comment_status":"closed","ping_status":"open","sticky":false,"template":"","format":"standard","meta":{"om_disable_all_campaigns":false,"_monsterinsights_skip_tracking":false,"_monsterinsights_sitenote_active":false,"_monsterinsights_sitenote_note":"","_monsterinsights_sitenote_category":0,"_uf_show_specific_survey":0,"_uf_disable_surveys":false,"footnotes":""},"categories":[1119,1110,1128,1],"tags":[710,711,208,615,170,609,119],"class_list":["post-25242","post","type-post","status-publish","format-standard","has-post-thumbnail","hentry","category-activitats-comissions-grups-de-treball","category-activitats-sectors","category-sector-barcelona","category-sense-categoria","tag-arc-de-triomf","tag-dia-d","tag-localitzat","tag-locals","tag-manifest","tag-manifestacio","tag-sector-barcelona"],"yoast_head":"<!-- This site is optimized with the Yoast SEO plugin v27.5 - https:\/\/yoast.com\/product\/yoast-seo-wordpress\/ -->\n<title>El Localitza\u2019t 2016 s\u2019apropa! - Esplac<\/title>\n<meta name=\"robots\" content=\"index, follow, max-snippet:-1, max-image-preview:large, max-video-preview:-1\" \/>\n<link rel=\"canonical\" href=\"https:\/\/www.esplac.cat\/el-localitzat-2016-sapropa\/\" \/>\n<meta property=\"og:locale\" content=\"en_US\" \/>\n<meta property=\"og:type\" content=\"article\" \/>\n<meta property=\"og:title\" content=\"El Localitza\u2019t 2016 s\u2019apropa! - Esplac\" \/>\n<meta property=\"og:description\" content=\"El 21 de maig el sector Barcelona celebra el dia [&hellip;]\" \/>\n<meta property=\"og:url\" content=\"https:\/\/www.esplac.cat\/el-localitzat-2016-sapropa\/\" \/>\n<meta property=\"og:site_name\" content=\"Esplac\" \/>\n<meta property=\"article:published_time\" content=\"2016-05-05T09:23:55+00:00\" \/>\n<meta property=\"og:image\" content=\"https:\/\/www.esplac.cat\/wp-content\/uploads\/2016\/05\/20160505_Localitzat-coming-1.jpg\" \/>\n\t<meta property=\"og:image:width\" content=\"847\" \/>\n\t<meta property=\"og:image:height\" content=\"351\" \/>\n\t<meta property=\"og:image:type\" content=\"image\/jpeg\" \/>\n<meta name=\"author\" content=\"Comunicaci\u00f3 Esplac\" \/>\n<meta name=\"twitter:card\" content=\"summary_large_image\" \/>\n<meta name=\"twitter:label1\" content=\"Written by\" \/>\n\t<meta name=\"twitter:data1\" content=\"Comunicaci\u00f3 Esplac\" \/>\n\t<meta name=\"twitter:label2\" content=\"Est. reading time\" \/>\n\t<meta name=\"twitter:data2\" content=\"1 minute\" \/>\n<script type=\"application\/ld+json\" class=\"yoast-schema-graph\">{\"@context\":\"https:\\\/\\\/schema.org\",\"@graph\":[{\"@type\":\"Article\",\"@id\":\"https:\\\/\\\/www.esplac.cat\\\/el-localitzat-2016-sapropa\\\/#article\",\"isPartOf\":{\"@id\":\"https:\\\/\\\/www.esplac.cat\\\/el-localitzat-2016-sapropa\\\/\"},\"author\":{\"name\":\"Comunicaci\u00f3 Esplac\",\"@id\":\"https:\\\/\\\/www.esplac.cat\\\/#\\\/schema\\\/person\\\/908383cf240be18b68f8855d0583faca\"},\"headline\":\"El Localitza\u2019t 2016 s\u2019apropa!\",\"datePublished\":\"2016-05-05T09:23:55+00:00\",\"mainEntityOfPage\":{\"@id\":\"https:\\\/\\\/www.esplac.cat\\\/el-localitzat-2016-sapropa\\\/\"},\"wordCount\":263,\"publisher\":{\"@id\":\"https:\\\/\\\/www.esplac.cat\\\/#organization\"},\"image\":{\"@id\":\"https:\\\/\\\/www.esplac.cat\\\/el-localitzat-2016-sapropa\\\/#primaryimage\"},\"thumbnailUrl\":\"https:\\\/\\\/www.esplac.cat\\\/wp-content\\\/uploads\\\/2016\\\/05\\\/20160505_Localitzat-coming-1.jpg\",\"keywords\":[\"Arc de Triomf\",\"dia D\",\"localitza't\",\"locals\",\"manifest\",\"manifestaci\u00f3\",\"sector Barcelona\"],\"articleSection\":[\"Activitats comissions i grups de treball\",\"Activitats sectors\",\"Sector Barcelona\",\"Sense categoria\"],\"inLanguage\":\"en-US\"},{\"@type\":\"WebPage\",\"@id\":\"https:\\\/\\\/www.esplac.cat\\\/el-localitzat-2016-sapropa\\\/\",\"url\":\"https:\\\/\\\/www.esplac.cat\\\/el-localitzat-2016-sapropa\\\/\",\"name\":\"El Localitza\u2019t 2016 s\u2019apropa! - Esplac\",\"isPartOf\":{\"@id\":\"https:\\\/\\\/www.esplac.cat\\\/#website\"},\"primaryImageOfPage\":{\"@id\":\"https:\\\/\\\/www.esplac.cat\\\/el-localitzat-2016-sapropa\\\/#primaryimage\"},\"image\":{\"@id\":\"https:\\\/\\\/www.esplac.cat\\\/el-localitzat-2016-sapropa\\\/#primaryimage\"},\"thumbnailUrl\":\"https:\\\/\\\/www.esplac.cat\\\/wp-content\\\/uploads\\\/2016\\\/05\\\/20160505_Localitzat-coming-1.jpg\",\"datePublished\":\"2016-05-05T09:23:55+00:00\",\"breadcrumb\":{\"@id\":\"https:\\\/\\\/www.esplac.cat\\\/el-localitzat-2016-sapropa\\\/#breadcrumb\"},\"inLanguage\":\"en-US\",\"potentialAction\":[{\"@type\":\"ReadAction\",\"target\":[\"https:\\\/\\\/www.esplac.cat\\\/el-localitzat-2016-sapropa\\\/\"]}]},{\"@type\":\"ImageObject\",\"inLanguage\":\"en-US\",\"@id\":\"https:\\\/\\\/www.esplac.cat\\\/el-localitzat-2016-sapropa\\\/#primaryimage\",\"url\":\"https:\\\/\\\/www.esplac.cat\\\/wp-content\\\/uploads\\\/2016\\\/05\\\/20160505_Localitzat-coming-1.jpg\",\"contentUrl\":\"https:\\\/\\\/www.esplac.cat\\\/wp-content\\\/uploads\\\/2016\\\/05\\\/20160505_Localitzat-coming-1.jpg\",\"width\":847,\"height\":351},{\"@type\":\"BreadcrumbList\",\"@id\":\"https:\\\/\\\/www.esplac.cat\\\/el-localitzat-2016-sapropa\\\/#breadcrumb\",\"itemListElement\":[{\"@type\":\"ListItem\",\"position\":1,\"name\":\"Inici\",\"item\":\"https:\\\/\\\/www.esplac.cat\\\/en\\\/\"},{\"@type\":\"ListItem\",\"position\":2,\"name\":\"El Localitza\u2019t 2016 s\u2019apropa!\"}]},{\"@type\":\"WebSite\",\"@id\":\"https:\\\/\\\/www.esplac.cat\\\/#website\",\"url\":\"https:\\\/\\\/www.esplac.cat\\\/\",\"name\":\"Esplac\",\"description\":\"Esplais Catalans\",\"publisher\":{\"@id\":\"https:\\\/\\\/www.esplac.cat\\\/#organization\"},\"potentialAction\":[{\"@type\":\"SearchAction\",\"target\":{\"@type\":\"EntryPoint\",\"urlTemplate\":\"https:\\\/\\\/www.esplac.cat\\\/?s={search_term_string}\"},\"query-input\":{\"@type\":\"PropertyValueSpecification\",\"valueRequired\":true,\"valueName\":\"search_term_string\"}}],\"inLanguage\":\"en-US\"},{\"@type\":\"Organization\",\"@id\":\"https:\\\/\\\/www.esplac.cat\\\/#organization\",\"name\":\"Esplac\",\"url\":\"https:\\\/\\\/www.esplac.cat\\\/\",\"logo\":{\"@type\":\"ImageObject\",\"inLanguage\":\"en-US\",\"@id\":\"https:\\\/\\\/www.esplac.cat\\\/#\\\/schema\\\/logo\\\/image\\\/\",\"url\":\"https:\\\/\\\/www.esplac.cat\\\/wp-content\\\/uploads\\\/2019\\\/08\\\/logox2.png\",\"contentUrl\":\"https:\\\/\\\/www.esplac.cat\\\/wp-content\\\/uploads\\\/2019\\\/08\\\/logox2.png\",\"width\":600,\"height\":295,\"caption\":\"Esplac\"},\"image\":{\"@id\":\"https:\\\/\\\/www.esplac.cat\\\/#\\\/schema\\\/logo\\\/image\\\/\"}},{\"@type\":\"Person\",\"@id\":\"https:\\\/\\\/www.esplac.cat\\\/#\\\/schema\\\/person\\\/908383cf240be18b68f8855d0583faca\",\"name\":\"Comunicaci\u00f3 Esplac\",\"image\":{\"@type\":\"ImageObject\",\"inLanguage\":\"en-US\",\"@id\":\"https:\\\/\\\/secure.gravatar.com\\\/avatar\\\/7a4cf8feb412a76ea4a740ca02d95b06b2907b5a6c648c2dd0a1082a093c3141?s=96&d=mm&r=g\",\"url\":\"https:\\\/\\\/secure.gravatar.com\\\/avatar\\\/7a4cf8feb412a76ea4a740ca02d95b06b2907b5a6c648c2dd0a1082a093c3141?s=96&d=mm&r=g\",\"contentUrl\":\"https:\\\/\\\/secure.gravatar.com\\\/avatar\\\/7a4cf8feb412a76ea4a740ca02d95b06b2907b5a6c648c2dd0a1082a093c3141?s=96&d=mm&r=g\",\"caption\":\"Comunicaci\u00f3 Esplac\"}}]}<\/script>\n<!-- \/ Yoast SEO plugin. -->","yoast_head_json":{"title":"El Localitza\u2019t 2016 s\u2019apropa! - Esplac","robots":{"index":"index","follow":"follow","max-snippet":"max-snippet:-1","max-image-preview":"max-image-preview:large","max-video-preview":"max-video-preview:-1"},"canonical":"https:\/\/www.esplac.cat\/el-localitzat-2016-sapropa\/","og_locale":"en_US","og_type":"article","og_title":"El Localitza\u2019t 2016 s\u2019apropa! - Esplac","og_description":"El 21 de maig el sector Barcelona celebra el dia [&hellip;]","og_url":"https:\/\/www.esplac.cat\/el-localitzat-2016-sapropa\/","og_site_name":"Esplac","article_published_time":"2016-05-05T09:23:55+00:00","og_image":[{"width":847,"height":351,"url":"https:\/\/www.esplac.cat\/wp-content\/uploads\/2016\/05\/20160505_Localitzat-coming-1.jpg","type":"image\/jpeg"}],"author":"Comunicaci\u00f3 Esplac","twitter_card":"summary_large_image","twitter_misc":{"Written by":"Comunicaci\u00f3 Esplac","Est. reading time":"1 minute"},"schema":{"@context":"https:\/\/schema.org","@graph":[{"@type":"Article","@id":"https:\/\/www.esplac.cat\/el-localitzat-2016-sapropa\/#article","isPartOf":{"@id":"https:\/\/www.esplac.cat\/el-localitzat-2016-sapropa\/"},"author":{"name":"Comunicaci\u00f3 Esplac","@id":"https:\/\/www.esplac.cat\/#\/schema\/person\/908383cf240be18b68f8855d0583faca"},"headline":"El Localitza\u2019t 2016 s\u2019apropa!","datePublished":"2016-05-05T09:23:55+00:00","mainEntityOfPage":{"@id":"https:\/\/www.esplac.cat\/el-localitzat-2016-sapropa\/"},"wordCount":263,"publisher":{"@id":"https:\/\/www.esplac.cat\/#organization"},"image":{"@id":"https:\/\/www.esplac.cat\/el-localitzat-2016-sapropa\/#primaryimage"},"thumbnailUrl":"https:\/\/www.esplac.cat\/wp-content\/uploads\/2016\/05\/20160505_Localitzat-coming-1.jpg","keywords":["Arc de Triomf","dia D","localitza't","locals","manifest","manifestaci\u00f3","sector Barcelona"],"articleSection":["Activitats comissions i grups de treball","Activitats sectors","Sector Barcelona","Sense categoria"],"inLanguage":"en-US"},{"@type":"WebPage","@id":"https:\/\/www.esplac.cat\/el-localitzat-2016-sapropa\/","url":"https:\/\/www.esplac.cat\/el-localitzat-2016-sapropa\/","name":"El Localitza\u2019t 2016 s\u2019apropa! - Esplac","isPartOf":{"@id":"https:\/\/www.esplac.cat\/#website"},"primaryImageOfPage":{"@id":"https:\/\/www.esplac.cat\/el-localitzat-2016-sapropa\/#primaryimage"},"image":{"@id":"https:\/\/www.esplac.cat\/el-localitzat-2016-sapropa\/#primaryimage"},"thumbnailUrl":"https:\/\/www.esplac.cat\/wp-content\/uploads\/2016\/05\/20160505_Localitzat-coming-1.jpg","datePublished":"2016-05-05T09:23:55+00:00","breadcrumb":{"@id":"https:\/\/www.esplac.cat\/el-localitzat-2016-sapropa\/#breadcrumb"},"inLanguage":"en-US","potentialAction":[{"@type":"ReadAction","target":["https:\/\/www.esplac.cat\/el-localitzat-2016-sapropa\/"]}]},{"@type":"ImageObject","inLanguage":"en-US","@id":"https:\/\/www.esplac.cat\/el-localitzat-2016-sapropa\/#primaryimage","url":"https:\/\/www.esplac.cat\/wp-content\/uploads\/2016\/05\/20160505_Localitzat-coming-1.jpg","contentUrl":"https:\/\/www.esplac.cat\/wp-content\/uploads\/2016\/05\/20160505_Localitzat-coming-1.jpg","width":847,"height":351},{"@type":"BreadcrumbList","@id":"https:\/\/www.esplac.cat\/el-localitzat-2016-sapropa\/#breadcrumb","itemListElement":[{"@type":"ListItem","position":1,"name":"Inici","item":"https:\/\/www.esplac.cat\/en\/"},{"@type":"ListItem","position":2,"name":"El Localitza\u2019t 2016 s\u2019apropa!"}]},{"@type":"WebSite","@id":"https:\/\/www.esplac.cat\/#website","url":"https:\/\/www.esplac.cat\/","name":"Esplac","description":"Esplais Catalans","publisher":{"@id":"https:\/\/www.esplac.cat\/#organization"},"potentialAction":[{"@type":"SearchAction","target":{"@type":"EntryPoint","urlTemplate":"https:\/\/www.esplac.cat\/?s={search_term_string}"},"query-input":{"@type":"PropertyValueSpecification","valueRequired":true,"valueName":"search_term_string"}}],"inLanguage":"en-US"},{"@type":"Organization","@id":"https:\/\/www.esplac.cat\/#organization","name":"Esplac","url":"https:\/\/www.esplac.cat\/","logo":{"@type":"ImageObject","inLanguage":"en-US","@id":"https:\/\/www.esplac.cat\/#\/schema\/logo\/image\/","url":"https:\/\/www.esplac.cat\/wp-content\/uploads\/2019\/08\/logox2.png","contentUrl":"https:\/\/www.esplac.cat\/wp-content\/uploads\/2019\/08\/logox2.png","width":600,"height":295,"caption":"Esplac"},"image":{"@id":"https:\/\/www.esplac.cat\/#\/schema\/logo\/image\/"}},{"@type":"Person","@id":"https:\/\/www.esplac.cat\/#\/schema\/person\/908383cf240be18b68f8855d0583faca","name":"Comunicaci\u00f3 Esplac","image":{"@type":"ImageObject","inLanguage":"en-US","@id":"https:\/\/secure.gravatar.com\/avatar\/7a4cf8feb412a76ea4a740ca02d95b06b2907b5a6c648c2dd0a1082a093c3141?s=96&d=mm&r=g","url":"https:\/\/secure.gravatar.com\/avatar\/7a4cf8feb412a76ea4a740ca02d95b06b2907b5a6c648c2dd0a1082a093c3141?s=96&d=mm&r=g","contentUrl":"https:\/\/secure.gravatar.com\/avatar\/7a4cf8feb412a76ea4a740ca02d95b06b2907b5a6c648c2dd0a1082a093c3141?s=96&d=mm&r=g","caption":"Comunicaci\u00f3 Esplac"}}]}},"_links":{"self":[{"href":"https:\/\/www.esplac.cat\/en\/wp-json\/wp\/v2\/posts\/25242","targetHints":{"allow":["GET"]}}],"collection":[{"href":"https:\/\/www.esplac.cat\/en\/wp-json\/wp\/v2\/posts"}],"about":[{"href":"https:\/\/www.esplac.cat\/en\/wp-json\/wp\/v2\/types\/post"}],"author":[{"embeddable":true,"href":"https:\/\/www.esplac.cat\/en\/wp-json\/wp\/v2\/users\/3"}],"replies":[{"embeddable":true,"href":"https:\/\/www.esplac.cat\/en\/wp-json\/wp\/v2\/comments?post=25242"}],"version-history":[{"count":0,"href":"https:\/\/www.esplac.cat\/en\/wp-json\/wp\/v2\/posts\/25242\/revisions"}],"wp:featuredmedia":[{"embeddable":true,"href":"https:\/\/www.esplac.cat\/en\/wp-json\/wp\/v2\/media\/25244"}],"wp:attachment":[{"href":"https:\/\/www.esplac.cat\/en\/wp-json\/wp\/v2\/media?parent=25242"}],"wp:term":[{"taxonomy":"category","embeddable":true,"href":"https:\/\/www.esplac.cat\/en\/wp-json\/wp\/v2\/categories?post=25242"},{"taxonomy":"post_tag","embeddable":true,"href":"https:\/\/www.esplac.cat\/en\/wp-json\/wp\/v2\/tags?post=25242"}],"curies":[{"name":"wp","href":"https:\/\/api.w.org\/{rel}","templated":true}]}}