{"id":25257,"date":"2016-04-26T11:19:27","date_gmt":"2016-04-26T09:19:27","guid":{"rendered":"http:\/\/esplac.cat\/?p=10485"},"modified":"2016-04-26T11:19:27","modified_gmt":"2016-04-26T09:19:27","slug":"el-tema-de-lescola-desplac-2017-a-votacio","status":"publish","type":"post","link":"https:\/\/www.esplac.cat\/en\/el-tema-de-lescola-desplac-2017-a-votacio\/","title":{"rendered":"El tema de l\u2019Escola d\u2019Esplac 2017, a votaci\u00f3!"},"content":{"rendered":"<h4>Des d\u2019avui fins el 25 de maig podeu votar a trav\u00e9s de l\u2019EsplacNet el tema que us agradaria tractar en la propera edici\u00f3 de l\u2019Escola d\u2019Esplac<\/h4>\n<p style=\"text-align: justify;\">Un cop publicades les <a href=\"http:\/\/esplac.cat\/repensem-la-participacio-conclusions-de-lescola-desplac-2016\/\" target=\"_blank\" rel=\"noopener noreferrer\"><strong>conclusions<\/strong> i <strong>el v\u00eddeo dels ponents<\/strong>\u00a0de l\u2019Escola d\u2019Esplac 2016 sobre participaci\u00f3 a l&#8217;esplai<\/a>, comencem a pensar en les properes ornades que se celebraran entre febrer i mar\u00e7 de 2017!<\/p>\n<p>Els temes proposats, i que podreu prioritzar entre l\u20191 i el 5 (sent 1 el tema m\u00e9s desitjat i 5 el que menys agrada), s\u00f3n:<\/p>\n<ul>\n<li>L\u2019educaci\u00f3 per a la salut<\/li>\n<li style=\"text-align: justify;\">La gesti\u00f3 de l\u2019equip de monis<\/li>\n<li style=\"text-align: justify;\">L\u2019educaci\u00f3 a trav\u00e9s de l\u2019art<\/li>\n<li style=\"text-align: justify;\">La diversitat a l\u2019esplai<\/li>\n<li style=\"text-align: justify;\">La pol\u00edtica a l\u2019esplai<\/li>\n<\/ul>\n<p style=\"text-align: justify;\">Podeu trobar m\u00e9s informaci\u00f3 sobre qu\u00e8 s\u2019inclou a cada tema a la <a href=\"http:\/\/esplac.cat\/esplacnet\/\" target=\"_blank\" rel=\"noopener noreferrer\"><strong>mateixa aplicaci\u00f3 de l\u2019EsplacNet<\/strong><\/a> i en podeu fer m\u00e9s propostes vosaltres mateixos.<\/p>\n<p style=\"text-align: justify;\">Els temes a votaci\u00f3 han sortit de les diverses valoracions de l\u2019Escola d\u2019Esplac 2016 fetes in situ, a trav\u00e9s del formulari i de les reunions de sector.\u00a0Aix\u00ed doncs, qu\u00e8 \u00e9s el que m\u00e9s us agradaria treballar el proper curs a Esplac? I compartir experi\u00e8ncies amb altres esplais i realitats associatives i educatives?<\/p>\n<h3 style=\"text-align: justify;\">Qu\u00e8 \u00e9s l\u2019Escola d\u2019Esplac?<\/h3>\n<p style=\"text-align: justify;\">S\u00f3n unes jornades formatives per a les monitores d\u2019Esplac i d\u2019altres persones vinculades al m\u00f3n de l\u2019educaci\u00f3 i l\u2019associacionisme on es potencia la reflexi\u00f3 pedag\u00f2gica, el replantejament del nostre projecte educatiu i l\u2019intercanvi d\u2019experi\u00e8ncies. \u00c9s un cap de setmana de formaci\u00f3 on fem taules rodones, xerrades, tallers, debats&#8230; \u00a0<a href=\"http:\/\/esplac.cat\/escola-esplac\/\" target=\"_blank\" rel=\"noopener noreferrer\"><strong>Pots veure informaci\u00f3 de les anteriors edicions a la p\u00e0gina de l&#8217;Escola d&#8217;Esplac dins del web.<\/strong><\/a><\/p>\n","protected":false},"excerpt":{"rendered":"<p>Des d\u2019avui fins el 25 de maig podeu votar a [&hellip;]<\/p>\n","protected":false},"author":3,"featured_media":25258,"comment_status":"closed","ping_status":"open","sticky":false,"template":"","format":"standard","meta":{"om_disable_all_campaigns":false,"_monsterinsights_skip_tracking":false,"_monsterinsights_sitenote_active":false,"_monsterinsights_sitenote_note":"","_monsterinsights_sitenote_category":0,"_uf_show_specific_survey":0,"_uf_disable_surveys":false,"footnotes":""},"categories":[1111,1131,1129,1],"tags":[705,138,92,706,557,54,421,707],"class_list":["post-25257","post","type-post","status-publish","format-standard","has-post-thumbnail","hentry","category-activitats-esplac","category-cursos-formacions","category-escola-desplac","category-sense-categoria","tag-escolaesplac17","tag-diversitat","tag-educacio","tag-escola-esplac-17","tag-esplacnet","tag-formacio","tag-jornades-de-formacio","tag-votacio"],"yoast_head":"<!-- This site is optimized with the Yoast SEO plugin v27.5 - https:\/\/yoast.com\/product\/yoast-seo-wordpress\/ -->\n<title>El tema de l\u2019Escola d\u2019Esplac 2017, a votaci\u00f3! - Esplac<\/title>\n<meta name=\"robots\" content=\"index, follow, max-snippet:-1, max-image-preview:large, max-video-preview:-1\" \/>\n<link rel=\"canonical\" href=\"https:\/\/www.esplac.cat\/el-tema-de-lescola-desplac-2017-a-votacio\/\" \/>\n<meta property=\"og:locale\" content=\"en_US\" \/>\n<meta property=\"og:type\" content=\"article\" \/>\n<meta property=\"og:title\" content=\"El tema de l\u2019Escola d\u2019Esplac 2017, a votaci\u00f3! - Esplac\" \/>\n<meta property=\"og:description\" content=\"Des d\u2019avui fins el 25 de maig podeu votar a [&hellip;]\" \/>\n<meta property=\"og:url\" content=\"https:\/\/www.esplac.cat\/el-tema-de-lescola-desplac-2017-a-votacio\/\" \/>\n<meta property=\"og:site_name\" content=\"Esplac\" \/>\n<meta property=\"article:published_time\" content=\"2016-04-26T09:19:27+00:00\" \/>\n<meta property=\"og:image\" content=\"https:\/\/www.esplac.cat\/wp-content\/uploads\/2016\/04\/20160426_Votacio-tema-EE17.jpg\" \/>\n\t<meta property=\"og:image:width\" content=\"847\" \/>\n\t<meta property=\"og:image:height\" content=\"351\" \/>\n\t<meta property=\"og:image:type\" content=\"image\/jpeg\" \/>\n<meta name=\"author\" content=\"Comunicaci\u00f3 Esplac\" \/>\n<meta name=\"twitter:card\" content=\"summary_large_image\" \/>\n<meta name=\"twitter:label1\" content=\"Written by\" \/>\n\t<meta name=\"twitter:data1\" content=\"Comunicaci\u00f3 Esplac\" \/>\n\t<meta name=\"twitter:label2\" content=\"Est. reading time\" \/>\n\t<meta name=\"twitter:data2\" content=\"1 minute\" \/>\n<script type=\"application\/ld+json\" class=\"yoast-schema-graph\">{\"@context\":\"https:\\\/\\\/schema.org\",\"@graph\":[{\"@type\":\"Article\",\"@id\":\"https:\\\/\\\/www.esplac.cat\\\/el-tema-de-lescola-desplac-2017-a-votacio\\\/#article\",\"isPartOf\":{\"@id\":\"https:\\\/\\\/www.esplac.cat\\\/el-tema-de-lescola-desplac-2017-a-votacio\\\/\"},\"author\":{\"name\":\"Comunicaci\u00f3 Esplac\",\"@id\":\"https:\\\/\\\/www.esplac.cat\\\/#\\\/schema\\\/person\\\/908383cf240be18b68f8855d0583faca\"},\"headline\":\"El tema de l\u2019Escola d\u2019Esplac 2017, a votaci\u00f3!\",\"datePublished\":\"2016-04-26T09:19:27+00:00\",\"mainEntityOfPage\":{\"@id\":\"https:\\\/\\\/www.esplac.cat\\\/el-tema-de-lescola-desplac-2017-a-votacio\\\/\"},\"wordCount\":299,\"publisher\":{\"@id\":\"https:\\\/\\\/www.esplac.cat\\\/#organization\"},\"image\":{\"@id\":\"https:\\\/\\\/www.esplac.cat\\\/el-tema-de-lescola-desplac-2017-a-votacio\\\/#primaryimage\"},\"thumbnailUrl\":\"https:\\\/\\\/www.esplac.cat\\\/wp-content\\\/uploads\\\/2016\\\/04\\\/20160426_Votacio-tema-EE17.jpg\",\"keywords\":[\"#EscolaEsplac17\",\"diversitat\",\"educaci\u00f3\",\"Escola Esplac 17\",\"EsplacNet\",\"formaci\u00f3\",\"jornades de formaci\u00f3\",\"votaci\u00f3\"],\"articleSection\":[\"Activitats esplac\",\"Cursos i formacions\",\"Escola d'Esplac\",\"Sense categoria\"],\"inLanguage\":\"en-US\"},{\"@type\":\"WebPage\",\"@id\":\"https:\\\/\\\/www.esplac.cat\\\/el-tema-de-lescola-desplac-2017-a-votacio\\\/\",\"url\":\"https:\\\/\\\/www.esplac.cat\\\/el-tema-de-lescola-desplac-2017-a-votacio\\\/\",\"name\":\"El tema de l\u2019Escola d\u2019Esplac 2017, a votaci\u00f3! - Esplac\",\"isPartOf\":{\"@id\":\"https:\\\/\\\/www.esplac.cat\\\/#website\"},\"primaryImageOfPage\":{\"@id\":\"https:\\\/\\\/www.esplac.cat\\\/el-tema-de-lescola-desplac-2017-a-votacio\\\/#primaryimage\"},\"image\":{\"@id\":\"https:\\\/\\\/www.esplac.cat\\\/el-tema-de-lescola-desplac-2017-a-votacio\\\/#primaryimage\"},\"thumbnailUrl\":\"https:\\\/\\\/www.esplac.cat\\\/wp-content\\\/uploads\\\/2016\\\/04\\\/20160426_Votacio-tema-EE17.jpg\",\"datePublished\":\"2016-04-26T09:19:27+00:00\",\"breadcrumb\":{\"@id\":\"https:\\\/\\\/www.esplac.cat\\\/el-tema-de-lescola-desplac-2017-a-votacio\\\/#breadcrumb\"},\"inLanguage\":\"en-US\",\"potentialAction\":[{\"@type\":\"ReadAction\",\"target\":[\"https:\\\/\\\/www.esplac.cat\\\/el-tema-de-lescola-desplac-2017-a-votacio\\\/\"]}]},{\"@type\":\"ImageObject\",\"inLanguage\":\"en-US\",\"@id\":\"https:\\\/\\\/www.esplac.cat\\\/el-tema-de-lescola-desplac-2017-a-votacio\\\/#primaryimage\",\"url\":\"https:\\\/\\\/www.esplac.cat\\\/wp-content\\\/uploads\\\/2016\\\/04\\\/20160426_Votacio-tema-EE17.jpg\",\"contentUrl\":\"https:\\\/\\\/www.esplac.cat\\\/wp-content\\\/uploads\\\/2016\\\/04\\\/20160426_Votacio-tema-EE17.jpg\",\"width\":847,\"height\":351},{\"@type\":\"BreadcrumbList\",\"@id\":\"https:\\\/\\\/www.esplac.cat\\\/el-tema-de-lescola-desplac-2017-a-votacio\\\/#breadcrumb\",\"itemListElement\":[{\"@type\":\"ListItem\",\"position\":1,\"name\":\"Inici\",\"item\":\"https:\\\/\\\/www.esplac.cat\\\/en\\\/\"},{\"@type\":\"ListItem\",\"position\":2,\"name\":\"El tema de l\u2019Escola d\u2019Esplac 2017, a votaci\u00f3!\"}]},{\"@type\":\"WebSite\",\"@id\":\"https:\\\/\\\/www.esplac.cat\\\/#website\",\"url\":\"https:\\\/\\\/www.esplac.cat\\\/\",\"name\":\"Esplac\",\"description\":\"Esplais Catalans\",\"publisher\":{\"@id\":\"https:\\\/\\\/www.esplac.cat\\\/#organization\"},\"potentialAction\":[{\"@type\":\"SearchAction\",\"target\":{\"@type\":\"EntryPoint\",\"urlTemplate\":\"https:\\\/\\\/www.esplac.cat\\\/?s={search_term_string}\"},\"query-input\":{\"@type\":\"PropertyValueSpecification\",\"valueRequired\":true,\"valueName\":\"search_term_string\"}}],\"inLanguage\":\"en-US\"},{\"@type\":\"Organization\",\"@id\":\"https:\\\/\\\/www.esplac.cat\\\/#organization\",\"name\":\"Esplac\",\"url\":\"https:\\\/\\\/www.esplac.cat\\\/\",\"logo\":{\"@type\":\"ImageObject\",\"inLanguage\":\"en-US\",\"@id\":\"https:\\\/\\\/www.esplac.cat\\\/#\\\/schema\\\/logo\\\/image\\\/\",\"url\":\"https:\\\/\\\/www.esplac.cat\\\/wp-content\\\/uploads\\\/2019\\\/08\\\/logox2.png\",\"contentUrl\":\"https:\\\/\\\/www.esplac.cat\\\/wp-content\\\/uploads\\\/2019\\\/08\\\/logox2.png\",\"width\":600,\"height\":295,\"caption\":\"Esplac\"},\"image\":{\"@id\":\"https:\\\/\\\/www.esplac.cat\\\/#\\\/schema\\\/logo\\\/image\\\/\"}},{\"@type\":\"Person\",\"@id\":\"https:\\\/\\\/www.esplac.cat\\\/#\\\/schema\\\/person\\\/908383cf240be18b68f8855d0583faca\",\"name\":\"Comunicaci\u00f3 Esplac\",\"image\":{\"@type\":\"ImageObject\",\"inLanguage\":\"en-US\",\"@id\":\"https:\\\/\\\/secure.gravatar.com\\\/avatar\\\/7a4cf8feb412a76ea4a740ca02d95b06b2907b5a6c648c2dd0a1082a093c3141?s=96&d=mm&r=g\",\"url\":\"https:\\\/\\\/secure.gravatar.com\\\/avatar\\\/7a4cf8feb412a76ea4a740ca02d95b06b2907b5a6c648c2dd0a1082a093c3141?s=96&d=mm&r=g\",\"contentUrl\":\"https:\\\/\\\/secure.gravatar.com\\\/avatar\\\/7a4cf8feb412a76ea4a740ca02d95b06b2907b5a6c648c2dd0a1082a093c3141?s=96&d=mm&r=g\",\"caption\":\"Comunicaci\u00f3 Esplac\"}}]}<\/script>\n<!-- \/ Yoast SEO plugin. -->","yoast_head_json":{"title":"El tema de l\u2019Escola d\u2019Esplac 2017, a votaci\u00f3! - Esplac","robots":{"index":"index","follow":"follow","max-snippet":"max-snippet:-1","max-image-preview":"max-image-preview:large","max-video-preview":"max-video-preview:-1"},"canonical":"https:\/\/www.esplac.cat\/el-tema-de-lescola-desplac-2017-a-votacio\/","og_locale":"en_US","og_type":"article","og_title":"El tema de l\u2019Escola d\u2019Esplac 2017, a votaci\u00f3! - Esplac","og_description":"Des d\u2019avui fins el 25 de maig podeu votar a [&hellip;]","og_url":"https:\/\/www.esplac.cat\/el-tema-de-lescola-desplac-2017-a-votacio\/","og_site_name":"Esplac","article_published_time":"2016-04-26T09:19:27+00:00","og_image":[{"width":847,"height":351,"url":"https:\/\/www.esplac.cat\/wp-content\/uploads\/2016\/04\/20160426_Votacio-tema-EE17.jpg","type":"image\/jpeg"}],"author":"Comunicaci\u00f3 Esplac","twitter_card":"summary_large_image","twitter_misc":{"Written by":"Comunicaci\u00f3 Esplac","Est. reading time":"1 minute"},"schema":{"@context":"https:\/\/schema.org","@graph":[{"@type":"Article","@id":"https:\/\/www.esplac.cat\/el-tema-de-lescola-desplac-2017-a-votacio\/#article","isPartOf":{"@id":"https:\/\/www.esplac.cat\/el-tema-de-lescola-desplac-2017-a-votacio\/"},"author":{"name":"Comunicaci\u00f3 Esplac","@id":"https:\/\/www.esplac.cat\/#\/schema\/person\/908383cf240be18b68f8855d0583faca"},"headline":"El tema de l\u2019Escola d\u2019Esplac 2017, a votaci\u00f3!","datePublished":"2016-04-26T09:19:27+00:00","mainEntityOfPage":{"@id":"https:\/\/www.esplac.cat\/el-tema-de-lescola-desplac-2017-a-votacio\/"},"wordCount":299,"publisher":{"@id":"https:\/\/www.esplac.cat\/#organization"},"image":{"@id":"https:\/\/www.esplac.cat\/el-tema-de-lescola-desplac-2017-a-votacio\/#primaryimage"},"thumbnailUrl":"https:\/\/www.esplac.cat\/wp-content\/uploads\/2016\/04\/20160426_Votacio-tema-EE17.jpg","keywords":["#EscolaEsplac17","diversitat","educaci\u00f3","Escola Esplac 17","EsplacNet","formaci\u00f3","jornades de formaci\u00f3","votaci\u00f3"],"articleSection":["Activitats esplac","Cursos i formacions","Escola d'Esplac","Sense categoria"],"inLanguage":"en-US"},{"@type":"WebPage","@id":"https:\/\/www.esplac.cat\/el-tema-de-lescola-desplac-2017-a-votacio\/","url":"https:\/\/www.esplac.cat\/el-tema-de-lescola-desplac-2017-a-votacio\/","name":"El tema de l\u2019Escola d\u2019Esplac 2017, a votaci\u00f3! - Esplac","isPartOf":{"@id":"https:\/\/www.esplac.cat\/#website"},"primaryImageOfPage":{"@id":"https:\/\/www.esplac.cat\/el-tema-de-lescola-desplac-2017-a-votacio\/#primaryimage"},"image":{"@id":"https:\/\/www.esplac.cat\/el-tema-de-lescola-desplac-2017-a-votacio\/#primaryimage"},"thumbnailUrl":"https:\/\/www.esplac.cat\/wp-content\/uploads\/2016\/04\/20160426_Votacio-tema-EE17.jpg","datePublished":"2016-04-26T09:19:27+00:00","breadcrumb":{"@id":"https:\/\/www.esplac.cat\/el-tema-de-lescola-desplac-2017-a-votacio\/#breadcrumb"},"inLanguage":"en-US","potentialAction":[{"@type":"ReadAction","target":["https:\/\/www.esplac.cat\/el-tema-de-lescola-desplac-2017-a-votacio\/"]}]},{"@type":"ImageObject","inLanguage":"en-US","@id":"https:\/\/www.esplac.cat\/el-tema-de-lescola-desplac-2017-a-votacio\/#primaryimage","url":"https:\/\/www.esplac.cat\/wp-content\/uploads\/2016\/04\/20160426_Votacio-tema-EE17.jpg","contentUrl":"https:\/\/www.esplac.cat\/wp-content\/uploads\/2016\/04\/20160426_Votacio-tema-EE17.jpg","width":847,"height":351},{"@type":"BreadcrumbList","@id":"https:\/\/www.esplac.cat\/el-tema-de-lescola-desplac-2017-a-votacio\/#breadcrumb","itemListElement":[{"@type":"ListItem","position":1,"name":"Inici","item":"https:\/\/www.esplac.cat\/en\/"},{"@type":"ListItem","position":2,"name":"El tema de l\u2019Escola d\u2019Esplac 2017, a votaci\u00f3!"}]},{"@type":"WebSite","@id":"https:\/\/www.esplac.cat\/#website","url":"https:\/\/www.esplac.cat\/","name":"Esplac","description":"Esplais Catalans","publisher":{"@id":"https:\/\/www.esplac.cat\/#organization"},"potentialAction":[{"@type":"SearchAction","target":{"@type":"EntryPoint","urlTemplate":"https:\/\/www.esplac.cat\/?s={search_term_string}"},"query-input":{"@type":"PropertyValueSpecification","valueRequired":true,"valueName":"search_term_string"}}],"inLanguage":"en-US"},{"@type":"Organization","@id":"https:\/\/www.esplac.cat\/#organization","name":"Esplac","url":"https:\/\/www.esplac.cat\/","logo":{"@type":"ImageObject","inLanguage":"en-US","@id":"https:\/\/www.esplac.cat\/#\/schema\/logo\/image\/","url":"https:\/\/www.esplac.cat\/wp-content\/uploads\/2019\/08\/logox2.png","contentUrl":"https:\/\/www.esplac.cat\/wp-content\/uploads\/2019\/08\/logox2.png","width":600,"height":295,"caption":"Esplac"},"image":{"@id":"https:\/\/www.esplac.cat\/#\/schema\/logo\/image\/"}},{"@type":"Person","@id":"https:\/\/www.esplac.cat\/#\/schema\/person\/908383cf240be18b68f8855d0583faca","name":"Comunicaci\u00f3 Esplac","image":{"@type":"ImageObject","inLanguage":"en-US","@id":"https:\/\/secure.gravatar.com\/avatar\/7a4cf8feb412a76ea4a740ca02d95b06b2907b5a6c648c2dd0a1082a093c3141?s=96&d=mm&r=g","url":"https:\/\/secure.gravatar.com\/avatar\/7a4cf8feb412a76ea4a740ca02d95b06b2907b5a6c648c2dd0a1082a093c3141?s=96&d=mm&r=g","contentUrl":"https:\/\/secure.gravatar.com\/avatar\/7a4cf8feb412a76ea4a740ca02d95b06b2907b5a6c648c2dd0a1082a093c3141?s=96&d=mm&r=g","caption":"Comunicaci\u00f3 Esplac"}}]}},"_links":{"self":[{"href":"https:\/\/www.esplac.cat\/en\/wp-json\/wp\/v2\/posts\/25257","targetHints":{"allow":["GET"]}}],"collection":[{"href":"https:\/\/www.esplac.cat\/en\/wp-json\/wp\/v2\/posts"}],"about":[{"href":"https:\/\/www.esplac.cat\/en\/wp-json\/wp\/v2\/types\/post"}],"author":[{"embeddable":true,"href":"https:\/\/www.esplac.cat\/en\/wp-json\/wp\/v2\/users\/3"}],"replies":[{"embeddable":true,"href":"https:\/\/www.esplac.cat\/en\/wp-json\/wp\/v2\/comments?post=25257"}],"version-history":[{"count":0,"href":"https:\/\/www.esplac.cat\/en\/wp-json\/wp\/v2\/posts\/25257\/revisions"}],"wp:featuredmedia":[{"embeddable":true,"href":"https:\/\/www.esplac.cat\/en\/wp-json\/wp\/v2\/media\/25258"}],"wp:attachment":[{"href":"https:\/\/www.esplac.cat\/en\/wp-json\/wp\/v2\/media?parent=25257"}],"wp:term":[{"taxonomy":"category","embeddable":true,"href":"https:\/\/www.esplac.cat\/en\/wp-json\/wp\/v2\/categories?post=25257"},{"taxonomy":"post_tag","embeddable":true,"href":"https:\/\/www.esplac.cat\/en\/wp-json\/wp\/v2\/tags?post=25257"}],"curies":[{"name":"wp","href":"https:\/\/api.w.org\/{rel}","templated":true}]}}