{"id":25259,"date":"2016-04-26T10:42:50","date_gmt":"2016-04-26T08:42:50","guid":{"rendered":"http:\/\/esplac.cat\/?p=10479"},"modified":"2016-04-26T10:42:50","modified_gmt":"2016-04-26T08:42:50","slug":"la-trobada-jove-del-baix-llobregat-agrupa-mes-de-100-persones-de-7-esplais-del-sector","status":"publish","type":"post","link":"https:\/\/www.esplac.cat\/en\/la-trobada-jove-del-baix-llobregat-agrupa-mes-de-100-persones-de-7-esplais-del-sector\/","title":{"rendered":"La Trobada Jove del Baix Llobregat agrupa m\u00e9s de 100 persones de 7 esplais del sector"},"content":{"rendered":"<p style=\"text-align: justify;\">El passat 9 i 10 d&#8217;abril, a Molins de Rei, es va dur a terme la Trobada Jove del Sector Baix Llobregat. Hi van participar un total de 92 joves de 7 esplais d&#8217;aquesta comarca (<strong>Peti ki Peti<\/strong>, <strong>Greska<\/strong>, <strong>Ara Mateix<\/strong>, <strong>L\u2019Agrupa<\/strong>, <strong>Trapella<\/strong> i l\u2019<strong>Arc de Sant Mart\u00ed<\/strong> de Torrelles) acompanyats per 23 monitors i monitores i l\u2019EGS.<\/p>\n<p style=\"text-align: justify;\">Les activitats programades es van desenvolupar al nou espai juvenil i cultural Mariona i als seus voltants. La nit, per\u00f2, es va passar a l&#8217;escola Josep Maria Madorell.<br \/>\nEls objectius d&#8217;aquesta trobada eren principalment 5: fomentar el sentiment de pertinen\u00e7a al sector i la cohesi\u00f3 entre esplais, compartir i aprofitar la diversitat entre esplais, seguir formant als i les joves de forma din\u00e0mica a trav\u00e9s del joc, promoure la participaci\u00f3 i la implicaci\u00f3 dels esplais del sector en la comissi\u00f3 organitzadora de la trobada i finalment afavorir la participaci\u00f3 dels i les joves en aquesta.<\/p>\n<p style=\"text-align: justify;\">Les posteriors valoracions, tant dels i les joves com de l&#8217;equip de monis participants, certifiquen l&#8217;acompliment d&#8217;aquests. Aix\u00ed doncs, les valoracions tot i que sempre amb autocr\u00edtica per seguir millorant i reinventant-nos, s\u00f3n molt positives. En destaca especialment l\u2019esfor\u00e7 d\u2019oferir i crear activitats i tallers originals, diferents i adequats als interessos i les necessitats de les joves.<\/p>\n<p style=\"text-align: justify;\">Durant l trobada, es va crear un centre d\u2019inter\u00e8s que va englobar la majoria de les activitats: <strong>\u00abla m\u00e0fia\u00bb<\/strong>. Les joves van agrupar-se en fam\u00edlies de diferents &#8220;m\u00e0fies&#8221;\u00a0on van tenir l\u2019oportunitat d\u2019interaccionar en grups m\u00e9s redu\u00efts i poder con\u00e8ixer millor a la resta de joves dels altres esplais.<\/p>\n<p style=\"text-align: justify;\">A m\u00e9s, vam crear jocs transversals que van durar tota la trobada, com per exemple el joc dels \u00abzombies\u00bb. Dues persones van ser inicialment infectades pel virus zombie. El seu objectiu era infectar a la resta d&#8217;assistents a la trobada a trav\u00e9s d&#8217;una abra\u00e7ada que havia de durar com a m\u00ednim tres segons. Malauradament, ning\u00fa se&#8217;n va salvar.<\/p>\n<p style=\"text-align: justify;\">Aquesta no va ser l&#8217;\u00fanica activitat de la qual es va poder gaudir. Un seguit de tallers van ocupar la tarda de dissabte. Els joves podien escollir entre Rugby, Zumba, Teatre, tallers sobre Drogues i Sexe, Geocatching, Top Chof, Percussi\u00f3 corporal i Frikigames. Cal destacar la col\u00b7laboraci\u00f3 de l&#8217;equip sub 18 de la Santboiana i de l\u2019Erika, que agra\u00efm de forma forta i sincera.<\/p>\n<p style=\"text-align: justify;\">Amb aix\u00f2 arribava l&#8217;hora de sopar. Aquesta va ser rigorosament respectada per\u00f2 de seguida ens vam posar a treballar! Aix\u00f2 de tenir el cul quiet no va amb nosaltres.<\/p>\n<p style=\"text-align: justify;\">La foscor i el silenci de la nit van ser trencats amb un macrojoc, en el qual van participar els m\u00e9s joves del grup, mentre la resta preparava el que havia de ser l&#8217;acte nocturn per excel\u00b7l\u00e8ncia. El nou espai juvenil i cultural Mariona va viure una vetllada d&#8217;all\u00f2 m\u00e9s moguda i animada amb un concurs de DJ&#8217;s que va aplegar una competici\u00f3 molt renyida sobre qui aconseguia m\u00e9s mans al cel i m\u00e9s peus desenganxats del terra. Els m\u00e9s grans dels joves, en grups, ens van oferir tot el seu repertori de m\u00fasica i ritmes. Aix\u00ed doncs, la m\u00fasica va ser la protagonista i va acompanyar als nois i noies fins ben entrada la matinada. Simult\u00e0niament a la gresca i la disbauxa els joves tenien encomanada una missi\u00f3, i aquesta consistia en la superaci\u00f3 d&#8217;un seguit de proves divertid\u00edssimes que prometien un premi molt llaminer per als que fossin capa\u00e7os de superar-les!<\/p>\n","protected":false},"excerpt":{"rendered":"<p>El passat 9 i 10 d&#8217;abril, a Molins de Rei, [&hellip;]<\/p>\n","protected":false},"author":3,"featured_media":25260,"comment_status":"closed","ping_status":"open","sticky":false,"template":"","format":"standard","meta":{"om_disable_all_campaigns":false,"_monsterinsights_skip_tracking":false,"_monsterinsights_sitenote_active":false,"_monsterinsights_sitenote_note":"","_monsterinsights_sitenote_category":0,"_uf_show_specific_survey":0,"_uf_disable_surveys":false,"footnotes":""},"categories":[1110,1124],"tags":[616,426,704,25],"class_list":["post-25259","post","type-post","status-publish","format-standard","has-post-thumbnail","hentry","category-activitats-sectors","category-sector-baix-llobregat","tag-baix-llobregat","tag-joc","tag-molins-de-rei","tag-trobada-de-joves"],"yoast_head":"<!-- This site is optimized with the Yoast SEO plugin v27.4 - https:\/\/yoast.com\/product\/yoast-seo-wordpress\/ -->\n<title>La Trobada Jove del Baix Llobregat agrupa m\u00e9s de 100 persones de 7 esplais del sector - Esplac<\/title>\n<meta name=\"robots\" content=\"index, follow, max-snippet:-1, max-image-preview:large, max-video-preview:-1\" \/>\n<link rel=\"canonical\" href=\"https:\/\/www.esplac.cat\/la-trobada-jove-del-baix-llobregat-agrupa-mes-de-100-persones-de-7-esplais-del-sector\/\" \/>\n<meta property=\"og:locale\" content=\"en_US\" \/>\n<meta property=\"og:type\" content=\"article\" \/>\n<meta property=\"og:title\" content=\"La Trobada Jove del Baix Llobregat agrupa m\u00e9s de 100 persones de 7 esplais del sector - Esplac\" \/>\n<meta property=\"og:description\" content=\"El passat 9 i 10 d&#8217;abril, a Molins de Rei, [&hellip;]\" \/>\n<meta property=\"og:url\" content=\"https:\/\/www.esplac.cat\/la-trobada-jove-del-baix-llobregat-agrupa-mes-de-100-persones-de-7-esplais-del-sector\/\" \/>\n<meta property=\"og:site_name\" content=\"Esplac\" \/>\n<meta property=\"article:published_time\" content=\"2016-04-26T08:42:50+00:00\" \/>\n<meta property=\"og:image\" content=\"https:\/\/www.esplac.cat\/wp-content\/uploads\/2016\/04\/20160426_Trobada-joves-bll.jpg\" \/>\n\t<meta property=\"og:image:width\" content=\"847\" \/>\n\t<meta property=\"og:image:height\" content=\"351\" \/>\n\t<meta property=\"og:image:type\" content=\"image\/jpeg\" \/>\n<meta name=\"author\" content=\"Comunicaci\u00f3 Esplac\" \/>\n<meta name=\"twitter:card\" content=\"summary_large_image\" \/>\n<meta name=\"twitter:label1\" content=\"Written by\" \/>\n\t<meta name=\"twitter:data1\" content=\"Comunicaci\u00f3 Esplac\" \/>\n\t<meta name=\"twitter:label2\" content=\"Est. reading time\" \/>\n\t<meta name=\"twitter:data2\" content=\"3 minutes\" \/>\n<script type=\"application\/ld+json\" class=\"yoast-schema-graph\">{\"@context\":\"https:\\\/\\\/schema.org\",\"@graph\":[{\"@type\":\"Article\",\"@id\":\"https:\\\/\\\/www.esplac.cat\\\/la-trobada-jove-del-baix-llobregat-agrupa-mes-de-100-persones-de-7-esplais-del-sector\\\/#article\",\"isPartOf\":{\"@id\":\"https:\\\/\\\/www.esplac.cat\\\/la-trobada-jove-del-baix-llobregat-agrupa-mes-de-100-persones-de-7-esplais-del-sector\\\/\"},\"author\":{\"name\":\"Comunicaci\u00f3 Esplac\",\"@id\":\"https:\\\/\\\/www.esplac.cat\\\/#\\\/schema\\\/person\\\/908383cf240be18b68f8855d0583faca\"},\"headline\":\"La Trobada Jove del Baix Llobregat agrupa m\u00e9s de 100 persones de 7 esplais del sector\",\"datePublished\":\"2016-04-26T08:42:50+00:00\",\"mainEntityOfPage\":{\"@id\":\"https:\\\/\\\/www.esplac.cat\\\/la-trobada-jove-del-baix-llobregat-agrupa-mes-de-100-persones-de-7-esplais-del-sector\\\/\"},\"wordCount\":627,\"publisher\":{\"@id\":\"https:\\\/\\\/www.esplac.cat\\\/#organization\"},\"image\":{\"@id\":\"https:\\\/\\\/www.esplac.cat\\\/la-trobada-jove-del-baix-llobregat-agrupa-mes-de-100-persones-de-7-esplais-del-sector\\\/#primaryimage\"},\"thumbnailUrl\":\"https:\\\/\\\/www.esplac.cat\\\/wp-content\\\/uploads\\\/2016\\\/04\\\/20160426_Trobada-joves-bll.jpg\",\"keywords\":[\"baix llobregat\",\"joc\",\"Molins de Rei\",\"trobada de joves\"],\"articleSection\":[\"Activitats sectors\",\"Sector Baix Llobregat\"],\"inLanguage\":\"en-US\"},{\"@type\":\"WebPage\",\"@id\":\"https:\\\/\\\/www.esplac.cat\\\/la-trobada-jove-del-baix-llobregat-agrupa-mes-de-100-persones-de-7-esplais-del-sector\\\/\",\"url\":\"https:\\\/\\\/www.esplac.cat\\\/la-trobada-jove-del-baix-llobregat-agrupa-mes-de-100-persones-de-7-esplais-del-sector\\\/\",\"name\":\"La Trobada Jove del Baix Llobregat agrupa m\u00e9s de 100 persones de 7 esplais del sector - Esplac\",\"isPartOf\":{\"@id\":\"https:\\\/\\\/www.esplac.cat\\\/#website\"},\"primaryImageOfPage\":{\"@id\":\"https:\\\/\\\/www.esplac.cat\\\/la-trobada-jove-del-baix-llobregat-agrupa-mes-de-100-persones-de-7-esplais-del-sector\\\/#primaryimage\"},\"image\":{\"@id\":\"https:\\\/\\\/www.esplac.cat\\\/la-trobada-jove-del-baix-llobregat-agrupa-mes-de-100-persones-de-7-esplais-del-sector\\\/#primaryimage\"},\"thumbnailUrl\":\"https:\\\/\\\/www.esplac.cat\\\/wp-content\\\/uploads\\\/2016\\\/04\\\/20160426_Trobada-joves-bll.jpg\",\"datePublished\":\"2016-04-26T08:42:50+00:00\",\"breadcrumb\":{\"@id\":\"https:\\\/\\\/www.esplac.cat\\\/la-trobada-jove-del-baix-llobregat-agrupa-mes-de-100-persones-de-7-esplais-del-sector\\\/#breadcrumb\"},\"inLanguage\":\"en-US\",\"potentialAction\":[{\"@type\":\"ReadAction\",\"target\":[\"https:\\\/\\\/www.esplac.cat\\\/la-trobada-jove-del-baix-llobregat-agrupa-mes-de-100-persones-de-7-esplais-del-sector\\\/\"]}]},{\"@type\":\"ImageObject\",\"inLanguage\":\"en-US\",\"@id\":\"https:\\\/\\\/www.esplac.cat\\\/la-trobada-jove-del-baix-llobregat-agrupa-mes-de-100-persones-de-7-esplais-del-sector\\\/#primaryimage\",\"url\":\"https:\\\/\\\/www.esplac.cat\\\/wp-content\\\/uploads\\\/2016\\\/04\\\/20160426_Trobada-joves-bll.jpg\",\"contentUrl\":\"https:\\\/\\\/www.esplac.cat\\\/wp-content\\\/uploads\\\/2016\\\/04\\\/20160426_Trobada-joves-bll.jpg\",\"width\":847,\"height\":351},{\"@type\":\"BreadcrumbList\",\"@id\":\"https:\\\/\\\/www.esplac.cat\\\/la-trobada-jove-del-baix-llobregat-agrupa-mes-de-100-persones-de-7-esplais-del-sector\\\/#breadcrumb\",\"itemListElement\":[{\"@type\":\"ListItem\",\"position\":1,\"name\":\"Inici\",\"item\":\"https:\\\/\\\/www.esplac.cat\\\/en\\\/\"},{\"@type\":\"ListItem\",\"position\":2,\"name\":\"La Trobada Jove del Baix Llobregat agrupa m\u00e9s de 100 persones de 7 esplais del sector\"}]},{\"@type\":\"WebSite\",\"@id\":\"https:\\\/\\\/www.esplac.cat\\\/#website\",\"url\":\"https:\\\/\\\/www.esplac.cat\\\/\",\"name\":\"Esplac\",\"description\":\"Esplais Catalans\",\"publisher\":{\"@id\":\"https:\\\/\\\/www.esplac.cat\\\/#organization\"},\"potentialAction\":[{\"@type\":\"SearchAction\",\"target\":{\"@type\":\"EntryPoint\",\"urlTemplate\":\"https:\\\/\\\/www.esplac.cat\\\/?s={search_term_string}\"},\"query-input\":{\"@type\":\"PropertyValueSpecification\",\"valueRequired\":true,\"valueName\":\"search_term_string\"}}],\"inLanguage\":\"en-US\"},{\"@type\":\"Organization\",\"@id\":\"https:\\\/\\\/www.esplac.cat\\\/#organization\",\"name\":\"Esplac\",\"url\":\"https:\\\/\\\/www.esplac.cat\\\/\",\"logo\":{\"@type\":\"ImageObject\",\"inLanguage\":\"en-US\",\"@id\":\"https:\\\/\\\/www.esplac.cat\\\/#\\\/schema\\\/logo\\\/image\\\/\",\"url\":\"https:\\\/\\\/www.esplac.cat\\\/wp-content\\\/uploads\\\/2019\\\/08\\\/logox2.png\",\"contentUrl\":\"https:\\\/\\\/www.esplac.cat\\\/wp-content\\\/uploads\\\/2019\\\/08\\\/logox2.png\",\"width\":600,\"height\":295,\"caption\":\"Esplac\"},\"image\":{\"@id\":\"https:\\\/\\\/www.esplac.cat\\\/#\\\/schema\\\/logo\\\/image\\\/\"}},{\"@type\":\"Person\",\"@id\":\"https:\\\/\\\/www.esplac.cat\\\/#\\\/schema\\\/person\\\/908383cf240be18b68f8855d0583faca\",\"name\":\"Comunicaci\u00f3 Esplac\",\"image\":{\"@type\":\"ImageObject\",\"inLanguage\":\"en-US\",\"@id\":\"https:\\\/\\\/secure.gravatar.com\\\/avatar\\\/7a4cf8feb412a76ea4a740ca02d95b06b2907b5a6c648c2dd0a1082a093c3141?s=96&d=mm&r=g\",\"url\":\"https:\\\/\\\/secure.gravatar.com\\\/avatar\\\/7a4cf8feb412a76ea4a740ca02d95b06b2907b5a6c648c2dd0a1082a093c3141?s=96&d=mm&r=g\",\"contentUrl\":\"https:\\\/\\\/secure.gravatar.com\\\/avatar\\\/7a4cf8feb412a76ea4a740ca02d95b06b2907b5a6c648c2dd0a1082a093c3141?s=96&d=mm&r=g\",\"caption\":\"Comunicaci\u00f3 Esplac\"}}]}<\/script>\n<!-- \/ Yoast SEO plugin. -->","yoast_head_json":{"title":"La Trobada Jove del Baix Llobregat agrupa m\u00e9s de 100 persones de 7 esplais del sector - Esplac","robots":{"index":"index","follow":"follow","max-snippet":"max-snippet:-1","max-image-preview":"max-image-preview:large","max-video-preview":"max-video-preview:-1"},"canonical":"https:\/\/www.esplac.cat\/la-trobada-jove-del-baix-llobregat-agrupa-mes-de-100-persones-de-7-esplais-del-sector\/","og_locale":"en_US","og_type":"article","og_title":"La Trobada Jove del Baix Llobregat agrupa m\u00e9s de 100 persones de 7 esplais del sector - Esplac","og_description":"El passat 9 i 10 d&#8217;abril, a Molins de Rei, [&hellip;]","og_url":"https:\/\/www.esplac.cat\/la-trobada-jove-del-baix-llobregat-agrupa-mes-de-100-persones-de-7-esplais-del-sector\/","og_site_name":"Esplac","article_published_time":"2016-04-26T08:42:50+00:00","og_image":[{"width":847,"height":351,"url":"https:\/\/www.esplac.cat\/wp-content\/uploads\/2016\/04\/20160426_Trobada-joves-bll.jpg","type":"image\/jpeg"}],"author":"Comunicaci\u00f3 Esplac","twitter_card":"summary_large_image","twitter_misc":{"Written by":"Comunicaci\u00f3 Esplac","Est. reading time":"3 minutes"},"schema":{"@context":"https:\/\/schema.org","@graph":[{"@type":"Article","@id":"https:\/\/www.esplac.cat\/la-trobada-jove-del-baix-llobregat-agrupa-mes-de-100-persones-de-7-esplais-del-sector\/#article","isPartOf":{"@id":"https:\/\/www.esplac.cat\/la-trobada-jove-del-baix-llobregat-agrupa-mes-de-100-persones-de-7-esplais-del-sector\/"},"author":{"name":"Comunicaci\u00f3 Esplac","@id":"https:\/\/www.esplac.cat\/#\/schema\/person\/908383cf240be18b68f8855d0583faca"},"headline":"La Trobada Jove del Baix Llobregat agrupa m\u00e9s de 100 persones de 7 esplais del sector","datePublished":"2016-04-26T08:42:50+00:00","mainEntityOfPage":{"@id":"https:\/\/www.esplac.cat\/la-trobada-jove-del-baix-llobregat-agrupa-mes-de-100-persones-de-7-esplais-del-sector\/"},"wordCount":627,"publisher":{"@id":"https:\/\/www.esplac.cat\/#organization"},"image":{"@id":"https:\/\/www.esplac.cat\/la-trobada-jove-del-baix-llobregat-agrupa-mes-de-100-persones-de-7-esplais-del-sector\/#primaryimage"},"thumbnailUrl":"https:\/\/www.esplac.cat\/wp-content\/uploads\/2016\/04\/20160426_Trobada-joves-bll.jpg","keywords":["baix llobregat","joc","Molins de Rei","trobada de joves"],"articleSection":["Activitats sectors","Sector Baix Llobregat"],"inLanguage":"en-US"},{"@type":"WebPage","@id":"https:\/\/www.esplac.cat\/la-trobada-jove-del-baix-llobregat-agrupa-mes-de-100-persones-de-7-esplais-del-sector\/","url":"https:\/\/www.esplac.cat\/la-trobada-jove-del-baix-llobregat-agrupa-mes-de-100-persones-de-7-esplais-del-sector\/","name":"La Trobada Jove del Baix Llobregat agrupa m\u00e9s de 100 persones de 7 esplais del sector - Esplac","isPartOf":{"@id":"https:\/\/www.esplac.cat\/#website"},"primaryImageOfPage":{"@id":"https:\/\/www.esplac.cat\/la-trobada-jove-del-baix-llobregat-agrupa-mes-de-100-persones-de-7-esplais-del-sector\/#primaryimage"},"image":{"@id":"https:\/\/www.esplac.cat\/la-trobada-jove-del-baix-llobregat-agrupa-mes-de-100-persones-de-7-esplais-del-sector\/#primaryimage"},"thumbnailUrl":"https:\/\/www.esplac.cat\/wp-content\/uploads\/2016\/04\/20160426_Trobada-joves-bll.jpg","datePublished":"2016-04-26T08:42:50+00:00","breadcrumb":{"@id":"https:\/\/www.esplac.cat\/la-trobada-jove-del-baix-llobregat-agrupa-mes-de-100-persones-de-7-esplais-del-sector\/#breadcrumb"},"inLanguage":"en-US","potentialAction":[{"@type":"ReadAction","target":["https:\/\/www.esplac.cat\/la-trobada-jove-del-baix-llobregat-agrupa-mes-de-100-persones-de-7-esplais-del-sector\/"]}]},{"@type":"ImageObject","inLanguage":"en-US","@id":"https:\/\/www.esplac.cat\/la-trobada-jove-del-baix-llobregat-agrupa-mes-de-100-persones-de-7-esplais-del-sector\/#primaryimage","url":"https:\/\/www.esplac.cat\/wp-content\/uploads\/2016\/04\/20160426_Trobada-joves-bll.jpg","contentUrl":"https:\/\/www.esplac.cat\/wp-content\/uploads\/2016\/04\/20160426_Trobada-joves-bll.jpg","width":847,"height":351},{"@type":"BreadcrumbList","@id":"https:\/\/www.esplac.cat\/la-trobada-jove-del-baix-llobregat-agrupa-mes-de-100-persones-de-7-esplais-del-sector\/#breadcrumb","itemListElement":[{"@type":"ListItem","position":1,"name":"Inici","item":"https:\/\/www.esplac.cat\/en\/"},{"@type":"ListItem","position":2,"name":"La Trobada Jove del Baix Llobregat agrupa m\u00e9s de 100 persones de 7 esplais del sector"}]},{"@type":"WebSite","@id":"https:\/\/www.esplac.cat\/#website","url":"https:\/\/www.esplac.cat\/","name":"Esplac","description":"Esplais Catalans","publisher":{"@id":"https:\/\/www.esplac.cat\/#organization"},"potentialAction":[{"@type":"SearchAction","target":{"@type":"EntryPoint","urlTemplate":"https:\/\/www.esplac.cat\/?s={search_term_string}"},"query-input":{"@type":"PropertyValueSpecification","valueRequired":true,"valueName":"search_term_string"}}],"inLanguage":"en-US"},{"@type":"Organization","@id":"https:\/\/www.esplac.cat\/#organization","name":"Esplac","url":"https:\/\/www.esplac.cat\/","logo":{"@type":"ImageObject","inLanguage":"en-US","@id":"https:\/\/www.esplac.cat\/#\/schema\/logo\/image\/","url":"https:\/\/www.esplac.cat\/wp-content\/uploads\/2019\/08\/logox2.png","contentUrl":"https:\/\/www.esplac.cat\/wp-content\/uploads\/2019\/08\/logox2.png","width":600,"height":295,"caption":"Esplac"},"image":{"@id":"https:\/\/www.esplac.cat\/#\/schema\/logo\/image\/"}},{"@type":"Person","@id":"https:\/\/www.esplac.cat\/#\/schema\/person\/908383cf240be18b68f8855d0583faca","name":"Comunicaci\u00f3 Esplac","image":{"@type":"ImageObject","inLanguage":"en-US","@id":"https:\/\/secure.gravatar.com\/avatar\/7a4cf8feb412a76ea4a740ca02d95b06b2907b5a6c648c2dd0a1082a093c3141?s=96&d=mm&r=g","url":"https:\/\/secure.gravatar.com\/avatar\/7a4cf8feb412a76ea4a740ca02d95b06b2907b5a6c648c2dd0a1082a093c3141?s=96&d=mm&r=g","contentUrl":"https:\/\/secure.gravatar.com\/avatar\/7a4cf8feb412a76ea4a740ca02d95b06b2907b5a6c648c2dd0a1082a093c3141?s=96&d=mm&r=g","caption":"Comunicaci\u00f3 Esplac"}}]}},"_links":{"self":[{"href":"https:\/\/www.esplac.cat\/en\/wp-json\/wp\/v2\/posts\/25259","targetHints":{"allow":["GET"]}}],"collection":[{"href":"https:\/\/www.esplac.cat\/en\/wp-json\/wp\/v2\/posts"}],"about":[{"href":"https:\/\/www.esplac.cat\/en\/wp-json\/wp\/v2\/types\/post"}],"author":[{"embeddable":true,"href":"https:\/\/www.esplac.cat\/en\/wp-json\/wp\/v2\/users\/3"}],"replies":[{"embeddable":true,"href":"https:\/\/www.esplac.cat\/en\/wp-json\/wp\/v2\/comments?post=25259"}],"version-history":[{"count":0,"href":"https:\/\/www.esplac.cat\/en\/wp-json\/wp\/v2\/posts\/25259\/revisions"}],"wp:featuredmedia":[{"embeddable":true,"href":"https:\/\/www.esplac.cat\/en\/wp-json\/wp\/v2\/media\/25260"}],"wp:attachment":[{"href":"https:\/\/www.esplac.cat\/en\/wp-json\/wp\/v2\/media?parent=25259"}],"wp:term":[{"taxonomy":"category","embeddable":true,"href":"https:\/\/www.esplac.cat\/en\/wp-json\/wp\/v2\/categories?post=25259"},{"taxonomy":"post_tag","embeddable":true,"href":"https:\/\/www.esplac.cat\/en\/wp-json\/wp\/v2\/tags?post=25259"}],"curies":[{"name":"wp","href":"https:\/\/api.w.org\/{rel}","templated":true}]}}