{"id":25261,"date":"2016-04-25T15:33:44","date_gmt":"2016-04-25T13:33:44","guid":{"rendered":"http:\/\/esplac.cat\/?p=10470"},"modified":"2016-04-25T15:33:44","modified_gmt":"2016-04-25T13:33:44","slug":"guia-per-millorar-limpacte-dels-esplais-als-mitjans-de-comunicacio","status":"publish","type":"post","link":"https:\/\/www.esplac.cat\/en\/guia-per-millorar-limpacte-dels-esplais-als-mitjans-de-comunicacio\/","title":{"rendered":"Breu guia per millorar l&#8217;impacte dels esplais als mitjans de comunicaci\u00f3"},"content":{"rendered":"<h4 style=\"text-align: justify;\">El\u00a0recurs\u00a0inclou\u00a0diverses eines per a qu\u00e8 els esplais puguin comunicar de manera m\u00e9s efectiva\u00a0les seves activitats per tal d&#8217;aconseguir m\u00e9s impacte a\u00a0la premsa, sobretot local.<\/h4>\n<p style=\"text-align: justify;\">Els esplais fem molts activitats durant el curs per\u00f2 moltes vegades ens consta explicar-les de cara enfora i m\u00e9s encara, fer que el nostre missatge arribi als mitjans de comunicaci\u00f3 locals o d&#8217;\u00e0mbit nacional.<\/p>\n<div class=\"page\" title=\"Page 1\">\n<div class=\"layoutArea\">\n<div class=\"column\">\n<p style=\"text-align: justify;\">La relaci\u00f3 amb els mitjans de comunicaci\u00f3 del nostre entorn \u00e9s important, ja que ens poden ajudar a fer m\u00e9s visible la nostra tasca i arribar a la ciutadania, per explicar qui som i qu\u00e8 fem.<\/p>\n<p style=\"text-align: justify;\">Amb aquesta petita guia que publiquem\u00a0us oferim alguns consells i indicacions per tal de poder millorar la comunicacio\u0301 amb els mitjans de comunicaci\u00f3 i l&#8217;impacte media\u0300tic de l&#8217;esplai!<\/p>\n<p style=\"text-align: justify;\">Trobareu:<\/p>\n<ul style=\"text-align: justify;\">\n<li>10 recomanacions per fer m\u00e9s\u00a0interessant la nostra activitat a ulls dels mitjans.<\/li>\n<li>8 claus per fer m\u00e9s efica\u00e7 una nota de premsa.<\/li>\n<li>Com millorar la relaci\u00f3 amb els periodistes de mitjans propers?<\/li>\n<\/ul>\n<p style=\"text-align: justify;\">Aprenem a difondre i comunicar\u00a0l&#8217;#energiadelesplai!<\/p>\n<h3 style=\"text-align: justify;\"><a href=\"http:\/\/esplac.cat\/wp-content\/uploads\/2016\/04\/Guia_Mitjans_Esplais_2015.pdf\" target=\"_blank\" rel=\"noopener noreferrer\">Fes clic aqu\u00ed per obrir la Guia de relaci\u00f3 dels esplais amb els mitjans de comunicaci\u00f3<\/a><\/h3>\n<\/div>\n<\/div>\n<\/div>\n","protected":false},"excerpt":{"rendered":"<p>El\u00a0recurs\u00a0inclou\u00a0diverses eines per a qu\u00e8 els esplais puguin comunicar de [&hellip;]<\/p>\n","protected":false},"author":3,"featured_media":25262,"comment_status":"closed","ping_status":"open","sticky":false,"template":"","format":"standard","meta":{"om_disable_all_campaigns":false,"_monsterinsights_skip_tracking":false,"_monsterinsights_sitenote_active":false,"_monsterinsights_sitenote_note":"","_monsterinsights_sitenote_category":0,"_uf_show_specific_survey":0,"_uf_disable_surveys":false,"footnotes":""},"categories":[1114,1],"tags":[94,96,702,703],"class_list":["post-25261","post","type-post","status-publish","format-standard","has-post-thumbnail","hentry","category-recursos","category-sense-categoria","tag-comunicacio","tag-mitjans-de-comunicacio","tag-notes-de-premsa","tag-premsa"],"yoast_head":"<!-- This site is optimized with the Yoast SEO plugin v27.4 - https:\/\/yoast.com\/product\/yoast-seo-wordpress\/ -->\n<title>Breu guia per millorar l&#039;impacte dels esplais als mitjans de comunicaci\u00f3 - Esplac<\/title>\n<meta name=\"robots\" content=\"index, follow, max-snippet:-1, max-image-preview:large, max-video-preview:-1\" \/>\n<link rel=\"canonical\" href=\"https:\/\/www.esplac.cat\/es\/guia-per-millorar-limpacte-dels-esplais-als-mitjans-de-comunicacio\/\" \/>\n<meta property=\"og:locale\" content=\"en_US\" \/>\n<meta property=\"og:type\" content=\"article\" \/>\n<meta property=\"og:title\" content=\"Breu guia per millorar l&#039;impacte dels esplais als mitjans de comunicaci\u00f3 - Esplac\" \/>\n<meta property=\"og:description\" content=\"El\u00a0recurs\u00a0inclou\u00a0diverses eines per a qu\u00e8 els esplais puguin comunicar de [&hellip;]\" \/>\n<meta property=\"og:url\" content=\"https:\/\/www.esplac.cat\/es\/guia-per-millorar-limpacte-dels-esplais-als-mitjans-de-comunicacio\/\" \/>\n<meta property=\"og:site_name\" content=\"Esplac\" \/>\n<meta property=\"article:published_time\" content=\"2016-04-25T13:33:44+00:00\" \/>\n<meta property=\"og:image\" content=\"https:\/\/www.esplac.cat\/wp-content\/uploads\/2016\/04\/20160425_Guia-mitjans-com.jpg\" \/>\n\t<meta property=\"og:image:width\" content=\"847\" \/>\n\t<meta property=\"og:image:height\" content=\"351\" \/>\n\t<meta property=\"og:image:type\" content=\"image\/jpeg\" \/>\n<meta name=\"author\" content=\"Comunicaci\u00f3 Esplac\" \/>\n<meta name=\"twitter:card\" content=\"summary_large_image\" \/>\n<meta name=\"twitter:label1\" content=\"Written by\" \/>\n\t<meta name=\"twitter:data1\" content=\"Comunicaci\u00f3 Esplac\" \/>\n\t<meta name=\"twitter:label2\" content=\"Est. reading time\" \/>\n\t<meta name=\"twitter:data2\" content=\"1 minute\" \/>\n<script type=\"application\/ld+json\" class=\"yoast-schema-graph\">{\"@context\":\"https:\\\/\\\/schema.org\",\"@graph\":[{\"@type\":\"Article\",\"@id\":\"https:\\\/\\\/www.esplac.cat\\\/es\\\/guia-per-millorar-limpacte-dels-esplais-als-mitjans-de-comunicacio\\\/#article\",\"isPartOf\":{\"@id\":\"https:\\\/\\\/www.esplac.cat\\\/es\\\/guia-per-millorar-limpacte-dels-esplais-als-mitjans-de-comunicacio\\\/\"},\"author\":{\"name\":\"Comunicaci\u00f3 Esplac\",\"@id\":\"https:\\\/\\\/www.esplac.cat\\\/#\\\/schema\\\/person\\\/908383cf240be18b68f8855d0583faca\"},\"headline\":\"Breu guia per millorar l&#8217;impacte dels esplais als mitjans de comunicaci\u00f3\",\"datePublished\":\"2016-04-25T13:33:44+00:00\",\"mainEntityOfPage\":{\"@id\":\"https:\\\/\\\/www.esplac.cat\\\/es\\\/guia-per-millorar-limpacte-dels-esplais-als-mitjans-de-comunicacio\\\/\"},\"wordCount\":206,\"publisher\":{\"@id\":\"https:\\\/\\\/www.esplac.cat\\\/#organization\"},\"image\":{\"@id\":\"https:\\\/\\\/www.esplac.cat\\\/es\\\/guia-per-millorar-limpacte-dels-esplais-als-mitjans-de-comunicacio\\\/#primaryimage\"},\"thumbnailUrl\":\"https:\\\/\\\/www.esplac.cat\\\/wp-content\\\/uploads\\\/2016\\\/04\\\/20160425_Guia-mitjans-com.jpg\",\"keywords\":[\"comunicaci\u00f3\",\"mitjans de comunicaci\u00f3\",\"notes de premsa\",\"premsa\"],\"articleSection\":[\"Recursos\",\"Sense categoria\"],\"inLanguage\":\"en-US\"},{\"@type\":\"WebPage\",\"@id\":\"https:\\\/\\\/www.esplac.cat\\\/es\\\/guia-per-millorar-limpacte-dels-esplais-als-mitjans-de-comunicacio\\\/\",\"url\":\"https:\\\/\\\/www.esplac.cat\\\/es\\\/guia-per-millorar-limpacte-dels-esplais-als-mitjans-de-comunicacio\\\/\",\"name\":\"Breu guia per millorar l'impacte dels esplais als mitjans de comunicaci\u00f3 - Esplac\",\"isPartOf\":{\"@id\":\"https:\\\/\\\/www.esplac.cat\\\/#website\"},\"primaryImageOfPage\":{\"@id\":\"https:\\\/\\\/www.esplac.cat\\\/es\\\/guia-per-millorar-limpacte-dels-esplais-als-mitjans-de-comunicacio\\\/#primaryimage\"},\"image\":{\"@id\":\"https:\\\/\\\/www.esplac.cat\\\/es\\\/guia-per-millorar-limpacte-dels-esplais-als-mitjans-de-comunicacio\\\/#primaryimage\"},\"thumbnailUrl\":\"https:\\\/\\\/www.esplac.cat\\\/wp-content\\\/uploads\\\/2016\\\/04\\\/20160425_Guia-mitjans-com.jpg\",\"datePublished\":\"2016-04-25T13:33:44+00:00\",\"breadcrumb\":{\"@id\":\"https:\\\/\\\/www.esplac.cat\\\/es\\\/guia-per-millorar-limpacte-dels-esplais-als-mitjans-de-comunicacio\\\/#breadcrumb\"},\"inLanguage\":\"en-US\",\"potentialAction\":[{\"@type\":\"ReadAction\",\"target\":[\"https:\\\/\\\/www.esplac.cat\\\/es\\\/guia-per-millorar-limpacte-dels-esplais-als-mitjans-de-comunicacio\\\/\"]}]},{\"@type\":\"ImageObject\",\"inLanguage\":\"en-US\",\"@id\":\"https:\\\/\\\/www.esplac.cat\\\/es\\\/guia-per-millorar-limpacte-dels-esplais-als-mitjans-de-comunicacio\\\/#primaryimage\",\"url\":\"https:\\\/\\\/www.esplac.cat\\\/wp-content\\\/uploads\\\/2016\\\/04\\\/20160425_Guia-mitjans-com.jpg\",\"contentUrl\":\"https:\\\/\\\/www.esplac.cat\\\/wp-content\\\/uploads\\\/2016\\\/04\\\/20160425_Guia-mitjans-com.jpg\",\"width\":847,\"height\":351},{\"@type\":\"BreadcrumbList\",\"@id\":\"https:\\\/\\\/www.esplac.cat\\\/es\\\/guia-per-millorar-limpacte-dels-esplais-als-mitjans-de-comunicacio\\\/#breadcrumb\",\"itemListElement\":[{\"@type\":\"ListItem\",\"position\":1,\"name\":\"Inici\",\"item\":\"https:\\\/\\\/www.esplac.cat\\\/en\\\/\"},{\"@type\":\"ListItem\",\"position\":2,\"name\":\"Breu guia per millorar l&#8217;impacte dels esplais als mitjans de comunicaci\u00f3\"}]},{\"@type\":\"WebSite\",\"@id\":\"https:\\\/\\\/www.esplac.cat\\\/#website\",\"url\":\"https:\\\/\\\/www.esplac.cat\\\/\",\"name\":\"Esplac\",\"description\":\"Esplais Catalans\",\"publisher\":{\"@id\":\"https:\\\/\\\/www.esplac.cat\\\/#organization\"},\"potentialAction\":[{\"@type\":\"SearchAction\",\"target\":{\"@type\":\"EntryPoint\",\"urlTemplate\":\"https:\\\/\\\/www.esplac.cat\\\/?s={search_term_string}\"},\"query-input\":{\"@type\":\"PropertyValueSpecification\",\"valueRequired\":true,\"valueName\":\"search_term_string\"}}],\"inLanguage\":\"en-US\"},{\"@type\":\"Organization\",\"@id\":\"https:\\\/\\\/www.esplac.cat\\\/#organization\",\"name\":\"Esplac\",\"url\":\"https:\\\/\\\/www.esplac.cat\\\/\",\"logo\":{\"@type\":\"ImageObject\",\"inLanguage\":\"en-US\",\"@id\":\"https:\\\/\\\/www.esplac.cat\\\/#\\\/schema\\\/logo\\\/image\\\/\",\"url\":\"https:\\\/\\\/www.esplac.cat\\\/wp-content\\\/uploads\\\/2019\\\/08\\\/logox2.png\",\"contentUrl\":\"https:\\\/\\\/www.esplac.cat\\\/wp-content\\\/uploads\\\/2019\\\/08\\\/logox2.png\",\"width\":600,\"height\":295,\"caption\":\"Esplac\"},\"image\":{\"@id\":\"https:\\\/\\\/www.esplac.cat\\\/#\\\/schema\\\/logo\\\/image\\\/\"}},{\"@type\":\"Person\",\"@id\":\"https:\\\/\\\/www.esplac.cat\\\/#\\\/schema\\\/person\\\/908383cf240be18b68f8855d0583faca\",\"name\":\"Comunicaci\u00f3 Esplac\",\"image\":{\"@type\":\"ImageObject\",\"inLanguage\":\"en-US\",\"@id\":\"https:\\\/\\\/secure.gravatar.com\\\/avatar\\\/7a4cf8feb412a76ea4a740ca02d95b06b2907b5a6c648c2dd0a1082a093c3141?s=96&d=mm&r=g\",\"url\":\"https:\\\/\\\/secure.gravatar.com\\\/avatar\\\/7a4cf8feb412a76ea4a740ca02d95b06b2907b5a6c648c2dd0a1082a093c3141?s=96&d=mm&r=g\",\"contentUrl\":\"https:\\\/\\\/secure.gravatar.com\\\/avatar\\\/7a4cf8feb412a76ea4a740ca02d95b06b2907b5a6c648c2dd0a1082a093c3141?s=96&d=mm&r=g\",\"caption\":\"Comunicaci\u00f3 Esplac\"}}]}<\/script>\n<!-- \/ Yoast SEO plugin. -->","yoast_head_json":{"title":"Breu guia per millorar l'impacte dels esplais als mitjans de comunicaci\u00f3 - Esplac","robots":{"index":"index","follow":"follow","max-snippet":"max-snippet:-1","max-image-preview":"max-image-preview:large","max-video-preview":"max-video-preview:-1"},"canonical":"https:\/\/www.esplac.cat\/es\/guia-per-millorar-limpacte-dels-esplais-als-mitjans-de-comunicacio\/","og_locale":"en_US","og_type":"article","og_title":"Breu guia per millorar l'impacte dels esplais als mitjans de comunicaci\u00f3 - Esplac","og_description":"El\u00a0recurs\u00a0inclou\u00a0diverses eines per a qu\u00e8 els esplais puguin comunicar de [&hellip;]","og_url":"https:\/\/www.esplac.cat\/es\/guia-per-millorar-limpacte-dels-esplais-als-mitjans-de-comunicacio\/","og_site_name":"Esplac","article_published_time":"2016-04-25T13:33:44+00:00","og_image":[{"width":847,"height":351,"url":"https:\/\/www.esplac.cat\/wp-content\/uploads\/2016\/04\/20160425_Guia-mitjans-com.jpg","type":"image\/jpeg"}],"author":"Comunicaci\u00f3 Esplac","twitter_card":"summary_large_image","twitter_misc":{"Written by":"Comunicaci\u00f3 Esplac","Est. reading time":"1 minute"},"schema":{"@context":"https:\/\/schema.org","@graph":[{"@type":"Article","@id":"https:\/\/www.esplac.cat\/es\/guia-per-millorar-limpacte-dels-esplais-als-mitjans-de-comunicacio\/#article","isPartOf":{"@id":"https:\/\/www.esplac.cat\/es\/guia-per-millorar-limpacte-dels-esplais-als-mitjans-de-comunicacio\/"},"author":{"name":"Comunicaci\u00f3 Esplac","@id":"https:\/\/www.esplac.cat\/#\/schema\/person\/908383cf240be18b68f8855d0583faca"},"headline":"Breu guia per millorar l&#8217;impacte dels esplais als mitjans de comunicaci\u00f3","datePublished":"2016-04-25T13:33:44+00:00","mainEntityOfPage":{"@id":"https:\/\/www.esplac.cat\/es\/guia-per-millorar-limpacte-dels-esplais-als-mitjans-de-comunicacio\/"},"wordCount":206,"publisher":{"@id":"https:\/\/www.esplac.cat\/#organization"},"image":{"@id":"https:\/\/www.esplac.cat\/es\/guia-per-millorar-limpacte-dels-esplais-als-mitjans-de-comunicacio\/#primaryimage"},"thumbnailUrl":"https:\/\/www.esplac.cat\/wp-content\/uploads\/2016\/04\/20160425_Guia-mitjans-com.jpg","keywords":["comunicaci\u00f3","mitjans de comunicaci\u00f3","notes de premsa","premsa"],"articleSection":["Recursos","Sense categoria"],"inLanguage":"en-US"},{"@type":"WebPage","@id":"https:\/\/www.esplac.cat\/es\/guia-per-millorar-limpacte-dels-esplais-als-mitjans-de-comunicacio\/","url":"https:\/\/www.esplac.cat\/es\/guia-per-millorar-limpacte-dels-esplais-als-mitjans-de-comunicacio\/","name":"Breu guia per millorar l'impacte dels esplais als mitjans de comunicaci\u00f3 - Esplac","isPartOf":{"@id":"https:\/\/www.esplac.cat\/#website"},"primaryImageOfPage":{"@id":"https:\/\/www.esplac.cat\/es\/guia-per-millorar-limpacte-dels-esplais-als-mitjans-de-comunicacio\/#primaryimage"},"image":{"@id":"https:\/\/www.esplac.cat\/es\/guia-per-millorar-limpacte-dels-esplais-als-mitjans-de-comunicacio\/#primaryimage"},"thumbnailUrl":"https:\/\/www.esplac.cat\/wp-content\/uploads\/2016\/04\/20160425_Guia-mitjans-com.jpg","datePublished":"2016-04-25T13:33:44+00:00","breadcrumb":{"@id":"https:\/\/www.esplac.cat\/es\/guia-per-millorar-limpacte-dels-esplais-als-mitjans-de-comunicacio\/#breadcrumb"},"inLanguage":"en-US","potentialAction":[{"@type":"ReadAction","target":["https:\/\/www.esplac.cat\/es\/guia-per-millorar-limpacte-dels-esplais-als-mitjans-de-comunicacio\/"]}]},{"@type":"ImageObject","inLanguage":"en-US","@id":"https:\/\/www.esplac.cat\/es\/guia-per-millorar-limpacte-dels-esplais-als-mitjans-de-comunicacio\/#primaryimage","url":"https:\/\/www.esplac.cat\/wp-content\/uploads\/2016\/04\/20160425_Guia-mitjans-com.jpg","contentUrl":"https:\/\/www.esplac.cat\/wp-content\/uploads\/2016\/04\/20160425_Guia-mitjans-com.jpg","width":847,"height":351},{"@type":"BreadcrumbList","@id":"https:\/\/www.esplac.cat\/es\/guia-per-millorar-limpacte-dels-esplais-als-mitjans-de-comunicacio\/#breadcrumb","itemListElement":[{"@type":"ListItem","position":1,"name":"Inici","item":"https:\/\/www.esplac.cat\/en\/"},{"@type":"ListItem","position":2,"name":"Breu guia per millorar l&#8217;impacte dels esplais als mitjans de comunicaci\u00f3"}]},{"@type":"WebSite","@id":"https:\/\/www.esplac.cat\/#website","url":"https:\/\/www.esplac.cat\/","name":"Esplac","description":"Esplais Catalans","publisher":{"@id":"https:\/\/www.esplac.cat\/#organization"},"potentialAction":[{"@type":"SearchAction","target":{"@type":"EntryPoint","urlTemplate":"https:\/\/www.esplac.cat\/?s={search_term_string}"},"query-input":{"@type":"PropertyValueSpecification","valueRequired":true,"valueName":"search_term_string"}}],"inLanguage":"en-US"},{"@type":"Organization","@id":"https:\/\/www.esplac.cat\/#organization","name":"Esplac","url":"https:\/\/www.esplac.cat\/","logo":{"@type":"ImageObject","inLanguage":"en-US","@id":"https:\/\/www.esplac.cat\/#\/schema\/logo\/image\/","url":"https:\/\/www.esplac.cat\/wp-content\/uploads\/2019\/08\/logox2.png","contentUrl":"https:\/\/www.esplac.cat\/wp-content\/uploads\/2019\/08\/logox2.png","width":600,"height":295,"caption":"Esplac"},"image":{"@id":"https:\/\/www.esplac.cat\/#\/schema\/logo\/image\/"}},{"@type":"Person","@id":"https:\/\/www.esplac.cat\/#\/schema\/person\/908383cf240be18b68f8855d0583faca","name":"Comunicaci\u00f3 Esplac","image":{"@type":"ImageObject","inLanguage":"en-US","@id":"https:\/\/secure.gravatar.com\/avatar\/7a4cf8feb412a76ea4a740ca02d95b06b2907b5a6c648c2dd0a1082a093c3141?s=96&d=mm&r=g","url":"https:\/\/secure.gravatar.com\/avatar\/7a4cf8feb412a76ea4a740ca02d95b06b2907b5a6c648c2dd0a1082a093c3141?s=96&d=mm&r=g","contentUrl":"https:\/\/secure.gravatar.com\/avatar\/7a4cf8feb412a76ea4a740ca02d95b06b2907b5a6c648c2dd0a1082a093c3141?s=96&d=mm&r=g","caption":"Comunicaci\u00f3 Esplac"}}]}},"_links":{"self":[{"href":"https:\/\/www.esplac.cat\/en\/wp-json\/wp\/v2\/posts\/25261","targetHints":{"allow":["GET"]}}],"collection":[{"href":"https:\/\/www.esplac.cat\/en\/wp-json\/wp\/v2\/posts"}],"about":[{"href":"https:\/\/www.esplac.cat\/en\/wp-json\/wp\/v2\/types\/post"}],"author":[{"embeddable":true,"href":"https:\/\/www.esplac.cat\/en\/wp-json\/wp\/v2\/users\/3"}],"replies":[{"embeddable":true,"href":"https:\/\/www.esplac.cat\/en\/wp-json\/wp\/v2\/comments?post=25261"}],"version-history":[{"count":0,"href":"https:\/\/www.esplac.cat\/en\/wp-json\/wp\/v2\/posts\/25261\/revisions"}],"wp:featuredmedia":[{"embeddable":true,"href":"https:\/\/www.esplac.cat\/en\/wp-json\/wp\/v2\/media\/25262"}],"wp:attachment":[{"href":"https:\/\/www.esplac.cat\/en\/wp-json\/wp\/v2\/media?parent=25261"}],"wp:term":[{"taxonomy":"category","embeddable":true,"href":"https:\/\/www.esplac.cat\/en\/wp-json\/wp\/v2\/categories?post=25261"},{"taxonomy":"post_tag","embeddable":true,"href":"https:\/\/www.esplac.cat\/en\/wp-json\/wp\/v2\/tags?post=25261"}],"curies":[{"name":"wp","href":"https:\/\/api.w.org\/{rel}","templated":true}]}}