{"id":25263,"date":"2016-04-22T12:12:42","date_gmt":"2016-04-22T10:12:42","guid":{"rendered":"http:\/\/esplac.cat\/?p=10464"},"modified":"2020-12-23T11:15:27","modified_gmt":"2020-12-23T10:15:27","slug":"repensem-la-participacio-conclusions-de-lescola-desplac-2016","status":"publish","type":"post","link":"https:\/\/www.esplac.cat\/en\/repensem-la-participacio-conclusions-de-lescola-desplac-2016\/","title":{"rendered":"Repensem la participaci\u00f3 | Conclusions de l&#8217;Escola d&#8217;Esplac 2016"},"content":{"rendered":"<p>L&#8217;Escola d&#8217;Esplac d&#8217;enguany va centrar-se en la participaci\u00f3 de manera global per acollir pon\u00e8ncies i experi\u00e8ncies de tots els \u00e0mbits. Aix\u00ed, monitors i monitores d&#8217;arreu del territori van poder aprofundir en les implicacions de la participaci\u00f3 aprenent d&#8217;escoles, agrupaments o experi\u00e8ncies personals.<\/p>\n<p>Hem resumit qu\u00e8 vam extreure de cada taula rodona i de cada experi\u00e8ncia en un document que podeu consultar en <a href=\"http:\/\/esplac.cat\/wp-content\/uploads\/2016\/04\/Resum_Escola_Esplac_2016.pdf\" target=\"_blank\" rel=\"noopener noreferrer\">aquest enlla\u00e7.\u00a0<\/a>\u00a0Segur que \u00e9s un molt bon recurs per a portar aquestes conclusions i reflexions a la realitat dels vostres esplais, i traslladar els debats entorn a la participaci\u00f3 amb els vostres equip de monis.<\/p>\n<p>Per altra banda, el v\u00eddeo que encap\u00e7ala la not\u00edcia recull les entrevistes que vam fer a les ponents de l&#8217;edici\u00f3 d&#8217;enguany, que ofereixen, de manera breu, una visi\u00f3 sobre la participaci\u00f3.<\/p>\n<p>Altres informacions d&#8217;inter\u00e8s:<\/p>\n<ul>\n<li><a href=\"http:\/\/esplac.cat\/10-idees-clau-sobre-participacio-a-esplai-escola-esplac-2016\/\" target=\"_blank\" rel=\"noopener noreferrer\">Les 10 idees clau sobre la participaci\u00f3\u00a0<\/a><\/li>\n<li><a href=\"http:\/\/esplac.cat\/escola-desplac-2016-una-mirada-global-a-la-participacio\/\" target=\"_blank\" rel=\"noopener noreferrer\">Cr\u00f2nica de l&#8217;Escola d&#8217;Esplac 2016: Aprenem participant<\/a><\/li>\n<\/ul>\n<p>&nbsp;<\/p>\n<p>&nbsp;<\/p>\n","protected":false},"excerpt":{"rendered":"<p>L&#8217;Escola d&#8217;Esplac d&#8217;enguany va centrar-se en la participaci\u00f3 de manera [&hellip;]<\/p>\n","protected":false},"author":3,"featured_media":25264,"comment_status":"closed","ping_status":"open","sticky":false,"template":"","format":"standard","meta":{"om_disable_all_campaigns":false,"_monsterinsights_skip_tracking":false,"_monsterinsights_sitenote_active":false,"_monsterinsights_sitenote_note":"","_monsterinsights_sitenote_category":0,"_uf_show_specific_survey":0,"_uf_disable_surveys":false,"footnotes":""},"categories":[1111,1131,1129,1328],"tags":[],"class_list":["post-25263","post","type-post","status-publish","format-standard","has-post-thumbnail","hentry","category-activitats-esplac","category-cursos-formacions","category-escola-desplac","category-participacio"],"yoast_head":"<!-- This site is optimized with the Yoast SEO plugin v27.4 - https:\/\/yoast.com\/product\/yoast-seo-wordpress\/ -->\n<title>Repensem la participaci\u00f3 | Conclusions de l&#039;Escola d&#039;Esplac 2016 - Esplac<\/title>\n<meta name=\"robots\" content=\"index, follow, max-snippet:-1, max-image-preview:large, max-video-preview:-1\" \/>\n<link rel=\"canonical\" href=\"https:\/\/www.esplac.cat\/en\/repensem-la-participacio-conclusions-de-lescola-desplac-2016\/\" \/>\n<meta property=\"og:locale\" content=\"en_US\" \/>\n<meta property=\"og:type\" content=\"article\" \/>\n<meta property=\"og:title\" content=\"Repensem la participaci\u00f3 | Conclusions de l&#039;Escola d&#039;Esplac 2016 - Esplac\" \/>\n<meta property=\"og:description\" content=\"L&#8217;Escola d&#8217;Esplac d&#8217;enguany va centrar-se en la participaci\u00f3 de manera [&hellip;]\" \/>\n<meta property=\"og:url\" content=\"https:\/\/www.esplac.cat\/en\/repensem-la-participacio-conclusions-de-lescola-desplac-2016\/\" \/>\n<meta property=\"og:site_name\" content=\"Esplac\" \/>\n<meta property=\"article:published_time\" content=\"2016-04-22T10:12:42+00:00\" \/>\n<meta property=\"article:modified_time\" content=\"2020-12-23T10:15:27+00:00\" \/>\n<meta property=\"og:image\" content=\"https:\/\/www.esplac.cat\/wp-content\/uploads\/2016\/04\/EEsplac_Conclusions.jpg\" \/>\n\t<meta property=\"og:image:width\" content=\"847\" \/>\n\t<meta property=\"og:image:height\" content=\"350\" \/>\n\t<meta property=\"og:image:type\" content=\"image\/jpeg\" \/>\n<meta name=\"author\" content=\"Comunicaci\u00f3 Esplac\" \/>\n<meta name=\"twitter:card\" content=\"summary_large_image\" \/>\n<meta name=\"twitter:label1\" content=\"Written by\" \/>\n\t<meta name=\"twitter:data1\" content=\"Comunicaci\u00f3 Esplac\" \/>\n\t<meta name=\"twitter:label2\" content=\"Est. reading time\" \/>\n\t<meta name=\"twitter:data2\" content=\"1 minute\" \/>\n<script type=\"application\/ld+json\" class=\"yoast-schema-graph\">{\"@context\":\"https:\\\/\\\/schema.org\",\"@graph\":[{\"@type\":\"Article\",\"@id\":\"https:\\\/\\\/www.esplac.cat\\\/en\\\/repensem-la-participacio-conclusions-de-lescola-desplac-2016\\\/#article\",\"isPartOf\":{\"@id\":\"https:\\\/\\\/www.esplac.cat\\\/en\\\/repensem-la-participacio-conclusions-de-lescola-desplac-2016\\\/\"},\"author\":{\"name\":\"Comunicaci\u00f3 Esplac\",\"@id\":\"https:\\\/\\\/www.esplac.cat\\\/#\\\/schema\\\/person\\\/908383cf240be18b68f8855d0583faca\"},\"headline\":\"Repensem la participaci\u00f3 | Conclusions de l&#8217;Escola d&#8217;Esplac 2016\",\"datePublished\":\"2016-04-22T10:12:42+00:00\",\"dateModified\":\"2020-12-23T10:15:27+00:00\",\"mainEntityOfPage\":{\"@id\":\"https:\\\/\\\/www.esplac.cat\\\/en\\\/repensem-la-participacio-conclusions-de-lescola-desplac-2016\\\/\"},\"wordCount\":174,\"publisher\":{\"@id\":\"https:\\\/\\\/www.esplac.cat\\\/#organization\"},\"image\":{\"@id\":\"https:\\\/\\\/www.esplac.cat\\\/en\\\/repensem-la-participacio-conclusions-de-lescola-desplac-2016\\\/#primaryimage\"},\"thumbnailUrl\":\"https:\\\/\\\/www.esplac.cat\\\/wp-content\\\/uploads\\\/2016\\\/04\\\/EEsplac_Conclusions.jpg\",\"articleSection\":[\"Activitats esplac\",\"Cursos i formacions\",\"Escola d'Esplac\",\"Participaci\u00f3\"],\"inLanguage\":\"en-US\"},{\"@type\":\"WebPage\",\"@id\":\"https:\\\/\\\/www.esplac.cat\\\/en\\\/repensem-la-participacio-conclusions-de-lescola-desplac-2016\\\/\",\"url\":\"https:\\\/\\\/www.esplac.cat\\\/en\\\/repensem-la-participacio-conclusions-de-lescola-desplac-2016\\\/\",\"name\":\"Repensem la participaci\u00f3 | Conclusions de l'Escola d'Esplac 2016 - Esplac\",\"isPartOf\":{\"@id\":\"https:\\\/\\\/www.esplac.cat\\\/#website\"},\"primaryImageOfPage\":{\"@id\":\"https:\\\/\\\/www.esplac.cat\\\/en\\\/repensem-la-participacio-conclusions-de-lescola-desplac-2016\\\/#primaryimage\"},\"image\":{\"@id\":\"https:\\\/\\\/www.esplac.cat\\\/en\\\/repensem-la-participacio-conclusions-de-lescola-desplac-2016\\\/#primaryimage\"},\"thumbnailUrl\":\"https:\\\/\\\/www.esplac.cat\\\/wp-content\\\/uploads\\\/2016\\\/04\\\/EEsplac_Conclusions.jpg\",\"datePublished\":\"2016-04-22T10:12:42+00:00\",\"dateModified\":\"2020-12-23T10:15:27+00:00\",\"breadcrumb\":{\"@id\":\"https:\\\/\\\/www.esplac.cat\\\/en\\\/repensem-la-participacio-conclusions-de-lescola-desplac-2016\\\/#breadcrumb\"},\"inLanguage\":\"en-US\",\"potentialAction\":[{\"@type\":\"ReadAction\",\"target\":[\"https:\\\/\\\/www.esplac.cat\\\/en\\\/repensem-la-participacio-conclusions-de-lescola-desplac-2016\\\/\"]}]},{\"@type\":\"ImageObject\",\"inLanguage\":\"en-US\",\"@id\":\"https:\\\/\\\/www.esplac.cat\\\/en\\\/repensem-la-participacio-conclusions-de-lescola-desplac-2016\\\/#primaryimage\",\"url\":\"https:\\\/\\\/www.esplac.cat\\\/wp-content\\\/uploads\\\/2016\\\/04\\\/EEsplac_Conclusions.jpg\",\"contentUrl\":\"https:\\\/\\\/www.esplac.cat\\\/wp-content\\\/uploads\\\/2016\\\/04\\\/EEsplac_Conclusions.jpg\",\"width\":847,\"height\":350},{\"@type\":\"BreadcrumbList\",\"@id\":\"https:\\\/\\\/www.esplac.cat\\\/en\\\/repensem-la-participacio-conclusions-de-lescola-desplac-2016\\\/#breadcrumb\",\"itemListElement\":[{\"@type\":\"ListItem\",\"position\":1,\"name\":\"Inici\",\"item\":\"https:\\\/\\\/www.esplac.cat\\\/en\\\/\"},{\"@type\":\"ListItem\",\"position\":2,\"name\":\"Repensem la participaci\u00f3 | Conclusions de l&#8217;Escola d&#8217;Esplac 2016\"}]},{\"@type\":\"WebSite\",\"@id\":\"https:\\\/\\\/www.esplac.cat\\\/#website\",\"url\":\"https:\\\/\\\/www.esplac.cat\\\/\",\"name\":\"Esplac\",\"description\":\"Esplais Catalans\",\"publisher\":{\"@id\":\"https:\\\/\\\/www.esplac.cat\\\/#organization\"},\"potentialAction\":[{\"@type\":\"SearchAction\",\"target\":{\"@type\":\"EntryPoint\",\"urlTemplate\":\"https:\\\/\\\/www.esplac.cat\\\/?s={search_term_string}\"},\"query-input\":{\"@type\":\"PropertyValueSpecification\",\"valueRequired\":true,\"valueName\":\"search_term_string\"}}],\"inLanguage\":\"en-US\"},{\"@type\":\"Organization\",\"@id\":\"https:\\\/\\\/www.esplac.cat\\\/#organization\",\"name\":\"Esplac\",\"url\":\"https:\\\/\\\/www.esplac.cat\\\/\",\"logo\":{\"@type\":\"ImageObject\",\"inLanguage\":\"en-US\",\"@id\":\"https:\\\/\\\/www.esplac.cat\\\/#\\\/schema\\\/logo\\\/image\\\/\",\"url\":\"https:\\\/\\\/www.esplac.cat\\\/wp-content\\\/uploads\\\/2019\\\/08\\\/logox2.png\",\"contentUrl\":\"https:\\\/\\\/www.esplac.cat\\\/wp-content\\\/uploads\\\/2019\\\/08\\\/logox2.png\",\"width\":600,\"height\":295,\"caption\":\"Esplac\"},\"image\":{\"@id\":\"https:\\\/\\\/www.esplac.cat\\\/#\\\/schema\\\/logo\\\/image\\\/\"}},{\"@type\":\"Person\",\"@id\":\"https:\\\/\\\/www.esplac.cat\\\/#\\\/schema\\\/person\\\/908383cf240be18b68f8855d0583faca\",\"name\":\"Comunicaci\u00f3 Esplac\",\"image\":{\"@type\":\"ImageObject\",\"inLanguage\":\"en-US\",\"@id\":\"https:\\\/\\\/secure.gravatar.com\\\/avatar\\\/7a4cf8feb412a76ea4a740ca02d95b06b2907b5a6c648c2dd0a1082a093c3141?s=96&d=mm&r=g\",\"url\":\"https:\\\/\\\/secure.gravatar.com\\\/avatar\\\/7a4cf8feb412a76ea4a740ca02d95b06b2907b5a6c648c2dd0a1082a093c3141?s=96&d=mm&r=g\",\"contentUrl\":\"https:\\\/\\\/secure.gravatar.com\\\/avatar\\\/7a4cf8feb412a76ea4a740ca02d95b06b2907b5a6c648c2dd0a1082a093c3141?s=96&d=mm&r=g\",\"caption\":\"Comunicaci\u00f3 Esplac\"}}]}<\/script>\n<!-- \/ Yoast SEO plugin. -->","yoast_head_json":{"title":"Repensem la participaci\u00f3 | Conclusions de l'Escola d'Esplac 2016 - Esplac","robots":{"index":"index","follow":"follow","max-snippet":"max-snippet:-1","max-image-preview":"max-image-preview:large","max-video-preview":"max-video-preview:-1"},"canonical":"https:\/\/www.esplac.cat\/en\/repensem-la-participacio-conclusions-de-lescola-desplac-2016\/","og_locale":"en_US","og_type":"article","og_title":"Repensem la participaci\u00f3 | Conclusions de l'Escola d'Esplac 2016 - Esplac","og_description":"L&#8217;Escola d&#8217;Esplac d&#8217;enguany va centrar-se en la participaci\u00f3 de manera [&hellip;]","og_url":"https:\/\/www.esplac.cat\/en\/repensem-la-participacio-conclusions-de-lescola-desplac-2016\/","og_site_name":"Esplac","article_published_time":"2016-04-22T10:12:42+00:00","article_modified_time":"2020-12-23T10:15:27+00:00","og_image":[{"width":847,"height":350,"url":"https:\/\/www.esplac.cat\/wp-content\/uploads\/2016\/04\/EEsplac_Conclusions.jpg","type":"image\/jpeg"}],"author":"Comunicaci\u00f3 Esplac","twitter_card":"summary_large_image","twitter_misc":{"Written by":"Comunicaci\u00f3 Esplac","Est. reading time":"1 minute"},"schema":{"@context":"https:\/\/schema.org","@graph":[{"@type":"Article","@id":"https:\/\/www.esplac.cat\/en\/repensem-la-participacio-conclusions-de-lescola-desplac-2016\/#article","isPartOf":{"@id":"https:\/\/www.esplac.cat\/en\/repensem-la-participacio-conclusions-de-lescola-desplac-2016\/"},"author":{"name":"Comunicaci\u00f3 Esplac","@id":"https:\/\/www.esplac.cat\/#\/schema\/person\/908383cf240be18b68f8855d0583faca"},"headline":"Repensem la participaci\u00f3 | Conclusions de l&#8217;Escola d&#8217;Esplac 2016","datePublished":"2016-04-22T10:12:42+00:00","dateModified":"2020-12-23T10:15:27+00:00","mainEntityOfPage":{"@id":"https:\/\/www.esplac.cat\/en\/repensem-la-participacio-conclusions-de-lescola-desplac-2016\/"},"wordCount":174,"publisher":{"@id":"https:\/\/www.esplac.cat\/#organization"},"image":{"@id":"https:\/\/www.esplac.cat\/en\/repensem-la-participacio-conclusions-de-lescola-desplac-2016\/#primaryimage"},"thumbnailUrl":"https:\/\/www.esplac.cat\/wp-content\/uploads\/2016\/04\/EEsplac_Conclusions.jpg","articleSection":["Activitats esplac","Cursos i formacions","Escola d'Esplac","Participaci\u00f3"],"inLanguage":"en-US"},{"@type":"WebPage","@id":"https:\/\/www.esplac.cat\/en\/repensem-la-participacio-conclusions-de-lescola-desplac-2016\/","url":"https:\/\/www.esplac.cat\/en\/repensem-la-participacio-conclusions-de-lescola-desplac-2016\/","name":"Repensem la participaci\u00f3 | Conclusions de l'Escola d'Esplac 2016 - Esplac","isPartOf":{"@id":"https:\/\/www.esplac.cat\/#website"},"primaryImageOfPage":{"@id":"https:\/\/www.esplac.cat\/en\/repensem-la-participacio-conclusions-de-lescola-desplac-2016\/#primaryimage"},"image":{"@id":"https:\/\/www.esplac.cat\/en\/repensem-la-participacio-conclusions-de-lescola-desplac-2016\/#primaryimage"},"thumbnailUrl":"https:\/\/www.esplac.cat\/wp-content\/uploads\/2016\/04\/EEsplac_Conclusions.jpg","datePublished":"2016-04-22T10:12:42+00:00","dateModified":"2020-12-23T10:15:27+00:00","breadcrumb":{"@id":"https:\/\/www.esplac.cat\/en\/repensem-la-participacio-conclusions-de-lescola-desplac-2016\/#breadcrumb"},"inLanguage":"en-US","potentialAction":[{"@type":"ReadAction","target":["https:\/\/www.esplac.cat\/en\/repensem-la-participacio-conclusions-de-lescola-desplac-2016\/"]}]},{"@type":"ImageObject","inLanguage":"en-US","@id":"https:\/\/www.esplac.cat\/en\/repensem-la-participacio-conclusions-de-lescola-desplac-2016\/#primaryimage","url":"https:\/\/www.esplac.cat\/wp-content\/uploads\/2016\/04\/EEsplac_Conclusions.jpg","contentUrl":"https:\/\/www.esplac.cat\/wp-content\/uploads\/2016\/04\/EEsplac_Conclusions.jpg","width":847,"height":350},{"@type":"BreadcrumbList","@id":"https:\/\/www.esplac.cat\/en\/repensem-la-participacio-conclusions-de-lescola-desplac-2016\/#breadcrumb","itemListElement":[{"@type":"ListItem","position":1,"name":"Inici","item":"https:\/\/www.esplac.cat\/en\/"},{"@type":"ListItem","position":2,"name":"Repensem la participaci\u00f3 | Conclusions de l&#8217;Escola d&#8217;Esplac 2016"}]},{"@type":"WebSite","@id":"https:\/\/www.esplac.cat\/#website","url":"https:\/\/www.esplac.cat\/","name":"Esplac","description":"Esplais Catalans","publisher":{"@id":"https:\/\/www.esplac.cat\/#organization"},"potentialAction":[{"@type":"SearchAction","target":{"@type":"EntryPoint","urlTemplate":"https:\/\/www.esplac.cat\/?s={search_term_string}"},"query-input":{"@type":"PropertyValueSpecification","valueRequired":true,"valueName":"search_term_string"}}],"inLanguage":"en-US"},{"@type":"Organization","@id":"https:\/\/www.esplac.cat\/#organization","name":"Esplac","url":"https:\/\/www.esplac.cat\/","logo":{"@type":"ImageObject","inLanguage":"en-US","@id":"https:\/\/www.esplac.cat\/#\/schema\/logo\/image\/","url":"https:\/\/www.esplac.cat\/wp-content\/uploads\/2019\/08\/logox2.png","contentUrl":"https:\/\/www.esplac.cat\/wp-content\/uploads\/2019\/08\/logox2.png","width":600,"height":295,"caption":"Esplac"},"image":{"@id":"https:\/\/www.esplac.cat\/#\/schema\/logo\/image\/"}},{"@type":"Person","@id":"https:\/\/www.esplac.cat\/#\/schema\/person\/908383cf240be18b68f8855d0583faca","name":"Comunicaci\u00f3 Esplac","image":{"@type":"ImageObject","inLanguage":"en-US","@id":"https:\/\/secure.gravatar.com\/avatar\/7a4cf8feb412a76ea4a740ca02d95b06b2907b5a6c648c2dd0a1082a093c3141?s=96&d=mm&r=g","url":"https:\/\/secure.gravatar.com\/avatar\/7a4cf8feb412a76ea4a740ca02d95b06b2907b5a6c648c2dd0a1082a093c3141?s=96&d=mm&r=g","contentUrl":"https:\/\/secure.gravatar.com\/avatar\/7a4cf8feb412a76ea4a740ca02d95b06b2907b5a6c648c2dd0a1082a093c3141?s=96&d=mm&r=g","caption":"Comunicaci\u00f3 Esplac"}}]}},"_links":{"self":[{"href":"https:\/\/www.esplac.cat\/en\/wp-json\/wp\/v2\/posts\/25263","targetHints":{"allow":["GET"]}}],"collection":[{"href":"https:\/\/www.esplac.cat\/en\/wp-json\/wp\/v2\/posts"}],"about":[{"href":"https:\/\/www.esplac.cat\/en\/wp-json\/wp\/v2\/types\/post"}],"author":[{"embeddable":true,"href":"https:\/\/www.esplac.cat\/en\/wp-json\/wp\/v2\/users\/3"}],"replies":[{"embeddable":true,"href":"https:\/\/www.esplac.cat\/en\/wp-json\/wp\/v2\/comments?post=25263"}],"version-history":[{"count":0,"href":"https:\/\/www.esplac.cat\/en\/wp-json\/wp\/v2\/posts\/25263\/revisions"}],"wp:featuredmedia":[{"embeddable":true,"href":"https:\/\/www.esplac.cat\/en\/wp-json\/wp\/v2\/media\/25264"}],"wp:attachment":[{"href":"https:\/\/www.esplac.cat\/en\/wp-json\/wp\/v2\/media?parent=25263"}],"wp:term":[{"taxonomy":"category","embeddable":true,"href":"https:\/\/www.esplac.cat\/en\/wp-json\/wp\/v2\/categories?post=25263"},{"taxonomy":"post_tag","embeddable":true,"href":"https:\/\/www.esplac.cat\/en\/wp-json\/wp\/v2\/tags?post=25263"}],"curies":[{"name":"wp","href":"https:\/\/api.w.org\/{rel}","templated":true}]}}