{"id":25302,"date":"2016-03-22T11:24:23","date_gmt":"2016-03-22T09:24:23","guid":{"rendered":"http:\/\/esplac.cat\/?p=10324"},"modified":"2016-03-22T11:24:23","modified_gmt":"2016-03-22T09:24:23","slug":"la-comissio-internacional-presenta-la-guia-de-linternacionalisme","status":"publish","type":"post","link":"https:\/\/www.esplac.cat\/en\/la-comissio-internacional-presenta-la-guia-de-linternacionalisme\/","title":{"rendered":"La Comissi\u00f3 Internacional presenta la Guia de l\u2019Internacionalisme"},"content":{"rendered":"<h4 style=\"text-align: justify;\">Es tracta d&#8217;un recurs online que cont\u00e9 tota la informaci\u00f3\u00a0necess\u00e0ria\u00a0per promoure l\u2019internacionalisme entre els esplais<\/h4>\n<p style=\"text-align: justify;\">Despr\u00e9s d\u2019un llarg proc\u00e9s de debat i treball en equip, la Comissi\u00f3 Internacional d\u2019Esplac fa el llan\u00e7ament d\u2019un nou recurs creat per a qu\u00e8 tots els esplais puguin iniciar-se sense por en el meravell\u00f3s m\u00f3n de l\u2019internacionalisme.<\/p>\n<p style=\"text-align: justify;\">Vols saber a qu\u00e8 ens referim quan parlem d'&#8221;internacionalisme&#8221;? No sabeu quin tipus d\u2019activitats internacionals es poden fer amb l\u2019esplai? Has sentit a parlar de les sigles SVE o EVS i no saps qu\u00e8 volen dir exactament? T\u2019has plantejat mai com explicar qu\u00e8 \u00e9s un\u00a0\u00abesplai\u00bb en angl\u00e8s? T\u2019encantaria fer una formaci\u00f3 internacional per\u00f2 et fa por la barrera ling\u00fc\u00edstica?<\/p>\n<p style=\"text-align: justify;\">Les respostes a aquestes preguntes i moltes m\u00e9s, les trobareu en aquest recurs atractiu, interactiu i pr\u00e0ctic que cont\u00e9 v\u00eddeos i animacions acompanyant textos i enlla\u00e7os amb informaci\u00f3 \u00fatil, a trav\u00e9s de les seg\u00fcents seccions:<\/p>\n<ol>\n<li style=\"text-align: justify;\">\n<h3>Internacionalisme. &#8230;i aix\u00f2 qu\u00e8 \u00e9s?<\/h3>\n<\/li>\n<li style=\"text-align: justify;\">\n<h3>Oportunitats internacionals: qu\u00e8 podem fer com a monis i com a esplai?<\/h3>\n<\/li>\n<li style=\"text-align: justify;\">\n<h3>Consells per a esplais internacionalistes<\/h3>\n<\/li>\n<li style=\"text-align: justify;\">\n<h3>Recursos<\/h3>\n<\/li>\n<li style=\"text-align: justify;\">\n<h3>Glosari catal\u00e0-angl\u00e8s<\/h3>\n<\/li>\n<\/ol>\n<p style=\"text-align: justify;\">La Guia de l\u2019Internacionalime est\u00e0 disponible al Banc de Recursos d\u2019Esplac i tamb\u00e9 hi podeu accedir directament. Esperem que la trobeu \u00fatil i interessant!<\/p>\n","protected":false},"excerpt":{"rendered":"<p>Es tracta d&#8217;un recurs online que cont\u00e9 tota la informaci\u00f3\u00a0necess\u00e0ria\u00a0per [&hellip;]<\/p>\n","protected":false},"author":3,"featured_media":25303,"comment_status":"closed","ping_status":"open","sticky":false,"template":"","format":"standard","meta":{"om_disable_all_campaigns":false,"_monsterinsights_skip_tracking":false,"_monsterinsights_sitenote_active":false,"_monsterinsights_sitenote_note":"","_monsterinsights_sitenote_category":0,"_uf_show_specific_survey":0,"_uf_disable_surveys":false,"footnotes":""},"categories":[1119,1112,1114,1],"tags":[44,149,685,686,109,687],"class_list":["post-25302","post","type-post","status-publish","format-standard","has-post-thumbnail","hentry","category-activitats-comissions-grups-de-treball","category-esplac-al-mon","category-recursos","category-sense-categoria","tag-banc-de-recursos","tag-comissio-internacional","tag-guia","tag-guia-de-linternacionalisme","tag-internacionalisme","tag-recurs-online"],"yoast_head":"<!-- This site is optimized with the Yoast SEO plugin v27.4 - https:\/\/yoast.com\/product\/yoast-seo-wordpress\/ -->\n<title>La Comissi\u00f3 Internacional presenta la Guia de l\u2019Internacionalisme - Esplac<\/title>\n<meta name=\"robots\" content=\"index, follow, max-snippet:-1, max-image-preview:large, max-video-preview:-1\" \/>\n<link rel=\"canonical\" href=\"https:\/\/www.esplac.cat\/es\/la-comissio-internacional-presenta-la-guia-de-linternacionalisme\/\" \/>\n<meta property=\"og:locale\" content=\"en_US\" \/>\n<meta property=\"og:type\" content=\"article\" \/>\n<meta property=\"og:title\" content=\"La Comissi\u00f3 Internacional presenta la Guia de l\u2019Internacionalisme - Esplac\" \/>\n<meta property=\"og:description\" content=\"Es tracta d&#8217;un recurs online que cont\u00e9 tota la informaci\u00f3\u00a0necess\u00e0ria\u00a0per [&hellip;]\" \/>\n<meta property=\"og:url\" content=\"https:\/\/www.esplac.cat\/es\/la-comissio-internacional-presenta-la-guia-de-linternacionalisme\/\" \/>\n<meta property=\"og:site_name\" content=\"Esplac\" \/>\n<meta property=\"article:published_time\" content=\"2016-03-22T09:24:23+00:00\" \/>\n<meta property=\"og:image\" content=\"https:\/\/www.esplac.cat\/wp-content\/uploads\/2016\/03\/20160322_Guia-internacionalisme.jpg\" \/>\n\t<meta property=\"og:image:width\" content=\"847\" \/>\n\t<meta property=\"og:image:height\" content=\"350\" \/>\n\t<meta property=\"og:image:type\" content=\"image\/jpeg\" \/>\n<meta name=\"author\" content=\"Comunicaci\u00f3 Esplac\" \/>\n<meta name=\"twitter:card\" content=\"summary_large_image\" \/>\n<meta name=\"twitter:label1\" content=\"Written by\" \/>\n\t<meta name=\"twitter:data1\" content=\"Comunicaci\u00f3 Esplac\" \/>\n\t<meta name=\"twitter:label2\" content=\"Est. reading time\" \/>\n\t<meta name=\"twitter:data2\" content=\"1 minute\" \/>\n<script type=\"application\/ld+json\" class=\"yoast-schema-graph\">{\"@context\":\"https:\\\/\\\/schema.org\",\"@graph\":[{\"@type\":\"Article\",\"@id\":\"https:\\\/\\\/www.esplac.cat\\\/es\\\/la-comissio-internacional-presenta-la-guia-de-linternacionalisme\\\/#article\",\"isPartOf\":{\"@id\":\"https:\\\/\\\/www.esplac.cat\\\/es\\\/la-comissio-internacional-presenta-la-guia-de-linternacionalisme\\\/\"},\"author\":{\"name\":\"Comunicaci\u00f3 Esplac\",\"@id\":\"https:\\\/\\\/www.esplac.cat\\\/#\\\/schema\\\/person\\\/908383cf240be18b68f8855d0583faca\"},\"headline\":\"La Comissi\u00f3 Internacional presenta la Guia de l\u2019Internacionalisme\",\"datePublished\":\"2016-03-22T09:24:23+00:00\",\"mainEntityOfPage\":{\"@id\":\"https:\\\/\\\/www.esplac.cat\\\/es\\\/la-comissio-internacional-presenta-la-guia-de-linternacionalisme\\\/\"},\"wordCount\":296,\"publisher\":{\"@id\":\"https:\\\/\\\/www.esplac.cat\\\/#organization\"},\"image\":{\"@id\":\"https:\\\/\\\/www.esplac.cat\\\/es\\\/la-comissio-internacional-presenta-la-guia-de-linternacionalisme\\\/#primaryimage\"},\"thumbnailUrl\":\"https:\\\/\\\/www.esplac.cat\\\/wp-content\\\/uploads\\\/2016\\\/03\\\/20160322_Guia-internacionalisme.jpg\",\"keywords\":[\"banc de recursos\",\"comissi\u00f3 internacional\",\"guia\",\"guia de l'internacionalisme\",\"internacionalisme\",\"recurs online\"],\"articleSection\":[\"Activitats comissions i grups de treball\",\"Esplac al m\u00f3n\",\"Recursos\",\"Sense categoria\"],\"inLanguage\":\"en-US\"},{\"@type\":\"WebPage\",\"@id\":\"https:\\\/\\\/www.esplac.cat\\\/es\\\/la-comissio-internacional-presenta-la-guia-de-linternacionalisme\\\/\",\"url\":\"https:\\\/\\\/www.esplac.cat\\\/es\\\/la-comissio-internacional-presenta-la-guia-de-linternacionalisme\\\/\",\"name\":\"La Comissi\u00f3 Internacional presenta la Guia de l\u2019Internacionalisme - Esplac\",\"isPartOf\":{\"@id\":\"https:\\\/\\\/www.esplac.cat\\\/#website\"},\"primaryImageOfPage\":{\"@id\":\"https:\\\/\\\/www.esplac.cat\\\/es\\\/la-comissio-internacional-presenta-la-guia-de-linternacionalisme\\\/#primaryimage\"},\"image\":{\"@id\":\"https:\\\/\\\/www.esplac.cat\\\/es\\\/la-comissio-internacional-presenta-la-guia-de-linternacionalisme\\\/#primaryimage\"},\"thumbnailUrl\":\"https:\\\/\\\/www.esplac.cat\\\/wp-content\\\/uploads\\\/2016\\\/03\\\/20160322_Guia-internacionalisme.jpg\",\"datePublished\":\"2016-03-22T09:24:23+00:00\",\"breadcrumb\":{\"@id\":\"https:\\\/\\\/www.esplac.cat\\\/es\\\/la-comissio-internacional-presenta-la-guia-de-linternacionalisme\\\/#breadcrumb\"},\"inLanguage\":\"en-US\",\"potentialAction\":[{\"@type\":\"ReadAction\",\"target\":[\"https:\\\/\\\/www.esplac.cat\\\/es\\\/la-comissio-internacional-presenta-la-guia-de-linternacionalisme\\\/\"]}]},{\"@type\":\"ImageObject\",\"inLanguage\":\"en-US\",\"@id\":\"https:\\\/\\\/www.esplac.cat\\\/es\\\/la-comissio-internacional-presenta-la-guia-de-linternacionalisme\\\/#primaryimage\",\"url\":\"https:\\\/\\\/www.esplac.cat\\\/wp-content\\\/uploads\\\/2016\\\/03\\\/20160322_Guia-internacionalisme.jpg\",\"contentUrl\":\"https:\\\/\\\/www.esplac.cat\\\/wp-content\\\/uploads\\\/2016\\\/03\\\/20160322_Guia-internacionalisme.jpg\",\"width\":847,\"height\":350},{\"@type\":\"BreadcrumbList\",\"@id\":\"https:\\\/\\\/www.esplac.cat\\\/es\\\/la-comissio-internacional-presenta-la-guia-de-linternacionalisme\\\/#breadcrumb\",\"itemListElement\":[{\"@type\":\"ListItem\",\"position\":1,\"name\":\"Inici\",\"item\":\"https:\\\/\\\/www.esplac.cat\\\/en\\\/\"},{\"@type\":\"ListItem\",\"position\":2,\"name\":\"La Comissi\u00f3 Internacional presenta la Guia de l\u2019Internacionalisme\"}]},{\"@type\":\"WebSite\",\"@id\":\"https:\\\/\\\/www.esplac.cat\\\/#website\",\"url\":\"https:\\\/\\\/www.esplac.cat\\\/\",\"name\":\"Esplac\",\"description\":\"Esplais Catalans\",\"publisher\":{\"@id\":\"https:\\\/\\\/www.esplac.cat\\\/#organization\"},\"potentialAction\":[{\"@type\":\"SearchAction\",\"target\":{\"@type\":\"EntryPoint\",\"urlTemplate\":\"https:\\\/\\\/www.esplac.cat\\\/?s={search_term_string}\"},\"query-input\":{\"@type\":\"PropertyValueSpecification\",\"valueRequired\":true,\"valueName\":\"search_term_string\"}}],\"inLanguage\":\"en-US\"},{\"@type\":\"Organization\",\"@id\":\"https:\\\/\\\/www.esplac.cat\\\/#organization\",\"name\":\"Esplac\",\"url\":\"https:\\\/\\\/www.esplac.cat\\\/\",\"logo\":{\"@type\":\"ImageObject\",\"inLanguage\":\"en-US\",\"@id\":\"https:\\\/\\\/www.esplac.cat\\\/#\\\/schema\\\/logo\\\/image\\\/\",\"url\":\"https:\\\/\\\/www.esplac.cat\\\/wp-content\\\/uploads\\\/2019\\\/08\\\/logox2.png\",\"contentUrl\":\"https:\\\/\\\/www.esplac.cat\\\/wp-content\\\/uploads\\\/2019\\\/08\\\/logox2.png\",\"width\":600,\"height\":295,\"caption\":\"Esplac\"},\"image\":{\"@id\":\"https:\\\/\\\/www.esplac.cat\\\/#\\\/schema\\\/logo\\\/image\\\/\"}},{\"@type\":\"Person\",\"@id\":\"https:\\\/\\\/www.esplac.cat\\\/#\\\/schema\\\/person\\\/908383cf240be18b68f8855d0583faca\",\"name\":\"Comunicaci\u00f3 Esplac\",\"image\":{\"@type\":\"ImageObject\",\"inLanguage\":\"en-US\",\"@id\":\"https:\\\/\\\/secure.gravatar.com\\\/avatar\\\/7a4cf8feb412a76ea4a740ca02d95b06b2907b5a6c648c2dd0a1082a093c3141?s=96&d=mm&r=g\",\"url\":\"https:\\\/\\\/secure.gravatar.com\\\/avatar\\\/7a4cf8feb412a76ea4a740ca02d95b06b2907b5a6c648c2dd0a1082a093c3141?s=96&d=mm&r=g\",\"contentUrl\":\"https:\\\/\\\/secure.gravatar.com\\\/avatar\\\/7a4cf8feb412a76ea4a740ca02d95b06b2907b5a6c648c2dd0a1082a093c3141?s=96&d=mm&r=g\",\"caption\":\"Comunicaci\u00f3 Esplac\"}}]}<\/script>\n<!-- \/ Yoast SEO plugin. -->","yoast_head_json":{"title":"La Comissi\u00f3 Internacional presenta la Guia de l\u2019Internacionalisme - Esplac","robots":{"index":"index","follow":"follow","max-snippet":"max-snippet:-1","max-image-preview":"max-image-preview:large","max-video-preview":"max-video-preview:-1"},"canonical":"https:\/\/www.esplac.cat\/es\/la-comissio-internacional-presenta-la-guia-de-linternacionalisme\/","og_locale":"en_US","og_type":"article","og_title":"La Comissi\u00f3 Internacional presenta la Guia de l\u2019Internacionalisme - Esplac","og_description":"Es tracta d&#8217;un recurs online que cont\u00e9 tota la informaci\u00f3\u00a0necess\u00e0ria\u00a0per [&hellip;]","og_url":"https:\/\/www.esplac.cat\/es\/la-comissio-internacional-presenta-la-guia-de-linternacionalisme\/","og_site_name":"Esplac","article_published_time":"2016-03-22T09:24:23+00:00","og_image":[{"width":847,"height":350,"url":"https:\/\/www.esplac.cat\/wp-content\/uploads\/2016\/03\/20160322_Guia-internacionalisme.jpg","type":"image\/jpeg"}],"author":"Comunicaci\u00f3 Esplac","twitter_card":"summary_large_image","twitter_misc":{"Written by":"Comunicaci\u00f3 Esplac","Est. reading time":"1 minute"},"schema":{"@context":"https:\/\/schema.org","@graph":[{"@type":"Article","@id":"https:\/\/www.esplac.cat\/es\/la-comissio-internacional-presenta-la-guia-de-linternacionalisme\/#article","isPartOf":{"@id":"https:\/\/www.esplac.cat\/es\/la-comissio-internacional-presenta-la-guia-de-linternacionalisme\/"},"author":{"name":"Comunicaci\u00f3 Esplac","@id":"https:\/\/www.esplac.cat\/#\/schema\/person\/908383cf240be18b68f8855d0583faca"},"headline":"La Comissi\u00f3 Internacional presenta la Guia de l\u2019Internacionalisme","datePublished":"2016-03-22T09:24:23+00:00","mainEntityOfPage":{"@id":"https:\/\/www.esplac.cat\/es\/la-comissio-internacional-presenta-la-guia-de-linternacionalisme\/"},"wordCount":296,"publisher":{"@id":"https:\/\/www.esplac.cat\/#organization"},"image":{"@id":"https:\/\/www.esplac.cat\/es\/la-comissio-internacional-presenta-la-guia-de-linternacionalisme\/#primaryimage"},"thumbnailUrl":"https:\/\/www.esplac.cat\/wp-content\/uploads\/2016\/03\/20160322_Guia-internacionalisme.jpg","keywords":["banc de recursos","comissi\u00f3 internacional","guia","guia de l'internacionalisme","internacionalisme","recurs online"],"articleSection":["Activitats comissions i grups de treball","Esplac al m\u00f3n","Recursos","Sense categoria"],"inLanguage":"en-US"},{"@type":"WebPage","@id":"https:\/\/www.esplac.cat\/es\/la-comissio-internacional-presenta-la-guia-de-linternacionalisme\/","url":"https:\/\/www.esplac.cat\/es\/la-comissio-internacional-presenta-la-guia-de-linternacionalisme\/","name":"La Comissi\u00f3 Internacional presenta la Guia de l\u2019Internacionalisme - Esplac","isPartOf":{"@id":"https:\/\/www.esplac.cat\/#website"},"primaryImageOfPage":{"@id":"https:\/\/www.esplac.cat\/es\/la-comissio-internacional-presenta-la-guia-de-linternacionalisme\/#primaryimage"},"image":{"@id":"https:\/\/www.esplac.cat\/es\/la-comissio-internacional-presenta-la-guia-de-linternacionalisme\/#primaryimage"},"thumbnailUrl":"https:\/\/www.esplac.cat\/wp-content\/uploads\/2016\/03\/20160322_Guia-internacionalisme.jpg","datePublished":"2016-03-22T09:24:23+00:00","breadcrumb":{"@id":"https:\/\/www.esplac.cat\/es\/la-comissio-internacional-presenta-la-guia-de-linternacionalisme\/#breadcrumb"},"inLanguage":"en-US","potentialAction":[{"@type":"ReadAction","target":["https:\/\/www.esplac.cat\/es\/la-comissio-internacional-presenta-la-guia-de-linternacionalisme\/"]}]},{"@type":"ImageObject","inLanguage":"en-US","@id":"https:\/\/www.esplac.cat\/es\/la-comissio-internacional-presenta-la-guia-de-linternacionalisme\/#primaryimage","url":"https:\/\/www.esplac.cat\/wp-content\/uploads\/2016\/03\/20160322_Guia-internacionalisme.jpg","contentUrl":"https:\/\/www.esplac.cat\/wp-content\/uploads\/2016\/03\/20160322_Guia-internacionalisme.jpg","width":847,"height":350},{"@type":"BreadcrumbList","@id":"https:\/\/www.esplac.cat\/es\/la-comissio-internacional-presenta-la-guia-de-linternacionalisme\/#breadcrumb","itemListElement":[{"@type":"ListItem","position":1,"name":"Inici","item":"https:\/\/www.esplac.cat\/en\/"},{"@type":"ListItem","position":2,"name":"La Comissi\u00f3 Internacional presenta la Guia de l\u2019Internacionalisme"}]},{"@type":"WebSite","@id":"https:\/\/www.esplac.cat\/#website","url":"https:\/\/www.esplac.cat\/","name":"Esplac","description":"Esplais Catalans","publisher":{"@id":"https:\/\/www.esplac.cat\/#organization"},"potentialAction":[{"@type":"SearchAction","target":{"@type":"EntryPoint","urlTemplate":"https:\/\/www.esplac.cat\/?s={search_term_string}"},"query-input":{"@type":"PropertyValueSpecification","valueRequired":true,"valueName":"search_term_string"}}],"inLanguage":"en-US"},{"@type":"Organization","@id":"https:\/\/www.esplac.cat\/#organization","name":"Esplac","url":"https:\/\/www.esplac.cat\/","logo":{"@type":"ImageObject","inLanguage":"en-US","@id":"https:\/\/www.esplac.cat\/#\/schema\/logo\/image\/","url":"https:\/\/www.esplac.cat\/wp-content\/uploads\/2019\/08\/logox2.png","contentUrl":"https:\/\/www.esplac.cat\/wp-content\/uploads\/2019\/08\/logox2.png","width":600,"height":295,"caption":"Esplac"},"image":{"@id":"https:\/\/www.esplac.cat\/#\/schema\/logo\/image\/"}},{"@type":"Person","@id":"https:\/\/www.esplac.cat\/#\/schema\/person\/908383cf240be18b68f8855d0583faca","name":"Comunicaci\u00f3 Esplac","image":{"@type":"ImageObject","inLanguage":"en-US","@id":"https:\/\/secure.gravatar.com\/avatar\/7a4cf8feb412a76ea4a740ca02d95b06b2907b5a6c648c2dd0a1082a093c3141?s=96&d=mm&r=g","url":"https:\/\/secure.gravatar.com\/avatar\/7a4cf8feb412a76ea4a740ca02d95b06b2907b5a6c648c2dd0a1082a093c3141?s=96&d=mm&r=g","contentUrl":"https:\/\/secure.gravatar.com\/avatar\/7a4cf8feb412a76ea4a740ca02d95b06b2907b5a6c648c2dd0a1082a093c3141?s=96&d=mm&r=g","caption":"Comunicaci\u00f3 Esplac"}}]}},"_links":{"self":[{"href":"https:\/\/www.esplac.cat\/en\/wp-json\/wp\/v2\/posts\/25302","targetHints":{"allow":["GET"]}}],"collection":[{"href":"https:\/\/www.esplac.cat\/en\/wp-json\/wp\/v2\/posts"}],"about":[{"href":"https:\/\/www.esplac.cat\/en\/wp-json\/wp\/v2\/types\/post"}],"author":[{"embeddable":true,"href":"https:\/\/www.esplac.cat\/en\/wp-json\/wp\/v2\/users\/3"}],"replies":[{"embeddable":true,"href":"https:\/\/www.esplac.cat\/en\/wp-json\/wp\/v2\/comments?post=25302"}],"version-history":[{"count":0,"href":"https:\/\/www.esplac.cat\/en\/wp-json\/wp\/v2\/posts\/25302\/revisions"}],"wp:featuredmedia":[{"embeddable":true,"href":"https:\/\/www.esplac.cat\/en\/wp-json\/wp\/v2\/media\/25303"}],"wp:attachment":[{"href":"https:\/\/www.esplac.cat\/en\/wp-json\/wp\/v2\/media?parent=25302"}],"wp:term":[{"taxonomy":"category","embeddable":true,"href":"https:\/\/www.esplac.cat\/en\/wp-json\/wp\/v2\/categories?post=25302"},{"taxonomy":"post_tag","embeddable":true,"href":"https:\/\/www.esplac.cat\/en\/wp-json\/wp\/v2\/tags?post=25302"}],"curies":[{"name":"wp","href":"https:\/\/api.w.org\/{rel}","templated":true}]}}