{"id":25307,"date":"2016-03-21T08:00:09","date_gmt":"2016-03-21T06:00:09","guid":{"rendered":"http:\/\/esplac.cat\/?p=10309"},"modified":"2016-03-21T08:00:09","modified_gmt":"2016-03-21T06:00:09","slug":"sector-maresme-celebra-trobades-drups-edat-esplais","status":"publish","type":"post","link":"https:\/\/www.esplac.cat\/en\/sector-maresme-celebra-trobades-drups-edat-esplais\/","title":{"rendered":"El Sector Maresme celebra les trobades de tots els grups d&#8217;edat dels esplais"},"content":{"rendered":"<h4 align=\"justify\">Durant el passat cap de setmana del 12 i 13 de mar\u00e7, s&#8217;ha desenvolupat la\u00a0trobada de xics i petits a Vilassar, la de mitjans a Matar\u00f3 i la de grans i joves a Llinars del Vall\u00e8s.<\/h4>\n<p align=\"justify\">El dissabte, durant tot el dia, a Matar\u00f3 hi han tingut lloc les trobades dels grups de xics i petits i, a Vilassar, la trobada dels grups de mitjans, per tal de facilitar la coneixen\u00e7a dels infants del sector i, alhora, donar a con\u00e9ixer la realitat del sector Maresme a aquestes poblacions de la comarca.<\/p>\n<p align=\"justify\">La trobada de xics i petits va esdevenir una gran gimcana al Parc Central de Matar\u00f3, construint, al final, aquesta pancarta gegant:<\/p>\n<p align=\"justify\"><a href=\"http:\/\/esplac.cat\/wp-content\/uploads\/2016\/03\/20160316_TIDeCapMaresme.jpg\" rel=\"attachment wp-att-10310\"><img decoding=\"async\" class=\"wp-image-10310 aligncenter\" src=\"http:\/\/esplac.cat\/wp-content\/uploads\/2016\/03\/20160316_TIDeCapMaresme-300x180.jpg\" alt=\"20160316_TIDeCapMaresme\" width=\"472\" height=\"283\" \/><\/a><\/p>\n<p style=\"text-align: justify;\" align=\"justify\">Mentre que la trobada de mitjans va anar dirigida a fer una gran descoberta de la poblaci\u00f3 de Vilassar de Mar.<\/p>\n<p style=\"text-align: justify;\" align=\"justify\">D&#8217;altra banda, a la casa de col\u00f2nies de Mogent, a Llinars del Vall\u00e8s, els grups de grans i joves del sector, van compartir un cap de setmana formatiu i l\u00fadic emmarcat en el treball i la reflexi\u00f3 sobre q\u00fcestions d&#8217;ecologisme i medi ambient, moviments socials, solidaritat internacional i g\u00e8nere.<\/p>\n<p style=\"text-align: justify;\" align=\"justify\">Al sector Maresme seguim fent feina! <strong>Visca el Maresme, lliure i tropical!<\/strong><\/p>\n","protected":false},"excerpt":{"rendered":"<p>Durant el passat cap de setmana del 12 i 13 [&hellip;]<\/p>\n","protected":false},"author":3,"featured_media":25308,"comment_status":"closed","ping_status":"open","sticky":false,"template":"","format":"standard","meta":{"om_disable_all_campaigns":false,"_monsterinsights_skip_tracking":false,"_monsterinsights_sitenote_active":false,"_monsterinsights_sitenote_note":"","_monsterinsights_sitenote_category":0,"_uf_show_specific_survey":0,"_uf_disable_surveys":false,"footnotes":""},"categories":[1110,1113],"tags":[21,23,24],"class_list":["post-25307","post","type-post","status-publish","format-standard","has-post-thumbnail","hentry","category-activitats-sectors","category-sector-maresme","tag-sector-maresme","tag-sectors-geografics","tag-trobada-dinfants"],"yoast_head":"<!-- This site is optimized with the Yoast SEO plugin v27.5 - https:\/\/yoast.com\/product\/yoast-seo-wordpress\/ -->\n<title>El Sector Maresme celebra les trobades de tots els grups d&#039;edat dels esplais - Esplac<\/title>\n<meta name=\"robots\" content=\"index, follow, max-snippet:-1, max-image-preview:large, max-video-preview:-1\" \/>\n<link rel=\"canonical\" href=\"https:\/\/www.esplac.cat\/sector-maresme-celebra-trobades-drups-edat-esplais\/\" \/>\n<meta property=\"og:locale\" content=\"en_US\" \/>\n<meta property=\"og:type\" content=\"article\" \/>\n<meta property=\"og:title\" content=\"El Sector Maresme celebra les trobades de tots els grups d&#039;edat dels esplais - Esplac\" \/>\n<meta property=\"og:description\" content=\"Durant el passat cap de setmana del 12 i 13 [&hellip;]\" \/>\n<meta property=\"og:url\" content=\"https:\/\/www.esplac.cat\/sector-maresme-celebra-trobades-drups-edat-esplais\/\" \/>\n<meta property=\"og:site_name\" content=\"Esplac\" \/>\n<meta property=\"article:published_time\" content=\"2016-03-21T06:00:09+00:00\" \/>\n<meta property=\"og:image\" content=\"https:\/\/www.esplac.cat\/wp-content\/uploads\/2016\/03\/20160318_DecapMaresme.jpg\" \/>\n\t<meta property=\"og:image:width\" content=\"847\" \/>\n\t<meta property=\"og:image:height\" content=\"350\" \/>\n\t<meta property=\"og:image:type\" content=\"image\/jpeg\" \/>\n<meta name=\"author\" content=\"Comunicaci\u00f3 Esplac\" \/>\n<meta name=\"twitter:card\" content=\"summary_large_image\" \/>\n<meta name=\"twitter:label1\" content=\"Written by\" \/>\n\t<meta name=\"twitter:data1\" content=\"Comunicaci\u00f3 Esplac\" \/>\n\t<meta name=\"twitter:label2\" content=\"Est. reading time\" \/>\n\t<meta name=\"twitter:data2\" content=\"1 minute\" \/>\n<script type=\"application\/ld+json\" class=\"yoast-schema-graph\">{\"@context\":\"https:\\\/\\\/schema.org\",\"@graph\":[{\"@type\":\"Article\",\"@id\":\"https:\\\/\\\/www.esplac.cat\\\/sector-maresme-celebra-trobades-drups-edat-esplais\\\/#article\",\"isPartOf\":{\"@id\":\"https:\\\/\\\/www.esplac.cat\\\/sector-maresme-celebra-trobades-drups-edat-esplais\\\/\"},\"author\":{\"name\":\"Comunicaci\u00f3 Esplac\",\"@id\":\"https:\\\/\\\/www.esplac.cat\\\/#\\\/schema\\\/person\\\/908383cf240be18b68f8855d0583faca\"},\"headline\":\"El Sector Maresme celebra les trobades de tots els grups d&#8217;edat dels esplais\",\"datePublished\":\"2016-03-21T06:00:09+00:00\",\"mainEntityOfPage\":{\"@id\":\"https:\\\/\\\/www.esplac.cat\\\/sector-maresme-celebra-trobades-drups-edat-esplais\\\/\"},\"wordCount\":219,\"publisher\":{\"@id\":\"https:\\\/\\\/www.esplac.cat\\\/#organization\"},\"image\":{\"@id\":\"https:\\\/\\\/www.esplac.cat\\\/sector-maresme-celebra-trobades-drups-edat-esplais\\\/#primaryimage\"},\"thumbnailUrl\":\"https:\\\/\\\/www.esplac.cat\\\/wp-content\\\/uploads\\\/2016\\\/03\\\/20160318_DecapMaresme.jpg\",\"keywords\":[\"sector Maresme\",\"sectors geogr\u00e0fics\",\"trobada d'infants\"],\"articleSection\":[\"Activitats sectors\",\"Sector Maresme\"],\"inLanguage\":\"en-US\"},{\"@type\":\"WebPage\",\"@id\":\"https:\\\/\\\/www.esplac.cat\\\/sector-maresme-celebra-trobades-drups-edat-esplais\\\/\",\"url\":\"https:\\\/\\\/www.esplac.cat\\\/sector-maresme-celebra-trobades-drups-edat-esplais\\\/\",\"name\":\"El Sector Maresme celebra les trobades de tots els grups d'edat dels esplais - Esplac\",\"isPartOf\":{\"@id\":\"https:\\\/\\\/www.esplac.cat\\\/#website\"},\"primaryImageOfPage\":{\"@id\":\"https:\\\/\\\/www.esplac.cat\\\/sector-maresme-celebra-trobades-drups-edat-esplais\\\/#primaryimage\"},\"image\":{\"@id\":\"https:\\\/\\\/www.esplac.cat\\\/sector-maresme-celebra-trobades-drups-edat-esplais\\\/#primaryimage\"},\"thumbnailUrl\":\"https:\\\/\\\/www.esplac.cat\\\/wp-content\\\/uploads\\\/2016\\\/03\\\/20160318_DecapMaresme.jpg\",\"datePublished\":\"2016-03-21T06:00:09+00:00\",\"breadcrumb\":{\"@id\":\"https:\\\/\\\/www.esplac.cat\\\/sector-maresme-celebra-trobades-drups-edat-esplais\\\/#breadcrumb\"},\"inLanguage\":\"en-US\",\"potentialAction\":[{\"@type\":\"ReadAction\",\"target\":[\"https:\\\/\\\/www.esplac.cat\\\/sector-maresme-celebra-trobades-drups-edat-esplais\\\/\"]}]},{\"@type\":\"ImageObject\",\"inLanguage\":\"en-US\",\"@id\":\"https:\\\/\\\/www.esplac.cat\\\/sector-maresme-celebra-trobades-drups-edat-esplais\\\/#primaryimage\",\"url\":\"https:\\\/\\\/www.esplac.cat\\\/wp-content\\\/uploads\\\/2016\\\/03\\\/20160318_DecapMaresme.jpg\",\"contentUrl\":\"https:\\\/\\\/www.esplac.cat\\\/wp-content\\\/uploads\\\/2016\\\/03\\\/20160318_DecapMaresme.jpg\",\"width\":847,\"height\":350},{\"@type\":\"BreadcrumbList\",\"@id\":\"https:\\\/\\\/www.esplac.cat\\\/sector-maresme-celebra-trobades-drups-edat-esplais\\\/#breadcrumb\",\"itemListElement\":[{\"@type\":\"ListItem\",\"position\":1,\"name\":\"Inici\",\"item\":\"https:\\\/\\\/www.esplac.cat\\\/en\\\/\"},{\"@type\":\"ListItem\",\"position\":2,\"name\":\"El Sector Maresme celebra les trobades de tots els grups d&#8217;edat dels esplais\"}]},{\"@type\":\"WebSite\",\"@id\":\"https:\\\/\\\/www.esplac.cat\\\/#website\",\"url\":\"https:\\\/\\\/www.esplac.cat\\\/\",\"name\":\"Esplac\",\"description\":\"Esplais Catalans\",\"publisher\":{\"@id\":\"https:\\\/\\\/www.esplac.cat\\\/#organization\"},\"potentialAction\":[{\"@type\":\"SearchAction\",\"target\":{\"@type\":\"EntryPoint\",\"urlTemplate\":\"https:\\\/\\\/www.esplac.cat\\\/?s={search_term_string}\"},\"query-input\":{\"@type\":\"PropertyValueSpecification\",\"valueRequired\":true,\"valueName\":\"search_term_string\"}}],\"inLanguage\":\"en-US\"},{\"@type\":\"Organization\",\"@id\":\"https:\\\/\\\/www.esplac.cat\\\/#organization\",\"name\":\"Esplac\",\"url\":\"https:\\\/\\\/www.esplac.cat\\\/\",\"logo\":{\"@type\":\"ImageObject\",\"inLanguage\":\"en-US\",\"@id\":\"https:\\\/\\\/www.esplac.cat\\\/#\\\/schema\\\/logo\\\/image\\\/\",\"url\":\"https:\\\/\\\/www.esplac.cat\\\/wp-content\\\/uploads\\\/2019\\\/08\\\/logox2.png\",\"contentUrl\":\"https:\\\/\\\/www.esplac.cat\\\/wp-content\\\/uploads\\\/2019\\\/08\\\/logox2.png\",\"width\":600,\"height\":295,\"caption\":\"Esplac\"},\"image\":{\"@id\":\"https:\\\/\\\/www.esplac.cat\\\/#\\\/schema\\\/logo\\\/image\\\/\"}},{\"@type\":\"Person\",\"@id\":\"https:\\\/\\\/www.esplac.cat\\\/#\\\/schema\\\/person\\\/908383cf240be18b68f8855d0583faca\",\"name\":\"Comunicaci\u00f3 Esplac\",\"image\":{\"@type\":\"ImageObject\",\"inLanguage\":\"en-US\",\"@id\":\"https:\\\/\\\/secure.gravatar.com\\\/avatar\\\/7a4cf8feb412a76ea4a740ca02d95b06b2907b5a6c648c2dd0a1082a093c3141?s=96&d=mm&r=g\",\"url\":\"https:\\\/\\\/secure.gravatar.com\\\/avatar\\\/7a4cf8feb412a76ea4a740ca02d95b06b2907b5a6c648c2dd0a1082a093c3141?s=96&d=mm&r=g\",\"contentUrl\":\"https:\\\/\\\/secure.gravatar.com\\\/avatar\\\/7a4cf8feb412a76ea4a740ca02d95b06b2907b5a6c648c2dd0a1082a093c3141?s=96&d=mm&r=g\",\"caption\":\"Comunicaci\u00f3 Esplac\"}}]}<\/script>\n<!-- \/ Yoast SEO plugin. -->","yoast_head_json":{"title":"El Sector Maresme celebra les trobades de tots els grups d'edat dels esplais - Esplac","robots":{"index":"index","follow":"follow","max-snippet":"max-snippet:-1","max-image-preview":"max-image-preview:large","max-video-preview":"max-video-preview:-1"},"canonical":"https:\/\/www.esplac.cat\/sector-maresme-celebra-trobades-drups-edat-esplais\/","og_locale":"en_US","og_type":"article","og_title":"El Sector Maresme celebra les trobades de tots els grups d'edat dels esplais - Esplac","og_description":"Durant el passat cap de setmana del 12 i 13 [&hellip;]","og_url":"https:\/\/www.esplac.cat\/sector-maresme-celebra-trobades-drups-edat-esplais\/","og_site_name":"Esplac","article_published_time":"2016-03-21T06:00:09+00:00","og_image":[{"width":847,"height":350,"url":"https:\/\/www.esplac.cat\/wp-content\/uploads\/2016\/03\/20160318_DecapMaresme.jpg","type":"image\/jpeg"}],"author":"Comunicaci\u00f3 Esplac","twitter_card":"summary_large_image","twitter_misc":{"Written by":"Comunicaci\u00f3 Esplac","Est. reading time":"1 minute"},"schema":{"@context":"https:\/\/schema.org","@graph":[{"@type":"Article","@id":"https:\/\/www.esplac.cat\/sector-maresme-celebra-trobades-drups-edat-esplais\/#article","isPartOf":{"@id":"https:\/\/www.esplac.cat\/sector-maresme-celebra-trobades-drups-edat-esplais\/"},"author":{"name":"Comunicaci\u00f3 Esplac","@id":"https:\/\/www.esplac.cat\/#\/schema\/person\/908383cf240be18b68f8855d0583faca"},"headline":"El Sector Maresme celebra les trobades de tots els grups d&#8217;edat dels esplais","datePublished":"2016-03-21T06:00:09+00:00","mainEntityOfPage":{"@id":"https:\/\/www.esplac.cat\/sector-maresme-celebra-trobades-drups-edat-esplais\/"},"wordCount":219,"publisher":{"@id":"https:\/\/www.esplac.cat\/#organization"},"image":{"@id":"https:\/\/www.esplac.cat\/sector-maresme-celebra-trobades-drups-edat-esplais\/#primaryimage"},"thumbnailUrl":"https:\/\/www.esplac.cat\/wp-content\/uploads\/2016\/03\/20160318_DecapMaresme.jpg","keywords":["sector Maresme","sectors geogr\u00e0fics","trobada d'infants"],"articleSection":["Activitats sectors","Sector Maresme"],"inLanguage":"en-US"},{"@type":"WebPage","@id":"https:\/\/www.esplac.cat\/sector-maresme-celebra-trobades-drups-edat-esplais\/","url":"https:\/\/www.esplac.cat\/sector-maresme-celebra-trobades-drups-edat-esplais\/","name":"El Sector Maresme celebra les trobades de tots els grups d'edat dels esplais - Esplac","isPartOf":{"@id":"https:\/\/www.esplac.cat\/#website"},"primaryImageOfPage":{"@id":"https:\/\/www.esplac.cat\/sector-maresme-celebra-trobades-drups-edat-esplais\/#primaryimage"},"image":{"@id":"https:\/\/www.esplac.cat\/sector-maresme-celebra-trobades-drups-edat-esplais\/#primaryimage"},"thumbnailUrl":"https:\/\/www.esplac.cat\/wp-content\/uploads\/2016\/03\/20160318_DecapMaresme.jpg","datePublished":"2016-03-21T06:00:09+00:00","breadcrumb":{"@id":"https:\/\/www.esplac.cat\/sector-maresme-celebra-trobades-drups-edat-esplais\/#breadcrumb"},"inLanguage":"en-US","potentialAction":[{"@type":"ReadAction","target":["https:\/\/www.esplac.cat\/sector-maresme-celebra-trobades-drups-edat-esplais\/"]}]},{"@type":"ImageObject","inLanguage":"en-US","@id":"https:\/\/www.esplac.cat\/sector-maresme-celebra-trobades-drups-edat-esplais\/#primaryimage","url":"https:\/\/www.esplac.cat\/wp-content\/uploads\/2016\/03\/20160318_DecapMaresme.jpg","contentUrl":"https:\/\/www.esplac.cat\/wp-content\/uploads\/2016\/03\/20160318_DecapMaresme.jpg","width":847,"height":350},{"@type":"BreadcrumbList","@id":"https:\/\/www.esplac.cat\/sector-maresme-celebra-trobades-drups-edat-esplais\/#breadcrumb","itemListElement":[{"@type":"ListItem","position":1,"name":"Inici","item":"https:\/\/www.esplac.cat\/en\/"},{"@type":"ListItem","position":2,"name":"El Sector Maresme celebra les trobades de tots els grups d&#8217;edat dels esplais"}]},{"@type":"WebSite","@id":"https:\/\/www.esplac.cat\/#website","url":"https:\/\/www.esplac.cat\/","name":"Esplac","description":"Esplais Catalans","publisher":{"@id":"https:\/\/www.esplac.cat\/#organization"},"potentialAction":[{"@type":"SearchAction","target":{"@type":"EntryPoint","urlTemplate":"https:\/\/www.esplac.cat\/?s={search_term_string}"},"query-input":{"@type":"PropertyValueSpecification","valueRequired":true,"valueName":"search_term_string"}}],"inLanguage":"en-US"},{"@type":"Organization","@id":"https:\/\/www.esplac.cat\/#organization","name":"Esplac","url":"https:\/\/www.esplac.cat\/","logo":{"@type":"ImageObject","inLanguage":"en-US","@id":"https:\/\/www.esplac.cat\/#\/schema\/logo\/image\/","url":"https:\/\/www.esplac.cat\/wp-content\/uploads\/2019\/08\/logox2.png","contentUrl":"https:\/\/www.esplac.cat\/wp-content\/uploads\/2019\/08\/logox2.png","width":600,"height":295,"caption":"Esplac"},"image":{"@id":"https:\/\/www.esplac.cat\/#\/schema\/logo\/image\/"}},{"@type":"Person","@id":"https:\/\/www.esplac.cat\/#\/schema\/person\/908383cf240be18b68f8855d0583faca","name":"Comunicaci\u00f3 Esplac","image":{"@type":"ImageObject","inLanguage":"en-US","@id":"https:\/\/secure.gravatar.com\/avatar\/7a4cf8feb412a76ea4a740ca02d95b06b2907b5a6c648c2dd0a1082a093c3141?s=96&d=mm&r=g","url":"https:\/\/secure.gravatar.com\/avatar\/7a4cf8feb412a76ea4a740ca02d95b06b2907b5a6c648c2dd0a1082a093c3141?s=96&d=mm&r=g","contentUrl":"https:\/\/secure.gravatar.com\/avatar\/7a4cf8feb412a76ea4a740ca02d95b06b2907b5a6c648c2dd0a1082a093c3141?s=96&d=mm&r=g","caption":"Comunicaci\u00f3 Esplac"}}]}},"_links":{"self":[{"href":"https:\/\/www.esplac.cat\/en\/wp-json\/wp\/v2\/posts\/25307","targetHints":{"allow":["GET"]}}],"collection":[{"href":"https:\/\/www.esplac.cat\/en\/wp-json\/wp\/v2\/posts"}],"about":[{"href":"https:\/\/www.esplac.cat\/en\/wp-json\/wp\/v2\/types\/post"}],"author":[{"embeddable":true,"href":"https:\/\/www.esplac.cat\/en\/wp-json\/wp\/v2\/users\/3"}],"replies":[{"embeddable":true,"href":"https:\/\/www.esplac.cat\/en\/wp-json\/wp\/v2\/comments?post=25307"}],"version-history":[{"count":0,"href":"https:\/\/www.esplac.cat\/en\/wp-json\/wp\/v2\/posts\/25307\/revisions"}],"wp:featuredmedia":[{"embeddable":true,"href":"https:\/\/www.esplac.cat\/en\/wp-json\/wp\/v2\/media\/25308"}],"wp:attachment":[{"href":"https:\/\/www.esplac.cat\/en\/wp-json\/wp\/v2\/media?parent=25307"}],"wp:term":[{"taxonomy":"category","embeddable":true,"href":"https:\/\/www.esplac.cat\/en\/wp-json\/wp\/v2\/categories?post=25307"},{"taxonomy":"post_tag","embeddable":true,"href":"https:\/\/www.esplac.cat\/en\/wp-json\/wp\/v2\/tags?post=25307"}],"curies":[{"name":"wp","href":"https:\/\/api.w.org\/{rel}","templated":true}]}}