{"id":25319,"date":"2016-03-16T12:45:11","date_gmt":"2016-03-16T10:45:11","guid":{"rendered":"http:\/\/esplac.cat\/?p=10275"},"modified":"2016-03-16T12:45:11","modified_gmt":"2016-03-16T10:45:11","slug":"prouracisme-ens-sumem-a-la-manifestacio-ducfr-del-19-de-marc","status":"publish","type":"post","link":"https:\/\/www.esplac.cat\/en\/prouracisme-ens-sumem-a-la-manifestacio-ducfr-del-19-de-marc\/","title":{"rendered":"#ProuRacisme: ens sumem a la manifestaci\u00f3 d&#8217;UCFR del 19 de mar\u00e7"},"content":{"rendered":"<p style=\"text-align: justify;\">Com ja vam deixar clar en el <a href=\"http:\/\/esplac.cat\/wp-content\/uploads\/2015\/10\/Resolucions_refugiades-1.pdf\" target=\"_blank\" rel=\"noopener noreferrer\"><strong>posicionament que vam aprovar a l\u2019Assemblea General Ordin\u00e0ria<\/strong><\/a> i durant tota la nostra hist\u00f2ria, Esplac i tots els esplais que en formen part estem en contra del racisme i el feixisme, a favor dels drets de les persones refugiades i compromesos amb\u00a0la defensa de la pau i els drets humans.<\/p>\n<p style=\"text-align: justify;\">Per aix\u00f2 ens sumem a la <strong>manifestaci\u00f3 convocada pel proper 19 de mar\u00e7 per Unitat contra el Feixisme i el Racisme<\/strong>, juntament amb altres entitats i moviments antiracistes d\u2019arreu d\u2019Europa, i coincidint amb la jornada internacional de l\u2019ONU contra el racisme.<\/p>\n<p style=\"text-align: justify;\">Aqu\u00ed podeu llegir la <a href=\"http:\/\/prouracisme.net\/crida-19m-cat\/\" target=\"_blank\" rel=\"noopener noreferrer\"><strong>Declaraci\u00f3 per a la jornada de l\u2019ONU contra el racisme Refugees welcome: plantem cara al racisme, a la islamof\u00f2bia, a l\u2019antisemitisme i al feixisme<\/strong><\/a>.<\/p>\n<p style=\"text-align: justify;\">Subscrivim tamb\u00e9 el manifest d\u2019UCFR per a la mobilitzaci\u00f3 a Catalunya:<\/p>\n<p style=\"text-align: justify; padding-left: 30px;\">Ens manifestem el 19M per dir\u2026<\/p>\n<h4 style=\"text-align: justify; padding-left: 30px;\"><strong>Drets per a tothom!<\/strong><\/h4>\n<p style=\"text-align: justify; padding-left: 30px;\">Perqu\u00e8 ja n\u2019hi ha prou de discriminar les persones en funci\u00f3 del seu origen, color de pell, creen\u00e7a\u2026 Si avui neguen els drets a una minoria, \u00e9s una vergonya per a tota la societat\u2026 i dem\u00e0 ens pot passar a la resta. El racisme \u00e9s una amena\u00e7a per a tothom.<\/p>\n<h4 style=\"padding-left: 30px;\">#RefugeesWelcome<\/h4>\n<p style=\"text-align: justify; padding-left: 30px;\">Perqu\u00e8 no volem que ni una persona m\u00e9s mori buscant un lloc segur. Cal respectar el dret a la lliure circulaci\u00f3, amb vies segures d\u2019entrada a Europa i mesures d\u2019acollida per a les persones que arriben. S\u2019han de desmantellar els Centres d\u2019Internament.<\/p>\n<h4 style=\"text-align: justify; padding-left: 30px;\">#StopIslamof\u00f2bia<\/h4>\n<p style=\"text-align: justify; padding-left: 30px;\">Perqu\u00e8 no permetrem que tractin les persones musulmanes avui com van tractar la gent jueva als anys 30. De fet, l\u2019antisemitisme i la romaf\u00f2bia (l\u2019odi vers la gent jueva o gitana) encara s\u00f3n problemes greus. Prou de criminalitzar tota una comunitat i negar els drets civils a causa de la fe o d\u2019una concepci\u00f3 diferent de la vida.<\/p>\n<h4 style=\"text-align: justify; padding-left: 30px;\">#StopLGBTIf\u00f2bia<\/h4>\n<p style=\"text-align: justify; padding-left: 30px;\">Perqu\u00e8 les agressions contra les persones LGBTI, sovint a mans de feixistes, van en augment: els hem de dir prou!<\/p>\n<h4 style=\"text-align: justify; padding-left: 30px;\">#FeixismeMaiM\u00e9s<\/h4>\n<p style=\"text-align: justify; padding-left: 30px;\">Perqu\u00e8 tot i que hem afeblit els nazis a casa nostra, no han desaparegut. I s\u00f3n un greu perill arreu d\u2019Europa, des del Front National a Fran\u00e7a i els grups nazis alemanys fins a l\u2019Alba Daurada a Gr\u00e8cia, tant per les agressions feixistes directes, com perqu\u00e8 enverinen encara m\u00e9s l\u2019ambient pol\u00edtic i malmeten la cohesi\u00f3 social.<\/p>\n<h4 style=\"text-align: justify; padding-left: 30px;\">Per la pau i la conviv\u00e8ncia<\/h4>\n<p style=\"text-align: justify; padding-left: 30px;\">Perqu\u00e8 aquesta \u00e9s l\u2019\u00fanica manera d\u2019aconseguir una vida millor per a tothom. No resoldrem els problemes socials reals que tenim si deixem que el racisme ens divideixi. Tampoc no ens ajuden ni m\u00e9s bombes ni m\u00e9s militaritzaci\u00f3 als carrers d\u2019Europa o de l\u2019Orient Mitj\u00e0.<\/p>\n<p style=\"text-align: justify;\">Per tot aix\u00f2, i m\u00e9s, Esplais Catalans tamb\u00e9 ens sumem a la crida internacional per manifestar-nos el proper dissabte 19 de mar\u00e7!<\/p>\n<h3 style=\"text-align: center;\">Manifestaci\u00f3: dissabte 19 de mar\u00e7 a les 17h (Estaci\u00f3 de Fran\u00e7a, Barcelona, amb ruta antiracista fins al mar)<\/h3>\n<h3 style=\"text-align: center;\">Amb esdeveniments l\u00fadics\/art\u00edstics\/pol\u00edtics a Pla\u00e7a d\u2019Antonio L\u00f3pez &#8211; Port Vell &#8211; Barceloneta &#8211; Mar<\/h3>\n<h3 style=\"text-align: center;\"><a href=\"http:\/\/prouracisme.net\/\" target=\"_blank\" rel=\"noopener noreferrer\">Web Prou Racisme<\/a><\/h3>\n","protected":false},"excerpt":{"rendered":"<p>Com ja vam deixar clar en el posicionament que vam [&hellip;]<\/p>\n","protected":false},"author":3,"featured_media":25320,"comment_status":"closed","ping_status":"open","sticky":false,"template":"","format":"standard","meta":{"om_disable_all_campaigns":false,"_monsterinsights_skip_tracking":false,"_monsterinsights_sitenote_active":false,"_monsterinsights_sitenote_note":"","_monsterinsights_sitenote_category":0,"_uf_show_specific_survey":0,"_uf_disable_surveys":false,"footnotes":""},"categories":[1127,1],"tags":[654,448,508,347,263,264,449,609,326,450],"class_list":["post-25319","post","type-post","status-publish","format-standard","has-post-thumbnail","hentry","category-comunicats-posicionaments","category-sense-categoria","tag-refugeeswelcome","tag-stopislamofobia","tag-antifeixisme","tag-antiracisme","tag-dret-a-manifestacio","tag-drets-humans","tag-islamofobia","tag-manifestacio","tag-posicionament","tag-ucfr"],"yoast_head":"<!-- This site is optimized with the Yoast SEO plugin v27.4 - https:\/\/yoast.com\/product\/yoast-seo-wordpress\/ -->\n<title>#ProuRacisme: ens sumem a la manifestaci\u00f3 d&#039;UCFR del 19 de mar\u00e7 - Esplac<\/title>\n<meta name=\"robots\" content=\"index, follow, max-snippet:-1, max-image-preview:large, max-video-preview:-1\" \/>\n<link rel=\"canonical\" href=\"https:\/\/www.esplac.cat\/prouracisme-ens-sumem-a-la-manifestacio-ducfr-del-19-de-marc\/\" \/>\n<meta property=\"og:locale\" content=\"en_US\" \/>\n<meta property=\"og:type\" content=\"article\" \/>\n<meta property=\"og:title\" content=\"#ProuRacisme: ens sumem a la manifestaci\u00f3 d&#039;UCFR del 19 de mar\u00e7 - Esplac\" \/>\n<meta property=\"og:description\" content=\"Com ja vam deixar clar en el posicionament que vam [&hellip;]\" \/>\n<meta property=\"og:url\" content=\"https:\/\/www.esplac.cat\/prouracisme-ens-sumem-a-la-manifestacio-ducfr-del-19-de-marc\/\" \/>\n<meta property=\"og:site_name\" content=\"Esplac\" \/>\n<meta property=\"article:published_time\" content=\"2016-03-16T10:45:11+00:00\" \/>\n<meta property=\"og:image\" content=\"https:\/\/www.esplac.cat\/wp-content\/uploads\/2016\/03\/20160316_Manifestacio_Refugees.jpg\" \/>\n\t<meta property=\"og:image:width\" content=\"847\" \/>\n\t<meta property=\"og:image:height\" content=\"350\" \/>\n\t<meta property=\"og:image:type\" content=\"image\/jpeg\" \/>\n<meta name=\"author\" content=\"Comunicaci\u00f3 Esplac\" \/>\n<meta name=\"twitter:card\" content=\"summary_large_image\" \/>\n<meta name=\"twitter:label1\" content=\"Written by\" \/>\n\t<meta name=\"twitter:data1\" content=\"Comunicaci\u00f3 Esplac\" \/>\n\t<meta name=\"twitter:label2\" content=\"Est. reading time\" \/>\n\t<meta name=\"twitter:data2\" content=\"3 minutes\" \/>\n<script type=\"application\/ld+json\" class=\"yoast-schema-graph\">{\"@context\":\"https:\\\/\\\/schema.org\",\"@graph\":[{\"@type\":\"Article\",\"@id\":\"https:\\\/\\\/www.esplac.cat\\\/prouracisme-ens-sumem-a-la-manifestacio-ducfr-del-19-de-marc\\\/#article\",\"isPartOf\":{\"@id\":\"https:\\\/\\\/www.esplac.cat\\\/prouracisme-ens-sumem-a-la-manifestacio-ducfr-del-19-de-marc\\\/\"},\"author\":{\"name\":\"Comunicaci\u00f3 Esplac\",\"@id\":\"https:\\\/\\\/www.esplac.cat\\\/#\\\/schema\\\/person\\\/908383cf240be18b68f8855d0583faca\"},\"headline\":\"#ProuRacisme: ens sumem a la manifestaci\u00f3 d&#8217;UCFR del 19 de mar\u00e7\",\"datePublished\":\"2016-03-16T10:45:11+00:00\",\"mainEntityOfPage\":{\"@id\":\"https:\\\/\\\/www.esplac.cat\\\/prouracisme-ens-sumem-a-la-manifestacio-ducfr-del-19-de-marc\\\/\"},\"wordCount\":543,\"publisher\":{\"@id\":\"https:\\\/\\\/www.esplac.cat\\\/#organization\"},\"image\":{\"@id\":\"https:\\\/\\\/www.esplac.cat\\\/prouracisme-ens-sumem-a-la-manifestacio-ducfr-del-19-de-marc\\\/#primaryimage\"},\"thumbnailUrl\":\"https:\\\/\\\/www.esplac.cat\\\/wp-content\\\/uploads\\\/2016\\\/03\\\/20160316_Manifestacio_Refugees.jpg\",\"keywords\":[\"#RefugeesWelcome\",\"#stopislamof\u00f2bia\",\"antifeixisme\",\"antiracisme\",\"dret a manifestaci\u00f3\",\"drets humans\",\"islamof\u00f2bia\",\"manifestaci\u00f3\",\"posicionament\",\"UCFR\"],\"articleSection\":[\"Comunicats i posicionaments\",\"Sense categoria\"],\"inLanguage\":\"en-US\"},{\"@type\":\"WebPage\",\"@id\":\"https:\\\/\\\/www.esplac.cat\\\/prouracisme-ens-sumem-a-la-manifestacio-ducfr-del-19-de-marc\\\/\",\"url\":\"https:\\\/\\\/www.esplac.cat\\\/prouracisme-ens-sumem-a-la-manifestacio-ducfr-del-19-de-marc\\\/\",\"name\":\"#ProuRacisme: ens sumem a la manifestaci\u00f3 d'UCFR del 19 de mar\u00e7 - Esplac\",\"isPartOf\":{\"@id\":\"https:\\\/\\\/www.esplac.cat\\\/#website\"},\"primaryImageOfPage\":{\"@id\":\"https:\\\/\\\/www.esplac.cat\\\/prouracisme-ens-sumem-a-la-manifestacio-ducfr-del-19-de-marc\\\/#primaryimage\"},\"image\":{\"@id\":\"https:\\\/\\\/www.esplac.cat\\\/prouracisme-ens-sumem-a-la-manifestacio-ducfr-del-19-de-marc\\\/#primaryimage\"},\"thumbnailUrl\":\"https:\\\/\\\/www.esplac.cat\\\/wp-content\\\/uploads\\\/2016\\\/03\\\/20160316_Manifestacio_Refugees.jpg\",\"datePublished\":\"2016-03-16T10:45:11+00:00\",\"breadcrumb\":{\"@id\":\"https:\\\/\\\/www.esplac.cat\\\/prouracisme-ens-sumem-a-la-manifestacio-ducfr-del-19-de-marc\\\/#breadcrumb\"},\"inLanguage\":\"en-US\",\"potentialAction\":[{\"@type\":\"ReadAction\",\"target\":[\"https:\\\/\\\/www.esplac.cat\\\/prouracisme-ens-sumem-a-la-manifestacio-ducfr-del-19-de-marc\\\/\"]}]},{\"@type\":\"ImageObject\",\"inLanguage\":\"en-US\",\"@id\":\"https:\\\/\\\/www.esplac.cat\\\/prouracisme-ens-sumem-a-la-manifestacio-ducfr-del-19-de-marc\\\/#primaryimage\",\"url\":\"https:\\\/\\\/www.esplac.cat\\\/wp-content\\\/uploads\\\/2016\\\/03\\\/20160316_Manifestacio_Refugees.jpg\",\"contentUrl\":\"https:\\\/\\\/www.esplac.cat\\\/wp-content\\\/uploads\\\/2016\\\/03\\\/20160316_Manifestacio_Refugees.jpg\",\"width\":847,\"height\":350},{\"@type\":\"BreadcrumbList\",\"@id\":\"https:\\\/\\\/www.esplac.cat\\\/prouracisme-ens-sumem-a-la-manifestacio-ducfr-del-19-de-marc\\\/#breadcrumb\",\"itemListElement\":[{\"@type\":\"ListItem\",\"position\":1,\"name\":\"Inici\",\"item\":\"https:\\\/\\\/www.esplac.cat\\\/en\\\/\"},{\"@type\":\"ListItem\",\"position\":2,\"name\":\"#ProuRacisme: ens sumem a la manifestaci\u00f3 d&#8217;UCFR del 19 de mar\u00e7\"}]},{\"@type\":\"WebSite\",\"@id\":\"https:\\\/\\\/www.esplac.cat\\\/#website\",\"url\":\"https:\\\/\\\/www.esplac.cat\\\/\",\"name\":\"Esplac\",\"description\":\"Esplais Catalans\",\"publisher\":{\"@id\":\"https:\\\/\\\/www.esplac.cat\\\/#organization\"},\"potentialAction\":[{\"@type\":\"SearchAction\",\"target\":{\"@type\":\"EntryPoint\",\"urlTemplate\":\"https:\\\/\\\/www.esplac.cat\\\/?s={search_term_string}\"},\"query-input\":{\"@type\":\"PropertyValueSpecification\",\"valueRequired\":true,\"valueName\":\"search_term_string\"}}],\"inLanguage\":\"en-US\"},{\"@type\":\"Organization\",\"@id\":\"https:\\\/\\\/www.esplac.cat\\\/#organization\",\"name\":\"Esplac\",\"url\":\"https:\\\/\\\/www.esplac.cat\\\/\",\"logo\":{\"@type\":\"ImageObject\",\"inLanguage\":\"en-US\",\"@id\":\"https:\\\/\\\/www.esplac.cat\\\/#\\\/schema\\\/logo\\\/image\\\/\",\"url\":\"https:\\\/\\\/www.esplac.cat\\\/wp-content\\\/uploads\\\/2019\\\/08\\\/logox2.png\",\"contentUrl\":\"https:\\\/\\\/www.esplac.cat\\\/wp-content\\\/uploads\\\/2019\\\/08\\\/logox2.png\",\"width\":600,\"height\":295,\"caption\":\"Esplac\"},\"image\":{\"@id\":\"https:\\\/\\\/www.esplac.cat\\\/#\\\/schema\\\/logo\\\/image\\\/\"}},{\"@type\":\"Person\",\"@id\":\"https:\\\/\\\/www.esplac.cat\\\/#\\\/schema\\\/person\\\/908383cf240be18b68f8855d0583faca\",\"name\":\"Comunicaci\u00f3 Esplac\",\"image\":{\"@type\":\"ImageObject\",\"inLanguage\":\"en-US\",\"@id\":\"https:\\\/\\\/secure.gravatar.com\\\/avatar\\\/7a4cf8feb412a76ea4a740ca02d95b06b2907b5a6c648c2dd0a1082a093c3141?s=96&d=mm&r=g\",\"url\":\"https:\\\/\\\/secure.gravatar.com\\\/avatar\\\/7a4cf8feb412a76ea4a740ca02d95b06b2907b5a6c648c2dd0a1082a093c3141?s=96&d=mm&r=g\",\"contentUrl\":\"https:\\\/\\\/secure.gravatar.com\\\/avatar\\\/7a4cf8feb412a76ea4a740ca02d95b06b2907b5a6c648c2dd0a1082a093c3141?s=96&d=mm&r=g\",\"caption\":\"Comunicaci\u00f3 Esplac\"}}]}<\/script>\n<!-- \/ Yoast SEO plugin. -->","yoast_head_json":{"title":"#ProuRacisme: ens sumem a la manifestaci\u00f3 d'UCFR del 19 de mar\u00e7 - Esplac","robots":{"index":"index","follow":"follow","max-snippet":"max-snippet:-1","max-image-preview":"max-image-preview:large","max-video-preview":"max-video-preview:-1"},"canonical":"https:\/\/www.esplac.cat\/prouracisme-ens-sumem-a-la-manifestacio-ducfr-del-19-de-marc\/","og_locale":"en_US","og_type":"article","og_title":"#ProuRacisme: ens sumem a la manifestaci\u00f3 d'UCFR del 19 de mar\u00e7 - Esplac","og_description":"Com ja vam deixar clar en el posicionament que vam [&hellip;]","og_url":"https:\/\/www.esplac.cat\/prouracisme-ens-sumem-a-la-manifestacio-ducfr-del-19-de-marc\/","og_site_name":"Esplac","article_published_time":"2016-03-16T10:45:11+00:00","og_image":[{"width":847,"height":350,"url":"https:\/\/www.esplac.cat\/wp-content\/uploads\/2016\/03\/20160316_Manifestacio_Refugees.jpg","type":"image\/jpeg"}],"author":"Comunicaci\u00f3 Esplac","twitter_card":"summary_large_image","twitter_misc":{"Written by":"Comunicaci\u00f3 Esplac","Est. reading time":"3 minutes"},"schema":{"@context":"https:\/\/schema.org","@graph":[{"@type":"Article","@id":"https:\/\/www.esplac.cat\/prouracisme-ens-sumem-a-la-manifestacio-ducfr-del-19-de-marc\/#article","isPartOf":{"@id":"https:\/\/www.esplac.cat\/prouracisme-ens-sumem-a-la-manifestacio-ducfr-del-19-de-marc\/"},"author":{"name":"Comunicaci\u00f3 Esplac","@id":"https:\/\/www.esplac.cat\/#\/schema\/person\/908383cf240be18b68f8855d0583faca"},"headline":"#ProuRacisme: ens sumem a la manifestaci\u00f3 d&#8217;UCFR del 19 de mar\u00e7","datePublished":"2016-03-16T10:45:11+00:00","mainEntityOfPage":{"@id":"https:\/\/www.esplac.cat\/prouracisme-ens-sumem-a-la-manifestacio-ducfr-del-19-de-marc\/"},"wordCount":543,"publisher":{"@id":"https:\/\/www.esplac.cat\/#organization"},"image":{"@id":"https:\/\/www.esplac.cat\/prouracisme-ens-sumem-a-la-manifestacio-ducfr-del-19-de-marc\/#primaryimage"},"thumbnailUrl":"https:\/\/www.esplac.cat\/wp-content\/uploads\/2016\/03\/20160316_Manifestacio_Refugees.jpg","keywords":["#RefugeesWelcome","#stopislamof\u00f2bia","antifeixisme","antiracisme","dret a manifestaci\u00f3","drets humans","islamof\u00f2bia","manifestaci\u00f3","posicionament","UCFR"],"articleSection":["Comunicats i posicionaments","Sense categoria"],"inLanguage":"en-US"},{"@type":"WebPage","@id":"https:\/\/www.esplac.cat\/prouracisme-ens-sumem-a-la-manifestacio-ducfr-del-19-de-marc\/","url":"https:\/\/www.esplac.cat\/prouracisme-ens-sumem-a-la-manifestacio-ducfr-del-19-de-marc\/","name":"#ProuRacisme: ens sumem a la manifestaci\u00f3 d'UCFR del 19 de mar\u00e7 - Esplac","isPartOf":{"@id":"https:\/\/www.esplac.cat\/#website"},"primaryImageOfPage":{"@id":"https:\/\/www.esplac.cat\/prouracisme-ens-sumem-a-la-manifestacio-ducfr-del-19-de-marc\/#primaryimage"},"image":{"@id":"https:\/\/www.esplac.cat\/prouracisme-ens-sumem-a-la-manifestacio-ducfr-del-19-de-marc\/#primaryimage"},"thumbnailUrl":"https:\/\/www.esplac.cat\/wp-content\/uploads\/2016\/03\/20160316_Manifestacio_Refugees.jpg","datePublished":"2016-03-16T10:45:11+00:00","breadcrumb":{"@id":"https:\/\/www.esplac.cat\/prouracisme-ens-sumem-a-la-manifestacio-ducfr-del-19-de-marc\/#breadcrumb"},"inLanguage":"en-US","potentialAction":[{"@type":"ReadAction","target":["https:\/\/www.esplac.cat\/prouracisme-ens-sumem-a-la-manifestacio-ducfr-del-19-de-marc\/"]}]},{"@type":"ImageObject","inLanguage":"en-US","@id":"https:\/\/www.esplac.cat\/prouracisme-ens-sumem-a-la-manifestacio-ducfr-del-19-de-marc\/#primaryimage","url":"https:\/\/www.esplac.cat\/wp-content\/uploads\/2016\/03\/20160316_Manifestacio_Refugees.jpg","contentUrl":"https:\/\/www.esplac.cat\/wp-content\/uploads\/2016\/03\/20160316_Manifestacio_Refugees.jpg","width":847,"height":350},{"@type":"BreadcrumbList","@id":"https:\/\/www.esplac.cat\/prouracisme-ens-sumem-a-la-manifestacio-ducfr-del-19-de-marc\/#breadcrumb","itemListElement":[{"@type":"ListItem","position":1,"name":"Inici","item":"https:\/\/www.esplac.cat\/en\/"},{"@type":"ListItem","position":2,"name":"#ProuRacisme: ens sumem a la manifestaci\u00f3 d&#8217;UCFR del 19 de mar\u00e7"}]},{"@type":"WebSite","@id":"https:\/\/www.esplac.cat\/#website","url":"https:\/\/www.esplac.cat\/","name":"Esplac","description":"Esplais Catalans","publisher":{"@id":"https:\/\/www.esplac.cat\/#organization"},"potentialAction":[{"@type":"SearchAction","target":{"@type":"EntryPoint","urlTemplate":"https:\/\/www.esplac.cat\/?s={search_term_string}"},"query-input":{"@type":"PropertyValueSpecification","valueRequired":true,"valueName":"search_term_string"}}],"inLanguage":"en-US"},{"@type":"Organization","@id":"https:\/\/www.esplac.cat\/#organization","name":"Esplac","url":"https:\/\/www.esplac.cat\/","logo":{"@type":"ImageObject","inLanguage":"en-US","@id":"https:\/\/www.esplac.cat\/#\/schema\/logo\/image\/","url":"https:\/\/www.esplac.cat\/wp-content\/uploads\/2019\/08\/logox2.png","contentUrl":"https:\/\/www.esplac.cat\/wp-content\/uploads\/2019\/08\/logox2.png","width":600,"height":295,"caption":"Esplac"},"image":{"@id":"https:\/\/www.esplac.cat\/#\/schema\/logo\/image\/"}},{"@type":"Person","@id":"https:\/\/www.esplac.cat\/#\/schema\/person\/908383cf240be18b68f8855d0583faca","name":"Comunicaci\u00f3 Esplac","image":{"@type":"ImageObject","inLanguage":"en-US","@id":"https:\/\/secure.gravatar.com\/avatar\/7a4cf8feb412a76ea4a740ca02d95b06b2907b5a6c648c2dd0a1082a093c3141?s=96&d=mm&r=g","url":"https:\/\/secure.gravatar.com\/avatar\/7a4cf8feb412a76ea4a740ca02d95b06b2907b5a6c648c2dd0a1082a093c3141?s=96&d=mm&r=g","contentUrl":"https:\/\/secure.gravatar.com\/avatar\/7a4cf8feb412a76ea4a740ca02d95b06b2907b5a6c648c2dd0a1082a093c3141?s=96&d=mm&r=g","caption":"Comunicaci\u00f3 Esplac"}}]}},"_links":{"self":[{"href":"https:\/\/www.esplac.cat\/en\/wp-json\/wp\/v2\/posts\/25319","targetHints":{"allow":["GET"]}}],"collection":[{"href":"https:\/\/www.esplac.cat\/en\/wp-json\/wp\/v2\/posts"}],"about":[{"href":"https:\/\/www.esplac.cat\/en\/wp-json\/wp\/v2\/types\/post"}],"author":[{"embeddable":true,"href":"https:\/\/www.esplac.cat\/en\/wp-json\/wp\/v2\/users\/3"}],"replies":[{"embeddable":true,"href":"https:\/\/www.esplac.cat\/en\/wp-json\/wp\/v2\/comments?post=25319"}],"version-history":[{"count":0,"href":"https:\/\/www.esplac.cat\/en\/wp-json\/wp\/v2\/posts\/25319\/revisions"}],"wp:featuredmedia":[{"embeddable":true,"href":"https:\/\/www.esplac.cat\/en\/wp-json\/wp\/v2\/media\/25320"}],"wp:attachment":[{"href":"https:\/\/www.esplac.cat\/en\/wp-json\/wp\/v2\/media?parent=25319"}],"wp:term":[{"taxonomy":"category","embeddable":true,"href":"https:\/\/www.esplac.cat\/en\/wp-json\/wp\/v2\/categories?post=25319"},{"taxonomy":"post_tag","embeddable":true,"href":"https:\/\/www.esplac.cat\/en\/wp-json\/wp\/v2\/tags?post=25319"}],"curies":[{"name":"wp","href":"https:\/\/api.w.org\/{rel}","templated":true}]}}